{"id":17784,"date":"2023-06-19T18:54:28","date_gmt":"2023-06-19T16:54:28","guid":{"rendered":"https:\/\/kinaikaleidoszkop.hu\/?p=17784"},"modified":"2023-06-19T18:54:37","modified_gmt":"2023-06-19T16:54:37","slug":"hszi-csin-ping-a-kina-es-az-egyesult-allamok-kozotti-kolcsonos-tisztelet-szuksegesseget-hangoztatta","status":"publish","type":"post","link":"https:\/\/kinaikaleidoszkop.hu\/index.php\/2023\/06\/19\/hszi-csin-ping-a-kina-es-az-egyesult-allamok-kozotti-kolcsonos-tisztelet-szuksegesseget-hangoztatta\/","title":{"rendered":"Hszi Csin-ping a K\u00edna \u00e9s az Egyes\u00fclt \u00c1llamok k\u00f6z\u00f6tti k\u00f6lcs\u00f6n\u00f6s tisztelet sz\u00fcks\u00e9gess\u00e9g\u00e9t hangoztatta"},"content":{"rendered":"\n<p><strong>J\u00fanius 19-\u00e9n d\u00e9lut\u00e1n Hszi Csin-ping k\u00ednai \u00e1llameln\u00f6k Pekingben fogadta Antony Blinken amerikai k\u00fcl\u00fcgyminisztert.<\/strong><\/p>\n\n\n\n<figure class=\"wp-block-image size-full\"><img decoding=\"async\" src=\"https:\/\/regiokelet.hu\/wp-content\/uploads\/2023\/06\/061905-1.jpg\" alt=\"\" class=\"wp-image-22149\"\/><\/figure>\n\n\n\n<p>Hszi Csin-ping hangs\u00falyozta, hogy K\u00edna \u00e9s az Egyes\u00fclt \u00c1llamok kapcsolata befoly\u00e1ssal van az emberis\u00e9g j\u00f6v\u0151j\u00e9re \u00e9s sors\u00e1ra, s a vil\u00e1gnak sz\u00fcks\u00e9ge van egy stabil k\u00ednai-amerikai kapcsolatra.<\/p>\n\n\n\n<p>Hszi r\u00e1mutatott, hogy a F\u00f6ld hatalmas kiterjed\u00e9se el\u00e9g nagy ahhoz, hogy alkalmazkodjon mind K\u00edna, mind az Egyes\u00fclt \u00c1llamok fejl\u0151d\u00e9s\u00e9hez \u00e9s a k\u00f6z\u00f6s j\u00f3l\u00e9thez.<\/p>\n\n\n\n<figure class=\"wp-block-image size-full\"><img decoding=\"async\" src=\"https:\/\/regiokelet.hu\/wp-content\/uploads\/2023\/06\/061905-2.jpg\" alt=\"\" class=\"wp-image-22150\"\/><\/figure>\n\n\n\n<p>A k\u00ednaiak, ak\u00e1rcsak az amerikaiak m\u00e9lt\u00f3s\u00e1gteljes, magabiztos \u00e9s \u00f6n\u00e1ll\u00f3 emberek \u2013 mondta Hszi, hozz\u00e1t\u00e9ve, hogy mindk\u00e9t n\u00e9pnek joga van a jobb \u00e9lethez. &#8220;A k\u00e9t orsz\u00e1g k\u00f6z\u00f6s \u00e9rdekeit \u00e9rt\u00e9kelni kell, \u00e9s sikereiket lehet\u0151s\u00e9gnek kell tekinteni, nem pedig fenyeget\u00e9snek a m\u00e1sik sz\u00e1m\u00e1ra\u201d \u2013 hangoztatta Hszi.<\/p>\n\n\n\n<p>R\u00e1mutatott, hogy a nemzetk\u00f6zi k\u00f6z\u00f6ss\u00e9g \u00e1ltal\u00e1ban agg\u00f3dik K\u00edna \u00e9s az Egyes\u00fclt \u00c1llamok kapcsolat\u00e1nak jelenlegi \u00e1llapota miatt. \u201eNem akar konfliktust, vagy konfront\u00e1ci\u00f3t l\u00e1tni K\u00edna \u00e9s az Egyes\u00fclt \u00c1llamok k\u00f6z\u00f6tt, sem v\u00e1lasztani a k\u00e9t orsz\u00e1g k\u00f6z\u00f6tt. Azt v\u00e1rja t\u0151l\u00fck, hogy b\u00e9k\u00e9ben \u00e9ljenek egym\u00e1s mellett, kapcsolatuk bar\u00e1ti \u00e9s egy\u00fcttm\u0171k\u00f6d\u0151 legyen.&#8221;<\/p>\n\n\n\n<p>A k\u00e9t orsz\u00e1gnak felel\u0151ss\u00e9ggel kell cselekednie, a t\u00f6rt\u00e9nelem, az emberek \u00e9s a vil\u00e1g sz\u00e1m\u00e1ra, s megfelel\u0151en kell kezelnie k\u00e9toldal\u00fa<\/p>\n\n\n\n<p>kapcsolatukat, mondta Hszi, hozz\u00e1t\u00e9ve, hogy \u00edgy j\u00e1rulhatnak hozz\u00e1 a glob\u00e1lis b\u00e9k\u00e9hez \u00e9s fejl\u0151d\u00e9shez, \u00e9s ahhoz, hogy a v\u00e1ltoz\u00f3 \u00e9s turbulens vil\u00e1g stabil, biztons\u00e1gos \u00e9s konstrukt\u00edv legyen.<\/p>\n\n\n\n<p>Hszi Csin-ping r\u00e1mutatott, hogy a nagyhatalmak k\u00f6z\u00f6tti verseny nem felel meg a kor trendj\u00e9nek, nem oldhatja meg az Egyes\u00fclt \u00c1llamok saj\u00e1t probl\u00e9m\u00e1it \u00e9s a vil\u00e1g el\u0151tt \u00e1ll\u00f3 kih\u00edv\u00e1sokat. Kifejtette, hogy K\u00edna tiszteletben tartja az Egyes\u00fclt \u00c1llamok \u00e9rdekeit, nem t\u00f6rekszik arra, hogy kih\u00edvja, vagy kiszor\u00edtsa az Egyes\u00fclt \u00c1llamokat. Ugyan\u00edgy az Egyes\u00fclt \u00c1llamoknak is tisztelnie kell K\u00edn\u00e1t, \u00e9s nem s\u00e9rtheti K\u00edna t\u00f6rv\u00e9nyes jogait \u00e9s \u00e9rdekeit \u2013 jelentette ki Hszi. &#8220;Egyik oldalnak sem kell a m\u00e1sik megv\u00e1ltoztat\u00e1s\u00e1val pr\u00f3b\u00e1lkoznia m\u00e9g kev\u00e9sb\u00e9 megfosztani a m\u00e1sikat a fejl\u0151d\u00e9shez val\u00f3 t\u00f6rv\u00e9nyes jog\u00e1t\u00f3l&#8221; \u2013 fogalmazott Hszi.<\/p>\n\n\n\n<p>K\u00edna b\u00edzik abban, hogy a k\u00e9t nagy orsz\u00e1g minden neh\u00e9zs\u00e9get le tud k\u00fczdeni, \u00e9s megtal\u00e1lja a megfelel\u0151 m\u00f3dot a k\u00f6lcs\u00f6n\u00f6s megbecs\u00fcl\u00e9sre, a b\u00e9k\u00e9s egy\u00fctt\u00e9l\u00e9sre \u00e9s a mindenki sz\u00e1m\u00e1ra el\u0151ny\u00f6s egy\u00fcttm\u0171k\u00f6d\u00e9sre. Kifejezte rem\u00e9ny\u00e9t, hogy az amerikai f\u00e9l racion\u00e1lis \u00e9s pragmatikus hozz\u00e1\u00e1ll\u00e1ssal viszonyul K\u00edn\u00e1hoz, \u00e9s K\u00edn\u00e1val egy\u00fcttm\u0171k\u00f6dve ragaszkodik a k\u00e9t \u00e1llamf\u0151 \u00e1ltal Bali sziget\u00e9n el\u00e9rt konszenzushoz, s az ott elhangzott pozit\u00edv kijelent\u00e9seket a k\u00ednai-amerikai kapcsolat stabiliz\u00e1l\u00e1s\u00e1t \u00e9s fejleszt\u00e9s\u00e9t c\u00e9lz\u00f3 tettek k\u00f6vetik.<\/p>\n\n\n\n<p>Antony Blinken \u00e1tadta Joe Biden amerikai eln\u00f6k \u00fcdv\u00f6zlet\u00e9t Hszi Csin-ping eln\u00f6knek, s elmondta, Biden eln\u00f6k \u00fagy v\u00e9li, hogy az Egyes\u00fclt \u00c1llamok \u00e9s K\u00edna felel\u0151ss\u00e9ge \u00e9s k\u00f6teless\u00e9ge k\u00e9toldal\u00fa kapcsolatuk megfelel\u0151 kezel\u00e9se, ami megfelel az Egyes\u00fclt \u00c1llamok \u00e9s K\u00edna, s\u0151t a vil\u00e1g \u00e9rdekeinek. Mint mondta, az Egyes\u00fclt \u00c1llamok betartja Biden eln\u00f6k \u00edg\u00e9reteit, nem t\u00f6rekszik \u201e\u00faj hidegh\u00e1bor\u00fara&#8221;, nem igyekszik megv\u00e1ltoztatni K\u00edna rendszer\u00e9t, nem akar szembesz\u00e1llni K\u00edn\u00e1val a sz\u00f6vets\u00e9gesei meger\u0151s\u00edt\u00e9s\u00e9vel, nem t\u00e1mogatja \u201eTajvan f\u00fcggetlens\u00e9g\u00e9t&#8221; \u00e9s nem t\u00f6rekszik konfliktusra K\u00edn\u00e1val. K\u00e9sz K\u00edn\u00e1val folytatni a magas szint\u0171 eszmecser\u00e9t, akad\u00e1lymentes kommunik\u00e1ci\u00f3t szeretne, mik\u00f6zben felel\u0151ss\u00e9gteljesen kezeli a k\u00fcl\u00f6nbs\u00e9geket, \u00e9s t\u00f6rekszik a p\u00e1rbesz\u00e9dre, a cser\u00e9re \u00e9s az egy\u00fcttm\u0171k\u00f6d\u00e9sre.<\/p>\n\n\n\n<p>Hszi Csin-ping megk\u00e9rte Blinkent, hogy adja \u00e1t \u00fcdv\u00f6zlet\u00e9t Joe Biden eln\u00f6knek.<\/p>\n\n\n\n<p><strong>2023. 06. 19.<\/strong><\/p>\n\n\n\n<p><strong>(China Media Group)<\/strong><\/p>\n\n\n\n<p><strong><em>(x)<\/em><\/strong><\/p>\n","protected":false},"excerpt":{"rendered":"<p>J\u00fanius 19-\u00e9n d\u00e9lut\u00e1n Hszi Csin-ping k\u00ednai \u00e1llameln\u00f6k Pekingben fogadta Antony Blinken amerikai k\u00fcl\u00fcgyminisztert. Hszi Csin-ping hangs\u00falyozta, hogy K\u00edna \u00e9s az Egyes\u00fclt \u00c1llamok kapcsolata befoly\u00e1ssal van az emberis\u00e9g j\u00f6v\u0151j\u00e9re \u00e9s sors\u00e1ra, s a vil\u00e1gnak sz\u00fcks\u00e9ge van egy stabil k\u00ednai-amerikai kapcsolatra. Hszi r\u00e1mutatott, hogy a F\u00f6ld hatalmas kiterjed\u00e9se el\u00e9g nagy ahhoz, hogy alkalmazkodjon mind K\u00edna, mind az [&hellip;]<\/p>\n","protected":false},"author":6,"featured_media":17786,"comment_status":"closed","ping_status":"closed","sticky":false,"template":"","format":"standard","meta":{"footnotes":""},"categories":[45],"tags":[588,131,305,326],"class_list":["post-17784","post","type-post","status-publish","format-standard","has-post-thumbnail","hentry","category-hirek","tag-antony-blinken","tag-egyesult-allamok","tag-hszi-csin-ping","tag-kinai-allamelnok"],"yoast_head":"<!-- This site is optimized with the Yoast SEO plugin v23.7 - https:\/\/yoast.com\/wordpress\/plugins\/seo\/ -->\n<title>Hszi Csin-ping a K\u00edna \u00e9s az Egyes\u00fclt \u00c1llamok k\u00f6z\u00f6tti k\u00f6lcs\u00f6n\u00f6s tisztelet sz\u00fcks\u00e9gess\u00e9g\u00e9t hangoztatta - kinaikaleidoszkop.hu<\/title>\n<meta name=\"robots\" content=\"index, follow, max-snippet:-1, max-image-preview:large, max-video-preview:-1\" \/>\n<link rel=\"canonical\" href=\"https:\/\/kinaikaleidoszkop.hu\/index.php\/2023\/06\/19\/hszi-csin-ping-a-kina-es-az-egyesult-allamok-kozotti-kolcsonos-tisztelet-szuksegesseget-hangoztatta\/\" \/>\n<meta property=\"og:locale\" content=\"hu_HU\" \/>\n<meta property=\"og:type\" content=\"article\" \/>\n<meta property=\"og:title\" content=\"Hszi Csin-ping a K\u00edna \u00e9s az Egyes\u00fclt \u00c1llamok k\u00f6z\u00f6tti k\u00f6lcs\u00f6n\u00f6s tisztelet sz\u00fcks\u00e9gess\u00e9g\u00e9t hangoztatta - kinaikaleidoszkop.hu\" \/>\n<meta property=\"og:description\" content=\"J\u00fanius 19-\u00e9n d\u00e9lut\u00e1n Hszi Csin-ping k\u00ednai \u00e1llameln\u00f6k Pekingben fogadta Antony Blinken amerikai k\u00fcl\u00fcgyminisztert. Hszi Csin-ping hangs\u00falyozta, hogy K\u00edna \u00e9s az Egyes\u00fclt \u00c1llamok kapcsolata befoly\u00e1ssal van az emberis\u00e9g j\u00f6v\u0151j\u00e9re \u00e9s sors\u00e1ra, s a vil\u00e1gnak sz\u00fcks\u00e9ge van egy stabil k\u00ednai-amerikai kapcsolatra. Hszi r\u00e1mutatott, hogy a F\u00f6ld hatalmas kiterjed\u00e9se el\u00e9g nagy ahhoz, hogy alkalmazkodjon mind K\u00edna, mind az [&hellip;]\" \/>\n<meta property=\"og:url\" content=\"https:\/\/kinaikaleidoszkop.hu\/index.php\/2023\/06\/19\/hszi-csin-ping-a-kina-es-az-egyesult-allamok-kozotti-kolcsonos-tisztelet-szuksegesseget-hangoztatta\/\" \/>\n<meta property=\"og:site_name\" content=\"kinaikaleidoszkop.hu\" \/>\n<meta property=\"article:published_time\" content=\"2023-06-19T16:54:28+00:00\" \/>\n<meta property=\"article:modified_time\" content=\"2023-06-19T16:54:37+00:00\" \/>\n<meta property=\"og:image\" content=\"https:\/\/kinaikaleidoszkop.hu\/wp-content\/uploads\/2023\/06\/061905-1.jpg\" \/>\n\t<meta property=\"og:image:width\" content=\"1000\" \/>\n\t<meta property=\"og:image:height\" content=\"746\" \/>\n\t<meta property=\"og:image:type\" content=\"image\/jpeg\" \/>\n<meta name=\"author\" content=\"admin-sebi\" \/>\n<meta name=\"twitter:card\" content=\"summary_large_image\" \/>\n<meta name=\"twitter:label1\" content=\"Szerz\u0151:\" \/>\n\t<meta name=\"twitter:data1\" content=\"admin-sebi\" \/>\n\t<meta name=\"twitter:label2\" content=\"Becs\u00fclt olvas\u00e1si id\u0151\" \/>\n\t<meta name=\"twitter:data2\" content=\"3 perc\" \/>\n<script type=\"application\/ld+json\" class=\"yoast-schema-graph\">{\"@context\":\"https:\/\/schema.org\",\"@graph\":[{\"@type\":\"WebPage\",\"@id\":\"https:\/\/kinaikaleidoszkop.hu\/index.php\/2023\/06\/19\/hszi-csin-ping-a-kina-es-az-egyesult-allamok-kozotti-kolcsonos-tisztelet-szuksegesseget-hangoztatta\/\",\"url\":\"https:\/\/kinaikaleidoszkop.hu\/index.php\/2023\/06\/19\/hszi-csin-ping-a-kina-es-az-egyesult-allamok-kozotti-kolcsonos-tisztelet-szuksegesseget-hangoztatta\/\",\"name\":\"Hszi Csin-ping a K\u00edna \u00e9s az Egyes\u00fclt \u00c1llamok k\u00f6z\u00f6tti k\u00f6lcs\u00f6n\u00f6s tisztelet sz\u00fcks\u00e9gess\u00e9g\u00e9t hangoztatta - kinaikaleidoszkop.hu\",\"isPartOf\":{\"@id\":\"https:\/\/kinaikaleidoszkop.hu\/#website\"},\"primaryImageOfPage\":{\"@id\":\"https:\/\/kinaikaleidoszkop.hu\/index.php\/2023\/06\/19\/hszi-csin-ping-a-kina-es-az-egyesult-allamok-kozotti-kolcsonos-tisztelet-szuksegesseget-hangoztatta\/#primaryimage\"},\"image\":{\"@id\":\"https:\/\/kinaikaleidoszkop.hu\/index.php\/2023\/06\/19\/hszi-csin-ping-a-kina-es-az-egyesult-allamok-kozotti-kolcsonos-tisztelet-szuksegesseget-hangoztatta\/#primaryimage\"},\"thumbnailUrl\":\"https:\/\/kinaikaleidoszkop.hu\/wp-content\/uploads\/2023\/06\/061905-1.jpg\",\"datePublished\":\"2023-06-19T16:54:28+00:00\",\"dateModified\":\"2023-06-19T16:54:37+00:00\",\"author\":{\"@id\":\"https:\/\/kinaikaleidoszkop.hu\/#\/schema\/person\/fd215d3a8bab54daeb796ae166f99ea5\"},\"breadcrumb\":{\"@id\":\"https:\/\/kinaikaleidoszkop.hu\/index.php\/2023\/06\/19\/hszi-csin-ping-a-kina-es-az-egyesult-allamok-kozotti-kolcsonos-tisztelet-szuksegesseget-hangoztatta\/#breadcrumb\"},\"inLanguage\":\"hu\",\"potentialAction\":[{\"@type\":\"ReadAction\",\"target\":[\"https:\/\/kinaikaleidoszkop.hu\/index.php\/2023\/06\/19\/hszi-csin-ping-a-kina-es-az-egyesult-allamok-kozotti-kolcsonos-tisztelet-szuksegesseget-hangoztatta\/\"]}]},{\"@type\":\"ImageObject\",\"inLanguage\":\"hu\",\"@id\":\"https:\/\/kinaikaleidoszkop.hu\/index.php\/2023\/06\/19\/hszi-csin-ping-a-kina-es-az-egyesult-allamok-kozotti-kolcsonos-tisztelet-szuksegesseget-hangoztatta\/#primaryimage\",\"url\":\"https:\/\/kinaikaleidoszkop.hu\/wp-content\/uploads\/2023\/06\/061905-1.jpg\",\"contentUrl\":\"https:\/\/kinaikaleidoszkop.hu\/wp-content\/uploads\/2023\/06\/061905-1.jpg\",\"width\":1000,\"height\":746},{\"@type\":\"BreadcrumbList\",\"@id\":\"https:\/\/kinaikaleidoszkop.hu\/index.php\/2023\/06\/19\/hszi-csin-ping-a-kina-es-az-egyesult-allamok-kozotti-kolcsonos-tisztelet-szuksegesseget-hangoztatta\/#breadcrumb\",\"itemListElement\":[{\"@type\":\"ListItem\",\"position\":1,\"name\":\"Kezd\u0151lap\",\"item\":\"https:\/\/kinaikaleidoszkop.hu\/\"},{\"@type\":\"ListItem\",\"position\":2,\"name\":\"Hszi Csin-ping a K\u00edna \u00e9s az Egyes\u00fclt \u00c1llamok k\u00f6z\u00f6tti k\u00f6lcs\u00f6n\u00f6s tisztelet sz\u00fcks\u00e9gess\u00e9g\u00e9t hangoztatta\"}]},{\"@type\":\"WebSite\",\"@id\":\"https:\/\/kinaikaleidoszkop.hu\/#website\",\"url\":\"https:\/\/kinaikaleidoszkop.hu\/\",\"name\":\"kinaikaleidoszkop.hu\",\"description\":\"\",\"potentialAction\":[{\"@type\":\"SearchAction\",\"target\":{\"@type\":\"EntryPoint\",\"urlTemplate\":\"https:\/\/kinaikaleidoszkop.hu\/?s={search_term_string}\"},\"query-input\":{\"@type\":\"PropertyValueSpecification\",\"valueRequired\":true,\"valueName\":\"search_term_string\"}}],\"inLanguage\":\"hu\"},{\"@type\":\"Person\",\"@id\":\"https:\/\/kinaikaleidoszkop.hu\/#\/schema\/person\/fd215d3a8bab54daeb796ae166f99ea5\",\"name\":\"admin-sebi\",\"image\":{\"@type\":\"ImageObject\",\"inLanguage\":\"hu\",\"@id\":\"https:\/\/kinaikaleidoszkop.hu\/#\/schema\/person\/image\/\",\"url\":\"https:\/\/secure.gravatar.com\/avatar\/b1498042bc4969020b4951f204f963e97c3d7d199f3790c1071adf67c61d0aa5?s=96&d=mm&r=g\",\"contentUrl\":\"https:\/\/secure.gravatar.com\/avatar\/b1498042bc4969020b4951f204f963e97c3d7d199f3790c1071adf67c61d0aa5?s=96&d=mm&r=g\",\"caption\":\"admin-sebi\"},\"url\":\"https:\/\/kinaikaleidoszkop.hu\/index.php\/author\/admin-sebi\/\"}]}<\/script>\n<!-- \/ Yoast SEO plugin. -->","yoast_head_json":{"title":"Hszi Csin-ping a K\u00edna \u00e9s az Egyes\u00fclt \u00c1llamok k\u00f6z\u00f6tti k\u00f6lcs\u00f6n\u00f6s tisztelet sz\u00fcks\u00e9gess\u00e9g\u00e9t hangoztatta - kinaikaleidoszkop.hu","robots":{"index":"index","follow":"follow","max-snippet":"max-snippet:-1","max-image-preview":"max-image-preview:large","max-video-preview":"max-video-preview:-1"},"canonical":"https:\/\/kinaikaleidoszkop.hu\/index.php\/2023\/06\/19\/hszi-csin-ping-a-kina-es-az-egyesult-allamok-kozotti-kolcsonos-tisztelet-szuksegesseget-hangoztatta\/","og_locale":"hu_HU","og_type":"article","og_title":"Hszi Csin-ping a K\u00edna \u00e9s az Egyes\u00fclt \u00c1llamok k\u00f6z\u00f6tti k\u00f6lcs\u00f6n\u00f6s tisztelet sz\u00fcks\u00e9gess\u00e9g\u00e9t hangoztatta - kinaikaleidoszkop.hu","og_description":"J\u00fanius 19-\u00e9n d\u00e9lut\u00e1n Hszi Csin-ping k\u00ednai \u00e1llameln\u00f6k Pekingben fogadta Antony Blinken amerikai k\u00fcl\u00fcgyminisztert. Hszi Csin-ping hangs\u00falyozta, hogy K\u00edna \u00e9s az Egyes\u00fclt \u00c1llamok kapcsolata befoly\u00e1ssal van az emberis\u00e9g j\u00f6v\u0151j\u00e9re \u00e9s sors\u00e1ra, s a vil\u00e1gnak sz\u00fcks\u00e9ge van egy stabil k\u00ednai-amerikai kapcsolatra. Hszi r\u00e1mutatott, hogy a F\u00f6ld hatalmas kiterjed\u00e9se el\u00e9g nagy ahhoz, hogy alkalmazkodjon mind K\u00edna, mind az [&hellip;]","og_url":"https:\/\/kinaikaleidoszkop.hu\/index.php\/2023\/06\/19\/hszi-csin-ping-a-kina-es-az-egyesult-allamok-kozotti-kolcsonos-tisztelet-szuksegesseget-hangoztatta\/","og_site_name":"kinaikaleidoszkop.hu","article_published_time":"2023-06-19T16:54:28+00:00","article_modified_time":"2023-06-19T16:54:37+00:00","og_image":[{"width":1000,"height":746,"url":"https:\/\/kinaikaleidoszkop.hu\/wp-content\/uploads\/2023\/06\/061905-1.jpg","type":"image\/jpeg"}],"author":"admin-sebi","twitter_card":"summary_large_image","twitter_misc":{"Szerz\u0151:":"admin-sebi","Becs\u00fclt olvas\u00e1si id\u0151":"3 perc"},"schema":{"@context":"https:\/\/schema.org","@graph":[{"@type":"WebPage","@id":"https:\/\/kinaikaleidoszkop.hu\/index.php\/2023\/06\/19\/hszi-csin-ping-a-kina-es-az-egyesult-allamok-kozotti-kolcsonos-tisztelet-szuksegesseget-hangoztatta\/","url":"https:\/\/kinaikaleidoszkop.hu\/index.php\/2023\/06\/19\/hszi-csin-ping-a-kina-es-az-egyesult-allamok-kozotti-kolcsonos-tisztelet-szuksegesseget-hangoztatta\/","name":"Hszi Csin-ping a K\u00edna \u00e9s az Egyes\u00fclt \u00c1llamok k\u00f6z\u00f6tti k\u00f6lcs\u00f6n\u00f6s tisztelet sz\u00fcks\u00e9gess\u00e9g\u00e9t hangoztatta - kinaikaleidoszkop.hu","isPartOf":{"@id":"https:\/\/kinaikaleidoszkop.hu\/#website"},"primaryImageOfPage":{"@id":"https:\/\/kinaikaleidoszkop.hu\/index.php\/2023\/06\/19\/hszi-csin-ping-a-kina-es-az-egyesult-allamok-kozotti-kolcsonos-tisztelet-szuksegesseget-hangoztatta\/#primaryimage"},"image":{"@id":"https:\/\/kinaikaleidoszkop.hu\/index.php\/2023\/06\/19\/hszi-csin-ping-a-kina-es-az-egyesult-allamok-kozotti-kolcsonos-tisztelet-szuksegesseget-hangoztatta\/#primaryimage"},"thumbnailUrl":"https:\/\/kinaikaleidoszkop.hu\/wp-content\/uploads\/2023\/06\/061905-1.jpg","datePublished":"2023-06-19T16:54:28+00:00","dateModified":"2023-06-19T16:54:37+00:00","author":{"@id":"https:\/\/kinaikaleidoszkop.hu\/#\/schema\/person\/fd215d3a8bab54daeb796ae166f99ea5"},"breadcrumb":{"@id":"https:\/\/kinaikaleidoszkop.hu\/index.php\/2023\/06\/19\/hszi-csin-ping-a-kina-es-az-egyesult-allamok-kozotti-kolcsonos-tisztelet-szuksegesseget-hangoztatta\/#breadcrumb"},"inLanguage":"hu","potentialAction":[{"@type":"ReadAction","target":["https:\/\/kinaikaleidoszkop.hu\/index.php\/2023\/06\/19\/hszi-csin-ping-a-kina-es-az-egyesult-allamok-kozotti-kolcsonos-tisztelet-szuksegesseget-hangoztatta\/"]}]},{"@type":"ImageObject","inLanguage":"hu","@id":"https:\/\/kinaikaleidoszkop.hu\/index.php\/2023\/06\/19\/hszi-csin-ping-a-kina-es-az-egyesult-allamok-kozotti-kolcsonos-tisztelet-szuksegesseget-hangoztatta\/#primaryimage","url":"https:\/\/kinaikaleidoszkop.hu\/wp-content\/uploads\/2023\/06\/061905-1.jpg","contentUrl":"https:\/\/kinaikaleidoszkop.hu\/wp-content\/uploads\/2023\/06\/061905-1.jpg","width":1000,"height":746},{"@type":"BreadcrumbList","@id":"https:\/\/kinaikaleidoszkop.hu\/index.php\/2023\/06\/19\/hszi-csin-ping-a-kina-es-az-egyesult-allamok-kozotti-kolcsonos-tisztelet-szuksegesseget-hangoztatta\/#breadcrumb","itemListElement":[{"@type":"ListItem","position":1,"name":"Kezd\u0151lap","item":"https:\/\/kinaikaleidoszkop.hu\/"},{"@type":"ListItem","position":2,"name":"Hszi Csin-ping a K\u00edna \u00e9s az Egyes\u00fclt \u00c1llamok k\u00f6z\u00f6tti k\u00f6lcs\u00f6n\u00f6s tisztelet sz\u00fcks\u00e9gess\u00e9g\u00e9t hangoztatta"}]},{"@type":"WebSite","@id":"https:\/\/kinaikaleidoszkop.hu\/#website","url":"https:\/\/kinaikaleidoszkop.hu\/","name":"kinaikaleidoszkop.hu","description":"","potentialAction":[{"@type":"SearchAction","target":{"@type":"EntryPoint","urlTemplate":"https:\/\/kinaikaleidoszkop.hu\/?s={search_term_string}"},"query-input":{"@type":"PropertyValueSpecification","valueRequired":true,"valueName":"search_term_string"}}],"inLanguage":"hu"},{"@type":"Person","@id":"https:\/\/kinaikaleidoszkop.hu\/#\/schema\/person\/fd215d3a8bab54daeb796ae166f99ea5","name":"admin-sebi","image":{"@type":"ImageObject","inLanguage":"hu","@id":"https:\/\/kinaikaleidoszkop.hu\/#\/schema\/person\/image\/","url":"https:\/\/secure.gravatar.com\/avatar\/b1498042bc4969020b4951f204f963e97c3d7d199f3790c1071adf67c61d0aa5?s=96&d=mm&r=g","contentUrl":"https:\/\/secure.gravatar.com\/avatar\/b1498042bc4969020b4951f204f963e97c3d7d199f3790c1071adf67c61d0aa5?s=96&d=mm&r=g","caption":"admin-sebi"},"url":"https:\/\/kinaikaleidoszkop.hu\/index.php\/author\/admin-sebi\/"}]}},"views":223,"distributor_meta":false,"distributor_terms":false,"distributor_media":false,"distributor_original_site_name":"kinaikaleidoszkop.hu","distributor_original_site_url":"https:\/\/kinaikaleidoszkop.hu","push-errors":false,"_links":{"self":[{"href":"https:\/\/kinaikaleidoszkop.hu\/index.php\/wp-json\/wp\/v2\/posts\/17784","targetHints":{"allow":["GET"]}}],"collection":[{"href":"https:\/\/kinaikaleidoszkop.hu\/index.php\/wp-json\/wp\/v2\/posts"}],"about":[{"href":"https:\/\/kinaikaleidoszkop.hu\/index.php\/wp-json\/wp\/v2\/types\/post"}],"author":[{"embeddable":true,"href":"https:\/\/kinaikaleidoszkop.hu\/index.php\/wp-json\/wp\/v2\/users\/6"}],"replies":[{"embeddable":true,"href":"https:\/\/kinaikaleidoszkop.hu\/index.php\/wp-json\/wp\/v2\/comments?post=17784"}],"version-history":[{"count":1,"href":"https:\/\/kinaikaleidoszkop.hu\/index.php\/wp-json\/wp\/v2\/posts\/17784\/revisions"}],"predecessor-version":[{"id":17787,"href":"https:\/\/kinaikaleidoszkop.hu\/index.php\/wp-json\/wp\/v2\/posts\/17784\/revisions\/17787"}],"wp:featuredmedia":[{"embeddable":true,"href":"https:\/\/kinaikaleidoszkop.hu\/index.php\/wp-json\/wp\/v2\/media\/17786"}],"wp:attachment":[{"href":"https:\/\/kinaikaleidoszkop.hu\/index.php\/wp-json\/wp\/v2\/media?parent=17784"}],"wp:term":[{"taxonomy":"category","embeddable":true,"href":"https:\/\/kinaikaleidoszkop.hu\/index.php\/wp-json\/wp\/v2\/categories?post=17784"},{"taxonomy":"post_tag","embeddable":true,"href":"https:\/\/kinaikaleidoszkop.hu\/index.php\/wp-json\/wp\/v2\/tags?post=17784"}],"curies":[{"name":"wp","href":"https:\/\/api.w.org\/{rel}","templated":true}]}}