{"id":17792,"date":"2023-06-20T09:20:00","date_gmt":"2023-06-20T07:20:00","guid":{"rendered":"https:\/\/kinaikaleidoszkop.hu\/?p=17792"},"modified":"2023-06-20T09:20:07","modified_gmt":"2023-06-20T07:20:07","slug":"mahmud-abbasz-palesztin-elnok-kinan-kivul-egyetlen-orszagnak-sem-sikerult-megvalositani-a-beket-szaud-arabia-es-iran-kozott","status":"publish","type":"post","link":"https:\/\/kinaikaleidoszkop.hu\/index.php\/2023\/06\/20\/mahmud-abbasz-palesztin-elnok-kinan-kivul-egyetlen-orszagnak-sem-sikerult-megvalositani-a-beket-szaud-arabia-es-iran-kozott\/","title":{"rendered":"Mahm\u00fad Abb\u00e1sz palesztin eln\u00f6k: K\u00edn\u00e1n k\u00edv\u00fcl egyetlen orsz\u00e1gnak sem siker\u00fclt megval\u00f3s\u00edtani a b\u00e9k\u00e9t Sza\u00fad-Ar\u00e1bia \u00e9s Ir\u00e1n k\u00f6z\u00f6tt"},"content":{"rendered":"\n<p><strong>Nemr\u00e9g Mahm\u00fad Abb\u00e1sz palesztin eln\u00f6k K\u00edn\u00e1ba l\u00e1togatott. A China Media Group \u201eVezet\u0151k Besz\u00e9lgetnek\u201d c\u00edm\u0171 m\u0171sor\u00e1nak adott interj\u00faj\u00e1ban azt mondta, hogy K\u00edn\u00e1n k\u00edv\u00fcl egyetlen orsz\u00e1gnak sem siker\u00fclt el\u00e9rnie a megb\u00e9k\u00e9l\u00e9st Sza\u00fad-Ar\u00e1bia \u00e9s Ir\u00e1n k\u00f6z\u00f6tt.<\/strong><\/p>\n\n\n\n<figure class=\"wp-block-embed is-type-video is-provider-youtube wp-block-embed-youtube wp-embed-aspect-16-9 wp-has-aspect-ratio\"><div class=\"wp-block-embed__wrapper\">\n<iframe loading=\"lazy\" title=\"6\u670819\u65e5 1111\" width=\"1320\" height=\"743\" src=\"https:\/\/www.youtube.com\/embed\/Hn8wVSQbrxA?feature=oembed\" frameborder=\"0\" allow=\"accelerometer; autoplay; clipboard-write; encrypted-media; gyroscope; picture-in-picture; web-share\" allowfullscreen><\/iframe>\n<\/div><\/figure>\n\n\n\n<p>Wang Guan m\u0171sorvezet\u0151:<br>\u201eEln\u00f6k \u00far, Sza\u00fad-Ar\u00e1bia \u00e9s Ir\u00e1n nemr\u00e9giben K\u00edna k\u00f6zvet\u00edt\u00e9s\u00e9vel \u00fajrakezdte diplom\u00e1ciai kapcsolatait. N\u00e9h\u00e1ny k\u00f6zel-keleti orsz\u00e1g k\u00ednai nagyk\u00f6vete \u00fagy v\u00e9li, hogy a K\u00edna \u00e1ltal kezdem\u00e9nyezett b\u00e9ke, harm\u00f3nia \u00e9s egy\u00fcttm\u0171k\u00f6d\u00e9s koncepci\u00f3ja k\u00fcl\u00f6nb\u00f6zik a Nyugat \u00e1ltal t\u00e1mogatott realizmust\u00f3l, hatalmi politik\u00e1t\u00f3l.<\/p>\n\n\n\n<p>Hogyan l\u00e1tja a k\u00fcl\u00f6nbs\u00e9get K\u00edna \u00e9s a Nyugat szerepe k\u00f6z\u00f6tt a k\u00f6zel-keleti \u00fcgyekben?\u201d<\/p>\n\n\n\n<p>Mahm\u00fad Abb\u00e1sz palesztin eln\u00f6k:<br>\u201eAz arab\u2013k\u00ednai cs\u00facstal\u00e1lkoz\u00f3 megrendez\u00e9se nagyon fontos jelz\u00e9st k\u00fcld\u00f6tt. K\u00edna a cs\u00facstal\u00e1lkoz\u00f3n kereszt\u00fcl akt\u00edvan t\u00e1mogatta az arab orsz\u00e1gokkal val\u00f3 egy\u00fcttm\u0171k\u00f6d\u00e9st. Rem\u00e9lj\u00fck, hogy K\u00edna er\u0151fesz\u00edt\u00e9sei folytat\u00f3dnak a cs\u00facstal\u00e1lkoz\u00f3k rendszeres tart\u00e1sa \u00e9rdek\u00e9ben.<\/p>\n\n\n\n<p>K\u00edna sokat olyasmit tett az Ir\u00e1n \u00e9s Sza\u00fad-Ar\u00e1bia k\u00f6z\u00f6tti megb\u00e9k\u00e9l\u00e9s \u00e9rdek\u00e9ben, amit sok orsz\u00e1g elmulasztott. Az ir\u00e1ni\u2013sza\u00fadi konfliktus hossz\u00fa m\u00faltra tekint vissza, \u00e9s egyetlen orsz\u00e1gnak sem siker\u00fclt megoldania. De mivel K\u00edn\u00e1nak j\u00f3 sz\u00e1nd\u00e9kai vannak, nem v\u00e1gyik a k\u00e9t orsz\u00e1g \u00e9rdekeire, megteremthette ezt a csod\u00e1t. Az eg\u00e9sz arab vil\u00e1g \u00e9s minden arab el\u00e9gedett K\u00edna k\u00f6zvet\u00edt\u00e9si er\u0151fesz\u00edt\u00e9seivel. K\u00edn\u00e1n k\u00edv\u00fcl egyetlen orsz\u00e1gnak sem siker\u00fclt kib\u00e9k\u00edtenie a k\u00e9t orsz\u00e1got.\u201d<\/p>\n\n\n\n<p><strong>2023. 06. 20.<\/strong><\/p>\n\n\n\n<p><strong><em>(China Media Group)<\/em><\/strong><\/p>\n\n\n\n<p><strong>(x)<\/strong><\/p>\n","protected":false},"excerpt":{"rendered":"<p>Nemr\u00e9g Mahm\u00fad Abb\u00e1sz palesztin eln\u00f6k K\u00edn\u00e1ba l\u00e1togatott. A China Media Group \u201eVezet\u0151k Besz\u00e9lgetnek\u201d c\u00edm\u0171 m\u0171sor\u00e1nak adott interj\u00faj\u00e1ban azt mondta, hogy K\u00edn\u00e1n k\u00edv\u00fcl egyetlen orsz\u00e1gnak sem siker\u00fclt el\u00e9rnie a megb\u00e9k\u00e9l\u00e9st Sza\u00fad-Ar\u00e1bia \u00e9s Ir\u00e1n k\u00f6z\u00f6tt. Wang Guan m\u0171sorvezet\u0151:\u201eEln\u00f6k \u00far, Sza\u00fad-Ar\u00e1bia \u00e9s Ir\u00e1n nemr\u00e9giben K\u00edna k\u00f6zvet\u00edt\u00e9s\u00e9vel \u00fajrakezdte diplom\u00e1ciai kapcsolatait. N\u00e9h\u00e1ny k\u00f6zel-keleti orsz\u00e1g k\u00ednai nagyk\u00f6vete \u00fagy v\u00e9li, hogy a [&hellip;]<\/p>\n","protected":false},"author":6,"featured_media":17794,"comment_status":"closed","ping_status":"closed","sticky":false,"template":"","format":"standard","meta":{"footnotes":""},"categories":[45],"tags":[363,2507,2558,2557,1759],"class_list":["post-17792","post","type-post","status-publish","format-standard","has-post-thumbnail","hentry","category-hirek","tag-cmg","tag-cmg-interju","tag-mahmud-abbasz","tag-palesztin-elnok","tag-palesztina"],"yoast_head":"<!-- This site is optimized with the Yoast SEO plugin v23.7 - https:\/\/yoast.com\/wordpress\/plugins\/seo\/ -->\n<title>Mahm\u00fad Abb\u00e1sz palesztin eln\u00f6k: K\u00edn\u00e1n k\u00edv\u00fcl egyetlen orsz\u00e1gnak sem siker\u00fclt megval\u00f3s\u00edtani a b\u00e9k\u00e9t Sza\u00fad-Ar\u00e1bia \u00e9s Ir\u00e1n k\u00f6z\u00f6tt - kinaikaleidoszkop.hu<\/title>\n<meta name=\"robots\" content=\"index, follow, max-snippet:-1, max-image-preview:large, max-video-preview:-1\" \/>\n<link rel=\"canonical\" href=\"https:\/\/kinaikaleidoszkop.hu\/index.php\/2023\/06\/20\/mahmud-abbasz-palesztin-elnok-kinan-kivul-egyetlen-orszagnak-sem-sikerult-megvalositani-a-beket-szaud-arabia-es-iran-kozott\/\" \/>\n<meta property=\"og:locale\" content=\"hu_HU\" \/>\n<meta property=\"og:type\" content=\"article\" \/>\n<meta property=\"og:title\" content=\"Mahm\u00fad Abb\u00e1sz palesztin eln\u00f6k: K\u00edn\u00e1n k\u00edv\u00fcl egyetlen orsz\u00e1gnak sem siker\u00fclt megval\u00f3s\u00edtani a b\u00e9k\u00e9t Sza\u00fad-Ar\u00e1bia \u00e9s Ir\u00e1n k\u00f6z\u00f6tt - kinaikaleidoszkop.hu\" \/>\n<meta property=\"og:description\" content=\"Nemr\u00e9g Mahm\u00fad Abb\u00e1sz palesztin eln\u00f6k K\u00edn\u00e1ba l\u00e1togatott. A China Media Group \u201eVezet\u0151k Besz\u00e9lgetnek\u201d c\u00edm\u0171 m\u0171sor\u00e1nak adott interj\u00faj\u00e1ban azt mondta, hogy K\u00edn\u00e1n k\u00edv\u00fcl egyetlen orsz\u00e1gnak sem siker\u00fclt el\u00e9rnie a megb\u00e9k\u00e9l\u00e9st Sza\u00fad-Ar\u00e1bia \u00e9s Ir\u00e1n k\u00f6z\u00f6tt. Wang Guan m\u0171sorvezet\u0151:\u201eEln\u00f6k \u00far, Sza\u00fad-Ar\u00e1bia \u00e9s Ir\u00e1n nemr\u00e9giben K\u00edna k\u00f6zvet\u00edt\u00e9s\u00e9vel \u00fajrakezdte diplom\u00e1ciai kapcsolatait. N\u00e9h\u00e1ny k\u00f6zel-keleti orsz\u00e1g k\u00ednai nagyk\u00f6vete \u00fagy v\u00e9li, hogy a [&hellip;]\" \/>\n<meta property=\"og:url\" content=\"https:\/\/kinaikaleidoszkop.hu\/index.php\/2023\/06\/20\/mahmud-abbasz-palesztin-elnok-kinan-kivul-egyetlen-orszagnak-sem-sikerult-megvalositani-a-beket-szaud-arabia-es-iran-kozott\/\" \/>\n<meta property=\"og:site_name\" content=\"kinaikaleidoszkop.hu\" \/>\n<meta property=\"article:published_time\" content=\"2023-06-20T07:20:00+00:00\" \/>\n<meta property=\"article:modified_time\" content=\"2023-06-20T07:20:07+00:00\" \/>\n<meta property=\"og:image\" content=\"https:\/\/kinaikaleidoszkop.hu\/wp-content\/uploads\/2023\/06\/tertererterertertertertertertertertertertert.jpg\" \/>\n\t<meta property=\"og:image:width\" content=\"1188\" \/>\n\t<meta property=\"og:image:height\" content=\"743\" \/>\n\t<meta property=\"og:image:type\" content=\"image\/jpeg\" \/>\n<meta name=\"author\" content=\"admin-sebi\" \/>\n<meta name=\"twitter:card\" content=\"summary_large_image\" \/>\n<meta name=\"twitter:label1\" content=\"Szerz\u0151:\" \/>\n\t<meta name=\"twitter:data1\" content=\"admin-sebi\" \/>\n\t<meta name=\"twitter:label2\" content=\"Becs\u00fclt olvas\u00e1si id\u0151\" \/>\n\t<meta name=\"twitter:data2\" content=\"2 perc\" \/>\n<script type=\"application\/ld+json\" class=\"yoast-schema-graph\">{\"@context\":\"https:\/\/schema.org\",\"@graph\":[{\"@type\":\"WebPage\",\"@id\":\"https:\/\/kinaikaleidoszkop.hu\/index.php\/2023\/06\/20\/mahmud-abbasz-palesztin-elnok-kinan-kivul-egyetlen-orszagnak-sem-sikerult-megvalositani-a-beket-szaud-arabia-es-iran-kozott\/\",\"url\":\"https:\/\/kinaikaleidoszkop.hu\/index.php\/2023\/06\/20\/mahmud-abbasz-palesztin-elnok-kinan-kivul-egyetlen-orszagnak-sem-sikerult-megvalositani-a-beket-szaud-arabia-es-iran-kozott\/\",\"name\":\"Mahm\u00fad Abb\u00e1sz palesztin eln\u00f6k: K\u00edn\u00e1n k\u00edv\u00fcl egyetlen orsz\u00e1gnak sem siker\u00fclt megval\u00f3s\u00edtani a b\u00e9k\u00e9t Sza\u00fad-Ar\u00e1bia \u00e9s Ir\u00e1n k\u00f6z\u00f6tt - kinaikaleidoszkop.hu\",\"isPartOf\":{\"@id\":\"https:\/\/kinaikaleidoszkop.hu\/#website\"},\"primaryImageOfPage\":{\"@id\":\"https:\/\/kinaikaleidoszkop.hu\/index.php\/2023\/06\/20\/mahmud-abbasz-palesztin-elnok-kinan-kivul-egyetlen-orszagnak-sem-sikerult-megvalositani-a-beket-szaud-arabia-es-iran-kozott\/#primaryimage\"},\"image\":{\"@id\":\"https:\/\/kinaikaleidoszkop.hu\/index.php\/2023\/06\/20\/mahmud-abbasz-palesztin-elnok-kinan-kivul-egyetlen-orszagnak-sem-sikerult-megvalositani-a-beket-szaud-arabia-es-iran-kozott\/#primaryimage\"},\"thumbnailUrl\":\"https:\/\/kinaikaleidoszkop.hu\/wp-content\/uploads\/2023\/06\/tertererterertertertertertertertertertertert.jpg\",\"datePublished\":\"2023-06-20T07:20:00+00:00\",\"dateModified\":\"2023-06-20T07:20:07+00:00\",\"author\":{\"@id\":\"https:\/\/kinaikaleidoszkop.hu\/#\/schema\/person\/fd215d3a8bab54daeb796ae166f99ea5\"},\"breadcrumb\":{\"@id\":\"https:\/\/kinaikaleidoszkop.hu\/index.php\/2023\/06\/20\/mahmud-abbasz-palesztin-elnok-kinan-kivul-egyetlen-orszagnak-sem-sikerult-megvalositani-a-beket-szaud-arabia-es-iran-kozott\/#breadcrumb\"},\"inLanguage\":\"hu\",\"potentialAction\":[{\"@type\":\"ReadAction\",\"target\":[\"https:\/\/kinaikaleidoszkop.hu\/index.php\/2023\/06\/20\/mahmud-abbasz-palesztin-elnok-kinan-kivul-egyetlen-orszagnak-sem-sikerult-megvalositani-a-beket-szaud-arabia-es-iran-kozott\/\"]}]},{\"@type\":\"ImageObject\",\"inLanguage\":\"hu\",\"@id\":\"https:\/\/kinaikaleidoszkop.hu\/index.php\/2023\/06\/20\/mahmud-abbasz-palesztin-elnok-kinan-kivul-egyetlen-orszagnak-sem-sikerult-megvalositani-a-beket-szaud-arabia-es-iran-kozott\/#primaryimage\",\"url\":\"https:\/\/kinaikaleidoszkop.hu\/wp-content\/uploads\/2023\/06\/tertererterertertertertertertertertertertert.jpg\",\"contentUrl\":\"https:\/\/kinaikaleidoszkop.hu\/wp-content\/uploads\/2023\/06\/tertererterertertertertertertertertertertert.jpg\",\"width\":1188,\"height\":743},{\"@type\":\"BreadcrumbList\",\"@id\":\"https:\/\/kinaikaleidoszkop.hu\/index.php\/2023\/06\/20\/mahmud-abbasz-palesztin-elnok-kinan-kivul-egyetlen-orszagnak-sem-sikerult-megvalositani-a-beket-szaud-arabia-es-iran-kozott\/#breadcrumb\",\"itemListElement\":[{\"@type\":\"ListItem\",\"position\":1,\"name\":\"Kezd\u0151lap\",\"item\":\"https:\/\/kinaikaleidoszkop.hu\/\"},{\"@type\":\"ListItem\",\"position\":2,\"name\":\"Mahm\u00fad Abb\u00e1sz palesztin eln\u00f6k: K\u00edn\u00e1n k\u00edv\u00fcl egyetlen orsz\u00e1gnak sem siker\u00fclt megval\u00f3s\u00edtani a b\u00e9k\u00e9t Sza\u00fad-Ar\u00e1bia \u00e9s Ir\u00e1n k\u00f6z\u00f6tt\"}]},{\"@type\":\"WebSite\",\"@id\":\"https:\/\/kinaikaleidoszkop.hu\/#website\",\"url\":\"https:\/\/kinaikaleidoszkop.hu\/\",\"name\":\"kinaikaleidoszkop.hu\",\"description\":\"\",\"potentialAction\":[{\"@type\":\"SearchAction\",\"target\":{\"@type\":\"EntryPoint\",\"urlTemplate\":\"https:\/\/kinaikaleidoszkop.hu\/?s={search_term_string}\"},\"query-input\":{\"@type\":\"PropertyValueSpecification\",\"valueRequired\":true,\"valueName\":\"search_term_string\"}}],\"inLanguage\":\"hu\"},{\"@type\":\"Person\",\"@id\":\"https:\/\/kinaikaleidoszkop.hu\/#\/schema\/person\/fd215d3a8bab54daeb796ae166f99ea5\",\"name\":\"admin-sebi\",\"image\":{\"@type\":\"ImageObject\",\"inLanguage\":\"hu\",\"@id\":\"https:\/\/kinaikaleidoszkop.hu\/#\/schema\/person\/image\/\",\"url\":\"https:\/\/secure.gravatar.com\/avatar\/b1498042bc4969020b4951f204f963e97c3d7d199f3790c1071adf67c61d0aa5?s=96&d=mm&r=g\",\"contentUrl\":\"https:\/\/secure.gravatar.com\/avatar\/b1498042bc4969020b4951f204f963e97c3d7d199f3790c1071adf67c61d0aa5?s=96&d=mm&r=g\",\"caption\":\"admin-sebi\"},\"url\":\"https:\/\/kinaikaleidoszkop.hu\/index.php\/author\/admin-sebi\/\"}]}<\/script>\n<!-- \/ Yoast SEO plugin. -->","yoast_head_json":{"title":"Mahm\u00fad Abb\u00e1sz palesztin eln\u00f6k: K\u00edn\u00e1n k\u00edv\u00fcl egyetlen orsz\u00e1gnak sem siker\u00fclt megval\u00f3s\u00edtani a b\u00e9k\u00e9t Sza\u00fad-Ar\u00e1bia \u00e9s Ir\u00e1n k\u00f6z\u00f6tt - kinaikaleidoszkop.hu","robots":{"index":"index","follow":"follow","max-snippet":"max-snippet:-1","max-image-preview":"max-image-preview:large","max-video-preview":"max-video-preview:-1"},"canonical":"https:\/\/kinaikaleidoszkop.hu\/index.php\/2023\/06\/20\/mahmud-abbasz-palesztin-elnok-kinan-kivul-egyetlen-orszagnak-sem-sikerult-megvalositani-a-beket-szaud-arabia-es-iran-kozott\/","og_locale":"hu_HU","og_type":"article","og_title":"Mahm\u00fad Abb\u00e1sz palesztin eln\u00f6k: K\u00edn\u00e1n k\u00edv\u00fcl egyetlen orsz\u00e1gnak sem siker\u00fclt megval\u00f3s\u00edtani a b\u00e9k\u00e9t Sza\u00fad-Ar\u00e1bia \u00e9s Ir\u00e1n k\u00f6z\u00f6tt - kinaikaleidoszkop.hu","og_description":"Nemr\u00e9g Mahm\u00fad Abb\u00e1sz palesztin eln\u00f6k K\u00edn\u00e1ba l\u00e1togatott. A China Media Group \u201eVezet\u0151k Besz\u00e9lgetnek\u201d c\u00edm\u0171 m\u0171sor\u00e1nak adott interj\u00faj\u00e1ban azt mondta, hogy K\u00edn\u00e1n k\u00edv\u00fcl egyetlen orsz\u00e1gnak sem siker\u00fclt el\u00e9rnie a megb\u00e9k\u00e9l\u00e9st Sza\u00fad-Ar\u00e1bia \u00e9s Ir\u00e1n k\u00f6z\u00f6tt. Wang Guan m\u0171sorvezet\u0151:\u201eEln\u00f6k \u00far, Sza\u00fad-Ar\u00e1bia \u00e9s Ir\u00e1n nemr\u00e9giben K\u00edna k\u00f6zvet\u00edt\u00e9s\u00e9vel \u00fajrakezdte diplom\u00e1ciai kapcsolatait. N\u00e9h\u00e1ny k\u00f6zel-keleti orsz\u00e1g k\u00ednai nagyk\u00f6vete \u00fagy v\u00e9li, hogy a [&hellip;]","og_url":"https:\/\/kinaikaleidoszkop.hu\/index.php\/2023\/06\/20\/mahmud-abbasz-palesztin-elnok-kinan-kivul-egyetlen-orszagnak-sem-sikerult-megvalositani-a-beket-szaud-arabia-es-iran-kozott\/","og_site_name":"kinaikaleidoszkop.hu","article_published_time":"2023-06-20T07:20:00+00:00","article_modified_time":"2023-06-20T07:20:07+00:00","og_image":[{"width":1188,"height":743,"url":"https:\/\/kinaikaleidoszkop.hu\/wp-content\/uploads\/2023\/06\/tertererterertertertertertertertertertertert.jpg","type":"image\/jpeg"}],"author":"admin-sebi","twitter_card":"summary_large_image","twitter_misc":{"Szerz\u0151:":"admin-sebi","Becs\u00fclt olvas\u00e1si id\u0151":"2 perc"},"schema":{"@context":"https:\/\/schema.org","@graph":[{"@type":"WebPage","@id":"https:\/\/kinaikaleidoszkop.hu\/index.php\/2023\/06\/20\/mahmud-abbasz-palesztin-elnok-kinan-kivul-egyetlen-orszagnak-sem-sikerult-megvalositani-a-beket-szaud-arabia-es-iran-kozott\/","url":"https:\/\/kinaikaleidoszkop.hu\/index.php\/2023\/06\/20\/mahmud-abbasz-palesztin-elnok-kinan-kivul-egyetlen-orszagnak-sem-sikerult-megvalositani-a-beket-szaud-arabia-es-iran-kozott\/","name":"Mahm\u00fad Abb\u00e1sz palesztin eln\u00f6k: K\u00edn\u00e1n k\u00edv\u00fcl egyetlen orsz\u00e1gnak sem siker\u00fclt megval\u00f3s\u00edtani a b\u00e9k\u00e9t Sza\u00fad-Ar\u00e1bia \u00e9s Ir\u00e1n k\u00f6z\u00f6tt - kinaikaleidoszkop.hu","isPartOf":{"@id":"https:\/\/kinaikaleidoszkop.hu\/#website"},"primaryImageOfPage":{"@id":"https:\/\/kinaikaleidoszkop.hu\/index.php\/2023\/06\/20\/mahmud-abbasz-palesztin-elnok-kinan-kivul-egyetlen-orszagnak-sem-sikerult-megvalositani-a-beket-szaud-arabia-es-iran-kozott\/#primaryimage"},"image":{"@id":"https:\/\/kinaikaleidoszkop.hu\/index.php\/2023\/06\/20\/mahmud-abbasz-palesztin-elnok-kinan-kivul-egyetlen-orszagnak-sem-sikerult-megvalositani-a-beket-szaud-arabia-es-iran-kozott\/#primaryimage"},"thumbnailUrl":"https:\/\/kinaikaleidoszkop.hu\/wp-content\/uploads\/2023\/06\/tertererterertertertertertertertertertertert.jpg","datePublished":"2023-06-20T07:20:00+00:00","dateModified":"2023-06-20T07:20:07+00:00","author":{"@id":"https:\/\/kinaikaleidoszkop.hu\/#\/schema\/person\/fd215d3a8bab54daeb796ae166f99ea5"},"breadcrumb":{"@id":"https:\/\/kinaikaleidoszkop.hu\/index.php\/2023\/06\/20\/mahmud-abbasz-palesztin-elnok-kinan-kivul-egyetlen-orszagnak-sem-sikerult-megvalositani-a-beket-szaud-arabia-es-iran-kozott\/#breadcrumb"},"inLanguage":"hu","potentialAction":[{"@type":"ReadAction","target":["https:\/\/kinaikaleidoszkop.hu\/index.php\/2023\/06\/20\/mahmud-abbasz-palesztin-elnok-kinan-kivul-egyetlen-orszagnak-sem-sikerult-megvalositani-a-beket-szaud-arabia-es-iran-kozott\/"]}]},{"@type":"ImageObject","inLanguage":"hu","@id":"https:\/\/kinaikaleidoszkop.hu\/index.php\/2023\/06\/20\/mahmud-abbasz-palesztin-elnok-kinan-kivul-egyetlen-orszagnak-sem-sikerult-megvalositani-a-beket-szaud-arabia-es-iran-kozott\/#primaryimage","url":"https:\/\/kinaikaleidoszkop.hu\/wp-content\/uploads\/2023\/06\/tertererterertertertertertertertertertertert.jpg","contentUrl":"https:\/\/kinaikaleidoszkop.hu\/wp-content\/uploads\/2023\/06\/tertererterertertertertertertertertertertert.jpg","width":1188,"height":743},{"@type":"BreadcrumbList","@id":"https:\/\/kinaikaleidoszkop.hu\/index.php\/2023\/06\/20\/mahmud-abbasz-palesztin-elnok-kinan-kivul-egyetlen-orszagnak-sem-sikerult-megvalositani-a-beket-szaud-arabia-es-iran-kozott\/#breadcrumb","itemListElement":[{"@type":"ListItem","position":1,"name":"Kezd\u0151lap","item":"https:\/\/kinaikaleidoszkop.hu\/"},{"@type":"ListItem","position":2,"name":"Mahm\u00fad Abb\u00e1sz palesztin eln\u00f6k: K\u00edn\u00e1n k\u00edv\u00fcl egyetlen orsz\u00e1gnak sem siker\u00fclt megval\u00f3s\u00edtani a b\u00e9k\u00e9t Sza\u00fad-Ar\u00e1bia \u00e9s Ir\u00e1n k\u00f6z\u00f6tt"}]},{"@type":"WebSite","@id":"https:\/\/kinaikaleidoszkop.hu\/#website","url":"https:\/\/kinaikaleidoszkop.hu\/","name":"kinaikaleidoszkop.hu","description":"","potentialAction":[{"@type":"SearchAction","target":{"@type":"EntryPoint","urlTemplate":"https:\/\/kinaikaleidoszkop.hu\/?s={search_term_string}"},"query-input":{"@type":"PropertyValueSpecification","valueRequired":true,"valueName":"search_term_string"}}],"inLanguage":"hu"},{"@type":"Person","@id":"https:\/\/kinaikaleidoszkop.hu\/#\/schema\/person\/fd215d3a8bab54daeb796ae166f99ea5","name":"admin-sebi","image":{"@type":"ImageObject","inLanguage":"hu","@id":"https:\/\/kinaikaleidoszkop.hu\/#\/schema\/person\/image\/","url":"https:\/\/secure.gravatar.com\/avatar\/b1498042bc4969020b4951f204f963e97c3d7d199f3790c1071adf67c61d0aa5?s=96&d=mm&r=g","contentUrl":"https:\/\/secure.gravatar.com\/avatar\/b1498042bc4969020b4951f204f963e97c3d7d199f3790c1071adf67c61d0aa5?s=96&d=mm&r=g","caption":"admin-sebi"},"url":"https:\/\/kinaikaleidoszkop.hu\/index.php\/author\/admin-sebi\/"}]}},"views":351,"distributor_meta":false,"distributor_terms":false,"distributor_media":false,"distributor_original_site_name":"kinaikaleidoszkop.hu","distributor_original_site_url":"https:\/\/kinaikaleidoszkop.hu","push-errors":false,"_links":{"self":[{"href":"https:\/\/kinaikaleidoszkop.hu\/index.php\/wp-json\/wp\/v2\/posts\/17792","targetHints":{"allow":["GET"]}}],"collection":[{"href":"https:\/\/kinaikaleidoszkop.hu\/index.php\/wp-json\/wp\/v2\/posts"}],"about":[{"href":"https:\/\/kinaikaleidoszkop.hu\/index.php\/wp-json\/wp\/v2\/types\/post"}],"author":[{"embeddable":true,"href":"https:\/\/kinaikaleidoszkop.hu\/index.php\/wp-json\/wp\/v2\/users\/6"}],"replies":[{"embeddable":true,"href":"https:\/\/kinaikaleidoszkop.hu\/index.php\/wp-json\/wp\/v2\/comments?post=17792"}],"version-history":[{"count":1,"href":"https:\/\/kinaikaleidoszkop.hu\/index.php\/wp-json\/wp\/v2\/posts\/17792\/revisions"}],"predecessor-version":[{"id":17795,"href":"https:\/\/kinaikaleidoszkop.hu\/index.php\/wp-json\/wp\/v2\/posts\/17792\/revisions\/17795"}],"wp:featuredmedia":[{"embeddable":true,"href":"https:\/\/kinaikaleidoszkop.hu\/index.php\/wp-json\/wp\/v2\/media\/17794"}],"wp:attachment":[{"href":"https:\/\/kinaikaleidoszkop.hu\/index.php\/wp-json\/wp\/v2\/media?parent=17792"}],"wp:term":[{"taxonomy":"category","embeddable":true,"href":"https:\/\/kinaikaleidoszkop.hu\/index.php\/wp-json\/wp\/v2\/categories?post=17792"},{"taxonomy":"post_tag","embeddable":true,"href":"https:\/\/kinaikaleidoszkop.hu\/index.php\/wp-json\/wp\/v2\/tags?post=17792"}],"curies":[{"name":"wp","href":"https:\/\/api.w.org\/{rel}","templated":true}]}}