{"id":17891,"date":"2023-06-23T10:58:41","date_gmt":"2023-06-23T08:58:41","guid":{"rendered":"https:\/\/kinaikaleidoszkop.hu\/?p=17891"},"modified":"2023-06-23T10:58:45","modified_gmt":"2023-06-23T08:58:45","slug":"li-es-scholz-kozosen-elnokolt-a-7-kinai-nemet-kormanykozi-targyalason","status":"publish","type":"post","link":"https:\/\/kinaikaleidoszkop.hu\/index.php\/2023\/06\/23\/li-es-scholz-kozosen-elnokolt-a-7-kinai-nemet-kormanykozi-targyalason\/","title":{"rendered":"Li \u00e9s Scholz k\u00f6z\u00f6sen eln\u00f6k\u00f6lt a 7. k\u00ednai\u2013n\u00e9met korm\u00e1nyk\u00f6zi t\u00e1rgyal\u00e1son"},"content":{"rendered":"\n<p><strong>J\u00fanius 20-\u00e1n Li Qiang k\u00ednai minisztereln\u00f6k \u00e9s Olaf Scholz n\u00e9met kancell\u00e1r k\u00f6z\u00f6sen eln\u00f6k\u00f6lt a 7. k\u00ednai\u2013n\u00e9met korm\u00e1nyk\u00f6zi t\u00e1rgyal\u00e1son.<\/strong><\/p>\n\n\n\n<p>A k\u00e9t korm\u00e1nyf\u0151 meghallgatta mindk\u00e9t orsz\u00e1g k\u00fcl\u00fcgyi, kereskedelmi, ipari, p\u00e9nz\u00fcgyi, k\u00f6zleked\u00e9si, oktat\u00e1si, tudom\u00e1nyos-technol\u00f3giai, eg\u00e9szs\u00e9g\u00fcgyi, k\u00f6rnyezetv\u00e9delmi, fejleszt\u00e9si, \u00f6sszesen 22 miniszt\u00e9riuma felel\u0151seinek besz\u00e1mol\u00f3it a k\u00ednai\u2013n\u00e9met egy\u00fcttm\u0171k\u00f6d\u00e9sekre vonatkoz\u00f3an.<\/p>\n\n\n\n<figure class=\"wp-block-image size-full\"><img loading=\"lazy\" decoding=\"async\" width=\"900\" height=\"535\" src=\"https:\/\/kinaikaleidoszkop.hu\/wp-content\/uploads\/2023\/06\/2023062116473519485.jpg\" alt=\"\" class=\"wp-image-17893\" srcset=\"https:\/\/kinaikaleidoszkop.hu\/wp-content\/uploads\/2023\/06\/2023062116473519485.jpg 900w, https:\/\/kinaikaleidoszkop.hu\/wp-content\/uploads\/2023\/06\/2023062116473519485-300x178.jpg 300w, https:\/\/kinaikaleidoszkop.hu\/wp-content\/uploads\/2023\/06\/2023062116473519485-768x457.jpg 768w\" sizes=\"auto, (max-width: 900px) 100vw, 900px\" \/><\/figure>\n\n\n\n<p>Aznap Li Qiang \u00e9s a n\u00e9met koll\u00e9g\u00e1ja egy\u00fctt vett r\u00e9szt a 11. k\u00ednai\u2013n\u00e9met gazdas\u00e1gi \u00e9s m\u0171szaki egy\u00fcttm\u0171k\u00f6d\u00e9si f\u00f3rumon is, ahol Li elmondta, hogy K\u00edn\u00e1nak \u00e9s N\u00e9metorsz\u00e1gnak egy\u00fctt kell m\u0171k\u00f6dnie a gazdas\u00e1gi \u00e9s m\u0171szaki egy\u00fcttm\u0171k\u00f6d\u00e9sek elm\u00e9ly\u00edt\u00e9s\u00e9ben, hogy p\u00e9ld\u00e1t mutassanak, \u00e9s el\u0151k\u00e9sz\u00edts\u00e9k az utat a k\u00f6lcs\u00f6n\u00f6sen el\u0151ny\u00f6s k\u00ednai\u2013eur\u00f3pai egy\u00fcttm\u0171k\u00f6d\u00e9sek meger\u0151s\u00edt\u00e9s\u00e9re \u00e9s a glob\u00e1lis fejl\u0151d\u00e9s el\u0151mozd\u00edt\u00e1s\u00e1ra.<\/p>\n\n\n\n<p><strong>2023. 06. 23.<\/strong><\/p>\n\n\n\n<p><strong><em>(China Media Group)<\/em><\/strong><\/p>\n\n\n\n<p><strong>(x)<\/strong><\/p>\n","protected":false},"excerpt":{"rendered":"<p>J\u00fanius 20-\u00e1n Li Qiang k\u00ednai minisztereln\u00f6k \u00e9s Olaf Scholz n\u00e9met kancell\u00e1r k\u00f6z\u00f6sen eln\u00f6k\u00f6lt a 7. k\u00ednai\u2013n\u00e9met korm\u00e1nyk\u00f6zi t\u00e1rgyal\u00e1son. A k\u00e9t korm\u00e1nyf\u0151 meghallgatta mindk\u00e9t orsz\u00e1g k\u00fcl\u00fcgyi, kereskedelmi, ipari, p\u00e9nz\u00fcgyi, k\u00f6zleked\u00e9si, oktat\u00e1si, tudom\u00e1nyos-technol\u00f3giai, eg\u00e9szs\u00e9g\u00fcgyi, k\u00f6rnyezetv\u00e9delmi, fejleszt\u00e9si, \u00f6sszesen 22 miniszt\u00e9riuma felel\u0151seinek besz\u00e1mol\u00f3it a k\u00ednai\u2013n\u00e9met egy\u00fcttm\u0171k\u00f6d\u00e9sekre vonatkoz\u00f3an. Aznap Li Qiang \u00e9s a n\u00e9met koll\u00e9g\u00e1ja egy\u00fctt vett r\u00e9szt a 11. [&hellip;]<\/p>\n","protected":false},"author":6,"featured_media":17893,"comment_status":"closed","ping_status":"closed","sticky":false,"template":"","format":"standard","meta":{"footnotes":""},"categories":[45],"tags":[689,2589,2590,858,680],"class_list":["post-17891","post","type-post","status-publish","format-standard","has-post-thumbnail","hentry","category-hirek","tag-kinai-miniszterelnok","tag-kinai-nemet-kormanykozi-targyalas","tag-li-qiang","tag-nemetorszag","tag-olaf-scholz"],"yoast_head":"<!-- This site is optimized with the Yoast SEO plugin v23.7 - https:\/\/yoast.com\/wordpress\/plugins\/seo\/ -->\n<title>Li \u00e9s Scholz k\u00f6z\u00f6sen eln\u00f6k\u00f6lt a 7. k\u00ednai\u2013n\u00e9met korm\u00e1nyk\u00f6zi t\u00e1rgyal\u00e1son - kinaikaleidoszkop.hu<\/title>\n<meta name=\"robots\" content=\"index, follow, max-snippet:-1, max-image-preview:large, max-video-preview:-1\" \/>\n<link rel=\"canonical\" href=\"https:\/\/kinaikaleidoszkop.hu\/index.php\/2023\/06\/23\/li-es-scholz-kozosen-elnokolt-a-7-kinai-nemet-kormanykozi-targyalason\/\" \/>\n<meta property=\"og:locale\" content=\"hu_HU\" \/>\n<meta property=\"og:type\" content=\"article\" \/>\n<meta property=\"og:title\" content=\"Li \u00e9s Scholz k\u00f6z\u00f6sen eln\u00f6k\u00f6lt a 7. k\u00ednai\u2013n\u00e9met korm\u00e1nyk\u00f6zi t\u00e1rgyal\u00e1son - kinaikaleidoszkop.hu\" \/>\n<meta property=\"og:description\" content=\"J\u00fanius 20-\u00e1n Li Qiang k\u00ednai minisztereln\u00f6k \u00e9s Olaf Scholz n\u00e9met kancell\u00e1r k\u00f6z\u00f6sen eln\u00f6k\u00f6lt a 7. k\u00ednai\u2013n\u00e9met korm\u00e1nyk\u00f6zi t\u00e1rgyal\u00e1son. A k\u00e9t korm\u00e1nyf\u0151 meghallgatta mindk\u00e9t orsz\u00e1g k\u00fcl\u00fcgyi, kereskedelmi, ipari, p\u00e9nz\u00fcgyi, k\u00f6zleked\u00e9si, oktat\u00e1si, tudom\u00e1nyos-technol\u00f3giai, eg\u00e9szs\u00e9g\u00fcgyi, k\u00f6rnyezetv\u00e9delmi, fejleszt\u00e9si, \u00f6sszesen 22 miniszt\u00e9riuma felel\u0151seinek besz\u00e1mol\u00f3it a k\u00ednai\u2013n\u00e9met egy\u00fcttm\u0171k\u00f6d\u00e9sekre vonatkoz\u00f3an. Aznap Li Qiang \u00e9s a n\u00e9met koll\u00e9g\u00e1ja egy\u00fctt vett r\u00e9szt a 11. [&hellip;]\" \/>\n<meta property=\"og:url\" content=\"https:\/\/kinaikaleidoszkop.hu\/index.php\/2023\/06\/23\/li-es-scholz-kozosen-elnokolt-a-7-kinai-nemet-kormanykozi-targyalason\/\" \/>\n<meta property=\"og:site_name\" content=\"kinaikaleidoszkop.hu\" \/>\n<meta property=\"article:published_time\" content=\"2023-06-23T08:58:41+00:00\" \/>\n<meta property=\"article:modified_time\" content=\"2023-06-23T08:58:45+00:00\" \/>\n<meta property=\"og:image\" content=\"https:\/\/kinaikaleidoszkop.hu\/wp-content\/uploads\/2023\/06\/2023062116473519485.jpg\" \/>\n\t<meta property=\"og:image:width\" content=\"900\" \/>\n\t<meta property=\"og:image:height\" content=\"535\" \/>\n\t<meta property=\"og:image:type\" content=\"image\/jpeg\" \/>\n<meta name=\"author\" content=\"admin-sebi\" \/>\n<meta name=\"twitter:card\" content=\"summary_large_image\" \/>\n<meta name=\"twitter:label1\" content=\"Szerz\u0151:\" \/>\n\t<meta name=\"twitter:data1\" content=\"admin-sebi\" \/>\n\t<meta name=\"twitter:label2\" content=\"Becs\u00fclt olvas\u00e1si id\u0151\" \/>\n\t<meta name=\"twitter:data2\" content=\"1 perc\" \/>\n<script type=\"application\/ld+json\" class=\"yoast-schema-graph\">{\"@context\":\"https:\/\/schema.org\",\"@graph\":[{\"@type\":\"WebPage\",\"@id\":\"https:\/\/kinaikaleidoszkop.hu\/index.php\/2023\/06\/23\/li-es-scholz-kozosen-elnokolt-a-7-kinai-nemet-kormanykozi-targyalason\/\",\"url\":\"https:\/\/kinaikaleidoszkop.hu\/index.php\/2023\/06\/23\/li-es-scholz-kozosen-elnokolt-a-7-kinai-nemet-kormanykozi-targyalason\/\",\"name\":\"Li \u00e9s Scholz k\u00f6z\u00f6sen eln\u00f6k\u00f6lt a 7. k\u00ednai\u2013n\u00e9met korm\u00e1nyk\u00f6zi t\u00e1rgyal\u00e1son - kinaikaleidoszkop.hu\",\"isPartOf\":{\"@id\":\"https:\/\/kinaikaleidoszkop.hu\/#website\"},\"primaryImageOfPage\":{\"@id\":\"https:\/\/kinaikaleidoszkop.hu\/index.php\/2023\/06\/23\/li-es-scholz-kozosen-elnokolt-a-7-kinai-nemet-kormanykozi-targyalason\/#primaryimage\"},\"image\":{\"@id\":\"https:\/\/kinaikaleidoszkop.hu\/index.php\/2023\/06\/23\/li-es-scholz-kozosen-elnokolt-a-7-kinai-nemet-kormanykozi-targyalason\/#primaryimage\"},\"thumbnailUrl\":\"https:\/\/kinaikaleidoszkop.hu\/wp-content\/uploads\/2023\/06\/2023062116473519485.jpg\",\"datePublished\":\"2023-06-23T08:58:41+00:00\",\"dateModified\":\"2023-06-23T08:58:45+00:00\",\"author\":{\"@id\":\"https:\/\/kinaikaleidoszkop.hu\/#\/schema\/person\/fd215d3a8bab54daeb796ae166f99ea5\"},\"breadcrumb\":{\"@id\":\"https:\/\/kinaikaleidoszkop.hu\/index.php\/2023\/06\/23\/li-es-scholz-kozosen-elnokolt-a-7-kinai-nemet-kormanykozi-targyalason\/#breadcrumb\"},\"inLanguage\":\"hu\",\"potentialAction\":[{\"@type\":\"ReadAction\",\"target\":[\"https:\/\/kinaikaleidoszkop.hu\/index.php\/2023\/06\/23\/li-es-scholz-kozosen-elnokolt-a-7-kinai-nemet-kormanykozi-targyalason\/\"]}]},{\"@type\":\"ImageObject\",\"inLanguage\":\"hu\",\"@id\":\"https:\/\/kinaikaleidoszkop.hu\/index.php\/2023\/06\/23\/li-es-scholz-kozosen-elnokolt-a-7-kinai-nemet-kormanykozi-targyalason\/#primaryimage\",\"url\":\"https:\/\/kinaikaleidoszkop.hu\/wp-content\/uploads\/2023\/06\/2023062116473519485.jpg\",\"contentUrl\":\"https:\/\/kinaikaleidoszkop.hu\/wp-content\/uploads\/2023\/06\/2023062116473519485.jpg\",\"width\":900,\"height\":535},{\"@type\":\"BreadcrumbList\",\"@id\":\"https:\/\/kinaikaleidoszkop.hu\/index.php\/2023\/06\/23\/li-es-scholz-kozosen-elnokolt-a-7-kinai-nemet-kormanykozi-targyalason\/#breadcrumb\",\"itemListElement\":[{\"@type\":\"ListItem\",\"position\":1,\"name\":\"Kezd\u0151lap\",\"item\":\"https:\/\/kinaikaleidoszkop.hu\/\"},{\"@type\":\"ListItem\",\"position\":2,\"name\":\"Li \u00e9s Scholz k\u00f6z\u00f6sen eln\u00f6k\u00f6lt a 7. k\u00ednai\u2013n\u00e9met korm\u00e1nyk\u00f6zi t\u00e1rgyal\u00e1son\"}]},{\"@type\":\"WebSite\",\"@id\":\"https:\/\/kinaikaleidoszkop.hu\/#website\",\"url\":\"https:\/\/kinaikaleidoszkop.hu\/\",\"name\":\"kinaikaleidoszkop.hu\",\"description\":\"\",\"potentialAction\":[{\"@type\":\"SearchAction\",\"target\":{\"@type\":\"EntryPoint\",\"urlTemplate\":\"https:\/\/kinaikaleidoszkop.hu\/?s={search_term_string}\"},\"query-input\":{\"@type\":\"PropertyValueSpecification\",\"valueRequired\":true,\"valueName\":\"search_term_string\"}}],\"inLanguage\":\"hu\"},{\"@type\":\"Person\",\"@id\":\"https:\/\/kinaikaleidoszkop.hu\/#\/schema\/person\/fd215d3a8bab54daeb796ae166f99ea5\",\"name\":\"admin-sebi\",\"image\":{\"@type\":\"ImageObject\",\"inLanguage\":\"hu\",\"@id\":\"https:\/\/kinaikaleidoszkop.hu\/#\/schema\/person\/image\/\",\"url\":\"https:\/\/secure.gravatar.com\/avatar\/b1498042bc4969020b4951f204f963e97c3d7d199f3790c1071adf67c61d0aa5?s=96&d=mm&r=g\",\"contentUrl\":\"https:\/\/secure.gravatar.com\/avatar\/b1498042bc4969020b4951f204f963e97c3d7d199f3790c1071adf67c61d0aa5?s=96&d=mm&r=g\",\"caption\":\"admin-sebi\"},\"url\":\"https:\/\/kinaikaleidoszkop.hu\/index.php\/author\/admin-sebi\/\"}]}<\/script>\n<!-- \/ Yoast SEO plugin. -->","yoast_head_json":{"title":"Li \u00e9s Scholz k\u00f6z\u00f6sen eln\u00f6k\u00f6lt a 7. k\u00ednai\u2013n\u00e9met korm\u00e1nyk\u00f6zi t\u00e1rgyal\u00e1son - kinaikaleidoszkop.hu","robots":{"index":"index","follow":"follow","max-snippet":"max-snippet:-1","max-image-preview":"max-image-preview:large","max-video-preview":"max-video-preview:-1"},"canonical":"https:\/\/kinaikaleidoszkop.hu\/index.php\/2023\/06\/23\/li-es-scholz-kozosen-elnokolt-a-7-kinai-nemet-kormanykozi-targyalason\/","og_locale":"hu_HU","og_type":"article","og_title":"Li \u00e9s Scholz k\u00f6z\u00f6sen eln\u00f6k\u00f6lt a 7. k\u00ednai\u2013n\u00e9met korm\u00e1nyk\u00f6zi t\u00e1rgyal\u00e1son - kinaikaleidoszkop.hu","og_description":"J\u00fanius 20-\u00e1n Li Qiang k\u00ednai minisztereln\u00f6k \u00e9s Olaf Scholz n\u00e9met kancell\u00e1r k\u00f6z\u00f6sen eln\u00f6k\u00f6lt a 7. k\u00ednai\u2013n\u00e9met korm\u00e1nyk\u00f6zi t\u00e1rgyal\u00e1son. A k\u00e9t korm\u00e1nyf\u0151 meghallgatta mindk\u00e9t orsz\u00e1g k\u00fcl\u00fcgyi, kereskedelmi, ipari, p\u00e9nz\u00fcgyi, k\u00f6zleked\u00e9si, oktat\u00e1si, tudom\u00e1nyos-technol\u00f3giai, eg\u00e9szs\u00e9g\u00fcgyi, k\u00f6rnyezetv\u00e9delmi, fejleszt\u00e9si, \u00f6sszesen 22 miniszt\u00e9riuma felel\u0151seinek besz\u00e1mol\u00f3it a k\u00ednai\u2013n\u00e9met egy\u00fcttm\u0171k\u00f6d\u00e9sekre vonatkoz\u00f3an. Aznap Li Qiang \u00e9s a n\u00e9met koll\u00e9g\u00e1ja egy\u00fctt vett r\u00e9szt a 11. [&hellip;]","og_url":"https:\/\/kinaikaleidoszkop.hu\/index.php\/2023\/06\/23\/li-es-scholz-kozosen-elnokolt-a-7-kinai-nemet-kormanykozi-targyalason\/","og_site_name":"kinaikaleidoszkop.hu","article_published_time":"2023-06-23T08:58:41+00:00","article_modified_time":"2023-06-23T08:58:45+00:00","og_image":[{"width":900,"height":535,"url":"https:\/\/kinaikaleidoszkop.hu\/wp-content\/uploads\/2023\/06\/2023062116473519485.jpg","type":"image\/jpeg"}],"author":"admin-sebi","twitter_card":"summary_large_image","twitter_misc":{"Szerz\u0151:":"admin-sebi","Becs\u00fclt olvas\u00e1si id\u0151":"1 perc"},"schema":{"@context":"https:\/\/schema.org","@graph":[{"@type":"WebPage","@id":"https:\/\/kinaikaleidoszkop.hu\/index.php\/2023\/06\/23\/li-es-scholz-kozosen-elnokolt-a-7-kinai-nemet-kormanykozi-targyalason\/","url":"https:\/\/kinaikaleidoszkop.hu\/index.php\/2023\/06\/23\/li-es-scholz-kozosen-elnokolt-a-7-kinai-nemet-kormanykozi-targyalason\/","name":"Li \u00e9s Scholz k\u00f6z\u00f6sen eln\u00f6k\u00f6lt a 7. k\u00ednai\u2013n\u00e9met korm\u00e1nyk\u00f6zi t\u00e1rgyal\u00e1son - kinaikaleidoszkop.hu","isPartOf":{"@id":"https:\/\/kinaikaleidoszkop.hu\/#website"},"primaryImageOfPage":{"@id":"https:\/\/kinaikaleidoszkop.hu\/index.php\/2023\/06\/23\/li-es-scholz-kozosen-elnokolt-a-7-kinai-nemet-kormanykozi-targyalason\/#primaryimage"},"image":{"@id":"https:\/\/kinaikaleidoszkop.hu\/index.php\/2023\/06\/23\/li-es-scholz-kozosen-elnokolt-a-7-kinai-nemet-kormanykozi-targyalason\/#primaryimage"},"thumbnailUrl":"https:\/\/kinaikaleidoszkop.hu\/wp-content\/uploads\/2023\/06\/2023062116473519485.jpg","datePublished":"2023-06-23T08:58:41+00:00","dateModified":"2023-06-23T08:58:45+00:00","author":{"@id":"https:\/\/kinaikaleidoszkop.hu\/#\/schema\/person\/fd215d3a8bab54daeb796ae166f99ea5"},"breadcrumb":{"@id":"https:\/\/kinaikaleidoszkop.hu\/index.php\/2023\/06\/23\/li-es-scholz-kozosen-elnokolt-a-7-kinai-nemet-kormanykozi-targyalason\/#breadcrumb"},"inLanguage":"hu","potentialAction":[{"@type":"ReadAction","target":["https:\/\/kinaikaleidoszkop.hu\/index.php\/2023\/06\/23\/li-es-scholz-kozosen-elnokolt-a-7-kinai-nemet-kormanykozi-targyalason\/"]}]},{"@type":"ImageObject","inLanguage":"hu","@id":"https:\/\/kinaikaleidoszkop.hu\/index.php\/2023\/06\/23\/li-es-scholz-kozosen-elnokolt-a-7-kinai-nemet-kormanykozi-targyalason\/#primaryimage","url":"https:\/\/kinaikaleidoszkop.hu\/wp-content\/uploads\/2023\/06\/2023062116473519485.jpg","contentUrl":"https:\/\/kinaikaleidoszkop.hu\/wp-content\/uploads\/2023\/06\/2023062116473519485.jpg","width":900,"height":535},{"@type":"BreadcrumbList","@id":"https:\/\/kinaikaleidoszkop.hu\/index.php\/2023\/06\/23\/li-es-scholz-kozosen-elnokolt-a-7-kinai-nemet-kormanykozi-targyalason\/#breadcrumb","itemListElement":[{"@type":"ListItem","position":1,"name":"Kezd\u0151lap","item":"https:\/\/kinaikaleidoszkop.hu\/"},{"@type":"ListItem","position":2,"name":"Li \u00e9s Scholz k\u00f6z\u00f6sen eln\u00f6k\u00f6lt a 7. k\u00ednai\u2013n\u00e9met korm\u00e1nyk\u00f6zi t\u00e1rgyal\u00e1son"}]},{"@type":"WebSite","@id":"https:\/\/kinaikaleidoszkop.hu\/#website","url":"https:\/\/kinaikaleidoszkop.hu\/","name":"kinaikaleidoszkop.hu","description":"","potentialAction":[{"@type":"SearchAction","target":{"@type":"EntryPoint","urlTemplate":"https:\/\/kinaikaleidoszkop.hu\/?s={search_term_string}"},"query-input":{"@type":"PropertyValueSpecification","valueRequired":true,"valueName":"search_term_string"}}],"inLanguage":"hu"},{"@type":"Person","@id":"https:\/\/kinaikaleidoszkop.hu\/#\/schema\/person\/fd215d3a8bab54daeb796ae166f99ea5","name":"admin-sebi","image":{"@type":"ImageObject","inLanguage":"hu","@id":"https:\/\/kinaikaleidoszkop.hu\/#\/schema\/person\/image\/","url":"https:\/\/secure.gravatar.com\/avatar\/b1498042bc4969020b4951f204f963e97c3d7d199f3790c1071adf67c61d0aa5?s=96&d=mm&r=g","contentUrl":"https:\/\/secure.gravatar.com\/avatar\/b1498042bc4969020b4951f204f963e97c3d7d199f3790c1071adf67c61d0aa5?s=96&d=mm&r=g","caption":"admin-sebi"},"url":"https:\/\/kinaikaleidoszkop.hu\/index.php\/author\/admin-sebi\/"}]}},"views":240,"distributor_meta":false,"distributor_terms":false,"distributor_media":false,"distributor_original_site_name":"kinaikaleidoszkop.hu","distributor_original_site_url":"https:\/\/kinaikaleidoszkop.hu","push-errors":false,"_links":{"self":[{"href":"https:\/\/kinaikaleidoszkop.hu\/index.php\/wp-json\/wp\/v2\/posts\/17891","targetHints":{"allow":["GET"]}}],"collection":[{"href":"https:\/\/kinaikaleidoszkop.hu\/index.php\/wp-json\/wp\/v2\/posts"}],"about":[{"href":"https:\/\/kinaikaleidoszkop.hu\/index.php\/wp-json\/wp\/v2\/types\/post"}],"author":[{"embeddable":true,"href":"https:\/\/kinaikaleidoszkop.hu\/index.php\/wp-json\/wp\/v2\/users\/6"}],"replies":[{"embeddable":true,"href":"https:\/\/kinaikaleidoszkop.hu\/index.php\/wp-json\/wp\/v2\/comments?post=17891"}],"version-history":[{"count":1,"href":"https:\/\/kinaikaleidoszkop.hu\/index.php\/wp-json\/wp\/v2\/posts\/17891\/revisions"}],"predecessor-version":[{"id":17894,"href":"https:\/\/kinaikaleidoszkop.hu\/index.php\/wp-json\/wp\/v2\/posts\/17891\/revisions\/17894"}],"wp:featuredmedia":[{"embeddable":true,"href":"https:\/\/kinaikaleidoszkop.hu\/index.php\/wp-json\/wp\/v2\/media\/17893"}],"wp:attachment":[{"href":"https:\/\/kinaikaleidoszkop.hu\/index.php\/wp-json\/wp\/v2\/media?parent=17891"}],"wp:term":[{"taxonomy":"category","embeddable":true,"href":"https:\/\/kinaikaleidoszkop.hu\/index.php\/wp-json\/wp\/v2\/categories?post=17891"},{"taxonomy":"post_tag","embeddable":true,"href":"https:\/\/kinaikaleidoszkop.hu\/index.php\/wp-json\/wp\/v2\/tags?post=17891"}],"curies":[{"name":"wp","href":"https:\/\/api.w.org\/{rel}","templated":true}]}}