{"id":17927,"date":"2023-06-26T11:00:12","date_gmt":"2023-06-26T09:00:12","guid":{"rendered":"https:\/\/kinaikaleidoszkop.hu\/?p=17927"},"modified":"2023-06-27T11:02:26","modified_gmt":"2023-06-27T09:02:26","slug":"exkluziv-interju-szijjarto-peterrel","status":"publish","type":"post","link":"https:\/\/kinaikaleidoszkop.hu\/index.php\/2023\/06\/26\/exkluziv-interju-szijjarto-peterrel\/","title":{"rendered":"Exkluz\u00edv interj\u00fa Szijj\u00e1rt\u00f3 P\u00e9terrel"},"content":{"rendered":"\n<p><strong>Az elm\u00falt h\u00e1rom \u00e9vben h\u00e1romszor l\u00e1togatott K\u00edn\u00e1ba Szijj\u00e1rt\u00f3 P\u00e9ter magyar k\u00fcl\u00fcgyminiszter, a legut\u00f3bbi l\u00e1togat\u00e1sakor pedig exkluz\u00edv interj\u00fat adott a China Media Groupnak.<\/strong><\/p>\n\n\n\n<p>Az interj\u00faban elmondta, hogy K\u00edna \u00f3ri\u00e1si, k\u00f6lcs\u00f6n\u00f6sen el\u0151ny\u00f6s lehet\u0151s\u00e9get ad a vil\u00e1gnak, \u00e9s nem \u00e9rti, hogy egyes orsz\u00e1gok mi\u00e9rt tekintik ellens\u00e9gnek K\u00edn\u00e1t. Szijj\u00e1rt\u00f3 szerint Magyarorsz\u00e1g ellenzi az EU-b\u00f3l \u00e9rkez\u0151 nyom\u00e1st, \u00e9s ki\u00e1ll a K\u00edn\u00e1val folytatott egy\u00fcttm\u0171k\u00f6d\u00e9sek mellett. Szijj\u00e1rt\u00f3 nem k\u00edv\u00e1n \u00e1ll\u00e1st foglalni politikai \u00fcgyekben, \u00fagy v\u00e9li, hogy a bel- \u00e9s k\u00fcl\u00fcgyek kezel\u00e9s\u00e9ben az orsz\u00e1g \u00e9rdekeit minden m\u00e1s f\u00f6l\u00e9 kell helyezni.<\/p>\n\n\n\n<figure class=\"wp-block-embed is-type-video is-provider-youtube wp-block-embed-youtube wp-embed-aspect-16-9 wp-has-aspect-ratio\"><div class=\"wp-block-embed__wrapper\">\n<iframe loading=\"lazy\" title=\"Exkluz\u00edv interj\u00fa Szijj\u00e1rt\u00f3 P\u00e9terrel\" width=\"1320\" height=\"743\" src=\"https:\/\/www.youtube.com\/embed\/-aO-kVQvlsU?feature=oembed\" frameborder=\"0\" allow=\"accelerometer; autoplay; clipboard-write; encrypted-media; gyroscope; picture-in-picture; web-share\" allowfullscreen><\/iframe>\n<\/div><\/figure>\n\n\n\n<p>A Nyugat folyamatosan bizonytalans\u00e1got teremt az ukr\u00e1n v\u00e1ls\u00e1g k\u00e9rd\u00e9s\u00e9ben, Szijj\u00e1rt\u00f3 pedig \u00fagy v\u00e9li, hogy K\u00edna b\u00e9k\u00e9t ki\u00e1lt\u00f3 hangja nagyon \u00e9rt\u00e9kes ebben a helyzetben. Az \u00c9szaki \u00c1ramlat felrobbant\u00e1sa 9 h\u00f3nappal ezel\u0151tt t\u00f6rt\u00e9nt, de m\u00e1ig hi\u00e1nyzik az \u00fcggyel kapcsolatban egy igazs\u00e1gos \u00e9s \u00e1tfog\u00f3 nemzetk\u00f6zi nyomoz\u00e1s, ez szerinte teljess\u00e9ggel elfogadhatatlan.<\/p>\n\n\n\n<p><strong>2023. 06. 26.<\/strong><\/p>\n\n\n\n<p><strong><em>(China Media Group)<\/em><\/strong><\/p>\n\n\n\n<p><strong>(x)<\/strong><\/p>\n","protected":false},"excerpt":{"rendered":"<p>Az elm\u00falt h\u00e1rom \u00e9vben h\u00e1romszor l\u00e1togatott K\u00edn\u00e1ba Szijj\u00e1rt\u00f3 P\u00e9ter magyar k\u00fcl\u00fcgyminiszter, a legut\u00f3bbi l\u00e1togat\u00e1sakor pedig exkluz\u00edv interj\u00fat adott a China Media Groupnak. Az interj\u00faban elmondta, hogy K\u00edna \u00f3ri\u00e1si, k\u00f6lcs\u00f6n\u00f6sen el\u0151ny\u00f6s lehet\u0151s\u00e9get ad a vil\u00e1gnak, \u00e9s nem \u00e9rti, hogy egyes orsz\u00e1gok mi\u00e9rt tekintik ellens\u00e9gnek K\u00edn\u00e1t. Szijj\u00e1rt\u00f3 szerint Magyarorsz\u00e1g ellenzi az EU-b\u00f3l \u00e9rkez\u0151 nyom\u00e1st, \u00e9s ki\u00e1ll a [&hellip;]<\/p>\n","protected":false},"author":6,"featured_media":17929,"comment_status":"closed","ping_status":"closed","sticky":false,"template":"","format":"standard","meta":{"footnotes":""},"categories":[45],"tags":[363,2507,269,419,432],"class_list":["post-17927","post","type-post","status-publish","format-standard","has-post-thumbnail","hentry","category-hirek","tag-cmg","tag-cmg-interju","tag-interju","tag-magyarorszag","tag-szijjarto-peter"],"yoast_head":"<!-- This site is optimized with the Yoast SEO plugin v23.7 - https:\/\/yoast.com\/wordpress\/plugins\/seo\/ -->\n<title>Exkluz\u00edv interj\u00fa Szijj\u00e1rt\u00f3 P\u00e9terrel - kinaikaleidoszkop.hu<\/title>\n<meta name=\"robots\" content=\"index, follow, max-snippet:-1, max-image-preview:large, max-video-preview:-1\" \/>\n<link rel=\"canonical\" href=\"https:\/\/kinaikaleidoszkop.hu\/index.php\/2023\/06\/26\/exkluziv-interju-szijjarto-peterrel\/\" \/>\n<meta property=\"og:locale\" content=\"hu_HU\" \/>\n<meta property=\"og:type\" content=\"article\" \/>\n<meta property=\"og:title\" content=\"Exkluz\u00edv interj\u00fa Szijj\u00e1rt\u00f3 P\u00e9terrel - kinaikaleidoszkop.hu\" \/>\n<meta property=\"og:description\" content=\"Az elm\u00falt h\u00e1rom \u00e9vben h\u00e1romszor l\u00e1togatott K\u00edn\u00e1ba Szijj\u00e1rt\u00f3 P\u00e9ter magyar k\u00fcl\u00fcgyminiszter, a legut\u00f3bbi l\u00e1togat\u00e1sakor pedig exkluz\u00edv interj\u00fat adott a China Media Groupnak. Az interj\u00faban elmondta, hogy K\u00edna \u00f3ri\u00e1si, k\u00f6lcs\u00f6n\u00f6sen el\u0151ny\u00f6s lehet\u0151s\u00e9get ad a vil\u00e1gnak, \u00e9s nem \u00e9rti, hogy egyes orsz\u00e1gok mi\u00e9rt tekintik ellens\u00e9gnek K\u00edn\u00e1t. Szijj\u00e1rt\u00f3 szerint Magyarorsz\u00e1g ellenzi az EU-b\u00f3l \u00e9rkez\u0151 nyom\u00e1st, \u00e9s ki\u00e1ll a [&hellip;]\" \/>\n<meta property=\"og:url\" content=\"https:\/\/kinaikaleidoszkop.hu\/index.php\/2023\/06\/26\/exkluziv-interju-szijjarto-peterrel\/\" \/>\n<meta property=\"og:site_name\" content=\"kinaikaleidoszkop.hu\" \/>\n<meta property=\"article:published_time\" content=\"2023-06-26T09:00:12+00:00\" \/>\n<meta property=\"article:modified_time\" content=\"2023-06-27T09:02:26+00:00\" \/>\n<meta property=\"og:image\" content=\"https:\/\/kinaikaleidoszkop.hu\/wp-content\/uploads\/2023\/06\/dhkkkkk.jpg\" \/>\n\t<meta property=\"og:image:width\" content=\"995\" \/>\n\t<meta property=\"og:image:height\" content=\"708\" \/>\n\t<meta property=\"og:image:type\" content=\"image\/jpeg\" \/>\n<meta name=\"author\" content=\"admin-sebi\" \/>\n<meta name=\"twitter:card\" content=\"summary_large_image\" \/>\n<meta name=\"twitter:label1\" content=\"Szerz\u0151:\" \/>\n\t<meta name=\"twitter:data1\" content=\"admin-sebi\" \/>\n\t<meta name=\"twitter:label2\" content=\"Becs\u00fclt olvas\u00e1si id\u0151\" \/>\n\t<meta name=\"twitter:data2\" content=\"1 perc\" \/>\n<script type=\"application\/ld+json\" class=\"yoast-schema-graph\">{\"@context\":\"https:\/\/schema.org\",\"@graph\":[{\"@type\":\"WebPage\",\"@id\":\"https:\/\/kinaikaleidoszkop.hu\/index.php\/2023\/06\/26\/exkluziv-interju-szijjarto-peterrel\/\",\"url\":\"https:\/\/kinaikaleidoszkop.hu\/index.php\/2023\/06\/26\/exkluziv-interju-szijjarto-peterrel\/\",\"name\":\"Exkluz\u00edv interj\u00fa Szijj\u00e1rt\u00f3 P\u00e9terrel - kinaikaleidoszkop.hu\",\"isPartOf\":{\"@id\":\"https:\/\/kinaikaleidoszkop.hu\/#website\"},\"primaryImageOfPage\":{\"@id\":\"https:\/\/kinaikaleidoszkop.hu\/index.php\/2023\/06\/26\/exkluziv-interju-szijjarto-peterrel\/#primaryimage\"},\"image\":{\"@id\":\"https:\/\/kinaikaleidoszkop.hu\/index.php\/2023\/06\/26\/exkluziv-interju-szijjarto-peterrel\/#primaryimage\"},\"thumbnailUrl\":\"https:\/\/kinaikaleidoszkop.hu\/wp-content\/uploads\/2023\/06\/dhkkkkk.jpg\",\"datePublished\":\"2023-06-26T09:00:12+00:00\",\"dateModified\":\"2023-06-27T09:02:26+00:00\",\"author\":{\"@id\":\"https:\/\/kinaikaleidoszkop.hu\/#\/schema\/person\/fd215d3a8bab54daeb796ae166f99ea5\"},\"breadcrumb\":{\"@id\":\"https:\/\/kinaikaleidoszkop.hu\/index.php\/2023\/06\/26\/exkluziv-interju-szijjarto-peterrel\/#breadcrumb\"},\"inLanguage\":\"hu\",\"potentialAction\":[{\"@type\":\"ReadAction\",\"target\":[\"https:\/\/kinaikaleidoszkop.hu\/index.php\/2023\/06\/26\/exkluziv-interju-szijjarto-peterrel\/\"]}]},{\"@type\":\"ImageObject\",\"inLanguage\":\"hu\",\"@id\":\"https:\/\/kinaikaleidoszkop.hu\/index.php\/2023\/06\/26\/exkluziv-interju-szijjarto-peterrel\/#primaryimage\",\"url\":\"https:\/\/kinaikaleidoszkop.hu\/wp-content\/uploads\/2023\/06\/dhkkkkk.jpg\",\"contentUrl\":\"https:\/\/kinaikaleidoszkop.hu\/wp-content\/uploads\/2023\/06\/dhkkkkk.jpg\",\"width\":995,\"height\":708},{\"@type\":\"BreadcrumbList\",\"@id\":\"https:\/\/kinaikaleidoszkop.hu\/index.php\/2023\/06\/26\/exkluziv-interju-szijjarto-peterrel\/#breadcrumb\",\"itemListElement\":[{\"@type\":\"ListItem\",\"position\":1,\"name\":\"Kezd\u0151lap\",\"item\":\"https:\/\/kinaikaleidoszkop.hu\/\"},{\"@type\":\"ListItem\",\"position\":2,\"name\":\"Exkluz\u00edv interj\u00fa Szijj\u00e1rt\u00f3 P\u00e9terrel\"}]},{\"@type\":\"WebSite\",\"@id\":\"https:\/\/kinaikaleidoszkop.hu\/#website\",\"url\":\"https:\/\/kinaikaleidoszkop.hu\/\",\"name\":\"kinaikaleidoszkop.hu\",\"description\":\"\",\"potentialAction\":[{\"@type\":\"SearchAction\",\"target\":{\"@type\":\"EntryPoint\",\"urlTemplate\":\"https:\/\/kinaikaleidoszkop.hu\/?s={search_term_string}\"},\"query-input\":{\"@type\":\"PropertyValueSpecification\",\"valueRequired\":true,\"valueName\":\"search_term_string\"}}],\"inLanguage\":\"hu\"},{\"@type\":\"Person\",\"@id\":\"https:\/\/kinaikaleidoszkop.hu\/#\/schema\/person\/fd215d3a8bab54daeb796ae166f99ea5\",\"name\":\"admin-sebi\",\"image\":{\"@type\":\"ImageObject\",\"inLanguage\":\"hu\",\"@id\":\"https:\/\/kinaikaleidoszkop.hu\/#\/schema\/person\/image\/\",\"url\":\"https:\/\/secure.gravatar.com\/avatar\/b1498042bc4969020b4951f204f963e97c3d7d199f3790c1071adf67c61d0aa5?s=96&d=mm&r=g\",\"contentUrl\":\"https:\/\/secure.gravatar.com\/avatar\/b1498042bc4969020b4951f204f963e97c3d7d199f3790c1071adf67c61d0aa5?s=96&d=mm&r=g\",\"caption\":\"admin-sebi\"},\"url\":\"https:\/\/kinaikaleidoszkop.hu\/index.php\/author\/admin-sebi\/\"}]}<\/script>\n<!-- \/ Yoast SEO plugin. -->","yoast_head_json":{"title":"Exkluz\u00edv interj\u00fa Szijj\u00e1rt\u00f3 P\u00e9terrel - kinaikaleidoszkop.hu","robots":{"index":"index","follow":"follow","max-snippet":"max-snippet:-1","max-image-preview":"max-image-preview:large","max-video-preview":"max-video-preview:-1"},"canonical":"https:\/\/kinaikaleidoszkop.hu\/index.php\/2023\/06\/26\/exkluziv-interju-szijjarto-peterrel\/","og_locale":"hu_HU","og_type":"article","og_title":"Exkluz\u00edv interj\u00fa Szijj\u00e1rt\u00f3 P\u00e9terrel - kinaikaleidoszkop.hu","og_description":"Az elm\u00falt h\u00e1rom \u00e9vben h\u00e1romszor l\u00e1togatott K\u00edn\u00e1ba Szijj\u00e1rt\u00f3 P\u00e9ter magyar k\u00fcl\u00fcgyminiszter, a legut\u00f3bbi l\u00e1togat\u00e1sakor pedig exkluz\u00edv interj\u00fat adott a China Media Groupnak. Az interj\u00faban elmondta, hogy K\u00edna \u00f3ri\u00e1si, k\u00f6lcs\u00f6n\u00f6sen el\u0151ny\u00f6s lehet\u0151s\u00e9get ad a vil\u00e1gnak, \u00e9s nem \u00e9rti, hogy egyes orsz\u00e1gok mi\u00e9rt tekintik ellens\u00e9gnek K\u00edn\u00e1t. Szijj\u00e1rt\u00f3 szerint Magyarorsz\u00e1g ellenzi az EU-b\u00f3l \u00e9rkez\u0151 nyom\u00e1st, \u00e9s ki\u00e1ll a [&hellip;]","og_url":"https:\/\/kinaikaleidoszkop.hu\/index.php\/2023\/06\/26\/exkluziv-interju-szijjarto-peterrel\/","og_site_name":"kinaikaleidoszkop.hu","article_published_time":"2023-06-26T09:00:12+00:00","article_modified_time":"2023-06-27T09:02:26+00:00","og_image":[{"width":995,"height":708,"url":"https:\/\/kinaikaleidoszkop.hu\/wp-content\/uploads\/2023\/06\/dhkkkkk.jpg","type":"image\/jpeg"}],"author":"admin-sebi","twitter_card":"summary_large_image","twitter_misc":{"Szerz\u0151:":"admin-sebi","Becs\u00fclt olvas\u00e1si id\u0151":"1 perc"},"schema":{"@context":"https:\/\/schema.org","@graph":[{"@type":"WebPage","@id":"https:\/\/kinaikaleidoszkop.hu\/index.php\/2023\/06\/26\/exkluziv-interju-szijjarto-peterrel\/","url":"https:\/\/kinaikaleidoszkop.hu\/index.php\/2023\/06\/26\/exkluziv-interju-szijjarto-peterrel\/","name":"Exkluz\u00edv interj\u00fa Szijj\u00e1rt\u00f3 P\u00e9terrel - kinaikaleidoszkop.hu","isPartOf":{"@id":"https:\/\/kinaikaleidoszkop.hu\/#website"},"primaryImageOfPage":{"@id":"https:\/\/kinaikaleidoszkop.hu\/index.php\/2023\/06\/26\/exkluziv-interju-szijjarto-peterrel\/#primaryimage"},"image":{"@id":"https:\/\/kinaikaleidoszkop.hu\/index.php\/2023\/06\/26\/exkluziv-interju-szijjarto-peterrel\/#primaryimage"},"thumbnailUrl":"https:\/\/kinaikaleidoszkop.hu\/wp-content\/uploads\/2023\/06\/dhkkkkk.jpg","datePublished":"2023-06-26T09:00:12+00:00","dateModified":"2023-06-27T09:02:26+00:00","author":{"@id":"https:\/\/kinaikaleidoszkop.hu\/#\/schema\/person\/fd215d3a8bab54daeb796ae166f99ea5"},"breadcrumb":{"@id":"https:\/\/kinaikaleidoszkop.hu\/index.php\/2023\/06\/26\/exkluziv-interju-szijjarto-peterrel\/#breadcrumb"},"inLanguage":"hu","potentialAction":[{"@type":"ReadAction","target":["https:\/\/kinaikaleidoszkop.hu\/index.php\/2023\/06\/26\/exkluziv-interju-szijjarto-peterrel\/"]}]},{"@type":"ImageObject","inLanguage":"hu","@id":"https:\/\/kinaikaleidoszkop.hu\/index.php\/2023\/06\/26\/exkluziv-interju-szijjarto-peterrel\/#primaryimage","url":"https:\/\/kinaikaleidoszkop.hu\/wp-content\/uploads\/2023\/06\/dhkkkkk.jpg","contentUrl":"https:\/\/kinaikaleidoszkop.hu\/wp-content\/uploads\/2023\/06\/dhkkkkk.jpg","width":995,"height":708},{"@type":"BreadcrumbList","@id":"https:\/\/kinaikaleidoszkop.hu\/index.php\/2023\/06\/26\/exkluziv-interju-szijjarto-peterrel\/#breadcrumb","itemListElement":[{"@type":"ListItem","position":1,"name":"Kezd\u0151lap","item":"https:\/\/kinaikaleidoszkop.hu\/"},{"@type":"ListItem","position":2,"name":"Exkluz\u00edv interj\u00fa Szijj\u00e1rt\u00f3 P\u00e9terrel"}]},{"@type":"WebSite","@id":"https:\/\/kinaikaleidoszkop.hu\/#website","url":"https:\/\/kinaikaleidoszkop.hu\/","name":"kinaikaleidoszkop.hu","description":"","potentialAction":[{"@type":"SearchAction","target":{"@type":"EntryPoint","urlTemplate":"https:\/\/kinaikaleidoszkop.hu\/?s={search_term_string}"},"query-input":{"@type":"PropertyValueSpecification","valueRequired":true,"valueName":"search_term_string"}}],"inLanguage":"hu"},{"@type":"Person","@id":"https:\/\/kinaikaleidoszkop.hu\/#\/schema\/person\/fd215d3a8bab54daeb796ae166f99ea5","name":"admin-sebi","image":{"@type":"ImageObject","inLanguage":"hu","@id":"https:\/\/kinaikaleidoszkop.hu\/#\/schema\/person\/image\/","url":"https:\/\/secure.gravatar.com\/avatar\/b1498042bc4969020b4951f204f963e97c3d7d199f3790c1071adf67c61d0aa5?s=96&d=mm&r=g","contentUrl":"https:\/\/secure.gravatar.com\/avatar\/b1498042bc4969020b4951f204f963e97c3d7d199f3790c1071adf67c61d0aa5?s=96&d=mm&r=g","caption":"admin-sebi"},"url":"https:\/\/kinaikaleidoszkop.hu\/index.php\/author\/admin-sebi\/"}]}},"views":238,"distributor_meta":false,"distributor_terms":false,"distributor_media":false,"distributor_original_site_name":"kinaikaleidoszkop.hu","distributor_original_site_url":"https:\/\/kinaikaleidoszkop.hu","push-errors":false,"_links":{"self":[{"href":"https:\/\/kinaikaleidoszkop.hu\/index.php\/wp-json\/wp\/v2\/posts\/17927","targetHints":{"allow":["GET"]}}],"collection":[{"href":"https:\/\/kinaikaleidoszkop.hu\/index.php\/wp-json\/wp\/v2\/posts"}],"about":[{"href":"https:\/\/kinaikaleidoszkop.hu\/index.php\/wp-json\/wp\/v2\/types\/post"}],"author":[{"embeddable":true,"href":"https:\/\/kinaikaleidoszkop.hu\/index.php\/wp-json\/wp\/v2\/users\/6"}],"replies":[{"embeddable":true,"href":"https:\/\/kinaikaleidoszkop.hu\/index.php\/wp-json\/wp\/v2\/comments?post=17927"}],"version-history":[{"count":2,"href":"https:\/\/kinaikaleidoszkop.hu\/index.php\/wp-json\/wp\/v2\/posts\/17927\/revisions"}],"predecessor-version":[{"id":17932,"href":"https:\/\/kinaikaleidoszkop.hu\/index.php\/wp-json\/wp\/v2\/posts\/17927\/revisions\/17932"}],"wp:featuredmedia":[{"embeddable":true,"href":"https:\/\/kinaikaleidoszkop.hu\/index.php\/wp-json\/wp\/v2\/media\/17929"}],"wp:attachment":[{"href":"https:\/\/kinaikaleidoszkop.hu\/index.php\/wp-json\/wp\/v2\/media?parent=17927"}],"wp:term":[{"taxonomy":"category","embeddable":true,"href":"https:\/\/kinaikaleidoszkop.hu\/index.php\/wp-json\/wp\/v2\/categories?post=17927"},{"taxonomy":"post_tag","embeddable":true,"href":"https:\/\/kinaikaleidoszkop.hu\/index.php\/wp-json\/wp\/v2\/tags?post=17927"}],"curies":[{"name":"wp","href":"https:\/\/api.w.org\/{rel}","templated":true}]}}