{"id":18075,"date":"2023-07-05T11:26:47","date_gmt":"2023-07-05T09:26:47","guid":{"rendered":"https:\/\/kinaikaleidoszkop.hu\/?p=18075"},"modified":"2023-07-05T11:26:48","modified_gmt":"2023-07-05T09:26:48","slug":"az-uj-tagallamaval-szorosabb-egyuttmukodesre-torekszik-a-sesz-a-globalis-kihivasok-kozepette","status":"publish","type":"post","link":"https:\/\/kinaikaleidoszkop.hu\/index.php\/2023\/07\/05\/az-uj-tagallamaval-szorosabb-egyuttmukodesre-torekszik-a-sesz-a-globalis-kihivasok-kozepette\/","title":{"rendered":"Az \u00faj tag\u00e1llam\u00e1val szorosabb egy\u00fcttm\u0171k\u00f6d\u00e9sre t\u00f6rekszik a SESZ a glob\u00e1lis kih\u00edv\u00e1sok k\u00f6zepette"},"content":{"rendered":"\n<p><strong>Ir\u00e1n kedden hivatalosan is a 9. tag\u00e1llama lett a Sanghaji Egy\u00fcttm\u0171k\u00f6d\u00e9si Szervezetnek (SESZ), egy olyan \u00e1tfog\u00f3 region\u00e1lis egy\u00fcttm\u0171k\u00f6d\u00e9si szervezetnek, amely a vil\u00e1g legnagyobb ter\u00fclet\u00e9t \u00e9s lakoss\u00e1g\u00e1t fedi le.<\/strong><\/p>\n\n\n\n<p>Ir\u00e1n felv\u00e9tel\u00e9t a szervezet \u00e1llamf\u0151i tan\u00e1cs\u00e1nak 23. \u00fcl\u00e9s\u00e9n v\u00e9gleges\u00edtett\u00e9k. A SESZ vezet\u0151i online vettek r\u00e9szt az \u00fcl\u00e9sen.<\/p>\n\n\n\n<p>Hszi Csin-ping k\u00ednai \u00e1llameln\u00f6k \u00fcdv\u00f6z\u00f6lte Ir\u00e1nt a SESZ-csal\u00e1dban, \u00e9s felsz\u00f3l\u00edtotta a tag\u00e1llamokat, hogy maradjanak egys\u00e9gben, \u00edgy nagyobb biztons\u00e1got \u00e9s pozit\u00edv energi\u00e1t teremtve a vil\u00e1gb\u00e9k\u00e9hez \u00e9s fejl\u0151d\u00e9shez.<\/p>\n\n\n\n<figure class=\"wp-block-image\"><img decoding=\"async\" src=\"https:\/\/hirpest.hu\/wp-content\/uploads\/2023\/07\/xjptt.jpg\" alt=\"\" class=\"wp-image-17709\"\/><\/figure>\n\n\n\n<blockquote class=\"wp-block-quote is-layout-flow wp-block-quote-is-layout-flow\">\n<p>\u201eAz emberek boldog \u00e9let ir\u00e1nti v\u00e1gy\u00e1nak teljes\u00edt\u00e9se a c\u00e9lunk, a b\u00e9ke, a fejl\u0151d\u00e9s \u00e9s a win-win egy\u00fcttm\u0171k\u00f6d\u00e9s a kor f\u00e9kezhetetlen trendjei\u201d \u2013 jegyezte meg Hszi.<\/p>\n<\/blockquote>\n\n\n\n<p>A z\u0171rzavaros \u00e9s v\u00e1ltoz\u00f3 vil\u00e1gban Hszi \u00e1llameln\u00f6k egym\u00e1st k\u00f6vet\u0151en javasolta a Glob\u00e1lis Fejleszt\u00e9si Kezdem\u00e9nyez\u00e9st, a Glob\u00e1lis Biztons\u00e1gi Kezdem\u00e9nyez\u00e9st \u00e9s a Glob\u00e1lis Civiliz\u00e1ci\u00f3s Kezdem\u00e9nyez\u00e9st \u2013 K\u00edna megold\u00e1si javaslatait a glob\u00e1lis korm\u00e1nyz\u00e1s sz\u00e1m\u00e1ra. A h\u00e1rom kezdem\u00e9nyez\u00e9s megfelel a SESZ azon ig\u00e9ny\u00e9nek is, hogy er\u0151s\u00edts\u00e9k \u201eh\u00e1rom pill\u00e9r\u00e9t\u201d, azaz a biztons\u00e1g, a gazdas\u00e1g \u00e9s az emberek k\u00f6z\u00f6tti kapcsolatok h\u00e1rom f\u0151 egy\u00fcttm\u0171k\u00f6d\u00e9si ter\u00fclet\u00e9t.<\/p>\n\n\n\n<p><strong>2023. j\u00falius 5.<\/strong><\/p>\n\n\n\n<p><strong><em>(China Media Group)<\/em><\/strong><\/p>\n\n\n\n<p><strong>(x)<\/strong><\/p>\n","protected":false},"excerpt":{"rendered":"<p>Ir\u00e1n kedden hivatalosan is a 9. tag\u00e1llama lett a Sanghaji Egy\u00fcttm\u0171k\u00f6d\u00e9si Szervezetnek (SESZ), egy olyan \u00e1tfog\u00f3 region\u00e1lis egy\u00fcttm\u0171k\u00f6d\u00e9si szervezetnek, amely a vil\u00e1g legnagyobb ter\u00fclet\u00e9t \u00e9s lakoss\u00e1g\u00e1t fedi le. Ir\u00e1n felv\u00e9tel\u00e9t a szervezet \u00e1llamf\u0151i tan\u00e1cs\u00e1nak 23. \u00fcl\u00e9s\u00e9n v\u00e9gleges\u00edtett\u00e9k. A SESZ vezet\u0151i online vettek r\u00e9szt az \u00fcl\u00e9sen. Hszi Csin-ping k\u00ednai \u00e1llameln\u00f6k \u00fcdv\u00f6z\u00f6lte Ir\u00e1nt a SESZ-csal\u00e1dban, \u00e9s felsz\u00f3l\u00edtotta [&hellip;]<\/p>\n","protected":false},"author":2,"featured_media":18078,"comment_status":"closed","ping_status":"closed","sticky":false,"template":"","format":"standard","meta":{"footnotes":""},"categories":[45],"tags":[273,2667,305,977,326,1456,2668],"class_list":["post-18075","post","type-post","status-publish","format-standard","has-post-thumbnail","hentry","category-hirek","tag-egyuttmukodes","tag-globalis-kihivasok","tag-hszi-csin-ping","tag-iran","tag-kinai-allamelnok","tag-sanghaji-egyuttmukodesi-szervezet","tag-tagallam"],"yoast_head":"<!-- This site is optimized with the Yoast SEO plugin v23.7 - https:\/\/yoast.com\/wordpress\/plugins\/seo\/ -->\n<title>Az \u00faj tag\u00e1llam\u00e1val szorosabb egy\u00fcttm\u0171k\u00f6d\u00e9sre t\u00f6rekszik a SESZ a glob\u00e1lis kih\u00edv\u00e1sok k\u00f6zepette - kinaikaleidoszkop.hu<\/title>\n<meta name=\"robots\" content=\"index, follow, max-snippet:-1, max-image-preview:large, max-video-preview:-1\" \/>\n<link rel=\"canonical\" href=\"https:\/\/kinaikaleidoszkop.hu\/index.php\/2023\/07\/05\/az-uj-tagallamaval-szorosabb-egyuttmukodesre-torekszik-a-sesz-a-globalis-kihivasok-kozepette\/\" \/>\n<meta property=\"og:locale\" content=\"hu_HU\" \/>\n<meta property=\"og:type\" content=\"article\" \/>\n<meta property=\"og:title\" content=\"Az \u00faj tag\u00e1llam\u00e1val szorosabb egy\u00fcttm\u0171k\u00f6d\u00e9sre t\u00f6rekszik a SESZ a glob\u00e1lis kih\u00edv\u00e1sok k\u00f6zepette - kinaikaleidoszkop.hu\" \/>\n<meta property=\"og:description\" content=\"Ir\u00e1n kedden hivatalosan is a 9. tag\u00e1llama lett a Sanghaji Egy\u00fcttm\u0171k\u00f6d\u00e9si Szervezetnek (SESZ), egy olyan \u00e1tfog\u00f3 region\u00e1lis egy\u00fcttm\u0171k\u00f6d\u00e9si szervezetnek, amely a vil\u00e1g legnagyobb ter\u00fclet\u00e9t \u00e9s lakoss\u00e1g\u00e1t fedi le. Ir\u00e1n felv\u00e9tel\u00e9t a szervezet \u00e1llamf\u0151i tan\u00e1cs\u00e1nak 23. \u00fcl\u00e9s\u00e9n v\u00e9gleges\u00edtett\u00e9k. A SESZ vezet\u0151i online vettek r\u00e9szt az \u00fcl\u00e9sen. Hszi Csin-ping k\u00ednai \u00e1llameln\u00f6k \u00fcdv\u00f6z\u00f6lte Ir\u00e1nt a SESZ-csal\u00e1dban, \u00e9s felsz\u00f3l\u00edtotta [&hellip;]\" \/>\n<meta property=\"og:url\" content=\"https:\/\/kinaikaleidoszkop.hu\/index.php\/2023\/07\/05\/az-uj-tagallamaval-szorosabb-egyuttmukodesre-torekszik-a-sesz-a-globalis-kihivasok-kozepette\/\" \/>\n<meta property=\"og:site_name\" content=\"kinaikaleidoszkop.hu\" \/>\n<meta property=\"article:published_time\" content=\"2023-07-05T09:26:47+00:00\" \/>\n<meta property=\"article:modified_time\" content=\"2023-07-05T09:26:48+00:00\" \/>\n<meta property=\"og:image\" content=\"https:\/\/kinaikaleidoszkop.hu\/wp-content\/uploads\/2023\/07\/xjptt.jpg\" \/>\n\t<meta property=\"og:image:width\" content=\"900\" \/>\n\t<meta property=\"og:image:height\" content=\"647\" \/>\n\t<meta property=\"og:image:type\" content=\"image\/jpeg\" \/>\n<meta name=\"author\" content=\"admin-szabolcs\" \/>\n<meta name=\"twitter:card\" content=\"summary_large_image\" \/>\n<meta name=\"twitter:label1\" content=\"Szerz\u0151:\" \/>\n\t<meta name=\"twitter:data1\" content=\"admin-szabolcs\" \/>\n\t<meta name=\"twitter:label2\" content=\"Becs\u00fclt olvas\u00e1si id\u0151\" \/>\n\t<meta name=\"twitter:data2\" content=\"2 perc\" \/>\n<script type=\"application\/ld+json\" class=\"yoast-schema-graph\">{\"@context\":\"https:\/\/schema.org\",\"@graph\":[{\"@type\":\"WebPage\",\"@id\":\"https:\/\/kinaikaleidoszkop.hu\/index.php\/2023\/07\/05\/az-uj-tagallamaval-szorosabb-egyuttmukodesre-torekszik-a-sesz-a-globalis-kihivasok-kozepette\/\",\"url\":\"https:\/\/kinaikaleidoszkop.hu\/index.php\/2023\/07\/05\/az-uj-tagallamaval-szorosabb-egyuttmukodesre-torekszik-a-sesz-a-globalis-kihivasok-kozepette\/\",\"name\":\"Az \u00faj tag\u00e1llam\u00e1val szorosabb egy\u00fcttm\u0171k\u00f6d\u00e9sre t\u00f6rekszik a SESZ a glob\u00e1lis kih\u00edv\u00e1sok k\u00f6zepette - kinaikaleidoszkop.hu\",\"isPartOf\":{\"@id\":\"https:\/\/kinaikaleidoszkop.hu\/#website\"},\"primaryImageOfPage\":{\"@id\":\"https:\/\/kinaikaleidoszkop.hu\/index.php\/2023\/07\/05\/az-uj-tagallamaval-szorosabb-egyuttmukodesre-torekszik-a-sesz-a-globalis-kihivasok-kozepette\/#primaryimage\"},\"image\":{\"@id\":\"https:\/\/kinaikaleidoszkop.hu\/index.php\/2023\/07\/05\/az-uj-tagallamaval-szorosabb-egyuttmukodesre-torekszik-a-sesz-a-globalis-kihivasok-kozepette\/#primaryimage\"},\"thumbnailUrl\":\"https:\/\/kinaikaleidoszkop.hu\/wp-content\/uploads\/2023\/07\/xjptt.jpg\",\"datePublished\":\"2023-07-05T09:26:47+00:00\",\"dateModified\":\"2023-07-05T09:26:48+00:00\",\"author\":{\"@id\":\"https:\/\/kinaikaleidoszkop.hu\/#\/schema\/person\/b9e2febe742edd540c1197716ec02bf7\"},\"breadcrumb\":{\"@id\":\"https:\/\/kinaikaleidoszkop.hu\/index.php\/2023\/07\/05\/az-uj-tagallamaval-szorosabb-egyuttmukodesre-torekszik-a-sesz-a-globalis-kihivasok-kozepette\/#breadcrumb\"},\"inLanguage\":\"hu\",\"potentialAction\":[{\"@type\":\"ReadAction\",\"target\":[\"https:\/\/kinaikaleidoszkop.hu\/index.php\/2023\/07\/05\/az-uj-tagallamaval-szorosabb-egyuttmukodesre-torekszik-a-sesz-a-globalis-kihivasok-kozepette\/\"]}]},{\"@type\":\"ImageObject\",\"inLanguage\":\"hu\",\"@id\":\"https:\/\/kinaikaleidoszkop.hu\/index.php\/2023\/07\/05\/az-uj-tagallamaval-szorosabb-egyuttmukodesre-torekszik-a-sesz-a-globalis-kihivasok-kozepette\/#primaryimage\",\"url\":\"https:\/\/kinaikaleidoszkop.hu\/wp-content\/uploads\/2023\/07\/xjptt.jpg\",\"contentUrl\":\"https:\/\/kinaikaleidoszkop.hu\/wp-content\/uploads\/2023\/07\/xjptt.jpg\",\"width\":900,\"height\":647},{\"@type\":\"BreadcrumbList\",\"@id\":\"https:\/\/kinaikaleidoszkop.hu\/index.php\/2023\/07\/05\/az-uj-tagallamaval-szorosabb-egyuttmukodesre-torekszik-a-sesz-a-globalis-kihivasok-kozepette\/#breadcrumb\",\"itemListElement\":[{\"@type\":\"ListItem\",\"position\":1,\"name\":\"Kezd\u0151lap\",\"item\":\"https:\/\/kinaikaleidoszkop.hu\/\"},{\"@type\":\"ListItem\",\"position\":2,\"name\":\"Az \u00faj tag\u00e1llam\u00e1val szorosabb egy\u00fcttm\u0171k\u00f6d\u00e9sre t\u00f6rekszik a SESZ a glob\u00e1lis kih\u00edv\u00e1sok k\u00f6zepette\"}]},{\"@type\":\"WebSite\",\"@id\":\"https:\/\/kinaikaleidoszkop.hu\/#website\",\"url\":\"https:\/\/kinaikaleidoszkop.hu\/\",\"name\":\"kinaikaleidoszkop.hu\",\"description\":\"\",\"potentialAction\":[{\"@type\":\"SearchAction\",\"target\":{\"@type\":\"EntryPoint\",\"urlTemplate\":\"https:\/\/kinaikaleidoszkop.hu\/?s={search_term_string}\"},\"query-input\":{\"@type\":\"PropertyValueSpecification\",\"valueRequired\":true,\"valueName\":\"search_term_string\"}}],\"inLanguage\":\"hu\"},{\"@type\":\"Person\",\"@id\":\"https:\/\/kinaikaleidoszkop.hu\/#\/schema\/person\/b9e2febe742edd540c1197716ec02bf7\",\"name\":\"admin-szabolcs\",\"image\":{\"@type\":\"ImageObject\",\"inLanguage\":\"hu\",\"@id\":\"https:\/\/kinaikaleidoszkop.hu\/#\/schema\/person\/image\/\",\"url\":\"https:\/\/secure.gravatar.com\/avatar\/154f262492794df2a6cb5d5349227b18ef8f85ab462fbb32625fc42406483d21?s=96&d=mm&r=g\",\"contentUrl\":\"https:\/\/secure.gravatar.com\/avatar\/154f262492794df2a6cb5d5349227b18ef8f85ab462fbb32625fc42406483d21?s=96&d=mm&r=g\",\"caption\":\"admin-szabolcs\"},\"url\":\"https:\/\/kinaikaleidoszkop.hu\/index.php\/author\/admin-szabolcs\/\"}]}<\/script>\n<!-- \/ Yoast SEO plugin. -->","yoast_head_json":{"title":"Az \u00faj tag\u00e1llam\u00e1val szorosabb egy\u00fcttm\u0171k\u00f6d\u00e9sre t\u00f6rekszik a SESZ a glob\u00e1lis kih\u00edv\u00e1sok k\u00f6zepette - kinaikaleidoszkop.hu","robots":{"index":"index","follow":"follow","max-snippet":"max-snippet:-1","max-image-preview":"max-image-preview:large","max-video-preview":"max-video-preview:-1"},"canonical":"https:\/\/kinaikaleidoszkop.hu\/index.php\/2023\/07\/05\/az-uj-tagallamaval-szorosabb-egyuttmukodesre-torekszik-a-sesz-a-globalis-kihivasok-kozepette\/","og_locale":"hu_HU","og_type":"article","og_title":"Az \u00faj tag\u00e1llam\u00e1val szorosabb egy\u00fcttm\u0171k\u00f6d\u00e9sre t\u00f6rekszik a SESZ a glob\u00e1lis kih\u00edv\u00e1sok k\u00f6zepette - kinaikaleidoszkop.hu","og_description":"Ir\u00e1n kedden hivatalosan is a 9. tag\u00e1llama lett a Sanghaji Egy\u00fcttm\u0171k\u00f6d\u00e9si Szervezetnek (SESZ), egy olyan \u00e1tfog\u00f3 region\u00e1lis egy\u00fcttm\u0171k\u00f6d\u00e9si szervezetnek, amely a vil\u00e1g legnagyobb ter\u00fclet\u00e9t \u00e9s lakoss\u00e1g\u00e1t fedi le. Ir\u00e1n felv\u00e9tel\u00e9t a szervezet \u00e1llamf\u0151i tan\u00e1cs\u00e1nak 23. \u00fcl\u00e9s\u00e9n v\u00e9gleges\u00edtett\u00e9k. A SESZ vezet\u0151i online vettek r\u00e9szt az \u00fcl\u00e9sen. Hszi Csin-ping k\u00ednai \u00e1llameln\u00f6k \u00fcdv\u00f6z\u00f6lte Ir\u00e1nt a SESZ-csal\u00e1dban, \u00e9s felsz\u00f3l\u00edtotta [&hellip;]","og_url":"https:\/\/kinaikaleidoszkop.hu\/index.php\/2023\/07\/05\/az-uj-tagallamaval-szorosabb-egyuttmukodesre-torekszik-a-sesz-a-globalis-kihivasok-kozepette\/","og_site_name":"kinaikaleidoszkop.hu","article_published_time":"2023-07-05T09:26:47+00:00","article_modified_time":"2023-07-05T09:26:48+00:00","og_image":[{"width":900,"height":647,"url":"https:\/\/kinaikaleidoszkop.hu\/wp-content\/uploads\/2023\/07\/xjptt.jpg","type":"image\/jpeg"}],"author":"admin-szabolcs","twitter_card":"summary_large_image","twitter_misc":{"Szerz\u0151:":"admin-szabolcs","Becs\u00fclt olvas\u00e1si id\u0151":"2 perc"},"schema":{"@context":"https:\/\/schema.org","@graph":[{"@type":"WebPage","@id":"https:\/\/kinaikaleidoszkop.hu\/index.php\/2023\/07\/05\/az-uj-tagallamaval-szorosabb-egyuttmukodesre-torekszik-a-sesz-a-globalis-kihivasok-kozepette\/","url":"https:\/\/kinaikaleidoszkop.hu\/index.php\/2023\/07\/05\/az-uj-tagallamaval-szorosabb-egyuttmukodesre-torekszik-a-sesz-a-globalis-kihivasok-kozepette\/","name":"Az \u00faj tag\u00e1llam\u00e1val szorosabb egy\u00fcttm\u0171k\u00f6d\u00e9sre t\u00f6rekszik a SESZ a glob\u00e1lis kih\u00edv\u00e1sok k\u00f6zepette - kinaikaleidoszkop.hu","isPartOf":{"@id":"https:\/\/kinaikaleidoszkop.hu\/#website"},"primaryImageOfPage":{"@id":"https:\/\/kinaikaleidoszkop.hu\/index.php\/2023\/07\/05\/az-uj-tagallamaval-szorosabb-egyuttmukodesre-torekszik-a-sesz-a-globalis-kihivasok-kozepette\/#primaryimage"},"image":{"@id":"https:\/\/kinaikaleidoszkop.hu\/index.php\/2023\/07\/05\/az-uj-tagallamaval-szorosabb-egyuttmukodesre-torekszik-a-sesz-a-globalis-kihivasok-kozepette\/#primaryimage"},"thumbnailUrl":"https:\/\/kinaikaleidoszkop.hu\/wp-content\/uploads\/2023\/07\/xjptt.jpg","datePublished":"2023-07-05T09:26:47+00:00","dateModified":"2023-07-05T09:26:48+00:00","author":{"@id":"https:\/\/kinaikaleidoszkop.hu\/#\/schema\/person\/b9e2febe742edd540c1197716ec02bf7"},"breadcrumb":{"@id":"https:\/\/kinaikaleidoszkop.hu\/index.php\/2023\/07\/05\/az-uj-tagallamaval-szorosabb-egyuttmukodesre-torekszik-a-sesz-a-globalis-kihivasok-kozepette\/#breadcrumb"},"inLanguage":"hu","potentialAction":[{"@type":"ReadAction","target":["https:\/\/kinaikaleidoszkop.hu\/index.php\/2023\/07\/05\/az-uj-tagallamaval-szorosabb-egyuttmukodesre-torekszik-a-sesz-a-globalis-kihivasok-kozepette\/"]}]},{"@type":"ImageObject","inLanguage":"hu","@id":"https:\/\/kinaikaleidoszkop.hu\/index.php\/2023\/07\/05\/az-uj-tagallamaval-szorosabb-egyuttmukodesre-torekszik-a-sesz-a-globalis-kihivasok-kozepette\/#primaryimage","url":"https:\/\/kinaikaleidoszkop.hu\/wp-content\/uploads\/2023\/07\/xjptt.jpg","contentUrl":"https:\/\/kinaikaleidoszkop.hu\/wp-content\/uploads\/2023\/07\/xjptt.jpg","width":900,"height":647},{"@type":"BreadcrumbList","@id":"https:\/\/kinaikaleidoszkop.hu\/index.php\/2023\/07\/05\/az-uj-tagallamaval-szorosabb-egyuttmukodesre-torekszik-a-sesz-a-globalis-kihivasok-kozepette\/#breadcrumb","itemListElement":[{"@type":"ListItem","position":1,"name":"Kezd\u0151lap","item":"https:\/\/kinaikaleidoszkop.hu\/"},{"@type":"ListItem","position":2,"name":"Az \u00faj tag\u00e1llam\u00e1val szorosabb egy\u00fcttm\u0171k\u00f6d\u00e9sre t\u00f6rekszik a SESZ a glob\u00e1lis kih\u00edv\u00e1sok k\u00f6zepette"}]},{"@type":"WebSite","@id":"https:\/\/kinaikaleidoszkop.hu\/#website","url":"https:\/\/kinaikaleidoszkop.hu\/","name":"kinaikaleidoszkop.hu","description":"","potentialAction":[{"@type":"SearchAction","target":{"@type":"EntryPoint","urlTemplate":"https:\/\/kinaikaleidoszkop.hu\/?s={search_term_string}"},"query-input":{"@type":"PropertyValueSpecification","valueRequired":true,"valueName":"search_term_string"}}],"inLanguage":"hu"},{"@type":"Person","@id":"https:\/\/kinaikaleidoszkop.hu\/#\/schema\/person\/b9e2febe742edd540c1197716ec02bf7","name":"admin-szabolcs","image":{"@type":"ImageObject","inLanguage":"hu","@id":"https:\/\/kinaikaleidoszkop.hu\/#\/schema\/person\/image\/","url":"https:\/\/secure.gravatar.com\/avatar\/154f262492794df2a6cb5d5349227b18ef8f85ab462fbb32625fc42406483d21?s=96&d=mm&r=g","contentUrl":"https:\/\/secure.gravatar.com\/avatar\/154f262492794df2a6cb5d5349227b18ef8f85ab462fbb32625fc42406483d21?s=96&d=mm&r=g","caption":"admin-szabolcs"},"url":"https:\/\/kinaikaleidoszkop.hu\/index.php\/author\/admin-szabolcs\/"}]}},"views":222,"distributor_meta":false,"distributor_terms":false,"distributor_media":false,"distributor_original_site_name":"kinaikaleidoszkop.hu","distributor_original_site_url":"https:\/\/kinaikaleidoszkop.hu","push-errors":false,"_links":{"self":[{"href":"https:\/\/kinaikaleidoszkop.hu\/index.php\/wp-json\/wp\/v2\/posts\/18075","targetHints":{"allow":["GET"]}}],"collection":[{"href":"https:\/\/kinaikaleidoszkop.hu\/index.php\/wp-json\/wp\/v2\/posts"}],"about":[{"href":"https:\/\/kinaikaleidoszkop.hu\/index.php\/wp-json\/wp\/v2\/types\/post"}],"author":[{"embeddable":true,"href":"https:\/\/kinaikaleidoszkop.hu\/index.php\/wp-json\/wp\/v2\/users\/2"}],"replies":[{"embeddable":true,"href":"https:\/\/kinaikaleidoszkop.hu\/index.php\/wp-json\/wp\/v2\/comments?post=18075"}],"version-history":[{"count":1,"href":"https:\/\/kinaikaleidoszkop.hu\/index.php\/wp-json\/wp\/v2\/posts\/18075\/revisions"}],"predecessor-version":[{"id":18079,"href":"https:\/\/kinaikaleidoszkop.hu\/index.php\/wp-json\/wp\/v2\/posts\/18075\/revisions\/18079"}],"wp:featuredmedia":[{"embeddable":true,"href":"https:\/\/kinaikaleidoszkop.hu\/index.php\/wp-json\/wp\/v2\/media\/18078"}],"wp:attachment":[{"href":"https:\/\/kinaikaleidoszkop.hu\/index.php\/wp-json\/wp\/v2\/media?parent=18075"}],"wp:term":[{"taxonomy":"category","embeddable":true,"href":"https:\/\/kinaikaleidoszkop.hu\/index.php\/wp-json\/wp\/v2\/categories?post=18075"},{"taxonomy":"post_tag","embeddable":true,"href":"https:\/\/kinaikaleidoszkop.hu\/index.php\/wp-json\/wp\/v2\/tags?post=18075"}],"curies":[{"name":"wp","href":"https:\/\/api.w.org\/{rel}","templated":true}]}}