{"id":18122,"date":"2023-07-07T15:30:41","date_gmt":"2023-07-07T13:30:41","guid":{"rendered":"https:\/\/kinaikaleidoszkop.hu\/?p=18122"},"modified":"2023-07-07T15:30:50","modified_gmt":"2023-07-07T13:30:50","slug":"kinaban-megemlekezeseket-tartottak-a-japan-agresszio-elleni-haboru-kitoresenek-86-evforduloja-alkalmabol","status":"publish","type":"post","link":"https:\/\/kinaikaleidoszkop.hu\/index.php\/2023\/07\/07\/kinaban-megemlekezeseket-tartottak-a-japan-agresszio-elleni-haboru-kitoresenek-86-evforduloja-alkalmabol\/","title":{"rendered":"K\u00edn\u00e1ban megeml\u00e9kez\u00e9seket tartottak a jap\u00e1n agresszi\u00f3 elleni h\u00e1bor\u00fa kit\u00f6r\u00e9s\u00e9nek 86. \u00e9vfordul\u00f3ja alkalm\u00e1b\u00f3l"},"content":{"rendered":"\n<p><strong>J\u00falius 7-\u00e9n van a k\u00ednai nemzet jap\u00e1n agresszi\u00f3 elleni h\u00e1bor\u00faja kit\u00f6r\u00e9s\u00e9nek 86. \u00e9vfordul\u00f3ja. 86 \u00e9vvel ezel\u0151tt, j\u00falius 7-\u00e9n a jap\u00e1n agresszorok elind\u00edtott\u00e1k a Lugou-h\u00edd provokat\u00edv incidenst, \u00e9s teljes k\u00f6r\u0171 agresszi\u00f3s h\u00e1bor\u00fat ind\u00edtottak K\u00edna ellen.<\/strong><\/p>\n\n\n\n<p>A Pekingben fekv\u0151 K\u00ednai N\u00e9p Jap\u00e1n Agresszi\u00f3 Elleni H\u00e1bor\u00faj\u00e1nak Eml\u00e9km\u0171v\u00e9n\u00e9l 18:30-ig meghosszabb\u00edtott\u00e1k a nyitvatart\u00e1st ezen a napon.<\/p>\n\n\n\n<figure class=\"wp-block-image size-large\"><img loading=\"lazy\" decoding=\"async\" width=\"1024\" height=\"599\" src=\"https:\/\/kinaikaleidoszkop.hu\/wp-content\/uploads\/2023\/07\/070703-1024x599.jpg\" alt=\"\" class=\"wp-image-18124\" srcset=\"https:\/\/kinaikaleidoszkop.hu\/wp-content\/uploads\/2023\/07\/070703-1024x599.jpg 1024w, https:\/\/kinaikaleidoszkop.hu\/wp-content\/uploads\/2023\/07\/070703-300x176.jpg 300w, https:\/\/kinaikaleidoszkop.hu\/wp-content\/uploads\/2023\/07\/070703-768x449.jpg 768w, https:\/\/kinaikaleidoszkop.hu\/wp-content\/uploads\/2023\/07\/070703-1536x899.jpg 1536w, https:\/\/kinaikaleidoszkop.hu\/wp-content\/uploads\/2023\/07\/070703-2048x1198.jpg 2048w, https:\/\/kinaikaleidoszkop.hu\/wp-content\/uploads\/2023\/07\/070703-990x579.jpg 990w, https:\/\/kinaikaleidoszkop.hu\/wp-content\/uploads\/2023\/07\/070703-1320x772.jpg 1320w\" sizes=\"auto, (max-width: 1024px) 100vw, 1024px\" \/><\/figure>\n\n\n\n<p>Jap\u00e1n inv\u00e1zi\u00f3ja nagy trag\u00e9di\u00e1t id\u00e9zett el\u0151 a k\u00ednai katon\u00e1k \u00e9s civilek sz\u00e1m\u00e1ra. A legjellemz\u0151bb p\u00e9lda az \u00e1rtatlanok brut\u00e1lis lem\u00e9sz\u00e1rl\u00e1sa volt 1937 december\u00e9ben Nankingban, az akkori f\u0151v\u00e1rosban. A nankingi t\u00f6megm\u00e9sz\u00e1rl\u00e1st a k\u00ednai \u00e9s a k\u00fclf\u00f6ldi m\u00e9dia, mint a New York Times, a Central Daily \u00e9s a Xinhua Daily adta is h\u00edr\u00fcl hajdann\u00e1ban. A h\u00e1bor\u00fa ut\u00e1n az akkori k\u00ednai korm\u00e1ny kiterjedt vizsg\u00e1latot folytatott az incidens kapcs\u00e1n, s ennek sor\u00e1n a h\u00e1bor\u00fas b\u0171n\u00f6s\u00f6ket vizsg\u00e1l\u00f3 nankingi hadb\u00edr\u00f3s\u00e1g meg\u00e1llap\u00edtotta, hogy a jap\u00e1n hadsereg 28 t\u00f6megm\u00e9sz\u00e1rl\u00e1st k\u00f6vetett el, amelyekben t\u00f6bb mint 190 ezer civil halt meg. 858 esetben sz\u00f3rv\u00e1nyos m\u00e9sz\u00e1rl\u00e1st k\u00f6vettek el, amelyeknek t\u00f6bb mint 150 ezer hal\u00e1los \u00e1ldozata volt, \u00edgy \u00f6sszesen t\u00f6bb mint 300 ezren haltak meg a m\u00e9sz\u00e1rl\u00e1sokban. De Macui Ivane, az akkori jap\u00e1n K\u00f6z\u00e9p-K\u00ednai Hadsereg parancsnoka, aki parancsot adott Nanking v\u00e1rosban a m\u00e9sz\u00e1rl\u00e1sra, m\u00e9g mindig a jap\u00e1n Yasukuni-szent\u00e9lyben nyugszik. 1978 \u00f3ta h\u00e9t jap\u00e1n minisztereln\u00f6k l\u00e1togatta meg a Yasukuni-szent\u00e9lyt, k\u00f6zt\u00fck Abe Sinz\u00f3, Szuga Josihide \u00e9s m\u00e1sok.<\/p>\n\n\n\n<p><strong>2023. 07. 07.<\/strong><\/p>\n\n\n\n<p><strong><em>(China Media Group)<\/em><\/strong><\/p>\n\n\n\n<p><strong>(x)<\/strong><\/p>\n","protected":false},"excerpt":{"rendered":"<p>J\u00falius 7-\u00e9n van a k\u00ednai nemzet jap\u00e1n agresszi\u00f3 elleni h\u00e1bor\u00faja kit\u00f6r\u00e9s\u00e9nek 86. \u00e9vfordul\u00f3ja. 86 \u00e9vvel ezel\u0151tt, j\u00falius 7-\u00e9n a jap\u00e1n agresszorok elind\u00edtott\u00e1k a Lugou-h\u00edd provokat\u00edv incidenst, \u00e9s teljes k\u00f6r\u0171 agresszi\u00f3s h\u00e1bor\u00fat ind\u00edtottak K\u00edna ellen. A Pekingben fekv\u0151 K\u00ednai N\u00e9p Jap\u00e1n Agresszi\u00f3 Elleni H\u00e1bor\u00faj\u00e1nak Eml\u00e9km\u0171v\u00e9n\u00e9l 18:30-ig meghosszabb\u00edtott\u00e1k a nyitvatart\u00e1st ezen a napon. Jap\u00e1n inv\u00e1zi\u00f3ja nagy trag\u00e9di\u00e1t [&hellip;]<\/p>\n","protected":false},"author":6,"featured_media":18124,"comment_status":"closed","ping_status":"closed","sticky":false,"template":"","format":"standard","meta":{"footnotes":""},"categories":[45],"tags":[292,673,1318,2681],"class_list":["post-18122","post","type-post","status-publish","format-standard","has-post-thumbnail","hentry","category-hirek","tag-evfordulo","tag-haboru","tag-japan","tag-megemlekezes"],"yoast_head":"<!-- This site is optimized with the Yoast SEO plugin v23.7 - https:\/\/yoast.com\/wordpress\/plugins\/seo\/ -->\n<title>K\u00edn\u00e1ban megeml\u00e9kez\u00e9seket tartottak a jap\u00e1n agresszi\u00f3 elleni h\u00e1bor\u00fa kit\u00f6r\u00e9s\u00e9nek 86. \u00e9vfordul\u00f3ja alkalm\u00e1b\u00f3l - kinaikaleidoszkop.hu<\/title>\n<meta name=\"robots\" content=\"index, follow, max-snippet:-1, max-image-preview:large, max-video-preview:-1\" \/>\n<link rel=\"canonical\" href=\"https:\/\/kinaikaleidoszkop.hu\/index.php\/2023\/07\/07\/kinaban-megemlekezeseket-tartottak-a-japan-agresszio-elleni-haboru-kitoresenek-86-evforduloja-alkalmabol\/\" \/>\n<meta property=\"og:locale\" content=\"hu_HU\" \/>\n<meta property=\"og:type\" content=\"article\" \/>\n<meta property=\"og:title\" content=\"K\u00edn\u00e1ban megeml\u00e9kez\u00e9seket tartottak a jap\u00e1n agresszi\u00f3 elleni h\u00e1bor\u00fa kit\u00f6r\u00e9s\u00e9nek 86. \u00e9vfordul\u00f3ja alkalm\u00e1b\u00f3l - kinaikaleidoszkop.hu\" \/>\n<meta property=\"og:description\" content=\"J\u00falius 7-\u00e9n van a k\u00ednai nemzet jap\u00e1n agresszi\u00f3 elleni h\u00e1bor\u00faja kit\u00f6r\u00e9s\u00e9nek 86. \u00e9vfordul\u00f3ja. 86 \u00e9vvel ezel\u0151tt, j\u00falius 7-\u00e9n a jap\u00e1n agresszorok elind\u00edtott\u00e1k a Lugou-h\u00edd provokat\u00edv incidenst, \u00e9s teljes k\u00f6r\u0171 agresszi\u00f3s h\u00e1bor\u00fat ind\u00edtottak K\u00edna ellen. A Pekingben fekv\u0151 K\u00ednai N\u00e9p Jap\u00e1n Agresszi\u00f3 Elleni H\u00e1bor\u00faj\u00e1nak Eml\u00e9km\u0171v\u00e9n\u00e9l 18:30-ig meghosszabb\u00edtott\u00e1k a nyitvatart\u00e1st ezen a napon. Jap\u00e1n inv\u00e1zi\u00f3ja nagy trag\u00e9di\u00e1t [&hellip;]\" \/>\n<meta property=\"og:url\" content=\"https:\/\/kinaikaleidoszkop.hu\/index.php\/2023\/07\/07\/kinaban-megemlekezeseket-tartottak-a-japan-agresszio-elleni-haboru-kitoresenek-86-evforduloja-alkalmabol\/\" \/>\n<meta property=\"og:site_name\" content=\"kinaikaleidoszkop.hu\" \/>\n<meta property=\"article:published_time\" content=\"2023-07-07T13:30:41+00:00\" \/>\n<meta property=\"article:modified_time\" content=\"2023-07-07T13:30:50+00:00\" \/>\n<meta property=\"og:image\" content=\"https:\/\/kinaikaleidoszkop.hu\/wp-content\/uploads\/2023\/07\/070703-scaled.jpg\" \/>\n\t<meta property=\"og:image:width\" content=\"2560\" \/>\n\t<meta property=\"og:image:height\" content=\"1498\" \/>\n\t<meta property=\"og:image:type\" content=\"image\/jpeg\" \/>\n<meta name=\"author\" content=\"admin-sebi\" \/>\n<meta name=\"twitter:card\" content=\"summary_large_image\" \/>\n<meta name=\"twitter:label1\" content=\"Szerz\u0151:\" \/>\n\t<meta name=\"twitter:data1\" content=\"admin-sebi\" \/>\n\t<meta name=\"twitter:label2\" content=\"Becs\u00fclt olvas\u00e1si id\u0151\" \/>\n\t<meta name=\"twitter:data2\" content=\"2 perc\" \/>\n<script type=\"application\/ld+json\" class=\"yoast-schema-graph\">{\"@context\":\"https:\/\/schema.org\",\"@graph\":[{\"@type\":\"WebPage\",\"@id\":\"https:\/\/kinaikaleidoszkop.hu\/index.php\/2023\/07\/07\/kinaban-megemlekezeseket-tartottak-a-japan-agresszio-elleni-haboru-kitoresenek-86-evforduloja-alkalmabol\/\",\"url\":\"https:\/\/kinaikaleidoszkop.hu\/index.php\/2023\/07\/07\/kinaban-megemlekezeseket-tartottak-a-japan-agresszio-elleni-haboru-kitoresenek-86-evforduloja-alkalmabol\/\",\"name\":\"K\u00edn\u00e1ban megeml\u00e9kez\u00e9seket tartottak a jap\u00e1n agresszi\u00f3 elleni h\u00e1bor\u00fa kit\u00f6r\u00e9s\u00e9nek 86. \u00e9vfordul\u00f3ja alkalm\u00e1b\u00f3l - kinaikaleidoszkop.hu\",\"isPartOf\":{\"@id\":\"https:\/\/kinaikaleidoszkop.hu\/#website\"},\"primaryImageOfPage\":{\"@id\":\"https:\/\/kinaikaleidoszkop.hu\/index.php\/2023\/07\/07\/kinaban-megemlekezeseket-tartottak-a-japan-agresszio-elleni-haboru-kitoresenek-86-evforduloja-alkalmabol\/#primaryimage\"},\"image\":{\"@id\":\"https:\/\/kinaikaleidoszkop.hu\/index.php\/2023\/07\/07\/kinaban-megemlekezeseket-tartottak-a-japan-agresszio-elleni-haboru-kitoresenek-86-evforduloja-alkalmabol\/#primaryimage\"},\"thumbnailUrl\":\"https:\/\/kinaikaleidoszkop.hu\/wp-content\/uploads\/2023\/07\/070703-scaled.jpg\",\"datePublished\":\"2023-07-07T13:30:41+00:00\",\"dateModified\":\"2023-07-07T13:30:50+00:00\",\"author\":{\"@id\":\"https:\/\/kinaikaleidoszkop.hu\/#\/schema\/person\/fd215d3a8bab54daeb796ae166f99ea5\"},\"breadcrumb\":{\"@id\":\"https:\/\/kinaikaleidoszkop.hu\/index.php\/2023\/07\/07\/kinaban-megemlekezeseket-tartottak-a-japan-agresszio-elleni-haboru-kitoresenek-86-evforduloja-alkalmabol\/#breadcrumb\"},\"inLanguage\":\"hu\",\"potentialAction\":[{\"@type\":\"ReadAction\",\"target\":[\"https:\/\/kinaikaleidoszkop.hu\/index.php\/2023\/07\/07\/kinaban-megemlekezeseket-tartottak-a-japan-agresszio-elleni-haboru-kitoresenek-86-evforduloja-alkalmabol\/\"]}]},{\"@type\":\"ImageObject\",\"inLanguage\":\"hu\",\"@id\":\"https:\/\/kinaikaleidoszkop.hu\/index.php\/2023\/07\/07\/kinaban-megemlekezeseket-tartottak-a-japan-agresszio-elleni-haboru-kitoresenek-86-evforduloja-alkalmabol\/#primaryimage\",\"url\":\"https:\/\/kinaikaleidoszkop.hu\/wp-content\/uploads\/2023\/07\/070703-scaled.jpg\",\"contentUrl\":\"https:\/\/kinaikaleidoszkop.hu\/wp-content\/uploads\/2023\/07\/070703-scaled.jpg\",\"width\":2560,\"height\":1498},{\"@type\":\"BreadcrumbList\",\"@id\":\"https:\/\/kinaikaleidoszkop.hu\/index.php\/2023\/07\/07\/kinaban-megemlekezeseket-tartottak-a-japan-agresszio-elleni-haboru-kitoresenek-86-evforduloja-alkalmabol\/#breadcrumb\",\"itemListElement\":[{\"@type\":\"ListItem\",\"position\":1,\"name\":\"Kezd\u0151lap\",\"item\":\"https:\/\/kinaikaleidoszkop.hu\/\"},{\"@type\":\"ListItem\",\"position\":2,\"name\":\"K\u00edn\u00e1ban megeml\u00e9kez\u00e9seket tartottak a jap\u00e1n agresszi\u00f3 elleni h\u00e1bor\u00fa kit\u00f6r\u00e9s\u00e9nek 86. \u00e9vfordul\u00f3ja alkalm\u00e1b\u00f3l\"}]},{\"@type\":\"WebSite\",\"@id\":\"https:\/\/kinaikaleidoszkop.hu\/#website\",\"url\":\"https:\/\/kinaikaleidoszkop.hu\/\",\"name\":\"kinaikaleidoszkop.hu\",\"description\":\"\",\"potentialAction\":[{\"@type\":\"SearchAction\",\"target\":{\"@type\":\"EntryPoint\",\"urlTemplate\":\"https:\/\/kinaikaleidoszkop.hu\/?s={search_term_string}\"},\"query-input\":{\"@type\":\"PropertyValueSpecification\",\"valueRequired\":true,\"valueName\":\"search_term_string\"}}],\"inLanguage\":\"hu\"},{\"@type\":\"Person\",\"@id\":\"https:\/\/kinaikaleidoszkop.hu\/#\/schema\/person\/fd215d3a8bab54daeb796ae166f99ea5\",\"name\":\"admin-sebi\",\"image\":{\"@type\":\"ImageObject\",\"inLanguage\":\"hu\",\"@id\":\"https:\/\/kinaikaleidoszkop.hu\/#\/schema\/person\/image\/\",\"url\":\"https:\/\/secure.gravatar.com\/avatar\/b1498042bc4969020b4951f204f963e97c3d7d199f3790c1071adf67c61d0aa5?s=96&d=mm&r=g\",\"contentUrl\":\"https:\/\/secure.gravatar.com\/avatar\/b1498042bc4969020b4951f204f963e97c3d7d199f3790c1071adf67c61d0aa5?s=96&d=mm&r=g\",\"caption\":\"admin-sebi\"},\"url\":\"https:\/\/kinaikaleidoszkop.hu\/index.php\/author\/admin-sebi\/\"}]}<\/script>\n<!-- \/ Yoast SEO plugin. -->","yoast_head_json":{"title":"K\u00edn\u00e1ban megeml\u00e9kez\u00e9seket tartottak a jap\u00e1n agresszi\u00f3 elleni h\u00e1bor\u00fa kit\u00f6r\u00e9s\u00e9nek 86. \u00e9vfordul\u00f3ja alkalm\u00e1b\u00f3l - kinaikaleidoszkop.hu","robots":{"index":"index","follow":"follow","max-snippet":"max-snippet:-1","max-image-preview":"max-image-preview:large","max-video-preview":"max-video-preview:-1"},"canonical":"https:\/\/kinaikaleidoszkop.hu\/index.php\/2023\/07\/07\/kinaban-megemlekezeseket-tartottak-a-japan-agresszio-elleni-haboru-kitoresenek-86-evforduloja-alkalmabol\/","og_locale":"hu_HU","og_type":"article","og_title":"K\u00edn\u00e1ban megeml\u00e9kez\u00e9seket tartottak a jap\u00e1n agresszi\u00f3 elleni h\u00e1bor\u00fa kit\u00f6r\u00e9s\u00e9nek 86. \u00e9vfordul\u00f3ja alkalm\u00e1b\u00f3l - kinaikaleidoszkop.hu","og_description":"J\u00falius 7-\u00e9n van a k\u00ednai nemzet jap\u00e1n agresszi\u00f3 elleni h\u00e1bor\u00faja kit\u00f6r\u00e9s\u00e9nek 86. \u00e9vfordul\u00f3ja. 86 \u00e9vvel ezel\u0151tt, j\u00falius 7-\u00e9n a jap\u00e1n agresszorok elind\u00edtott\u00e1k a Lugou-h\u00edd provokat\u00edv incidenst, \u00e9s teljes k\u00f6r\u0171 agresszi\u00f3s h\u00e1bor\u00fat ind\u00edtottak K\u00edna ellen. A Pekingben fekv\u0151 K\u00ednai N\u00e9p Jap\u00e1n Agresszi\u00f3 Elleni H\u00e1bor\u00faj\u00e1nak Eml\u00e9km\u0171v\u00e9n\u00e9l 18:30-ig meghosszabb\u00edtott\u00e1k a nyitvatart\u00e1st ezen a napon. Jap\u00e1n inv\u00e1zi\u00f3ja nagy trag\u00e9di\u00e1t [&hellip;]","og_url":"https:\/\/kinaikaleidoszkop.hu\/index.php\/2023\/07\/07\/kinaban-megemlekezeseket-tartottak-a-japan-agresszio-elleni-haboru-kitoresenek-86-evforduloja-alkalmabol\/","og_site_name":"kinaikaleidoszkop.hu","article_published_time":"2023-07-07T13:30:41+00:00","article_modified_time":"2023-07-07T13:30:50+00:00","og_image":[{"width":2560,"height":1498,"url":"https:\/\/kinaikaleidoszkop.hu\/wp-content\/uploads\/2023\/07\/070703-scaled.jpg","type":"image\/jpeg"}],"author":"admin-sebi","twitter_card":"summary_large_image","twitter_misc":{"Szerz\u0151:":"admin-sebi","Becs\u00fclt olvas\u00e1si id\u0151":"2 perc"},"schema":{"@context":"https:\/\/schema.org","@graph":[{"@type":"WebPage","@id":"https:\/\/kinaikaleidoszkop.hu\/index.php\/2023\/07\/07\/kinaban-megemlekezeseket-tartottak-a-japan-agresszio-elleni-haboru-kitoresenek-86-evforduloja-alkalmabol\/","url":"https:\/\/kinaikaleidoszkop.hu\/index.php\/2023\/07\/07\/kinaban-megemlekezeseket-tartottak-a-japan-agresszio-elleni-haboru-kitoresenek-86-evforduloja-alkalmabol\/","name":"K\u00edn\u00e1ban megeml\u00e9kez\u00e9seket tartottak a jap\u00e1n agresszi\u00f3 elleni h\u00e1bor\u00fa kit\u00f6r\u00e9s\u00e9nek 86. \u00e9vfordul\u00f3ja alkalm\u00e1b\u00f3l - kinaikaleidoszkop.hu","isPartOf":{"@id":"https:\/\/kinaikaleidoszkop.hu\/#website"},"primaryImageOfPage":{"@id":"https:\/\/kinaikaleidoszkop.hu\/index.php\/2023\/07\/07\/kinaban-megemlekezeseket-tartottak-a-japan-agresszio-elleni-haboru-kitoresenek-86-evforduloja-alkalmabol\/#primaryimage"},"image":{"@id":"https:\/\/kinaikaleidoszkop.hu\/index.php\/2023\/07\/07\/kinaban-megemlekezeseket-tartottak-a-japan-agresszio-elleni-haboru-kitoresenek-86-evforduloja-alkalmabol\/#primaryimage"},"thumbnailUrl":"https:\/\/kinaikaleidoszkop.hu\/wp-content\/uploads\/2023\/07\/070703-scaled.jpg","datePublished":"2023-07-07T13:30:41+00:00","dateModified":"2023-07-07T13:30:50+00:00","author":{"@id":"https:\/\/kinaikaleidoszkop.hu\/#\/schema\/person\/fd215d3a8bab54daeb796ae166f99ea5"},"breadcrumb":{"@id":"https:\/\/kinaikaleidoszkop.hu\/index.php\/2023\/07\/07\/kinaban-megemlekezeseket-tartottak-a-japan-agresszio-elleni-haboru-kitoresenek-86-evforduloja-alkalmabol\/#breadcrumb"},"inLanguage":"hu","potentialAction":[{"@type":"ReadAction","target":["https:\/\/kinaikaleidoszkop.hu\/index.php\/2023\/07\/07\/kinaban-megemlekezeseket-tartottak-a-japan-agresszio-elleni-haboru-kitoresenek-86-evforduloja-alkalmabol\/"]}]},{"@type":"ImageObject","inLanguage":"hu","@id":"https:\/\/kinaikaleidoszkop.hu\/index.php\/2023\/07\/07\/kinaban-megemlekezeseket-tartottak-a-japan-agresszio-elleni-haboru-kitoresenek-86-evforduloja-alkalmabol\/#primaryimage","url":"https:\/\/kinaikaleidoszkop.hu\/wp-content\/uploads\/2023\/07\/070703-scaled.jpg","contentUrl":"https:\/\/kinaikaleidoszkop.hu\/wp-content\/uploads\/2023\/07\/070703-scaled.jpg","width":2560,"height":1498},{"@type":"BreadcrumbList","@id":"https:\/\/kinaikaleidoszkop.hu\/index.php\/2023\/07\/07\/kinaban-megemlekezeseket-tartottak-a-japan-agresszio-elleni-haboru-kitoresenek-86-evforduloja-alkalmabol\/#breadcrumb","itemListElement":[{"@type":"ListItem","position":1,"name":"Kezd\u0151lap","item":"https:\/\/kinaikaleidoszkop.hu\/"},{"@type":"ListItem","position":2,"name":"K\u00edn\u00e1ban megeml\u00e9kez\u00e9seket tartottak a jap\u00e1n agresszi\u00f3 elleni h\u00e1bor\u00fa kit\u00f6r\u00e9s\u00e9nek 86. \u00e9vfordul\u00f3ja alkalm\u00e1b\u00f3l"}]},{"@type":"WebSite","@id":"https:\/\/kinaikaleidoszkop.hu\/#website","url":"https:\/\/kinaikaleidoszkop.hu\/","name":"kinaikaleidoszkop.hu","description":"","potentialAction":[{"@type":"SearchAction","target":{"@type":"EntryPoint","urlTemplate":"https:\/\/kinaikaleidoszkop.hu\/?s={search_term_string}"},"query-input":{"@type":"PropertyValueSpecification","valueRequired":true,"valueName":"search_term_string"}}],"inLanguage":"hu"},{"@type":"Person","@id":"https:\/\/kinaikaleidoszkop.hu\/#\/schema\/person\/fd215d3a8bab54daeb796ae166f99ea5","name":"admin-sebi","image":{"@type":"ImageObject","inLanguage":"hu","@id":"https:\/\/kinaikaleidoszkop.hu\/#\/schema\/person\/image\/","url":"https:\/\/secure.gravatar.com\/avatar\/b1498042bc4969020b4951f204f963e97c3d7d199f3790c1071adf67c61d0aa5?s=96&d=mm&r=g","contentUrl":"https:\/\/secure.gravatar.com\/avatar\/b1498042bc4969020b4951f204f963e97c3d7d199f3790c1071adf67c61d0aa5?s=96&d=mm&r=g","caption":"admin-sebi"},"url":"https:\/\/kinaikaleidoszkop.hu\/index.php\/author\/admin-sebi\/"}]}},"views":238,"distributor_meta":false,"distributor_terms":false,"distributor_media":false,"distributor_original_site_name":"kinaikaleidoszkop.hu","distributor_original_site_url":"https:\/\/kinaikaleidoszkop.hu","push-errors":false,"_links":{"self":[{"href":"https:\/\/kinaikaleidoszkop.hu\/index.php\/wp-json\/wp\/v2\/posts\/18122","targetHints":{"allow":["GET"]}}],"collection":[{"href":"https:\/\/kinaikaleidoszkop.hu\/index.php\/wp-json\/wp\/v2\/posts"}],"about":[{"href":"https:\/\/kinaikaleidoszkop.hu\/index.php\/wp-json\/wp\/v2\/types\/post"}],"author":[{"embeddable":true,"href":"https:\/\/kinaikaleidoszkop.hu\/index.php\/wp-json\/wp\/v2\/users\/6"}],"replies":[{"embeddable":true,"href":"https:\/\/kinaikaleidoszkop.hu\/index.php\/wp-json\/wp\/v2\/comments?post=18122"}],"version-history":[{"count":1,"href":"https:\/\/kinaikaleidoszkop.hu\/index.php\/wp-json\/wp\/v2\/posts\/18122\/revisions"}],"predecessor-version":[{"id":18125,"href":"https:\/\/kinaikaleidoszkop.hu\/index.php\/wp-json\/wp\/v2\/posts\/18122\/revisions\/18125"}],"wp:featuredmedia":[{"embeddable":true,"href":"https:\/\/kinaikaleidoszkop.hu\/index.php\/wp-json\/wp\/v2\/media\/18124"}],"wp:attachment":[{"href":"https:\/\/kinaikaleidoszkop.hu\/index.php\/wp-json\/wp\/v2\/media?parent=18122"}],"wp:term":[{"taxonomy":"category","embeddable":true,"href":"https:\/\/kinaikaleidoszkop.hu\/index.php\/wp-json\/wp\/v2\/categories?post=18122"},{"taxonomy":"post_tag","embeddable":true,"href":"https:\/\/kinaikaleidoszkop.hu\/index.php\/wp-json\/wp\/v2\/tags?post=18122"}],"curies":[{"name":"wp","href":"https:\/\/api.w.org\/{rel}","templated":true}]}}