{"id":18126,"date":"2023-07-07T17:23:43","date_gmt":"2023-07-07T15:23:43","guid":{"rendered":"https:\/\/kinaikaleidoszkop.hu\/?p=18126"},"modified":"2023-07-07T17:23:44","modified_gmt":"2023-07-07T15:23:44","slug":"ovohelyeket-nyitottak-meg-szamos-kinai-varosban-a-kanikula-elol-menedeket-keresoknek","status":"publish","type":"post","link":"https:\/\/kinaikaleidoszkop.hu\/index.php\/2023\/07\/07\/ovohelyeket-nyitottak-meg-szamos-kinai-varosban-a-kanikula-elol-menedeket-keresoknek\/","title":{"rendered":"\u00d3v\u00f3helyeket nyitottak meg sz\u00e1mos k\u00ednai v\u00e1rosban a k\u00e1nikula el\u0151l mened\u00e9ket keres\u0151knek"},"content":{"rendered":"\n<p><strong>Megnyitott\u00e1k a l\u00e9goltalmi \u00f3v\u00f3helyeket sz\u00e1mos k\u00ednai v\u00e1rosban, hogy a k\u00e1nikula el\u0151l mened\u00e9ket keres\u0151knek enyh\u00fcl\u00e9st ny\u00fajtsanak, mivel az ut\u00f3bbi napokban az extr\u00e9m h\u0151s\u00e9g az orsz\u00e1g egyes r\u00e9szein ember\u00e9leteket is k\u00f6vetelt m\u00e1r.<\/strong><\/p>\n\n\n\n<p>A k\u00ednai Nemzeti \u00c9ghajlati K\u00f6zpont e heti k\u00f6zlem\u00e9nye szerint Pekingben kilenc egym\u00e1st k\u00f6vet\u0151 napon haladta meg a h\u0151m\u00e9rs\u00e9klet 35 Celsius-fokot, ami utolj\u00e1ra 1961-ben fordult el\u0151.<br>\u00a0\u00a0\u00a0\u00a0<\/p>\n\n\n\n<p>A napokban Hangcsouban, Vuhanban, \u00e9s Sicsiacsuangban is megnyitott\u00e1k az \u00f3v\u00f3helyeket, hogy mened\u00e9ket ny\u00fajtsanak a h\u0151s\u00e9g el\u0151l a lakoss\u00e1gnak. A hat\u00f3s\u00e1gok a h\u0151hull\u00e1m miatt eg\u00e9szs\u00e9g\u00fcgyi riaszt\u00e1st is kiadtak, \u00e9s Pekingben, valamint az orsz\u00e1g m\u00e1s h\u0151s\u00e9g s\u00fajtotta ter\u00fclet\u00e9n is felf\u00fcggesztett\u00e9k a szabadban v\u00e9gzett munk\u00e1kat. <strong>A helyi hat\u00f3s\u00e1gok szerint Pekingben eddig k\u00e9t hal\u00e1los \u00e1ldozata volt a h\u0151s\u00e9gnek.<\/strong> Saohszing eg\u00e9szs\u00e9g\u00fcgyi hat\u00f3s\u00e1gai a pontos sz\u00e1m megjel\u00f6l\u00e9se n\u00e9lk\u00fcl szint\u00e9n t\u00f6bb hal\u00e1lesetr\u0151l sz\u00e1moltak be.<br>\u00a0\u00a0\u00a0\u00a0<\/p>\n\n\n\n<p>A k\u00ednai v\u00e1rosokban m\u00e9g a jap\u00e1n inv\u00e1zi\u00f3 idej\u00e9n, 1937-t\u0151l kezd\u0151d\u00f6tt el a l\u00e9goltalmi \u00f3v\u00f3helyek \u00e9p\u00edt\u00e9se. Az \u00f3v\u00f3helyek kialak\u00edt\u00e1sa az \u00f6tvenes \u00e9vekben is folytat\u00f3dott egy esetleges atomt\u00e1mad\u00e1sra k\u00e9sz\u00fclve, mikor K\u00edna \u00e9s a Szovjetuni\u00f3 viszonya megromlott. <strong>Az \u00f3v\u00f3helyeken le lehet \u00fclni, biztos\u00edtj\u00e1k a vizet, a h\u0151guta elleni gy\u00f3gyszereket, n\u00e9hol wifit \u00e9s telev\u00edzi\u00f3t is.<\/strong><br>\u00a0\u00a0\u00a0\u00a0<\/p>\n\n\n\n<p>M\u00edg K\u00edna \u00e9szaki r\u00e9sz\u00e9n puszt\u00edt\u00f3 h\u0151s\u00e9g \u00e9s asz\u00e1ly fenyeget, az orsz\u00e1g d\u00e9li r\u00e9sz\u00e9n az \u00e1rad\u00e1sok miatt sok ezer embernek kellett elhagynia lak\u00f3hely\u00e9t. <strong>A h\u00e9ten m\u00e1r t\u00f6bbsz\u00f6r megd\u0151lt a F\u00f6ld glob\u00e1lis \u00e1tlagh\u0151m\u00e9rs\u00e9klet\u00e9nek napi rekordja.<\/strong><\/p>\n\n\n\n<p><strong>2023. j\u00falius 7.<\/strong><\/p>\n\n\n\n<p><strong><em>(MTI\/AP)<\/em><\/strong><\/p>\n","protected":false},"excerpt":{"rendered":"<p>Megnyitott\u00e1k a l\u00e9goltalmi \u00f3v\u00f3helyeket sz\u00e1mos k\u00ednai v\u00e1rosban, hogy a k\u00e1nikula el\u0151l mened\u00e9ket keres\u0151knek enyh\u00fcl\u00e9st ny\u00fajtsanak, mivel az ut\u00f3bbi napokban az extr\u00e9m h\u0151s\u00e9g az orsz\u00e1g egyes r\u00e9szein ember\u00e9leteket is k\u00f6vetelt m\u00e1r. A k\u00ednai Nemzeti \u00c9ghajlati K\u00f6zpont e heti k\u00f6zlem\u00e9nye szerint Pekingben kilenc egym\u00e1st k\u00f6vet\u0151 napon haladta meg a h\u0151m\u00e9rs\u00e9klet 35 Celsius-fokot, ami utolj\u00e1ra 1961-ben fordult el\u0151.\u00a0\u00a0\u00a0\u00a0 [&hellip;]<\/p>\n","protected":false},"author":7,"featured_media":18128,"comment_status":"closed","ping_status":"closed","sticky":false,"template":"","format":"standard","meta":{"footnotes":""},"categories":[45,7],"tags":[2376,234,2003,2682],"class_list":["post-18126","post","type-post","status-publish","format-standard","has-post-thumbnail","hentry","category-hirek","category-mind","tag-figyelmeztetes","tag-halaleset","tag-idojaras","tag-kanikula"],"yoast_head":"<!-- This site is optimized with the Yoast SEO plugin v23.7 - https:\/\/yoast.com\/wordpress\/plugins\/seo\/ -->\n<title>\u00d3v\u00f3helyeket nyitottak meg sz\u00e1mos k\u00ednai v\u00e1rosban a k\u00e1nikula el\u0151l mened\u00e9ket keres\u0151knek - kinaikaleidoszkop.hu<\/title>\n<meta name=\"robots\" content=\"index, follow, max-snippet:-1, max-image-preview:large, max-video-preview:-1\" \/>\n<link rel=\"canonical\" href=\"https:\/\/kinaikaleidoszkop.hu\/index.php\/2023\/07\/07\/ovohelyeket-nyitottak-meg-szamos-kinai-varosban-a-kanikula-elol-menedeket-keresoknek\/\" \/>\n<meta property=\"og:locale\" content=\"hu_HU\" \/>\n<meta property=\"og:type\" content=\"article\" \/>\n<meta property=\"og:title\" content=\"\u00d3v\u00f3helyeket nyitottak meg sz\u00e1mos k\u00ednai v\u00e1rosban a k\u00e1nikula el\u0151l mened\u00e9ket keres\u0151knek - kinaikaleidoszkop.hu\" \/>\n<meta property=\"og:description\" content=\"Megnyitott\u00e1k a l\u00e9goltalmi \u00f3v\u00f3helyeket sz\u00e1mos k\u00ednai v\u00e1rosban, hogy a k\u00e1nikula el\u0151l mened\u00e9ket keres\u0151knek enyh\u00fcl\u00e9st ny\u00fajtsanak, mivel az ut\u00f3bbi napokban az extr\u00e9m h\u0151s\u00e9g az orsz\u00e1g egyes r\u00e9szein ember\u00e9leteket is k\u00f6vetelt m\u00e1r. A k\u00ednai Nemzeti \u00c9ghajlati K\u00f6zpont e heti k\u00f6zlem\u00e9nye szerint Pekingben kilenc egym\u00e1st k\u00f6vet\u0151 napon haladta meg a h\u0151m\u00e9rs\u00e9klet 35 Celsius-fokot, ami utolj\u00e1ra 1961-ben fordult el\u0151.\u00a0\u00a0\u00a0\u00a0 [&hellip;]\" \/>\n<meta property=\"og:url\" content=\"https:\/\/kinaikaleidoszkop.hu\/index.php\/2023\/07\/07\/ovohelyeket-nyitottak-meg-szamos-kinai-varosban-a-kanikula-elol-menedeket-keresoknek\/\" \/>\n<meta property=\"og:site_name\" content=\"kinaikaleidoszkop.hu\" \/>\n<meta property=\"article:published_time\" content=\"2023-07-07T15:23:43+00:00\" \/>\n<meta property=\"article:modified_time\" content=\"2023-07-07T15:23:44+00:00\" \/>\n<meta property=\"og:image\" content=\"https:\/\/kinaikaleidoszkop.hu\/wp-content\/uploads\/2023\/07\/clouds-1724447_1280.jpg\" \/>\n\t<meta property=\"og:image:width\" content=\"1280\" \/>\n\t<meta property=\"og:image:height\" content=\"880\" \/>\n\t<meta property=\"og:image:type\" content=\"image\/jpeg\" \/>\n<meta name=\"author\" content=\"Szerk_Erik\" \/>\n<meta name=\"twitter:card\" content=\"summary_large_image\" \/>\n<meta name=\"twitter:label1\" content=\"Szerz\u0151:\" \/>\n\t<meta name=\"twitter:data1\" content=\"Szerk_Erik\" \/>\n\t<meta name=\"twitter:label2\" content=\"Becs\u00fclt olvas\u00e1si id\u0151\" \/>\n\t<meta name=\"twitter:data2\" content=\"2 perc\" \/>\n<script type=\"application\/ld+json\" class=\"yoast-schema-graph\">{\"@context\":\"https:\/\/schema.org\",\"@graph\":[{\"@type\":\"WebPage\",\"@id\":\"https:\/\/kinaikaleidoszkop.hu\/index.php\/2023\/07\/07\/ovohelyeket-nyitottak-meg-szamos-kinai-varosban-a-kanikula-elol-menedeket-keresoknek\/\",\"url\":\"https:\/\/kinaikaleidoszkop.hu\/index.php\/2023\/07\/07\/ovohelyeket-nyitottak-meg-szamos-kinai-varosban-a-kanikula-elol-menedeket-keresoknek\/\",\"name\":\"\u00d3v\u00f3helyeket nyitottak meg sz\u00e1mos k\u00ednai v\u00e1rosban a k\u00e1nikula el\u0151l mened\u00e9ket keres\u0151knek - kinaikaleidoszkop.hu\",\"isPartOf\":{\"@id\":\"https:\/\/kinaikaleidoszkop.hu\/#website\"},\"primaryImageOfPage\":{\"@id\":\"https:\/\/kinaikaleidoszkop.hu\/index.php\/2023\/07\/07\/ovohelyeket-nyitottak-meg-szamos-kinai-varosban-a-kanikula-elol-menedeket-keresoknek\/#primaryimage\"},\"image\":{\"@id\":\"https:\/\/kinaikaleidoszkop.hu\/index.php\/2023\/07\/07\/ovohelyeket-nyitottak-meg-szamos-kinai-varosban-a-kanikula-elol-menedeket-keresoknek\/#primaryimage\"},\"thumbnailUrl\":\"https:\/\/kinaikaleidoszkop.hu\/wp-content\/uploads\/2023\/07\/clouds-1724447_1280.jpg\",\"datePublished\":\"2023-07-07T15:23:43+00:00\",\"dateModified\":\"2023-07-07T15:23:44+00:00\",\"author\":{\"@id\":\"https:\/\/kinaikaleidoszkop.hu\/#\/schema\/person\/4d69b71e7e70322713b9d9287b610556\"},\"breadcrumb\":{\"@id\":\"https:\/\/kinaikaleidoszkop.hu\/index.php\/2023\/07\/07\/ovohelyeket-nyitottak-meg-szamos-kinai-varosban-a-kanikula-elol-menedeket-keresoknek\/#breadcrumb\"},\"inLanguage\":\"hu\",\"potentialAction\":[{\"@type\":\"ReadAction\",\"target\":[\"https:\/\/kinaikaleidoszkop.hu\/index.php\/2023\/07\/07\/ovohelyeket-nyitottak-meg-szamos-kinai-varosban-a-kanikula-elol-menedeket-keresoknek\/\"]}]},{\"@type\":\"ImageObject\",\"inLanguage\":\"hu\",\"@id\":\"https:\/\/kinaikaleidoszkop.hu\/index.php\/2023\/07\/07\/ovohelyeket-nyitottak-meg-szamos-kinai-varosban-a-kanikula-elol-menedeket-keresoknek\/#primaryimage\",\"url\":\"https:\/\/kinaikaleidoszkop.hu\/wp-content\/uploads\/2023\/07\/clouds-1724447_1280.jpg\",\"contentUrl\":\"https:\/\/kinaikaleidoszkop.hu\/wp-content\/uploads\/2023\/07\/clouds-1724447_1280.jpg\",\"width\":1280,\"height\":880},{\"@type\":\"BreadcrumbList\",\"@id\":\"https:\/\/kinaikaleidoszkop.hu\/index.php\/2023\/07\/07\/ovohelyeket-nyitottak-meg-szamos-kinai-varosban-a-kanikula-elol-menedeket-keresoknek\/#breadcrumb\",\"itemListElement\":[{\"@type\":\"ListItem\",\"position\":1,\"name\":\"Kezd\u0151lap\",\"item\":\"https:\/\/kinaikaleidoszkop.hu\/\"},{\"@type\":\"ListItem\",\"position\":2,\"name\":\"\u00d3v\u00f3helyeket nyitottak meg sz\u00e1mos k\u00ednai v\u00e1rosban a k\u00e1nikula el\u0151l mened\u00e9ket keres\u0151knek\"}]},{\"@type\":\"WebSite\",\"@id\":\"https:\/\/kinaikaleidoszkop.hu\/#website\",\"url\":\"https:\/\/kinaikaleidoszkop.hu\/\",\"name\":\"kinaikaleidoszkop.hu\",\"description\":\"\",\"potentialAction\":[{\"@type\":\"SearchAction\",\"target\":{\"@type\":\"EntryPoint\",\"urlTemplate\":\"https:\/\/kinaikaleidoszkop.hu\/?s={search_term_string}\"},\"query-input\":{\"@type\":\"PropertyValueSpecification\",\"valueRequired\":true,\"valueName\":\"search_term_string\"}}],\"inLanguage\":\"hu\"},{\"@type\":\"Person\",\"@id\":\"https:\/\/kinaikaleidoszkop.hu\/#\/schema\/person\/4d69b71e7e70322713b9d9287b610556\",\"name\":\"Szerk_Erik\",\"image\":{\"@type\":\"ImageObject\",\"inLanguage\":\"hu\",\"@id\":\"https:\/\/kinaikaleidoszkop.hu\/#\/schema\/person\/image\/\",\"url\":\"https:\/\/secure.gravatar.com\/avatar\/3c1e909a14c0c91d2eaef877aaacb584c667f8e7137de69653aa9561fd0e8062?s=96&d=mm&r=g\",\"contentUrl\":\"https:\/\/secure.gravatar.com\/avatar\/3c1e909a14c0c91d2eaef877aaacb584c667f8e7137de69653aa9561fd0e8062?s=96&d=mm&r=g\",\"caption\":\"Szerk_Erik\"},\"url\":\"https:\/\/kinaikaleidoszkop.hu\/index.php\/author\/szerk_erik\/\"}]}<\/script>\n<!-- \/ Yoast SEO plugin. -->","yoast_head_json":{"title":"\u00d3v\u00f3helyeket nyitottak meg sz\u00e1mos k\u00ednai v\u00e1rosban a k\u00e1nikula el\u0151l mened\u00e9ket keres\u0151knek - kinaikaleidoszkop.hu","robots":{"index":"index","follow":"follow","max-snippet":"max-snippet:-1","max-image-preview":"max-image-preview:large","max-video-preview":"max-video-preview:-1"},"canonical":"https:\/\/kinaikaleidoszkop.hu\/index.php\/2023\/07\/07\/ovohelyeket-nyitottak-meg-szamos-kinai-varosban-a-kanikula-elol-menedeket-keresoknek\/","og_locale":"hu_HU","og_type":"article","og_title":"\u00d3v\u00f3helyeket nyitottak meg sz\u00e1mos k\u00ednai v\u00e1rosban a k\u00e1nikula el\u0151l mened\u00e9ket keres\u0151knek - kinaikaleidoszkop.hu","og_description":"Megnyitott\u00e1k a l\u00e9goltalmi \u00f3v\u00f3helyeket sz\u00e1mos k\u00ednai v\u00e1rosban, hogy a k\u00e1nikula el\u0151l mened\u00e9ket keres\u0151knek enyh\u00fcl\u00e9st ny\u00fajtsanak, mivel az ut\u00f3bbi napokban az extr\u00e9m h\u0151s\u00e9g az orsz\u00e1g egyes r\u00e9szein ember\u00e9leteket is k\u00f6vetelt m\u00e1r. A k\u00ednai Nemzeti \u00c9ghajlati K\u00f6zpont e heti k\u00f6zlem\u00e9nye szerint Pekingben kilenc egym\u00e1st k\u00f6vet\u0151 napon haladta meg a h\u0151m\u00e9rs\u00e9klet 35 Celsius-fokot, ami utolj\u00e1ra 1961-ben fordult el\u0151.\u00a0\u00a0\u00a0\u00a0 [&hellip;]","og_url":"https:\/\/kinaikaleidoszkop.hu\/index.php\/2023\/07\/07\/ovohelyeket-nyitottak-meg-szamos-kinai-varosban-a-kanikula-elol-menedeket-keresoknek\/","og_site_name":"kinaikaleidoszkop.hu","article_published_time":"2023-07-07T15:23:43+00:00","article_modified_time":"2023-07-07T15:23:44+00:00","og_image":[{"width":1280,"height":880,"url":"https:\/\/kinaikaleidoszkop.hu\/wp-content\/uploads\/2023\/07\/clouds-1724447_1280.jpg","type":"image\/jpeg"}],"author":"Szerk_Erik","twitter_card":"summary_large_image","twitter_misc":{"Szerz\u0151:":"Szerk_Erik","Becs\u00fclt olvas\u00e1si id\u0151":"2 perc"},"schema":{"@context":"https:\/\/schema.org","@graph":[{"@type":"WebPage","@id":"https:\/\/kinaikaleidoszkop.hu\/index.php\/2023\/07\/07\/ovohelyeket-nyitottak-meg-szamos-kinai-varosban-a-kanikula-elol-menedeket-keresoknek\/","url":"https:\/\/kinaikaleidoszkop.hu\/index.php\/2023\/07\/07\/ovohelyeket-nyitottak-meg-szamos-kinai-varosban-a-kanikula-elol-menedeket-keresoknek\/","name":"\u00d3v\u00f3helyeket nyitottak meg sz\u00e1mos k\u00ednai v\u00e1rosban a k\u00e1nikula el\u0151l mened\u00e9ket keres\u0151knek - kinaikaleidoszkop.hu","isPartOf":{"@id":"https:\/\/kinaikaleidoszkop.hu\/#website"},"primaryImageOfPage":{"@id":"https:\/\/kinaikaleidoszkop.hu\/index.php\/2023\/07\/07\/ovohelyeket-nyitottak-meg-szamos-kinai-varosban-a-kanikula-elol-menedeket-keresoknek\/#primaryimage"},"image":{"@id":"https:\/\/kinaikaleidoszkop.hu\/index.php\/2023\/07\/07\/ovohelyeket-nyitottak-meg-szamos-kinai-varosban-a-kanikula-elol-menedeket-keresoknek\/#primaryimage"},"thumbnailUrl":"https:\/\/kinaikaleidoszkop.hu\/wp-content\/uploads\/2023\/07\/clouds-1724447_1280.jpg","datePublished":"2023-07-07T15:23:43+00:00","dateModified":"2023-07-07T15:23:44+00:00","author":{"@id":"https:\/\/kinaikaleidoszkop.hu\/#\/schema\/person\/4d69b71e7e70322713b9d9287b610556"},"breadcrumb":{"@id":"https:\/\/kinaikaleidoszkop.hu\/index.php\/2023\/07\/07\/ovohelyeket-nyitottak-meg-szamos-kinai-varosban-a-kanikula-elol-menedeket-keresoknek\/#breadcrumb"},"inLanguage":"hu","potentialAction":[{"@type":"ReadAction","target":["https:\/\/kinaikaleidoszkop.hu\/index.php\/2023\/07\/07\/ovohelyeket-nyitottak-meg-szamos-kinai-varosban-a-kanikula-elol-menedeket-keresoknek\/"]}]},{"@type":"ImageObject","inLanguage":"hu","@id":"https:\/\/kinaikaleidoszkop.hu\/index.php\/2023\/07\/07\/ovohelyeket-nyitottak-meg-szamos-kinai-varosban-a-kanikula-elol-menedeket-keresoknek\/#primaryimage","url":"https:\/\/kinaikaleidoszkop.hu\/wp-content\/uploads\/2023\/07\/clouds-1724447_1280.jpg","contentUrl":"https:\/\/kinaikaleidoszkop.hu\/wp-content\/uploads\/2023\/07\/clouds-1724447_1280.jpg","width":1280,"height":880},{"@type":"BreadcrumbList","@id":"https:\/\/kinaikaleidoszkop.hu\/index.php\/2023\/07\/07\/ovohelyeket-nyitottak-meg-szamos-kinai-varosban-a-kanikula-elol-menedeket-keresoknek\/#breadcrumb","itemListElement":[{"@type":"ListItem","position":1,"name":"Kezd\u0151lap","item":"https:\/\/kinaikaleidoszkop.hu\/"},{"@type":"ListItem","position":2,"name":"\u00d3v\u00f3helyeket nyitottak meg sz\u00e1mos k\u00ednai v\u00e1rosban a k\u00e1nikula el\u0151l mened\u00e9ket keres\u0151knek"}]},{"@type":"WebSite","@id":"https:\/\/kinaikaleidoszkop.hu\/#website","url":"https:\/\/kinaikaleidoszkop.hu\/","name":"kinaikaleidoszkop.hu","description":"","potentialAction":[{"@type":"SearchAction","target":{"@type":"EntryPoint","urlTemplate":"https:\/\/kinaikaleidoszkop.hu\/?s={search_term_string}"},"query-input":{"@type":"PropertyValueSpecification","valueRequired":true,"valueName":"search_term_string"}}],"inLanguage":"hu"},{"@type":"Person","@id":"https:\/\/kinaikaleidoszkop.hu\/#\/schema\/person\/4d69b71e7e70322713b9d9287b610556","name":"Szerk_Erik","image":{"@type":"ImageObject","inLanguage":"hu","@id":"https:\/\/kinaikaleidoszkop.hu\/#\/schema\/person\/image\/","url":"https:\/\/secure.gravatar.com\/avatar\/3c1e909a14c0c91d2eaef877aaacb584c667f8e7137de69653aa9561fd0e8062?s=96&d=mm&r=g","contentUrl":"https:\/\/secure.gravatar.com\/avatar\/3c1e909a14c0c91d2eaef877aaacb584c667f8e7137de69653aa9561fd0e8062?s=96&d=mm&r=g","caption":"Szerk_Erik"},"url":"https:\/\/kinaikaleidoszkop.hu\/index.php\/author\/szerk_erik\/"}]}},"views":268,"distributor_meta":false,"distributor_terms":false,"distributor_media":false,"distributor_original_site_name":"kinaikaleidoszkop.hu","distributor_original_site_url":"https:\/\/kinaikaleidoszkop.hu","push-errors":false,"_links":{"self":[{"href":"https:\/\/kinaikaleidoszkop.hu\/index.php\/wp-json\/wp\/v2\/posts\/18126","targetHints":{"allow":["GET"]}}],"collection":[{"href":"https:\/\/kinaikaleidoszkop.hu\/index.php\/wp-json\/wp\/v2\/posts"}],"about":[{"href":"https:\/\/kinaikaleidoszkop.hu\/index.php\/wp-json\/wp\/v2\/types\/post"}],"author":[{"embeddable":true,"href":"https:\/\/kinaikaleidoszkop.hu\/index.php\/wp-json\/wp\/v2\/users\/7"}],"replies":[{"embeddable":true,"href":"https:\/\/kinaikaleidoszkop.hu\/index.php\/wp-json\/wp\/v2\/comments?post=18126"}],"version-history":[{"count":1,"href":"https:\/\/kinaikaleidoszkop.hu\/index.php\/wp-json\/wp\/v2\/posts\/18126\/revisions"}],"predecessor-version":[{"id":18129,"href":"https:\/\/kinaikaleidoszkop.hu\/index.php\/wp-json\/wp\/v2\/posts\/18126\/revisions\/18129"}],"wp:featuredmedia":[{"embeddable":true,"href":"https:\/\/kinaikaleidoszkop.hu\/index.php\/wp-json\/wp\/v2\/media\/18128"}],"wp:attachment":[{"href":"https:\/\/kinaikaleidoszkop.hu\/index.php\/wp-json\/wp\/v2\/media?parent=18126"}],"wp:term":[{"taxonomy":"category","embeddable":true,"href":"https:\/\/kinaikaleidoszkop.hu\/index.php\/wp-json\/wp\/v2\/categories?post=18126"},{"taxonomy":"post_tag","embeddable":true,"href":"https:\/\/kinaikaleidoszkop.hu\/index.php\/wp-json\/wp\/v2\/tags?post=18126"}],"curies":[{"name":"wp","href":"https:\/\/api.w.org\/{rel}","templated":true}]}}