{"id":18140,"date":"2023-07-10T13:00:00","date_gmt":"2023-07-10T11:00:00","guid":{"rendered":"https:\/\/kinaikaleidoszkop.hu\/?p=18140"},"modified":"2023-07-10T13:00:02","modified_gmt":"2023-07-10T11:00:02","slug":"szebb-elet-a-megujult-varosokban","status":"publish","type":"post","link":"https:\/\/kinaikaleidoszkop.hu\/index.php\/2023\/07\/10\/szebb-elet-a-megujult-varosokban\/","title":{"rendered":"Szebb \u00e9let a meg\u00fajult v\u00e1rosokban"},"content":{"rendered":"\n<p><strong>Hszi Csin-ping, a K\u00ednai Kommunista P\u00e1rt f\u0151titk\u00e1ra szerint a v\u00e1ros az, ahol az emberek \u00e9lnek, ez\u00e9rt a lakhat\u00f3s\u00e1got kell az els\u0151dleges szempontt\u00e1 tenni a v\u00e1ros\u00e9p\u00edt\u00e9s sor\u00e1n, hogy a v\u00e1rosi lakosok hozz\u00e1f\u00e9rhessenek a legjobb er\u0151forr\u00e1sokhoz. Id\u00e9n t\u00f6bb k\u00ednai v\u00e1rosban folytatj\u00e1k a lakoss\u00e1g \u00e9letmin\u0151s\u00e9g\u00e9nek jav\u00edt\u00e1s\u00e1t, ezzel er\u0151s\u00edtve a n\u00e9p nyeres\u00e9g\u00e9rzet\u00e9t, boldogs\u00e1g\u00e9rzet\u00e9t, illetve a biztons\u00e1g\u00e9rzet\u00e9t.<\/strong><\/p>\n\n\n\n<p>A k\u00f6zelm\u00faltban kiadt\u00e1k K\u00edn\u00e1ban a <em>V\u00e1rosi-vid\u00e9ki t\u00f6rt\u00e9nelmi \u00e9s kultur\u00e1lis v\u00e9delmi \u00e9s hasznos\u00edt\u00e1si el\u0151\u00edr\u00e1sok<\/em>at<em>,<\/em> amely int\u00e9zked\u00e9sek id\u00e9n december 1-j\u00e9n l\u00e9pnek majd hat\u00e1lyba. 2023-ban 141 nemzeti szint\u0171 t\u00f6rt\u00e9nelmi \u00e9s kultur\u00e1lis v\u00e1rost, t\u00f6bb mint 1200 kultur\u00e1lis \u00e9s t\u00f6rt\u00e9nelmi utc\u00e1t \u00e9s 61,9 ezer t\u00f6rt\u00e9nelmi \u00e9p\u00fcletet vettek v\u00e9delem al\u00e1 az orsz\u00e1gban.<\/p>\n\n\n\n<p>Az elm\u00falt 11 \u00e9vben Hszi Csin-ping t\u00f6bbsz\u00f6r is hangs\u00falyozta, hogy a p\u00e1rtja komolyan veszi a v\u00e1ros\u00e9p\u00edt\u00e9si munk\u00e1kat, \u00e9s olyan fontos meg\u00e1llap\u00edt\u00e1sokat tett ezzel kapcsolatban, mint p\u00e9ld\u00e1ul, \u201e\u00fagy kell meg\u0151rizn\u00fcnk a v\u00e1ros t\u00f6rt\u00e9nelmi \u00e9s kultur\u00e1lis \u00f6r\u00f6ks\u00e9geit, ahogy az \u00e9let\u00fcnket \u00f3vjuk\u201d, \u201ea v\u00e1rosvezet\u00e9snek olyan apr\u00f3l\u00e9kosnak kell lennie, mint a h\u00edmz\u00e9snek\u201d \u00e9s \u201elegyen a v\u00e1rosnak eml\u00e9ke, hogy az emberek nosztalgi\u00e1zni tudjanak\u201d stb.<\/p>\n\n\n\n<figure class=\"wp-block-image\"><img decoding=\"async\" src=\"https:\/\/hirpest.hu\/wp-content\/uploads\/2023\/07\/0710Lea2.png\" alt=\"\" class=\"wp-image-17768\"\/><\/figure>\n\n\n\n<p>A meg\u00fajul\u00f3 \u00f6kol\u00f3giai k\u00f6rnyezet egyre k\u00e9nyelmesebb\u00e9 teszi a v\u00e1rosi \u00e9letet. Az ut\u00f3bbi \u00e9vekben a k\u00ednai v\u00e1rosok be\u00e9p\u00edtett ter\u00fcleteinek z\u00f6lddel fedetts\u00e9ge el\u00e9rte a 42,4%-ot, \u00e9s egyre t\u00f6bb minipark tal\u00e1lhat\u00f3 a lak\u00f3negyedek k\u00f6zel\u00e9ben is. Manaps\u00e1g t\u00f6bb mint 35 ezer minipark van orsz\u00e1gszerte, s ezek t\u00f6bbs\u00e9ge ink\u00e1bb fitneszpark \u00e9s pihen\u0151.<\/p>\n\n\n\n<p><strong>2023. j\u00falius 10.<\/strong><\/p>\n\n\n\n<p><strong><em>(China Media Group)<\/em><\/strong><\/p>\n\n\n\n<p><strong>(x)<\/strong><\/p>\n","protected":false},"excerpt":{"rendered":"<p>Hszi Csin-ping, a K\u00ednai Kommunista P\u00e1rt f\u0151titk\u00e1ra szerint a v\u00e1ros az, ahol az emberek \u00e9lnek, ez\u00e9rt a lakhat\u00f3s\u00e1got kell az els\u0151dleges szempontt\u00e1 tenni a v\u00e1ros\u00e9p\u00edt\u00e9s sor\u00e1n, hogy a v\u00e1rosi lakosok hozz\u00e1f\u00e9rhessenek a legjobb er\u0151forr\u00e1sokhoz. Id\u00e9n t\u00f6bb k\u00ednai v\u00e1rosban folytatj\u00e1k a lakoss\u00e1g \u00e9letmin\u0151s\u00e9g\u00e9nek jav\u00edt\u00e1s\u00e1t, ezzel er\u0151s\u00edtve a n\u00e9p nyeres\u00e9g\u00e9rzet\u00e9t, boldogs\u00e1g\u00e9rzet\u00e9t, illetve a biztons\u00e1g\u00e9rzet\u00e9t. A k\u00f6zelm\u00faltban kiadt\u00e1k [&hellip;]<\/p>\n","protected":false},"author":2,"featured_media":18146,"comment_status":"closed","ping_status":"closed","sticky":false,"template":"","format":"standard","meta":{"footnotes":""},"categories":[45],"tags":[649,2693,305,2692,390,2691,488],"class_list":["post-18140","post","type-post","status-publish","format-standard","has-post-thumbnail","hentry","category-hirek","tag-eletminoseg","tag-eloiras","tag-hszi-csin-ping","tag-lakhatosag","tag-okologiai-kornyezet","tag-varos","tag-vedelem"],"yoast_head":"<!-- This site is optimized with the Yoast SEO plugin v23.7 - https:\/\/yoast.com\/wordpress\/plugins\/seo\/ -->\n<title>Szebb \u00e9let a meg\u00fajult v\u00e1rosokban - kinaikaleidoszkop.hu<\/title>\n<meta name=\"robots\" content=\"index, follow, max-snippet:-1, max-image-preview:large, max-video-preview:-1\" \/>\n<link rel=\"canonical\" href=\"https:\/\/kinaikaleidoszkop.hu\/index.php\/2023\/07\/10\/szebb-elet-a-megujult-varosokban\/\" \/>\n<meta property=\"og:locale\" content=\"hu_HU\" \/>\n<meta property=\"og:type\" content=\"article\" \/>\n<meta property=\"og:title\" content=\"Szebb \u00e9let a meg\u00fajult v\u00e1rosokban - kinaikaleidoszkop.hu\" \/>\n<meta property=\"og:description\" content=\"Hszi Csin-ping, a K\u00ednai Kommunista P\u00e1rt f\u0151titk\u00e1ra szerint a v\u00e1ros az, ahol az emberek \u00e9lnek, ez\u00e9rt a lakhat\u00f3s\u00e1got kell az els\u0151dleges szempontt\u00e1 tenni a v\u00e1ros\u00e9p\u00edt\u00e9s sor\u00e1n, hogy a v\u00e1rosi lakosok hozz\u00e1f\u00e9rhessenek a legjobb er\u0151forr\u00e1sokhoz. Id\u00e9n t\u00f6bb k\u00ednai v\u00e1rosban folytatj\u00e1k a lakoss\u00e1g \u00e9letmin\u0151s\u00e9g\u00e9nek jav\u00edt\u00e1s\u00e1t, ezzel er\u0151s\u00edtve a n\u00e9p nyeres\u00e9g\u00e9rzet\u00e9t, boldogs\u00e1g\u00e9rzet\u00e9t, illetve a biztons\u00e1g\u00e9rzet\u00e9t. A k\u00f6zelm\u00faltban kiadt\u00e1k [&hellip;]\" \/>\n<meta property=\"og:url\" content=\"https:\/\/kinaikaleidoszkop.hu\/index.php\/2023\/07\/10\/szebb-elet-a-megujult-varosokban\/\" \/>\n<meta property=\"og:site_name\" content=\"kinaikaleidoszkop.hu\" \/>\n<meta property=\"article:published_time\" content=\"2023-07-10T11:00:00+00:00\" \/>\n<meta property=\"article:modified_time\" content=\"2023-07-10T11:00:02+00:00\" \/>\n<meta property=\"og:image\" content=\"https:\/\/kinaikaleidoszkop.hu\/wp-content\/uploads\/2023\/07\/0710Lea2.png\" \/>\n\t<meta property=\"og:image:width\" content=\"1280\" \/>\n\t<meta property=\"og:image:height\" content=\"720\" \/>\n\t<meta property=\"og:image:type\" content=\"image\/png\" \/>\n<meta name=\"author\" content=\"admin-szabolcs\" \/>\n<meta name=\"twitter:card\" content=\"summary_large_image\" \/>\n<meta name=\"twitter:label1\" content=\"Szerz\u0151:\" \/>\n\t<meta name=\"twitter:data1\" content=\"admin-szabolcs\" \/>\n\t<meta name=\"twitter:label2\" content=\"Becs\u00fclt olvas\u00e1si id\u0151\" \/>\n\t<meta name=\"twitter:data2\" content=\"2 perc\" \/>\n<script type=\"application\/ld+json\" class=\"yoast-schema-graph\">{\"@context\":\"https:\/\/schema.org\",\"@graph\":[{\"@type\":\"WebPage\",\"@id\":\"https:\/\/kinaikaleidoszkop.hu\/index.php\/2023\/07\/10\/szebb-elet-a-megujult-varosokban\/\",\"url\":\"https:\/\/kinaikaleidoszkop.hu\/index.php\/2023\/07\/10\/szebb-elet-a-megujult-varosokban\/\",\"name\":\"Szebb \u00e9let a meg\u00fajult v\u00e1rosokban - kinaikaleidoszkop.hu\",\"isPartOf\":{\"@id\":\"https:\/\/kinaikaleidoszkop.hu\/#website\"},\"primaryImageOfPage\":{\"@id\":\"https:\/\/kinaikaleidoszkop.hu\/index.php\/2023\/07\/10\/szebb-elet-a-megujult-varosokban\/#primaryimage\"},\"image\":{\"@id\":\"https:\/\/kinaikaleidoszkop.hu\/index.php\/2023\/07\/10\/szebb-elet-a-megujult-varosokban\/#primaryimage\"},\"thumbnailUrl\":\"https:\/\/kinaikaleidoszkop.hu\/wp-content\/uploads\/2023\/07\/0710Lea2.png\",\"datePublished\":\"2023-07-10T11:00:00+00:00\",\"dateModified\":\"2023-07-10T11:00:02+00:00\",\"author\":{\"@id\":\"https:\/\/kinaikaleidoszkop.hu\/#\/schema\/person\/b9e2febe742edd540c1197716ec02bf7\"},\"breadcrumb\":{\"@id\":\"https:\/\/kinaikaleidoszkop.hu\/index.php\/2023\/07\/10\/szebb-elet-a-megujult-varosokban\/#breadcrumb\"},\"inLanguage\":\"hu\",\"potentialAction\":[{\"@type\":\"ReadAction\",\"target\":[\"https:\/\/kinaikaleidoszkop.hu\/index.php\/2023\/07\/10\/szebb-elet-a-megujult-varosokban\/\"]}]},{\"@type\":\"ImageObject\",\"inLanguage\":\"hu\",\"@id\":\"https:\/\/kinaikaleidoszkop.hu\/index.php\/2023\/07\/10\/szebb-elet-a-megujult-varosokban\/#primaryimage\",\"url\":\"https:\/\/kinaikaleidoszkop.hu\/wp-content\/uploads\/2023\/07\/0710Lea2.png\",\"contentUrl\":\"https:\/\/kinaikaleidoszkop.hu\/wp-content\/uploads\/2023\/07\/0710Lea2.png\",\"width\":1280,\"height\":720},{\"@type\":\"BreadcrumbList\",\"@id\":\"https:\/\/kinaikaleidoszkop.hu\/index.php\/2023\/07\/10\/szebb-elet-a-megujult-varosokban\/#breadcrumb\",\"itemListElement\":[{\"@type\":\"ListItem\",\"position\":1,\"name\":\"Kezd\u0151lap\",\"item\":\"https:\/\/kinaikaleidoszkop.hu\/\"},{\"@type\":\"ListItem\",\"position\":2,\"name\":\"Szebb \u00e9let a meg\u00fajult v\u00e1rosokban\"}]},{\"@type\":\"WebSite\",\"@id\":\"https:\/\/kinaikaleidoszkop.hu\/#website\",\"url\":\"https:\/\/kinaikaleidoszkop.hu\/\",\"name\":\"kinaikaleidoszkop.hu\",\"description\":\"\",\"potentialAction\":[{\"@type\":\"SearchAction\",\"target\":{\"@type\":\"EntryPoint\",\"urlTemplate\":\"https:\/\/kinaikaleidoszkop.hu\/?s={search_term_string}\"},\"query-input\":{\"@type\":\"PropertyValueSpecification\",\"valueRequired\":true,\"valueName\":\"search_term_string\"}}],\"inLanguage\":\"hu\"},{\"@type\":\"Person\",\"@id\":\"https:\/\/kinaikaleidoszkop.hu\/#\/schema\/person\/b9e2febe742edd540c1197716ec02bf7\",\"name\":\"admin-szabolcs\",\"image\":{\"@type\":\"ImageObject\",\"inLanguage\":\"hu\",\"@id\":\"https:\/\/kinaikaleidoszkop.hu\/#\/schema\/person\/image\/\",\"url\":\"https:\/\/secure.gravatar.com\/avatar\/154f262492794df2a6cb5d5349227b18ef8f85ab462fbb32625fc42406483d21?s=96&d=mm&r=g\",\"contentUrl\":\"https:\/\/secure.gravatar.com\/avatar\/154f262492794df2a6cb5d5349227b18ef8f85ab462fbb32625fc42406483d21?s=96&d=mm&r=g\",\"caption\":\"admin-szabolcs\"},\"url\":\"https:\/\/kinaikaleidoszkop.hu\/index.php\/author\/admin-szabolcs\/\"}]}<\/script>\n<!-- \/ Yoast SEO plugin. -->","yoast_head_json":{"title":"Szebb \u00e9let a meg\u00fajult v\u00e1rosokban - kinaikaleidoszkop.hu","robots":{"index":"index","follow":"follow","max-snippet":"max-snippet:-1","max-image-preview":"max-image-preview:large","max-video-preview":"max-video-preview:-1"},"canonical":"https:\/\/kinaikaleidoszkop.hu\/index.php\/2023\/07\/10\/szebb-elet-a-megujult-varosokban\/","og_locale":"hu_HU","og_type":"article","og_title":"Szebb \u00e9let a meg\u00fajult v\u00e1rosokban - kinaikaleidoszkop.hu","og_description":"Hszi Csin-ping, a K\u00ednai Kommunista P\u00e1rt f\u0151titk\u00e1ra szerint a v\u00e1ros az, ahol az emberek \u00e9lnek, ez\u00e9rt a lakhat\u00f3s\u00e1got kell az els\u0151dleges szempontt\u00e1 tenni a v\u00e1ros\u00e9p\u00edt\u00e9s sor\u00e1n, hogy a v\u00e1rosi lakosok hozz\u00e1f\u00e9rhessenek a legjobb er\u0151forr\u00e1sokhoz. Id\u00e9n t\u00f6bb k\u00ednai v\u00e1rosban folytatj\u00e1k a lakoss\u00e1g \u00e9letmin\u0151s\u00e9g\u00e9nek jav\u00edt\u00e1s\u00e1t, ezzel er\u0151s\u00edtve a n\u00e9p nyeres\u00e9g\u00e9rzet\u00e9t, boldogs\u00e1g\u00e9rzet\u00e9t, illetve a biztons\u00e1g\u00e9rzet\u00e9t. A k\u00f6zelm\u00faltban kiadt\u00e1k [&hellip;]","og_url":"https:\/\/kinaikaleidoszkop.hu\/index.php\/2023\/07\/10\/szebb-elet-a-megujult-varosokban\/","og_site_name":"kinaikaleidoszkop.hu","article_published_time":"2023-07-10T11:00:00+00:00","article_modified_time":"2023-07-10T11:00:02+00:00","og_image":[{"width":1280,"height":720,"url":"https:\/\/kinaikaleidoszkop.hu\/wp-content\/uploads\/2023\/07\/0710Lea2.png","type":"image\/png"}],"author":"admin-szabolcs","twitter_card":"summary_large_image","twitter_misc":{"Szerz\u0151:":"admin-szabolcs","Becs\u00fclt olvas\u00e1si id\u0151":"2 perc"},"schema":{"@context":"https:\/\/schema.org","@graph":[{"@type":"WebPage","@id":"https:\/\/kinaikaleidoszkop.hu\/index.php\/2023\/07\/10\/szebb-elet-a-megujult-varosokban\/","url":"https:\/\/kinaikaleidoszkop.hu\/index.php\/2023\/07\/10\/szebb-elet-a-megujult-varosokban\/","name":"Szebb \u00e9let a meg\u00fajult v\u00e1rosokban - kinaikaleidoszkop.hu","isPartOf":{"@id":"https:\/\/kinaikaleidoszkop.hu\/#website"},"primaryImageOfPage":{"@id":"https:\/\/kinaikaleidoszkop.hu\/index.php\/2023\/07\/10\/szebb-elet-a-megujult-varosokban\/#primaryimage"},"image":{"@id":"https:\/\/kinaikaleidoszkop.hu\/index.php\/2023\/07\/10\/szebb-elet-a-megujult-varosokban\/#primaryimage"},"thumbnailUrl":"https:\/\/kinaikaleidoszkop.hu\/wp-content\/uploads\/2023\/07\/0710Lea2.png","datePublished":"2023-07-10T11:00:00+00:00","dateModified":"2023-07-10T11:00:02+00:00","author":{"@id":"https:\/\/kinaikaleidoszkop.hu\/#\/schema\/person\/b9e2febe742edd540c1197716ec02bf7"},"breadcrumb":{"@id":"https:\/\/kinaikaleidoszkop.hu\/index.php\/2023\/07\/10\/szebb-elet-a-megujult-varosokban\/#breadcrumb"},"inLanguage":"hu","potentialAction":[{"@type":"ReadAction","target":["https:\/\/kinaikaleidoszkop.hu\/index.php\/2023\/07\/10\/szebb-elet-a-megujult-varosokban\/"]}]},{"@type":"ImageObject","inLanguage":"hu","@id":"https:\/\/kinaikaleidoszkop.hu\/index.php\/2023\/07\/10\/szebb-elet-a-megujult-varosokban\/#primaryimage","url":"https:\/\/kinaikaleidoszkop.hu\/wp-content\/uploads\/2023\/07\/0710Lea2.png","contentUrl":"https:\/\/kinaikaleidoszkop.hu\/wp-content\/uploads\/2023\/07\/0710Lea2.png","width":1280,"height":720},{"@type":"BreadcrumbList","@id":"https:\/\/kinaikaleidoszkop.hu\/index.php\/2023\/07\/10\/szebb-elet-a-megujult-varosokban\/#breadcrumb","itemListElement":[{"@type":"ListItem","position":1,"name":"Kezd\u0151lap","item":"https:\/\/kinaikaleidoszkop.hu\/"},{"@type":"ListItem","position":2,"name":"Szebb \u00e9let a meg\u00fajult v\u00e1rosokban"}]},{"@type":"WebSite","@id":"https:\/\/kinaikaleidoszkop.hu\/#website","url":"https:\/\/kinaikaleidoszkop.hu\/","name":"kinaikaleidoszkop.hu","description":"","potentialAction":[{"@type":"SearchAction","target":{"@type":"EntryPoint","urlTemplate":"https:\/\/kinaikaleidoszkop.hu\/?s={search_term_string}"},"query-input":{"@type":"PropertyValueSpecification","valueRequired":true,"valueName":"search_term_string"}}],"inLanguage":"hu"},{"@type":"Person","@id":"https:\/\/kinaikaleidoszkop.hu\/#\/schema\/person\/b9e2febe742edd540c1197716ec02bf7","name":"admin-szabolcs","image":{"@type":"ImageObject","inLanguage":"hu","@id":"https:\/\/kinaikaleidoszkop.hu\/#\/schema\/person\/image\/","url":"https:\/\/secure.gravatar.com\/avatar\/154f262492794df2a6cb5d5349227b18ef8f85ab462fbb32625fc42406483d21?s=96&d=mm&r=g","contentUrl":"https:\/\/secure.gravatar.com\/avatar\/154f262492794df2a6cb5d5349227b18ef8f85ab462fbb32625fc42406483d21?s=96&d=mm&r=g","caption":"admin-szabolcs"},"url":"https:\/\/kinaikaleidoszkop.hu\/index.php\/author\/admin-szabolcs\/"}]}},"views":257,"distributor_meta":false,"distributor_terms":false,"distributor_media":false,"distributor_original_site_name":"kinaikaleidoszkop.hu","distributor_original_site_url":"https:\/\/kinaikaleidoszkop.hu","push-errors":false,"_links":{"self":[{"href":"https:\/\/kinaikaleidoszkop.hu\/index.php\/wp-json\/wp\/v2\/posts\/18140","targetHints":{"allow":["GET"]}}],"collection":[{"href":"https:\/\/kinaikaleidoszkop.hu\/index.php\/wp-json\/wp\/v2\/posts"}],"about":[{"href":"https:\/\/kinaikaleidoszkop.hu\/index.php\/wp-json\/wp\/v2\/types\/post"}],"author":[{"embeddable":true,"href":"https:\/\/kinaikaleidoszkop.hu\/index.php\/wp-json\/wp\/v2\/users\/2"}],"replies":[{"embeddable":true,"href":"https:\/\/kinaikaleidoszkop.hu\/index.php\/wp-json\/wp\/v2\/comments?post=18140"}],"version-history":[{"count":1,"href":"https:\/\/kinaikaleidoszkop.hu\/index.php\/wp-json\/wp\/v2\/posts\/18140\/revisions"}],"predecessor-version":[{"id":18148,"href":"https:\/\/kinaikaleidoszkop.hu\/index.php\/wp-json\/wp\/v2\/posts\/18140\/revisions\/18148"}],"wp:featuredmedia":[{"embeddable":true,"href":"https:\/\/kinaikaleidoszkop.hu\/index.php\/wp-json\/wp\/v2\/media\/18146"}],"wp:attachment":[{"href":"https:\/\/kinaikaleidoszkop.hu\/index.php\/wp-json\/wp\/v2\/media?parent=18140"}],"wp:term":[{"taxonomy":"category","embeddable":true,"href":"https:\/\/kinaikaleidoszkop.hu\/index.php\/wp-json\/wp\/v2\/categories?post=18140"},{"taxonomy":"post_tag","embeddable":true,"href":"https:\/\/kinaikaleidoszkop.hu\/index.php\/wp-json\/wp\/v2\/tags?post=18140"}],"curies":[{"name":"wp","href":"https:\/\/api.w.org\/{rel}","templated":true}]}}