{"id":18153,"date":"2023-07-11T11:00:11","date_gmt":"2023-07-11T09:00:11","guid":{"rendered":"https:\/\/kinaikaleidoszkop.hu\/?p=18153"},"modified":"2023-07-11T11:00:12","modified_gmt":"2023-07-11T09:00:12","slug":"pekingben-megnyilt-a-globalis-kozos-fejlesztesi-fellepes-forum","status":"publish","type":"post","link":"https:\/\/kinaikaleidoszkop.hu\/index.php\/2023\/07\/11\/pekingben-megnyilt-a-globalis-kozos-fejlesztesi-fellepes-forum\/","title":{"rendered":"Pekingben megny\u00edlt a Glob\u00e1lis K\u00f6z\u00f6s Fejleszt\u00e9si Fell\u00e9p\u00e9s F\u00f3rum"},"content":{"rendered":"\n<p><strong>J\u00falius 10-\u00e9n d\u00e9lel\u0151tt Pekingben tartott\u00e1k a Glob\u00e1lis K\u00f6z\u00f6s Fejleszt\u00e9si Fell\u00e9p\u00e9s F\u00f3rum els\u0151 magas rang\u00fa \u00fcl\u00e9s\u00e9t. A k\u00fcl\u00f6nb\u00f6z\u0151 orsz\u00e1gokb\u00f3l j\u00f6tt r\u00e9sztvev\u0151k p\u00e1rbesz\u00e9det folytattak a D\u00e9l\u2013D\u00e9l egy\u00fcttm\u0171k\u00f6d\u00e9s elm\u00e9ly\u00edt\u00e9s\u00e9r\u0151l, a glob\u00e1lis k\u00f6z\u00f6s fejl\u0151d\u00e9s el\u0151mozd\u00edt\u00e1s\u00e1r\u00f3l \u00e9s egy\u00e9b t\u00e9m\u00e1kr\u00f3l.<\/strong><\/p>\n\n\n\n<p>A f\u00f3rum t\u00e9m\u00e1ja: \u201eK\u00edna kezdem\u00e9nyez\u00e9sei \u00e9s a glob\u00e1lis akci\u00f3k\u201d. A \u201eSzeg\u00e9nys\u00e9g cs\u00f6kkent\u00e9se \u00e9s \u00e9lelmez\u00e9sbiztons\u00e1g\u201d, a \u201eKl\u00edmav\u00e1ltoz\u00e1s \u00e9s z\u00f6ld fejleszt\u00e9s\u201d, a \u201eFejleszt\u00e9si finansz\u00edroz\u00e1s\u201d \u00e9s az \u201e\u00d6sszekapcsol\u00f3d\u00e1s a digit\u00e1lis vil\u00e1gban\u201d t\u00e9m\u00e1kban n\u00e9gy alf\u00f3rumot is rendeznek.<\/p>\n\n\n\n<p>Ban Ki-moon, az ENSZ egykori f\u0151titk\u00e1ra az \u00fcl\u00e9sen tartott besz\u00e9d\u00e9ben elmondta, hogy a D\u00e9l\u2013D\u00e9l egy\u00fcttm\u0171k\u00f6d\u00e9s r\u00e9v\u00e9n K\u00edna 750 milli\u00f3 polg\u00e1r\u00e1t emelte ki a m\u00e9lyszeg\u00e9nys\u00e9gb\u0151l, r\u00e1ad\u00e1sul \u00e1tfog\u00f3an \u00e9s gyorsan \u00e1t\u00e1ll\u00edtotta a fejleszt\u00e9s\u00e9t az alacsony sz\u00e9n-dioxid-kibocs\u00e1t\u00e1s\u00fa z\u00f6ld gazdas\u00e1gra. Ban Ki-moon rem\u00e9li, hogy K\u00edna a j\u00f6v\u0151ben is megosztja m\u00e1s orsz\u00e1gokkal a fejleszt\u00e9si tapasztalatait.<\/p>\n\n\n\n<figure class=\"wp-block-image\"><img decoding=\"async\" src=\"https:\/\/hirpest.hu\/wp-content\/uploads\/2023\/07\/071003.jpg\" alt=\"\" class=\"wp-image-17779\"\/><\/figure>\n\n\n\n<p>A f\u00f3rumon a glob\u00e1lis fejleszt\u00e9si projektekre vonatkoz\u00f3 ir\u00e1nymutat\u00e1sokat \u00e9s finansz\u00edroz\u00e1si ir\u00e1nyelveket is meghat\u00e1rozt\u00e1k.<\/p>\n\n\n\n<p><strong>2023. j\u00falius 11.<\/strong><\/p>\n\n\n\n<p><strong><em>(China Media Group)<\/em><\/strong><\/p>\n\n\n\n<p><strong>(x)<\/strong><\/p>\n","protected":false},"excerpt":{"rendered":"<p>J\u00falius 10-\u00e9n d\u00e9lel\u0151tt Pekingben tartott\u00e1k a Glob\u00e1lis K\u00f6z\u00f6s Fejleszt\u00e9si Fell\u00e9p\u00e9s F\u00f3rum els\u0151 magas rang\u00fa \u00fcl\u00e9s\u00e9t. A k\u00fcl\u00f6nb\u00f6z\u0151 orsz\u00e1gokb\u00f3l j\u00f6tt r\u00e9sztvev\u0151k p\u00e1rbesz\u00e9det folytattak a D\u00e9l\u2013D\u00e9l egy\u00fcttm\u0171k\u00f6d\u00e9s elm\u00e9ly\u00edt\u00e9s\u00e9r\u0151l, a glob\u00e1lis k\u00f6z\u00f6s fejl\u0151d\u00e9s el\u0151mozd\u00edt\u00e1s\u00e1r\u00f3l \u00e9s egy\u00e9b t\u00e9m\u00e1kr\u00f3l. A f\u00f3rum t\u00e9m\u00e1ja: \u201eK\u00edna kezdem\u00e9nyez\u00e9sei \u00e9s a glob\u00e1lis akci\u00f3k\u201d. A \u201eSzeg\u00e9nys\u00e9g cs\u00f6kkent\u00e9se \u00e9s \u00e9lelmez\u00e9sbiztons\u00e1g\u201d, a \u201eKl\u00edmav\u00e1ltoz\u00e1s \u00e9s z\u00f6ld fejleszt\u00e9s\u201d, a \u201eFejleszt\u00e9si [&hellip;]<\/p>\n","protected":false},"author":2,"featured_media":18156,"comment_status":"closed","ping_status":"closed","sticky":false,"template":"","format":"standard","meta":{"footnotes":""},"categories":[45],"tags":[2253,325,349,1167,2694,1030,141,2458],"class_list":["post-18153","post","type-post","status-publish","format-standard","has-post-thumbnail","hentry","category-hirek","tag-ban-ki-moon","tag-ensz","tag-fejlesztes","tag-forum","tag-globalis-kozos-fejlesztesi-fellepes-forum","tag-parbeszed","tag-peking","tag-tapasztalat"],"yoast_head":"<!-- This site is optimized with the Yoast SEO plugin v23.7 - https:\/\/yoast.com\/wordpress\/plugins\/seo\/ -->\n<title>Pekingben megny\u00edlt a Glob\u00e1lis K\u00f6z\u00f6s Fejleszt\u00e9si Fell\u00e9p\u00e9s F\u00f3rum - kinaikaleidoszkop.hu<\/title>\n<meta name=\"robots\" content=\"index, follow, max-snippet:-1, max-image-preview:large, max-video-preview:-1\" \/>\n<link rel=\"canonical\" href=\"https:\/\/kinaikaleidoszkop.hu\/index.php\/2023\/07\/11\/pekingben-megnyilt-a-globalis-kozos-fejlesztesi-fellepes-forum\/\" \/>\n<meta property=\"og:locale\" content=\"hu_HU\" \/>\n<meta property=\"og:type\" content=\"article\" \/>\n<meta property=\"og:title\" content=\"Pekingben megny\u00edlt a Glob\u00e1lis K\u00f6z\u00f6s Fejleszt\u00e9si Fell\u00e9p\u00e9s F\u00f3rum - kinaikaleidoszkop.hu\" \/>\n<meta property=\"og:description\" content=\"J\u00falius 10-\u00e9n d\u00e9lel\u0151tt Pekingben tartott\u00e1k a Glob\u00e1lis K\u00f6z\u00f6s Fejleszt\u00e9si Fell\u00e9p\u00e9s F\u00f3rum els\u0151 magas rang\u00fa \u00fcl\u00e9s\u00e9t. A k\u00fcl\u00f6nb\u00f6z\u0151 orsz\u00e1gokb\u00f3l j\u00f6tt r\u00e9sztvev\u0151k p\u00e1rbesz\u00e9det folytattak a D\u00e9l\u2013D\u00e9l egy\u00fcttm\u0171k\u00f6d\u00e9s elm\u00e9ly\u00edt\u00e9s\u00e9r\u0151l, a glob\u00e1lis k\u00f6z\u00f6s fejl\u0151d\u00e9s el\u0151mozd\u00edt\u00e1s\u00e1r\u00f3l \u00e9s egy\u00e9b t\u00e9m\u00e1kr\u00f3l. A f\u00f3rum t\u00e9m\u00e1ja: \u201eK\u00edna kezdem\u00e9nyez\u00e9sei \u00e9s a glob\u00e1lis akci\u00f3k\u201d. A \u201eSzeg\u00e9nys\u00e9g cs\u00f6kkent\u00e9se \u00e9s \u00e9lelmez\u00e9sbiztons\u00e1g\u201d, a \u201eKl\u00edmav\u00e1ltoz\u00e1s \u00e9s z\u00f6ld fejleszt\u00e9s\u201d, a \u201eFejleszt\u00e9si [&hellip;]\" \/>\n<meta property=\"og:url\" content=\"https:\/\/kinaikaleidoszkop.hu\/index.php\/2023\/07\/11\/pekingben-megnyilt-a-globalis-kozos-fejlesztesi-fellepes-forum\/\" \/>\n<meta property=\"og:site_name\" content=\"kinaikaleidoszkop.hu\" \/>\n<meta property=\"article:published_time\" content=\"2023-07-11T09:00:11+00:00\" \/>\n<meta property=\"article:modified_time\" content=\"2023-07-11T09:00:12+00:00\" \/>\n<meta property=\"og:image\" content=\"https:\/\/kinaikaleidoszkop.hu\/wp-content\/uploads\/2023\/07\/071003.jpg\" \/>\n\t<meta property=\"og:image:width\" content=\"1024\" \/>\n\t<meta property=\"og:image:height\" content=\"576\" \/>\n\t<meta property=\"og:image:type\" content=\"image\/jpeg\" \/>\n<meta name=\"author\" content=\"admin-szabolcs\" \/>\n<meta name=\"twitter:card\" content=\"summary_large_image\" \/>\n<meta name=\"twitter:label1\" content=\"Szerz\u0151:\" \/>\n\t<meta name=\"twitter:data1\" content=\"admin-szabolcs\" \/>\n\t<meta name=\"twitter:label2\" content=\"Becs\u00fclt olvas\u00e1si id\u0151\" \/>\n\t<meta name=\"twitter:data2\" content=\"1 perc\" \/>\n<script type=\"application\/ld+json\" class=\"yoast-schema-graph\">{\"@context\":\"https:\/\/schema.org\",\"@graph\":[{\"@type\":\"WebPage\",\"@id\":\"https:\/\/kinaikaleidoszkop.hu\/index.php\/2023\/07\/11\/pekingben-megnyilt-a-globalis-kozos-fejlesztesi-fellepes-forum\/\",\"url\":\"https:\/\/kinaikaleidoszkop.hu\/index.php\/2023\/07\/11\/pekingben-megnyilt-a-globalis-kozos-fejlesztesi-fellepes-forum\/\",\"name\":\"Pekingben megny\u00edlt a Glob\u00e1lis K\u00f6z\u00f6s Fejleszt\u00e9si Fell\u00e9p\u00e9s F\u00f3rum - kinaikaleidoszkop.hu\",\"isPartOf\":{\"@id\":\"https:\/\/kinaikaleidoszkop.hu\/#website\"},\"primaryImageOfPage\":{\"@id\":\"https:\/\/kinaikaleidoszkop.hu\/index.php\/2023\/07\/11\/pekingben-megnyilt-a-globalis-kozos-fejlesztesi-fellepes-forum\/#primaryimage\"},\"image\":{\"@id\":\"https:\/\/kinaikaleidoszkop.hu\/index.php\/2023\/07\/11\/pekingben-megnyilt-a-globalis-kozos-fejlesztesi-fellepes-forum\/#primaryimage\"},\"thumbnailUrl\":\"https:\/\/kinaikaleidoszkop.hu\/wp-content\/uploads\/2023\/07\/071003.jpg\",\"datePublished\":\"2023-07-11T09:00:11+00:00\",\"dateModified\":\"2023-07-11T09:00:12+00:00\",\"author\":{\"@id\":\"https:\/\/kinaikaleidoszkop.hu\/#\/schema\/person\/b9e2febe742edd540c1197716ec02bf7\"},\"breadcrumb\":{\"@id\":\"https:\/\/kinaikaleidoszkop.hu\/index.php\/2023\/07\/11\/pekingben-megnyilt-a-globalis-kozos-fejlesztesi-fellepes-forum\/#breadcrumb\"},\"inLanguage\":\"hu\",\"potentialAction\":[{\"@type\":\"ReadAction\",\"target\":[\"https:\/\/kinaikaleidoszkop.hu\/index.php\/2023\/07\/11\/pekingben-megnyilt-a-globalis-kozos-fejlesztesi-fellepes-forum\/\"]}]},{\"@type\":\"ImageObject\",\"inLanguage\":\"hu\",\"@id\":\"https:\/\/kinaikaleidoszkop.hu\/index.php\/2023\/07\/11\/pekingben-megnyilt-a-globalis-kozos-fejlesztesi-fellepes-forum\/#primaryimage\",\"url\":\"https:\/\/kinaikaleidoszkop.hu\/wp-content\/uploads\/2023\/07\/071003.jpg\",\"contentUrl\":\"https:\/\/kinaikaleidoszkop.hu\/wp-content\/uploads\/2023\/07\/071003.jpg\",\"width\":1024,\"height\":576},{\"@type\":\"BreadcrumbList\",\"@id\":\"https:\/\/kinaikaleidoszkop.hu\/index.php\/2023\/07\/11\/pekingben-megnyilt-a-globalis-kozos-fejlesztesi-fellepes-forum\/#breadcrumb\",\"itemListElement\":[{\"@type\":\"ListItem\",\"position\":1,\"name\":\"Kezd\u0151lap\",\"item\":\"https:\/\/kinaikaleidoszkop.hu\/\"},{\"@type\":\"ListItem\",\"position\":2,\"name\":\"Pekingben megny\u00edlt a Glob\u00e1lis K\u00f6z\u00f6s Fejleszt\u00e9si Fell\u00e9p\u00e9s F\u00f3rum\"}]},{\"@type\":\"WebSite\",\"@id\":\"https:\/\/kinaikaleidoszkop.hu\/#website\",\"url\":\"https:\/\/kinaikaleidoszkop.hu\/\",\"name\":\"kinaikaleidoszkop.hu\",\"description\":\"\",\"potentialAction\":[{\"@type\":\"SearchAction\",\"target\":{\"@type\":\"EntryPoint\",\"urlTemplate\":\"https:\/\/kinaikaleidoszkop.hu\/?s={search_term_string}\"},\"query-input\":{\"@type\":\"PropertyValueSpecification\",\"valueRequired\":true,\"valueName\":\"search_term_string\"}}],\"inLanguage\":\"hu\"},{\"@type\":\"Person\",\"@id\":\"https:\/\/kinaikaleidoszkop.hu\/#\/schema\/person\/b9e2febe742edd540c1197716ec02bf7\",\"name\":\"admin-szabolcs\",\"image\":{\"@type\":\"ImageObject\",\"inLanguage\":\"hu\",\"@id\":\"https:\/\/kinaikaleidoszkop.hu\/#\/schema\/person\/image\/\",\"url\":\"https:\/\/secure.gravatar.com\/avatar\/154f262492794df2a6cb5d5349227b18ef8f85ab462fbb32625fc42406483d21?s=96&d=mm&r=g\",\"contentUrl\":\"https:\/\/secure.gravatar.com\/avatar\/154f262492794df2a6cb5d5349227b18ef8f85ab462fbb32625fc42406483d21?s=96&d=mm&r=g\",\"caption\":\"admin-szabolcs\"},\"url\":\"https:\/\/kinaikaleidoszkop.hu\/index.php\/author\/admin-szabolcs\/\"}]}<\/script>\n<!-- \/ Yoast SEO plugin. -->","yoast_head_json":{"title":"Pekingben megny\u00edlt a Glob\u00e1lis K\u00f6z\u00f6s Fejleszt\u00e9si Fell\u00e9p\u00e9s F\u00f3rum - kinaikaleidoszkop.hu","robots":{"index":"index","follow":"follow","max-snippet":"max-snippet:-1","max-image-preview":"max-image-preview:large","max-video-preview":"max-video-preview:-1"},"canonical":"https:\/\/kinaikaleidoszkop.hu\/index.php\/2023\/07\/11\/pekingben-megnyilt-a-globalis-kozos-fejlesztesi-fellepes-forum\/","og_locale":"hu_HU","og_type":"article","og_title":"Pekingben megny\u00edlt a Glob\u00e1lis K\u00f6z\u00f6s Fejleszt\u00e9si Fell\u00e9p\u00e9s F\u00f3rum - kinaikaleidoszkop.hu","og_description":"J\u00falius 10-\u00e9n d\u00e9lel\u0151tt Pekingben tartott\u00e1k a Glob\u00e1lis K\u00f6z\u00f6s Fejleszt\u00e9si Fell\u00e9p\u00e9s F\u00f3rum els\u0151 magas rang\u00fa \u00fcl\u00e9s\u00e9t. A k\u00fcl\u00f6nb\u00f6z\u0151 orsz\u00e1gokb\u00f3l j\u00f6tt r\u00e9sztvev\u0151k p\u00e1rbesz\u00e9det folytattak a D\u00e9l\u2013D\u00e9l egy\u00fcttm\u0171k\u00f6d\u00e9s elm\u00e9ly\u00edt\u00e9s\u00e9r\u0151l, a glob\u00e1lis k\u00f6z\u00f6s fejl\u0151d\u00e9s el\u0151mozd\u00edt\u00e1s\u00e1r\u00f3l \u00e9s egy\u00e9b t\u00e9m\u00e1kr\u00f3l. A f\u00f3rum t\u00e9m\u00e1ja: \u201eK\u00edna kezdem\u00e9nyez\u00e9sei \u00e9s a glob\u00e1lis akci\u00f3k\u201d. A \u201eSzeg\u00e9nys\u00e9g cs\u00f6kkent\u00e9se \u00e9s \u00e9lelmez\u00e9sbiztons\u00e1g\u201d, a \u201eKl\u00edmav\u00e1ltoz\u00e1s \u00e9s z\u00f6ld fejleszt\u00e9s\u201d, a \u201eFejleszt\u00e9si [&hellip;]","og_url":"https:\/\/kinaikaleidoszkop.hu\/index.php\/2023\/07\/11\/pekingben-megnyilt-a-globalis-kozos-fejlesztesi-fellepes-forum\/","og_site_name":"kinaikaleidoszkop.hu","article_published_time":"2023-07-11T09:00:11+00:00","article_modified_time":"2023-07-11T09:00:12+00:00","og_image":[{"width":1024,"height":576,"url":"https:\/\/kinaikaleidoszkop.hu\/wp-content\/uploads\/2023\/07\/071003.jpg","type":"image\/jpeg"}],"author":"admin-szabolcs","twitter_card":"summary_large_image","twitter_misc":{"Szerz\u0151:":"admin-szabolcs","Becs\u00fclt olvas\u00e1si id\u0151":"1 perc"},"schema":{"@context":"https:\/\/schema.org","@graph":[{"@type":"WebPage","@id":"https:\/\/kinaikaleidoszkop.hu\/index.php\/2023\/07\/11\/pekingben-megnyilt-a-globalis-kozos-fejlesztesi-fellepes-forum\/","url":"https:\/\/kinaikaleidoszkop.hu\/index.php\/2023\/07\/11\/pekingben-megnyilt-a-globalis-kozos-fejlesztesi-fellepes-forum\/","name":"Pekingben megny\u00edlt a Glob\u00e1lis K\u00f6z\u00f6s Fejleszt\u00e9si Fell\u00e9p\u00e9s F\u00f3rum - kinaikaleidoszkop.hu","isPartOf":{"@id":"https:\/\/kinaikaleidoszkop.hu\/#website"},"primaryImageOfPage":{"@id":"https:\/\/kinaikaleidoszkop.hu\/index.php\/2023\/07\/11\/pekingben-megnyilt-a-globalis-kozos-fejlesztesi-fellepes-forum\/#primaryimage"},"image":{"@id":"https:\/\/kinaikaleidoszkop.hu\/index.php\/2023\/07\/11\/pekingben-megnyilt-a-globalis-kozos-fejlesztesi-fellepes-forum\/#primaryimage"},"thumbnailUrl":"https:\/\/kinaikaleidoszkop.hu\/wp-content\/uploads\/2023\/07\/071003.jpg","datePublished":"2023-07-11T09:00:11+00:00","dateModified":"2023-07-11T09:00:12+00:00","author":{"@id":"https:\/\/kinaikaleidoszkop.hu\/#\/schema\/person\/b9e2febe742edd540c1197716ec02bf7"},"breadcrumb":{"@id":"https:\/\/kinaikaleidoszkop.hu\/index.php\/2023\/07\/11\/pekingben-megnyilt-a-globalis-kozos-fejlesztesi-fellepes-forum\/#breadcrumb"},"inLanguage":"hu","potentialAction":[{"@type":"ReadAction","target":["https:\/\/kinaikaleidoszkop.hu\/index.php\/2023\/07\/11\/pekingben-megnyilt-a-globalis-kozos-fejlesztesi-fellepes-forum\/"]}]},{"@type":"ImageObject","inLanguage":"hu","@id":"https:\/\/kinaikaleidoszkop.hu\/index.php\/2023\/07\/11\/pekingben-megnyilt-a-globalis-kozos-fejlesztesi-fellepes-forum\/#primaryimage","url":"https:\/\/kinaikaleidoszkop.hu\/wp-content\/uploads\/2023\/07\/071003.jpg","contentUrl":"https:\/\/kinaikaleidoszkop.hu\/wp-content\/uploads\/2023\/07\/071003.jpg","width":1024,"height":576},{"@type":"BreadcrumbList","@id":"https:\/\/kinaikaleidoszkop.hu\/index.php\/2023\/07\/11\/pekingben-megnyilt-a-globalis-kozos-fejlesztesi-fellepes-forum\/#breadcrumb","itemListElement":[{"@type":"ListItem","position":1,"name":"Kezd\u0151lap","item":"https:\/\/kinaikaleidoszkop.hu\/"},{"@type":"ListItem","position":2,"name":"Pekingben megny\u00edlt a Glob\u00e1lis K\u00f6z\u00f6s Fejleszt\u00e9si Fell\u00e9p\u00e9s F\u00f3rum"}]},{"@type":"WebSite","@id":"https:\/\/kinaikaleidoszkop.hu\/#website","url":"https:\/\/kinaikaleidoszkop.hu\/","name":"kinaikaleidoszkop.hu","description":"","potentialAction":[{"@type":"SearchAction","target":{"@type":"EntryPoint","urlTemplate":"https:\/\/kinaikaleidoszkop.hu\/?s={search_term_string}"},"query-input":{"@type":"PropertyValueSpecification","valueRequired":true,"valueName":"search_term_string"}}],"inLanguage":"hu"},{"@type":"Person","@id":"https:\/\/kinaikaleidoszkop.hu\/#\/schema\/person\/b9e2febe742edd540c1197716ec02bf7","name":"admin-szabolcs","image":{"@type":"ImageObject","inLanguage":"hu","@id":"https:\/\/kinaikaleidoszkop.hu\/#\/schema\/person\/image\/","url":"https:\/\/secure.gravatar.com\/avatar\/154f262492794df2a6cb5d5349227b18ef8f85ab462fbb32625fc42406483d21?s=96&d=mm&r=g","contentUrl":"https:\/\/secure.gravatar.com\/avatar\/154f262492794df2a6cb5d5349227b18ef8f85ab462fbb32625fc42406483d21?s=96&d=mm&r=g","caption":"admin-szabolcs"},"url":"https:\/\/kinaikaleidoszkop.hu\/index.php\/author\/admin-szabolcs\/"}]}},"views":234,"distributor_meta":false,"distributor_terms":false,"distributor_media":false,"distributor_original_site_name":"kinaikaleidoszkop.hu","distributor_original_site_url":"https:\/\/kinaikaleidoszkop.hu","push-errors":false,"_links":{"self":[{"href":"https:\/\/kinaikaleidoszkop.hu\/index.php\/wp-json\/wp\/v2\/posts\/18153","targetHints":{"allow":["GET"]}}],"collection":[{"href":"https:\/\/kinaikaleidoszkop.hu\/index.php\/wp-json\/wp\/v2\/posts"}],"about":[{"href":"https:\/\/kinaikaleidoszkop.hu\/index.php\/wp-json\/wp\/v2\/types\/post"}],"author":[{"embeddable":true,"href":"https:\/\/kinaikaleidoszkop.hu\/index.php\/wp-json\/wp\/v2\/users\/2"}],"replies":[{"embeddable":true,"href":"https:\/\/kinaikaleidoszkop.hu\/index.php\/wp-json\/wp\/v2\/comments?post=18153"}],"version-history":[{"count":1,"href":"https:\/\/kinaikaleidoszkop.hu\/index.php\/wp-json\/wp\/v2\/posts\/18153\/revisions"}],"predecessor-version":[{"id":18157,"href":"https:\/\/kinaikaleidoszkop.hu\/index.php\/wp-json\/wp\/v2\/posts\/18153\/revisions\/18157"}],"wp:featuredmedia":[{"embeddable":true,"href":"https:\/\/kinaikaleidoszkop.hu\/index.php\/wp-json\/wp\/v2\/media\/18156"}],"wp:attachment":[{"href":"https:\/\/kinaikaleidoszkop.hu\/index.php\/wp-json\/wp\/v2\/media?parent=18153"}],"wp:term":[{"taxonomy":"category","embeddable":true,"href":"https:\/\/kinaikaleidoszkop.hu\/index.php\/wp-json\/wp\/v2\/categories?post=18153"},{"taxonomy":"post_tag","embeddable":true,"href":"https:\/\/kinaikaleidoszkop.hu\/index.php\/wp-json\/wp\/v2\/tags?post=18153"}],"curies":[{"name":"wp","href":"https:\/\/api.w.org\/{rel}","templated":true}]}}