{"id":18176,"date":"2023-07-13T12:30:08","date_gmt":"2023-07-13T10:30:08","guid":{"rendered":"https:\/\/kinaikaleidoszkop.hu\/?p=18176"},"modified":"2023-07-13T12:30:18","modified_gmt":"2023-07-13T10:30:18","slug":"a-nau-jelentes-nem-igazolja-japan-tetteit","status":"publish","type":"post","link":"https:\/\/kinaikaleidoszkop.hu\/index.php\/2023\/07\/13\/a-nau-jelentes-nem-igazolja-japan-tetteit\/","title":{"rendered":"A NA\u00dc-jelent\u00e9s nem igazolja Jap\u00e1n tetteit"},"content":{"rendered":"\n<p><strong>Jap\u00e1n nem haszn\u00e1lhatja a Nemzetk\u00f6zi Atomenergia-\u00fcgyn\u00f6ks\u00e9g (NA\u00dc) jelent\u00e9s\u00e9t tettei igazol\u00e1sak\u00e9nt, hangoztatta Wang Wenbin k\u00ednai k\u00fcl\u00fcgyi sz\u00f3viv\u0151 kedden.<\/strong><\/p>\n\n\n\n<figure class=\"wp-block-image size-full\"><img loading=\"lazy\" decoding=\"async\" width=\"800\" height=\"533\" src=\"https:\/\/kinaikaleidoszkop.hu\/wp-content\/uploads\/2023\/07\/\u65e5\u672c\u6392\u6d77.jpg\" alt=\"\" class=\"wp-image-18178\" srcset=\"https:\/\/kinaikaleidoszkop.hu\/wp-content\/uploads\/2023\/07\/\u65e5\u672c\u6392\u6d77.jpg 800w, https:\/\/kinaikaleidoszkop.hu\/wp-content\/uploads\/2023\/07\/\u65e5\u672c\u6392\u6d77-300x200.jpg 300w, https:\/\/kinaikaleidoszkop.hu\/wp-content\/uploads\/2023\/07\/\u65e5\u672c\u6392\u6d77-768x512.jpg 768w, https:\/\/kinaikaleidoszkop.hu\/wp-content\/uploads\/2023\/07\/\u65e5\u672c\u6392\u6d77-414x276.jpg 414w, https:\/\/kinaikaleidoszkop.hu\/wp-content\/uploads\/2023\/07\/\u65e5\u672c\u6392\u6d77-470x313.jpg 470w, https:\/\/kinaikaleidoszkop.hu\/wp-content\/uploads\/2023\/07\/\u65e5\u672c\u6392\u6d77-640x426.jpg 640w, https:\/\/kinaikaleidoszkop.hu\/wp-content\/uploads\/2023\/07\/\u65e5\u672c\u6392\u6d77-130x86.jpg 130w, https:\/\/kinaikaleidoszkop.hu\/wp-content\/uploads\/2023\/07\/\u65e5\u672c\u6392\u6d77-187x124.jpg 187w\" sizes=\"auto, (max-width: 800px) 100vw, 800px\" \/><\/figure>\n\n\n\n<p>A fukusimai nukle\u00e1ris szennyv\u00edz tengerbe enged\u00e9s\u00e9vel kapcsolatban Wang elmondta, hogy a k\u00f6zelm\u00faltban megjelent k\u00fcl\u00f6nb\u00f6z\u0151 m\u00e9diajelent\u00e9sek alapj\u00e1n vitatott a NA\u00dc \u00e9rt\u00e9kel\u0151 jelent\u00e9se, az \u00e9rt\u00e9kel\u00e9sben r\u00e9szt vett szak\u00e9rt\u0151k elt\u00e9r\u0151 n\u00e9zeteket fogalmaztak meg.<\/p>\n\n\n\n<p>A sz\u00f3viv\u0151 hozz\u00e1tette, \u201eha a szennyezett vizet meg lehet inni \u00e9s \u00faszni lehet benne, akkor azt javasoljuk, hogy a jap\u00e1n f\u00e9l erre haszn\u00e1lja fel a vizet, ne pedig tengerbe enged\u00e9sre, ami aggasztja a nemzetk\u00f6zi k\u00f6z\u00f6ss\u00e9get.\u201d<\/p>\n\n\n\n<p><strong>2023. 07. 13.<\/strong><\/p>\n\n\n\n<p><strong><em>(China Media Group)<\/em><\/strong><\/p>\n\n\n\n<p><strong>(x)<\/strong><\/p>\n","protected":false},"excerpt":{"rendered":"<p>Jap\u00e1n nem haszn\u00e1lhatja a Nemzetk\u00f6zi Atomenergia-\u00fcgyn\u00f6ks\u00e9g (NA\u00dc) jelent\u00e9s\u00e9t tettei igazol\u00e1sak\u00e9nt, hangoztatta Wang Wenbin k\u00ednai k\u00fcl\u00fcgyi sz\u00f3viv\u0151 kedden. A fukusimai nukle\u00e1ris szennyv\u00edz tengerbe enged\u00e9s\u00e9vel kapcsolatban Wang elmondta, hogy a k\u00f6zelm\u00faltban megjelent k\u00fcl\u00f6nb\u00f6z\u0151 m\u00e9diajelent\u00e9sek alapj\u00e1n vitatott a NA\u00dc \u00e9rt\u00e9kel\u0151 jelent\u00e9se, az \u00e9rt\u00e9kel\u00e9sben r\u00e9szt vett szak\u00e9rt\u0151k elt\u00e9r\u0151 n\u00e9zeteket fogalmaztak meg. A sz\u00f3viv\u0151 hozz\u00e1tette, \u201eha a szennyezett vizet meg [&hellip;]<\/p>\n","protected":false},"author":6,"featured_media":18178,"comment_status":"closed","ping_status":"closed","sticky":false,"template":"","format":"standard","meta":{"footnotes":""},"categories":[45],"tags":[2480,2481,1318,2470],"class_list":["post-18176","post","type-post","status-publish","format-standard","has-post-thumbnail","hentry","category-hirek","tag-atomeromu","tag-fukusima","tag-japan","tag-nemzetkozi-atomenergia-ugynokseg"],"yoast_head":"<!-- This site is optimized with the Yoast SEO plugin v23.7 - https:\/\/yoast.com\/wordpress\/plugins\/seo\/ -->\n<title>A NA\u00dc-jelent\u00e9s nem igazolja Jap\u00e1n tetteit - kinaikaleidoszkop.hu<\/title>\n<meta name=\"robots\" content=\"index, follow, max-snippet:-1, max-image-preview:large, max-video-preview:-1\" \/>\n<link rel=\"canonical\" href=\"https:\/\/kinaikaleidoszkop.hu\/index.php\/2023\/07\/13\/a-nau-jelentes-nem-igazolja-japan-tetteit\/\" \/>\n<meta property=\"og:locale\" content=\"hu_HU\" \/>\n<meta property=\"og:type\" content=\"article\" \/>\n<meta property=\"og:title\" content=\"A NA\u00dc-jelent\u00e9s nem igazolja Jap\u00e1n tetteit - kinaikaleidoszkop.hu\" \/>\n<meta property=\"og:description\" content=\"Jap\u00e1n nem haszn\u00e1lhatja a Nemzetk\u00f6zi Atomenergia-\u00fcgyn\u00f6ks\u00e9g (NA\u00dc) jelent\u00e9s\u00e9t tettei igazol\u00e1sak\u00e9nt, hangoztatta Wang Wenbin k\u00ednai k\u00fcl\u00fcgyi sz\u00f3viv\u0151 kedden. A fukusimai nukle\u00e1ris szennyv\u00edz tengerbe enged\u00e9s\u00e9vel kapcsolatban Wang elmondta, hogy a k\u00f6zelm\u00faltban megjelent k\u00fcl\u00f6nb\u00f6z\u0151 m\u00e9diajelent\u00e9sek alapj\u00e1n vitatott a NA\u00dc \u00e9rt\u00e9kel\u0151 jelent\u00e9se, az \u00e9rt\u00e9kel\u00e9sben r\u00e9szt vett szak\u00e9rt\u0151k elt\u00e9r\u0151 n\u00e9zeteket fogalmaztak meg. A sz\u00f3viv\u0151 hozz\u00e1tette, \u201eha a szennyezett vizet meg [&hellip;]\" \/>\n<meta property=\"og:url\" content=\"https:\/\/kinaikaleidoszkop.hu\/index.php\/2023\/07\/13\/a-nau-jelentes-nem-igazolja-japan-tetteit\/\" \/>\n<meta property=\"og:site_name\" content=\"kinaikaleidoszkop.hu\" \/>\n<meta property=\"article:published_time\" content=\"2023-07-13T10:30:08+00:00\" \/>\n<meta property=\"article:modified_time\" content=\"2023-07-13T10:30:18+00:00\" \/>\n<meta property=\"og:image\" content=\"https:\/\/kinaikaleidoszkop.hu\/wp-content\/uploads\/2023\/07\/\u65e5\u672c\u6392\u6d77.jpg\" \/>\n\t<meta property=\"og:image:width\" content=\"800\" \/>\n\t<meta property=\"og:image:height\" content=\"533\" \/>\n\t<meta property=\"og:image:type\" content=\"image\/jpeg\" \/>\n<meta name=\"author\" content=\"admin-sebi\" \/>\n<meta name=\"twitter:card\" content=\"summary_large_image\" \/>\n<meta name=\"twitter:label1\" content=\"Szerz\u0151:\" \/>\n\t<meta name=\"twitter:data1\" content=\"admin-sebi\" \/>\n\t<meta name=\"twitter:label2\" content=\"Becs\u00fclt olvas\u00e1si id\u0151\" \/>\n\t<meta name=\"twitter:data2\" content=\"1 perc\" \/>\n<script type=\"application\/ld+json\" class=\"yoast-schema-graph\">{\"@context\":\"https:\/\/schema.org\",\"@graph\":[{\"@type\":\"WebPage\",\"@id\":\"https:\/\/kinaikaleidoszkop.hu\/index.php\/2023\/07\/13\/a-nau-jelentes-nem-igazolja-japan-tetteit\/\",\"url\":\"https:\/\/kinaikaleidoszkop.hu\/index.php\/2023\/07\/13\/a-nau-jelentes-nem-igazolja-japan-tetteit\/\",\"name\":\"A NA\u00dc-jelent\u00e9s nem igazolja Jap\u00e1n tetteit - kinaikaleidoszkop.hu\",\"isPartOf\":{\"@id\":\"https:\/\/kinaikaleidoszkop.hu\/#website\"},\"primaryImageOfPage\":{\"@id\":\"https:\/\/kinaikaleidoszkop.hu\/index.php\/2023\/07\/13\/a-nau-jelentes-nem-igazolja-japan-tetteit\/#primaryimage\"},\"image\":{\"@id\":\"https:\/\/kinaikaleidoszkop.hu\/index.php\/2023\/07\/13\/a-nau-jelentes-nem-igazolja-japan-tetteit\/#primaryimage\"},\"thumbnailUrl\":\"https:\/\/kinaikaleidoszkop.hu\/wp-content\/uploads\/2023\/07\/\u65e5\u672c\u6392\u6d77.jpg\",\"datePublished\":\"2023-07-13T10:30:08+00:00\",\"dateModified\":\"2023-07-13T10:30:18+00:00\",\"author\":{\"@id\":\"https:\/\/kinaikaleidoszkop.hu\/#\/schema\/person\/fd215d3a8bab54daeb796ae166f99ea5\"},\"breadcrumb\":{\"@id\":\"https:\/\/kinaikaleidoszkop.hu\/index.php\/2023\/07\/13\/a-nau-jelentes-nem-igazolja-japan-tetteit\/#breadcrumb\"},\"inLanguage\":\"hu\",\"potentialAction\":[{\"@type\":\"ReadAction\",\"target\":[\"https:\/\/kinaikaleidoszkop.hu\/index.php\/2023\/07\/13\/a-nau-jelentes-nem-igazolja-japan-tetteit\/\"]}]},{\"@type\":\"ImageObject\",\"inLanguage\":\"hu\",\"@id\":\"https:\/\/kinaikaleidoszkop.hu\/index.php\/2023\/07\/13\/a-nau-jelentes-nem-igazolja-japan-tetteit\/#primaryimage\",\"url\":\"https:\/\/kinaikaleidoszkop.hu\/wp-content\/uploads\/2023\/07\/\u65e5\u672c\u6392\u6d77.jpg\",\"contentUrl\":\"https:\/\/kinaikaleidoszkop.hu\/wp-content\/uploads\/2023\/07\/\u65e5\u672c\u6392\u6d77.jpg\",\"width\":800,\"height\":533},{\"@type\":\"BreadcrumbList\",\"@id\":\"https:\/\/kinaikaleidoszkop.hu\/index.php\/2023\/07\/13\/a-nau-jelentes-nem-igazolja-japan-tetteit\/#breadcrumb\",\"itemListElement\":[{\"@type\":\"ListItem\",\"position\":1,\"name\":\"Kezd\u0151lap\",\"item\":\"https:\/\/kinaikaleidoszkop.hu\/\"},{\"@type\":\"ListItem\",\"position\":2,\"name\":\"A NA\u00dc-jelent\u00e9s nem igazolja Jap\u00e1n tetteit\"}]},{\"@type\":\"WebSite\",\"@id\":\"https:\/\/kinaikaleidoszkop.hu\/#website\",\"url\":\"https:\/\/kinaikaleidoszkop.hu\/\",\"name\":\"kinaikaleidoszkop.hu\",\"description\":\"\",\"potentialAction\":[{\"@type\":\"SearchAction\",\"target\":{\"@type\":\"EntryPoint\",\"urlTemplate\":\"https:\/\/kinaikaleidoszkop.hu\/?s={search_term_string}\"},\"query-input\":{\"@type\":\"PropertyValueSpecification\",\"valueRequired\":true,\"valueName\":\"search_term_string\"}}],\"inLanguage\":\"hu\"},{\"@type\":\"Person\",\"@id\":\"https:\/\/kinaikaleidoszkop.hu\/#\/schema\/person\/fd215d3a8bab54daeb796ae166f99ea5\",\"name\":\"admin-sebi\",\"image\":{\"@type\":\"ImageObject\",\"inLanguage\":\"hu\",\"@id\":\"https:\/\/kinaikaleidoszkop.hu\/#\/schema\/person\/image\/\",\"url\":\"https:\/\/secure.gravatar.com\/avatar\/b1498042bc4969020b4951f204f963e97c3d7d199f3790c1071adf67c61d0aa5?s=96&d=mm&r=g\",\"contentUrl\":\"https:\/\/secure.gravatar.com\/avatar\/b1498042bc4969020b4951f204f963e97c3d7d199f3790c1071adf67c61d0aa5?s=96&d=mm&r=g\",\"caption\":\"admin-sebi\"},\"url\":\"https:\/\/kinaikaleidoszkop.hu\/index.php\/author\/admin-sebi\/\"}]}<\/script>\n<!-- \/ Yoast SEO plugin. -->","yoast_head_json":{"title":"A NA\u00dc-jelent\u00e9s nem igazolja Jap\u00e1n tetteit - kinaikaleidoszkop.hu","robots":{"index":"index","follow":"follow","max-snippet":"max-snippet:-1","max-image-preview":"max-image-preview:large","max-video-preview":"max-video-preview:-1"},"canonical":"https:\/\/kinaikaleidoszkop.hu\/index.php\/2023\/07\/13\/a-nau-jelentes-nem-igazolja-japan-tetteit\/","og_locale":"hu_HU","og_type":"article","og_title":"A NA\u00dc-jelent\u00e9s nem igazolja Jap\u00e1n tetteit - kinaikaleidoszkop.hu","og_description":"Jap\u00e1n nem haszn\u00e1lhatja a Nemzetk\u00f6zi Atomenergia-\u00fcgyn\u00f6ks\u00e9g (NA\u00dc) jelent\u00e9s\u00e9t tettei igazol\u00e1sak\u00e9nt, hangoztatta Wang Wenbin k\u00ednai k\u00fcl\u00fcgyi sz\u00f3viv\u0151 kedden. A fukusimai nukle\u00e1ris szennyv\u00edz tengerbe enged\u00e9s\u00e9vel kapcsolatban Wang elmondta, hogy a k\u00f6zelm\u00faltban megjelent k\u00fcl\u00f6nb\u00f6z\u0151 m\u00e9diajelent\u00e9sek alapj\u00e1n vitatott a NA\u00dc \u00e9rt\u00e9kel\u0151 jelent\u00e9se, az \u00e9rt\u00e9kel\u00e9sben r\u00e9szt vett szak\u00e9rt\u0151k elt\u00e9r\u0151 n\u00e9zeteket fogalmaztak meg. A sz\u00f3viv\u0151 hozz\u00e1tette, \u201eha a szennyezett vizet meg [&hellip;]","og_url":"https:\/\/kinaikaleidoszkop.hu\/index.php\/2023\/07\/13\/a-nau-jelentes-nem-igazolja-japan-tetteit\/","og_site_name":"kinaikaleidoszkop.hu","article_published_time":"2023-07-13T10:30:08+00:00","article_modified_time":"2023-07-13T10:30:18+00:00","og_image":[{"width":800,"height":533,"url":"https:\/\/kinaikaleidoszkop.hu\/wp-content\/uploads\/2023\/07\/\u65e5\u672c\u6392\u6d77.jpg","type":"image\/jpeg"}],"author":"admin-sebi","twitter_card":"summary_large_image","twitter_misc":{"Szerz\u0151:":"admin-sebi","Becs\u00fclt olvas\u00e1si id\u0151":"1 perc"},"schema":{"@context":"https:\/\/schema.org","@graph":[{"@type":"WebPage","@id":"https:\/\/kinaikaleidoszkop.hu\/index.php\/2023\/07\/13\/a-nau-jelentes-nem-igazolja-japan-tetteit\/","url":"https:\/\/kinaikaleidoszkop.hu\/index.php\/2023\/07\/13\/a-nau-jelentes-nem-igazolja-japan-tetteit\/","name":"A NA\u00dc-jelent\u00e9s nem igazolja Jap\u00e1n tetteit - kinaikaleidoszkop.hu","isPartOf":{"@id":"https:\/\/kinaikaleidoszkop.hu\/#website"},"primaryImageOfPage":{"@id":"https:\/\/kinaikaleidoszkop.hu\/index.php\/2023\/07\/13\/a-nau-jelentes-nem-igazolja-japan-tetteit\/#primaryimage"},"image":{"@id":"https:\/\/kinaikaleidoszkop.hu\/index.php\/2023\/07\/13\/a-nau-jelentes-nem-igazolja-japan-tetteit\/#primaryimage"},"thumbnailUrl":"https:\/\/kinaikaleidoszkop.hu\/wp-content\/uploads\/2023\/07\/\u65e5\u672c\u6392\u6d77.jpg","datePublished":"2023-07-13T10:30:08+00:00","dateModified":"2023-07-13T10:30:18+00:00","author":{"@id":"https:\/\/kinaikaleidoszkop.hu\/#\/schema\/person\/fd215d3a8bab54daeb796ae166f99ea5"},"breadcrumb":{"@id":"https:\/\/kinaikaleidoszkop.hu\/index.php\/2023\/07\/13\/a-nau-jelentes-nem-igazolja-japan-tetteit\/#breadcrumb"},"inLanguage":"hu","potentialAction":[{"@type":"ReadAction","target":["https:\/\/kinaikaleidoszkop.hu\/index.php\/2023\/07\/13\/a-nau-jelentes-nem-igazolja-japan-tetteit\/"]}]},{"@type":"ImageObject","inLanguage":"hu","@id":"https:\/\/kinaikaleidoszkop.hu\/index.php\/2023\/07\/13\/a-nau-jelentes-nem-igazolja-japan-tetteit\/#primaryimage","url":"https:\/\/kinaikaleidoszkop.hu\/wp-content\/uploads\/2023\/07\/\u65e5\u672c\u6392\u6d77.jpg","contentUrl":"https:\/\/kinaikaleidoszkop.hu\/wp-content\/uploads\/2023\/07\/\u65e5\u672c\u6392\u6d77.jpg","width":800,"height":533},{"@type":"BreadcrumbList","@id":"https:\/\/kinaikaleidoszkop.hu\/index.php\/2023\/07\/13\/a-nau-jelentes-nem-igazolja-japan-tetteit\/#breadcrumb","itemListElement":[{"@type":"ListItem","position":1,"name":"Kezd\u0151lap","item":"https:\/\/kinaikaleidoszkop.hu\/"},{"@type":"ListItem","position":2,"name":"A NA\u00dc-jelent\u00e9s nem igazolja Jap\u00e1n tetteit"}]},{"@type":"WebSite","@id":"https:\/\/kinaikaleidoszkop.hu\/#website","url":"https:\/\/kinaikaleidoszkop.hu\/","name":"kinaikaleidoszkop.hu","description":"","potentialAction":[{"@type":"SearchAction","target":{"@type":"EntryPoint","urlTemplate":"https:\/\/kinaikaleidoszkop.hu\/?s={search_term_string}"},"query-input":{"@type":"PropertyValueSpecification","valueRequired":true,"valueName":"search_term_string"}}],"inLanguage":"hu"},{"@type":"Person","@id":"https:\/\/kinaikaleidoszkop.hu\/#\/schema\/person\/fd215d3a8bab54daeb796ae166f99ea5","name":"admin-sebi","image":{"@type":"ImageObject","inLanguage":"hu","@id":"https:\/\/kinaikaleidoszkop.hu\/#\/schema\/person\/image\/","url":"https:\/\/secure.gravatar.com\/avatar\/b1498042bc4969020b4951f204f963e97c3d7d199f3790c1071adf67c61d0aa5?s=96&d=mm&r=g","contentUrl":"https:\/\/secure.gravatar.com\/avatar\/b1498042bc4969020b4951f204f963e97c3d7d199f3790c1071adf67c61d0aa5?s=96&d=mm&r=g","caption":"admin-sebi"},"url":"https:\/\/kinaikaleidoszkop.hu\/index.php\/author\/admin-sebi\/"}]}},"views":286,"distributor_meta":false,"distributor_terms":false,"distributor_media":false,"distributor_original_site_name":"kinaikaleidoszkop.hu","distributor_original_site_url":"https:\/\/kinaikaleidoszkop.hu","push-errors":false,"_links":{"self":[{"href":"https:\/\/kinaikaleidoszkop.hu\/index.php\/wp-json\/wp\/v2\/posts\/18176","targetHints":{"allow":["GET"]}}],"collection":[{"href":"https:\/\/kinaikaleidoszkop.hu\/index.php\/wp-json\/wp\/v2\/posts"}],"about":[{"href":"https:\/\/kinaikaleidoszkop.hu\/index.php\/wp-json\/wp\/v2\/types\/post"}],"author":[{"embeddable":true,"href":"https:\/\/kinaikaleidoszkop.hu\/index.php\/wp-json\/wp\/v2\/users\/6"}],"replies":[{"embeddable":true,"href":"https:\/\/kinaikaleidoszkop.hu\/index.php\/wp-json\/wp\/v2\/comments?post=18176"}],"version-history":[{"count":1,"href":"https:\/\/kinaikaleidoszkop.hu\/index.php\/wp-json\/wp\/v2\/posts\/18176\/revisions"}],"predecessor-version":[{"id":18179,"href":"https:\/\/kinaikaleidoszkop.hu\/index.php\/wp-json\/wp\/v2\/posts\/18176\/revisions\/18179"}],"wp:featuredmedia":[{"embeddable":true,"href":"https:\/\/kinaikaleidoszkop.hu\/index.php\/wp-json\/wp\/v2\/media\/18178"}],"wp:attachment":[{"href":"https:\/\/kinaikaleidoszkop.hu\/index.php\/wp-json\/wp\/v2\/media?parent=18176"}],"wp:term":[{"taxonomy":"category","embeddable":true,"href":"https:\/\/kinaikaleidoszkop.hu\/index.php\/wp-json\/wp\/v2\/categories?post=18176"},{"taxonomy":"post_tag","embeddable":true,"href":"https:\/\/kinaikaleidoszkop.hu\/index.php\/wp-json\/wp\/v2\/tags?post=18176"}],"curies":[{"name":"wp","href":"https:\/\/api.w.org\/{rel}","templated":true}]}}