{"id":18180,"date":"2023-07-13T12:42:53","date_gmt":"2023-07-13T10:42:53","guid":{"rendered":"https:\/\/kinaikaleidoszkop.hu\/?p=18180"},"modified":"2023-07-13T12:43:03","modified_gmt":"2023-07-13T10:43:03","slug":"szamos-fontos-kerdesben-fogadtak-el-javaslatokat-a-kkp-kozponti-bizottsaga-atfogo-reformelmelyitessel-foglalkozo-bizottsaganak-2-ulesen","status":"publish","type":"post","link":"https:\/\/kinaikaleidoszkop.hu\/index.php\/2023\/07\/13\/szamos-fontos-kerdesben-fogadtak-el-javaslatokat-a-kkp-kozponti-bizottsaga-atfogo-reformelmelyitessel-foglalkozo-bizottsaganak-2-ulesen\/","title":{"rendered":"Sz\u00e1mos fontos k\u00e9rd\u00e9sben fogadtak el javaslatokat a KKP K\u00f6zponti Bizotts\u00e1ga \u00e1tfog\u00f3 reformelm\u00e9ly\u00edt\u00e9ssel foglalkoz\u00f3 bizotts\u00e1g\u00e1nak 2. \u00fcl\u00e9s\u00e9n"},"content":{"rendered":"\n<p><strong>Hszi Csin-ping, a K\u00ednai Kommunista P\u00e1rt f\u0151titk\u00e1ra, \u00e1llameln\u00f6k j\u00falius 11-\u00e9n d\u00e9lut\u00e1n eln\u00f6k\u00f6lt az \u00e1tfog\u00f3 reformelm\u00e9ly\u00edt\u00e9ssel foglalkoz\u00f3 bizotts\u00e1gi \u00fcl\u00e9sen.<\/strong><\/p>\n\n\n\n<figure class=\"wp-block-image size-full\"><img loading=\"lazy\" decoding=\"async\" width=\"1000\" height=\"749\" src=\"https:\/\/kinaikaleidoszkop.hu\/wp-content\/uploads\/2023\/07\/0711Lea3.jpeg\" alt=\"\" class=\"wp-image-18182\" srcset=\"https:\/\/kinaikaleidoszkop.hu\/wp-content\/uploads\/2023\/07\/0711Lea3.jpeg 1000w, https:\/\/kinaikaleidoszkop.hu\/wp-content\/uploads\/2023\/07\/0711Lea3-300x225.jpeg 300w, https:\/\/kinaikaleidoszkop.hu\/wp-content\/uploads\/2023\/07\/0711Lea3-768x575.jpeg 768w, https:\/\/kinaikaleidoszkop.hu\/wp-content\/uploads\/2023\/07\/0711Lea3-74x55.jpeg 74w, https:\/\/kinaikaleidoszkop.hu\/wp-content\/uploads\/2023\/07\/0711Lea3-111x83.jpeg 111w, https:\/\/kinaikaleidoszkop.hu\/wp-content\/uploads\/2023\/07\/0711Lea3-215x161.jpeg 215w, https:\/\/kinaikaleidoszkop.hu\/wp-content\/uploads\/2023\/07\/0711Lea3-990x742.jpeg 990w\" sizes=\"auto, (max-width: 1000px) 100vw, 1000px\" \/><\/figure>\n\n\n\n<p>Az \u00fcl\u00e9sen megvitatt\u00e1k \u00e9s elfogadt\u00e1k a magasabb szint\u0171 nyitott gazdas\u00e1gi rendszer \u00e9p\u00edt\u00e9s\u00e9r\u0151l sz\u00f3l\u00f3 javaslatokat, a vid\u00e9ki reform elm\u00e9ly\u00edt\u00e9s\u00e9r\u0151l sz\u00f3l\u00f3 v\u00e9grehajt\u00e1si terveket, az energiafogyaszt\u00e1s \u00f6sszvolumene \u00e9s m\u00e9rt\u00e9ke ellen\u0151rz\u00e9s\u00e9nek el\u0151mozd\u00edt\u00e1s\u00e1r\u00f3l, valamint a sz\u00e9n-dioxid-kibocs\u00e1t\u00e1s ellen\u0151rz\u00e9s\u00e9nek \u00e1talak\u00edt\u00e1sr\u00f3l sz\u00f3l\u00f3 javaslatokat.<\/p>\n\n\n\n<p> Ezen, a 2. bizotts\u00e1gi \u00fcl\u00e9sen ugyancsak megt\u00e1rgyalt\u00e1k \u00e9s elfogadt\u00e1k a fels\u0151oktat\u00e1si int\u00e9zm\u00e9nyek \u00e9s tudom\u00e1nyos kutat\u00f3int\u00e9zetek alkalmazottaira vonatkoz\u00f3 fizet\u00e9si rendszer reformj\u00e1r\u00f3l sz\u00f3l\u00f3 javaslatokat, valamint a k\u0151olaj- \u00e9s f\u00f6ldg\u00e1zpiac rendszer\u00e9nek reformj\u00e1r\u00f3l, illetve az elektromos \u00e1ramell\u00e1t\u00f3 rendszer reformj\u00e1r\u00f3l sz\u00f3l\u00f3 ir\u00e1nyad\u00f3 javaslatokat.<\/p>\n\n\n\n<p><strong>2023. 07. 13.<\/strong><\/p>\n\n\n\n<p><strong><em>(China Media Group)<\/em><\/strong><\/p>\n\n\n\n<p><strong>(x)<\/strong><\/p>\n","protected":false},"excerpt":{"rendered":"<p>Hszi Csin-ping, a K\u00ednai Kommunista P\u00e1rt f\u0151titk\u00e1ra, \u00e1llameln\u00f6k j\u00falius 11-\u00e9n d\u00e9lut\u00e1n eln\u00f6k\u00f6lt az \u00e1tfog\u00f3 reformelm\u00e9ly\u00edt\u00e9ssel foglalkoz\u00f3 bizotts\u00e1gi \u00fcl\u00e9sen. Az \u00fcl\u00e9sen megvitatt\u00e1k \u00e9s elfogadt\u00e1k a magasabb szint\u0171 nyitott gazdas\u00e1gi rendszer \u00e9p\u00edt\u00e9s\u00e9r\u0151l sz\u00f3l\u00f3 javaslatokat, a vid\u00e9ki reform elm\u00e9ly\u00edt\u00e9s\u00e9r\u0151l sz\u00f3l\u00f3 v\u00e9grehajt\u00e1si terveket, az energiafogyaszt\u00e1s \u00f6sszvolumene \u00e9s m\u00e9rt\u00e9ke ellen\u0151rz\u00e9s\u00e9nek el\u0151mozd\u00edt\u00e1s\u00e1r\u00f3l, valamint a sz\u00e9n-dioxid-kibocs\u00e1t\u00e1s ellen\u0151rz\u00e9s\u00e9nek \u00e1talak\u00edt\u00e1sr\u00f3l sz\u00f3l\u00f3 javaslatokat. Ezen, a [&hellip;]<\/p>\n","protected":false},"author":6,"featured_media":18182,"comment_status":"closed","ping_status":"closed","sticky":false,"template":"","format":"standard","meta":{"footnotes":""},"categories":[45],"tags":[305,326,2068,898],"class_list":["post-18180","post","type-post","status-publish","format-standard","has-post-thumbnail","hentry","category-hirek","tag-hszi-csin-ping","tag-kinai-allamelnok","tag-kkp","tag-kkp-kozponti-bizottsaga"],"yoast_head":"<!-- This site is optimized with the Yoast SEO plugin v23.7 - https:\/\/yoast.com\/wordpress\/plugins\/seo\/ -->\n<title>Sz\u00e1mos fontos k\u00e9rd\u00e9sben fogadtak el javaslatokat a KKP K\u00f6zponti Bizotts\u00e1ga \u00e1tfog\u00f3 reformelm\u00e9ly\u00edt\u00e9ssel foglalkoz\u00f3 bizotts\u00e1g\u00e1nak 2. \u00fcl\u00e9s\u00e9n - kinaikaleidoszkop.hu<\/title>\n<meta name=\"robots\" content=\"index, follow, max-snippet:-1, max-image-preview:large, max-video-preview:-1\" \/>\n<link rel=\"canonical\" href=\"https:\/\/kinaikaleidoszkop.hu\/index.php\/2023\/07\/13\/szamos-fontos-kerdesben-fogadtak-el-javaslatokat-a-kkp-kozponti-bizottsaga-atfogo-reformelmelyitessel-foglalkozo-bizottsaganak-2-ulesen\/\" \/>\n<meta property=\"og:locale\" content=\"hu_HU\" \/>\n<meta property=\"og:type\" content=\"article\" \/>\n<meta property=\"og:title\" content=\"Sz\u00e1mos fontos k\u00e9rd\u00e9sben fogadtak el javaslatokat a KKP K\u00f6zponti Bizotts\u00e1ga \u00e1tfog\u00f3 reformelm\u00e9ly\u00edt\u00e9ssel foglalkoz\u00f3 bizotts\u00e1g\u00e1nak 2. \u00fcl\u00e9s\u00e9n - kinaikaleidoszkop.hu\" \/>\n<meta property=\"og:description\" content=\"Hszi Csin-ping, a K\u00ednai Kommunista P\u00e1rt f\u0151titk\u00e1ra, \u00e1llameln\u00f6k j\u00falius 11-\u00e9n d\u00e9lut\u00e1n eln\u00f6k\u00f6lt az \u00e1tfog\u00f3 reformelm\u00e9ly\u00edt\u00e9ssel foglalkoz\u00f3 bizotts\u00e1gi \u00fcl\u00e9sen. Az \u00fcl\u00e9sen megvitatt\u00e1k \u00e9s elfogadt\u00e1k a magasabb szint\u0171 nyitott gazdas\u00e1gi rendszer \u00e9p\u00edt\u00e9s\u00e9r\u0151l sz\u00f3l\u00f3 javaslatokat, a vid\u00e9ki reform elm\u00e9ly\u00edt\u00e9s\u00e9r\u0151l sz\u00f3l\u00f3 v\u00e9grehajt\u00e1si terveket, az energiafogyaszt\u00e1s \u00f6sszvolumene \u00e9s m\u00e9rt\u00e9ke ellen\u0151rz\u00e9s\u00e9nek el\u0151mozd\u00edt\u00e1s\u00e1r\u00f3l, valamint a sz\u00e9n-dioxid-kibocs\u00e1t\u00e1s ellen\u0151rz\u00e9s\u00e9nek \u00e1talak\u00edt\u00e1sr\u00f3l sz\u00f3l\u00f3 javaslatokat. Ezen, a [&hellip;]\" \/>\n<meta property=\"og:url\" content=\"https:\/\/kinaikaleidoszkop.hu\/index.php\/2023\/07\/13\/szamos-fontos-kerdesben-fogadtak-el-javaslatokat-a-kkp-kozponti-bizottsaga-atfogo-reformelmelyitessel-foglalkozo-bizottsaganak-2-ulesen\/\" \/>\n<meta property=\"og:site_name\" content=\"kinaikaleidoszkop.hu\" \/>\n<meta property=\"article:published_time\" content=\"2023-07-13T10:42:53+00:00\" \/>\n<meta property=\"article:modified_time\" content=\"2023-07-13T10:43:03+00:00\" \/>\n<meta property=\"og:image\" content=\"https:\/\/kinaikaleidoszkop.hu\/wp-content\/uploads\/2023\/07\/0711Lea3.jpeg\" \/>\n\t<meta property=\"og:image:width\" content=\"1000\" \/>\n\t<meta property=\"og:image:height\" content=\"749\" \/>\n\t<meta property=\"og:image:type\" content=\"image\/jpeg\" \/>\n<meta name=\"author\" content=\"admin-sebi\" \/>\n<meta name=\"twitter:card\" content=\"summary_large_image\" \/>\n<meta name=\"twitter:label1\" content=\"Szerz\u0151:\" \/>\n\t<meta name=\"twitter:data1\" content=\"admin-sebi\" \/>\n\t<meta name=\"twitter:label2\" content=\"Becs\u00fclt olvas\u00e1si id\u0151\" \/>\n\t<meta name=\"twitter:data2\" content=\"1 perc\" \/>\n<script type=\"application\/ld+json\" class=\"yoast-schema-graph\">{\"@context\":\"https:\/\/schema.org\",\"@graph\":[{\"@type\":\"WebPage\",\"@id\":\"https:\/\/kinaikaleidoszkop.hu\/index.php\/2023\/07\/13\/szamos-fontos-kerdesben-fogadtak-el-javaslatokat-a-kkp-kozponti-bizottsaga-atfogo-reformelmelyitessel-foglalkozo-bizottsaganak-2-ulesen\/\",\"url\":\"https:\/\/kinaikaleidoszkop.hu\/index.php\/2023\/07\/13\/szamos-fontos-kerdesben-fogadtak-el-javaslatokat-a-kkp-kozponti-bizottsaga-atfogo-reformelmelyitessel-foglalkozo-bizottsaganak-2-ulesen\/\",\"name\":\"Sz\u00e1mos fontos k\u00e9rd\u00e9sben fogadtak el javaslatokat a KKP K\u00f6zponti Bizotts\u00e1ga \u00e1tfog\u00f3 reformelm\u00e9ly\u00edt\u00e9ssel foglalkoz\u00f3 bizotts\u00e1g\u00e1nak 2. \u00fcl\u00e9s\u00e9n - kinaikaleidoszkop.hu\",\"isPartOf\":{\"@id\":\"https:\/\/kinaikaleidoszkop.hu\/#website\"},\"primaryImageOfPage\":{\"@id\":\"https:\/\/kinaikaleidoszkop.hu\/index.php\/2023\/07\/13\/szamos-fontos-kerdesben-fogadtak-el-javaslatokat-a-kkp-kozponti-bizottsaga-atfogo-reformelmelyitessel-foglalkozo-bizottsaganak-2-ulesen\/#primaryimage\"},\"image\":{\"@id\":\"https:\/\/kinaikaleidoszkop.hu\/index.php\/2023\/07\/13\/szamos-fontos-kerdesben-fogadtak-el-javaslatokat-a-kkp-kozponti-bizottsaga-atfogo-reformelmelyitessel-foglalkozo-bizottsaganak-2-ulesen\/#primaryimage\"},\"thumbnailUrl\":\"https:\/\/kinaikaleidoszkop.hu\/wp-content\/uploads\/2023\/07\/0711Lea3.jpeg\",\"datePublished\":\"2023-07-13T10:42:53+00:00\",\"dateModified\":\"2023-07-13T10:43:03+00:00\",\"author\":{\"@id\":\"https:\/\/kinaikaleidoszkop.hu\/#\/schema\/person\/fd215d3a8bab54daeb796ae166f99ea5\"},\"breadcrumb\":{\"@id\":\"https:\/\/kinaikaleidoszkop.hu\/index.php\/2023\/07\/13\/szamos-fontos-kerdesben-fogadtak-el-javaslatokat-a-kkp-kozponti-bizottsaga-atfogo-reformelmelyitessel-foglalkozo-bizottsaganak-2-ulesen\/#breadcrumb\"},\"inLanguage\":\"hu\",\"potentialAction\":[{\"@type\":\"ReadAction\",\"target\":[\"https:\/\/kinaikaleidoszkop.hu\/index.php\/2023\/07\/13\/szamos-fontos-kerdesben-fogadtak-el-javaslatokat-a-kkp-kozponti-bizottsaga-atfogo-reformelmelyitessel-foglalkozo-bizottsaganak-2-ulesen\/\"]}]},{\"@type\":\"ImageObject\",\"inLanguage\":\"hu\",\"@id\":\"https:\/\/kinaikaleidoszkop.hu\/index.php\/2023\/07\/13\/szamos-fontos-kerdesben-fogadtak-el-javaslatokat-a-kkp-kozponti-bizottsaga-atfogo-reformelmelyitessel-foglalkozo-bizottsaganak-2-ulesen\/#primaryimage\",\"url\":\"https:\/\/kinaikaleidoszkop.hu\/wp-content\/uploads\/2023\/07\/0711Lea3.jpeg\",\"contentUrl\":\"https:\/\/kinaikaleidoszkop.hu\/wp-content\/uploads\/2023\/07\/0711Lea3.jpeg\",\"width\":1000,\"height\":749},{\"@type\":\"BreadcrumbList\",\"@id\":\"https:\/\/kinaikaleidoszkop.hu\/index.php\/2023\/07\/13\/szamos-fontos-kerdesben-fogadtak-el-javaslatokat-a-kkp-kozponti-bizottsaga-atfogo-reformelmelyitessel-foglalkozo-bizottsaganak-2-ulesen\/#breadcrumb\",\"itemListElement\":[{\"@type\":\"ListItem\",\"position\":1,\"name\":\"Kezd\u0151lap\",\"item\":\"https:\/\/kinaikaleidoszkop.hu\/\"},{\"@type\":\"ListItem\",\"position\":2,\"name\":\"Sz\u00e1mos fontos k\u00e9rd\u00e9sben fogadtak el javaslatokat a KKP K\u00f6zponti Bizotts\u00e1ga \u00e1tfog\u00f3 reformelm\u00e9ly\u00edt\u00e9ssel foglalkoz\u00f3 bizotts\u00e1g\u00e1nak 2. \u00fcl\u00e9s\u00e9n\"}]},{\"@type\":\"WebSite\",\"@id\":\"https:\/\/kinaikaleidoszkop.hu\/#website\",\"url\":\"https:\/\/kinaikaleidoszkop.hu\/\",\"name\":\"kinaikaleidoszkop.hu\",\"description\":\"\",\"potentialAction\":[{\"@type\":\"SearchAction\",\"target\":{\"@type\":\"EntryPoint\",\"urlTemplate\":\"https:\/\/kinaikaleidoszkop.hu\/?s={search_term_string}\"},\"query-input\":{\"@type\":\"PropertyValueSpecification\",\"valueRequired\":true,\"valueName\":\"search_term_string\"}}],\"inLanguage\":\"hu\"},{\"@type\":\"Person\",\"@id\":\"https:\/\/kinaikaleidoszkop.hu\/#\/schema\/person\/fd215d3a8bab54daeb796ae166f99ea5\",\"name\":\"admin-sebi\",\"image\":{\"@type\":\"ImageObject\",\"inLanguage\":\"hu\",\"@id\":\"https:\/\/kinaikaleidoszkop.hu\/#\/schema\/person\/image\/\",\"url\":\"https:\/\/secure.gravatar.com\/avatar\/b1498042bc4969020b4951f204f963e97c3d7d199f3790c1071adf67c61d0aa5?s=96&d=mm&r=g\",\"contentUrl\":\"https:\/\/secure.gravatar.com\/avatar\/b1498042bc4969020b4951f204f963e97c3d7d199f3790c1071adf67c61d0aa5?s=96&d=mm&r=g\",\"caption\":\"admin-sebi\"},\"url\":\"https:\/\/kinaikaleidoszkop.hu\/index.php\/author\/admin-sebi\/\"}]}<\/script>\n<!-- \/ Yoast SEO plugin. -->","yoast_head_json":{"title":"Sz\u00e1mos fontos k\u00e9rd\u00e9sben fogadtak el javaslatokat a KKP K\u00f6zponti Bizotts\u00e1ga \u00e1tfog\u00f3 reformelm\u00e9ly\u00edt\u00e9ssel foglalkoz\u00f3 bizotts\u00e1g\u00e1nak 2. \u00fcl\u00e9s\u00e9n - kinaikaleidoszkop.hu","robots":{"index":"index","follow":"follow","max-snippet":"max-snippet:-1","max-image-preview":"max-image-preview:large","max-video-preview":"max-video-preview:-1"},"canonical":"https:\/\/kinaikaleidoszkop.hu\/index.php\/2023\/07\/13\/szamos-fontos-kerdesben-fogadtak-el-javaslatokat-a-kkp-kozponti-bizottsaga-atfogo-reformelmelyitessel-foglalkozo-bizottsaganak-2-ulesen\/","og_locale":"hu_HU","og_type":"article","og_title":"Sz\u00e1mos fontos k\u00e9rd\u00e9sben fogadtak el javaslatokat a KKP K\u00f6zponti Bizotts\u00e1ga \u00e1tfog\u00f3 reformelm\u00e9ly\u00edt\u00e9ssel foglalkoz\u00f3 bizotts\u00e1g\u00e1nak 2. \u00fcl\u00e9s\u00e9n - kinaikaleidoszkop.hu","og_description":"Hszi Csin-ping, a K\u00ednai Kommunista P\u00e1rt f\u0151titk\u00e1ra, \u00e1llameln\u00f6k j\u00falius 11-\u00e9n d\u00e9lut\u00e1n eln\u00f6k\u00f6lt az \u00e1tfog\u00f3 reformelm\u00e9ly\u00edt\u00e9ssel foglalkoz\u00f3 bizotts\u00e1gi \u00fcl\u00e9sen. Az \u00fcl\u00e9sen megvitatt\u00e1k \u00e9s elfogadt\u00e1k a magasabb szint\u0171 nyitott gazdas\u00e1gi rendszer \u00e9p\u00edt\u00e9s\u00e9r\u0151l sz\u00f3l\u00f3 javaslatokat, a vid\u00e9ki reform elm\u00e9ly\u00edt\u00e9s\u00e9r\u0151l sz\u00f3l\u00f3 v\u00e9grehajt\u00e1si terveket, az energiafogyaszt\u00e1s \u00f6sszvolumene \u00e9s m\u00e9rt\u00e9ke ellen\u0151rz\u00e9s\u00e9nek el\u0151mozd\u00edt\u00e1s\u00e1r\u00f3l, valamint a sz\u00e9n-dioxid-kibocs\u00e1t\u00e1s ellen\u0151rz\u00e9s\u00e9nek \u00e1talak\u00edt\u00e1sr\u00f3l sz\u00f3l\u00f3 javaslatokat. Ezen, a [&hellip;]","og_url":"https:\/\/kinaikaleidoszkop.hu\/index.php\/2023\/07\/13\/szamos-fontos-kerdesben-fogadtak-el-javaslatokat-a-kkp-kozponti-bizottsaga-atfogo-reformelmelyitessel-foglalkozo-bizottsaganak-2-ulesen\/","og_site_name":"kinaikaleidoszkop.hu","article_published_time":"2023-07-13T10:42:53+00:00","article_modified_time":"2023-07-13T10:43:03+00:00","og_image":[{"width":1000,"height":749,"url":"https:\/\/kinaikaleidoszkop.hu\/wp-content\/uploads\/2023\/07\/0711Lea3.jpeg","type":"image\/jpeg"}],"author":"admin-sebi","twitter_card":"summary_large_image","twitter_misc":{"Szerz\u0151:":"admin-sebi","Becs\u00fclt olvas\u00e1si id\u0151":"1 perc"},"schema":{"@context":"https:\/\/schema.org","@graph":[{"@type":"WebPage","@id":"https:\/\/kinaikaleidoszkop.hu\/index.php\/2023\/07\/13\/szamos-fontos-kerdesben-fogadtak-el-javaslatokat-a-kkp-kozponti-bizottsaga-atfogo-reformelmelyitessel-foglalkozo-bizottsaganak-2-ulesen\/","url":"https:\/\/kinaikaleidoszkop.hu\/index.php\/2023\/07\/13\/szamos-fontos-kerdesben-fogadtak-el-javaslatokat-a-kkp-kozponti-bizottsaga-atfogo-reformelmelyitessel-foglalkozo-bizottsaganak-2-ulesen\/","name":"Sz\u00e1mos fontos k\u00e9rd\u00e9sben fogadtak el javaslatokat a KKP K\u00f6zponti Bizotts\u00e1ga \u00e1tfog\u00f3 reformelm\u00e9ly\u00edt\u00e9ssel foglalkoz\u00f3 bizotts\u00e1g\u00e1nak 2. \u00fcl\u00e9s\u00e9n - kinaikaleidoszkop.hu","isPartOf":{"@id":"https:\/\/kinaikaleidoszkop.hu\/#website"},"primaryImageOfPage":{"@id":"https:\/\/kinaikaleidoszkop.hu\/index.php\/2023\/07\/13\/szamos-fontos-kerdesben-fogadtak-el-javaslatokat-a-kkp-kozponti-bizottsaga-atfogo-reformelmelyitessel-foglalkozo-bizottsaganak-2-ulesen\/#primaryimage"},"image":{"@id":"https:\/\/kinaikaleidoszkop.hu\/index.php\/2023\/07\/13\/szamos-fontos-kerdesben-fogadtak-el-javaslatokat-a-kkp-kozponti-bizottsaga-atfogo-reformelmelyitessel-foglalkozo-bizottsaganak-2-ulesen\/#primaryimage"},"thumbnailUrl":"https:\/\/kinaikaleidoszkop.hu\/wp-content\/uploads\/2023\/07\/0711Lea3.jpeg","datePublished":"2023-07-13T10:42:53+00:00","dateModified":"2023-07-13T10:43:03+00:00","author":{"@id":"https:\/\/kinaikaleidoszkop.hu\/#\/schema\/person\/fd215d3a8bab54daeb796ae166f99ea5"},"breadcrumb":{"@id":"https:\/\/kinaikaleidoszkop.hu\/index.php\/2023\/07\/13\/szamos-fontos-kerdesben-fogadtak-el-javaslatokat-a-kkp-kozponti-bizottsaga-atfogo-reformelmelyitessel-foglalkozo-bizottsaganak-2-ulesen\/#breadcrumb"},"inLanguage":"hu","potentialAction":[{"@type":"ReadAction","target":["https:\/\/kinaikaleidoszkop.hu\/index.php\/2023\/07\/13\/szamos-fontos-kerdesben-fogadtak-el-javaslatokat-a-kkp-kozponti-bizottsaga-atfogo-reformelmelyitessel-foglalkozo-bizottsaganak-2-ulesen\/"]}]},{"@type":"ImageObject","inLanguage":"hu","@id":"https:\/\/kinaikaleidoszkop.hu\/index.php\/2023\/07\/13\/szamos-fontos-kerdesben-fogadtak-el-javaslatokat-a-kkp-kozponti-bizottsaga-atfogo-reformelmelyitessel-foglalkozo-bizottsaganak-2-ulesen\/#primaryimage","url":"https:\/\/kinaikaleidoszkop.hu\/wp-content\/uploads\/2023\/07\/0711Lea3.jpeg","contentUrl":"https:\/\/kinaikaleidoszkop.hu\/wp-content\/uploads\/2023\/07\/0711Lea3.jpeg","width":1000,"height":749},{"@type":"BreadcrumbList","@id":"https:\/\/kinaikaleidoszkop.hu\/index.php\/2023\/07\/13\/szamos-fontos-kerdesben-fogadtak-el-javaslatokat-a-kkp-kozponti-bizottsaga-atfogo-reformelmelyitessel-foglalkozo-bizottsaganak-2-ulesen\/#breadcrumb","itemListElement":[{"@type":"ListItem","position":1,"name":"Kezd\u0151lap","item":"https:\/\/kinaikaleidoszkop.hu\/"},{"@type":"ListItem","position":2,"name":"Sz\u00e1mos fontos k\u00e9rd\u00e9sben fogadtak el javaslatokat a KKP K\u00f6zponti Bizotts\u00e1ga \u00e1tfog\u00f3 reformelm\u00e9ly\u00edt\u00e9ssel foglalkoz\u00f3 bizotts\u00e1g\u00e1nak 2. \u00fcl\u00e9s\u00e9n"}]},{"@type":"WebSite","@id":"https:\/\/kinaikaleidoszkop.hu\/#website","url":"https:\/\/kinaikaleidoszkop.hu\/","name":"kinaikaleidoszkop.hu","description":"","potentialAction":[{"@type":"SearchAction","target":{"@type":"EntryPoint","urlTemplate":"https:\/\/kinaikaleidoszkop.hu\/?s={search_term_string}"},"query-input":{"@type":"PropertyValueSpecification","valueRequired":true,"valueName":"search_term_string"}}],"inLanguage":"hu"},{"@type":"Person","@id":"https:\/\/kinaikaleidoszkop.hu\/#\/schema\/person\/fd215d3a8bab54daeb796ae166f99ea5","name":"admin-sebi","image":{"@type":"ImageObject","inLanguage":"hu","@id":"https:\/\/kinaikaleidoszkop.hu\/#\/schema\/person\/image\/","url":"https:\/\/secure.gravatar.com\/avatar\/b1498042bc4969020b4951f204f963e97c3d7d199f3790c1071adf67c61d0aa5?s=96&d=mm&r=g","contentUrl":"https:\/\/secure.gravatar.com\/avatar\/b1498042bc4969020b4951f204f963e97c3d7d199f3790c1071adf67c61d0aa5?s=96&d=mm&r=g","caption":"admin-sebi"},"url":"https:\/\/kinaikaleidoszkop.hu\/index.php\/author\/admin-sebi\/"}]}},"views":213,"distributor_meta":false,"distributor_terms":false,"distributor_media":false,"distributor_original_site_name":"kinaikaleidoszkop.hu","distributor_original_site_url":"https:\/\/kinaikaleidoszkop.hu","push-errors":false,"_links":{"self":[{"href":"https:\/\/kinaikaleidoszkop.hu\/index.php\/wp-json\/wp\/v2\/posts\/18180","targetHints":{"allow":["GET"]}}],"collection":[{"href":"https:\/\/kinaikaleidoszkop.hu\/index.php\/wp-json\/wp\/v2\/posts"}],"about":[{"href":"https:\/\/kinaikaleidoszkop.hu\/index.php\/wp-json\/wp\/v2\/types\/post"}],"author":[{"embeddable":true,"href":"https:\/\/kinaikaleidoszkop.hu\/index.php\/wp-json\/wp\/v2\/users\/6"}],"replies":[{"embeddable":true,"href":"https:\/\/kinaikaleidoszkop.hu\/index.php\/wp-json\/wp\/v2\/comments?post=18180"}],"version-history":[{"count":1,"href":"https:\/\/kinaikaleidoszkop.hu\/index.php\/wp-json\/wp\/v2\/posts\/18180\/revisions"}],"predecessor-version":[{"id":18183,"href":"https:\/\/kinaikaleidoszkop.hu\/index.php\/wp-json\/wp\/v2\/posts\/18180\/revisions\/18183"}],"wp:featuredmedia":[{"embeddable":true,"href":"https:\/\/kinaikaleidoszkop.hu\/index.php\/wp-json\/wp\/v2\/media\/18182"}],"wp:attachment":[{"href":"https:\/\/kinaikaleidoszkop.hu\/index.php\/wp-json\/wp\/v2\/media?parent=18180"}],"wp:term":[{"taxonomy":"category","embeddable":true,"href":"https:\/\/kinaikaleidoszkop.hu\/index.php\/wp-json\/wp\/v2\/categories?post=18180"},{"taxonomy":"post_tag","embeddable":true,"href":"https:\/\/kinaikaleidoszkop.hu\/index.php\/wp-json\/wp\/v2\/tags?post=18180"}],"curies":[{"name":"wp","href":"https:\/\/api.w.org\/{rel}","templated":true}]}}