{"id":18263,"date":"2023-07-20T10:23:20","date_gmt":"2023-07-20T08:23:20","guid":{"rendered":"https:\/\/kinaikaleidoszkop.hu\/?p=18263"},"modified":"2023-07-20T10:23:21","modified_gmt":"2023-07-20T08:23:21","slug":"cmg-kommentarja-hszi-csin-ping-atfogoan-elosegitjuk-kina-epiteset-az-emberek-es-a-termeszet-harmonikus-egyuttelesenek-korszerusiteset","status":"publish","type":"post","link":"https:\/\/kinaikaleidoszkop.hu\/index.php\/2023\/07\/20\/cmg-kommentarja-hszi-csin-ping-atfogoan-elosegitjuk-kina-epiteset-az-emberek-es-a-termeszet-harmonikus-egyuttelesenek-korszerusiteset\/","title":{"rendered":"CMG-komment\u00e1rja: Hszi Csin-ping: \u201e\u00c1tfog\u00f3an el\u0151seg\u00edtj\u00fck K\u00edna \u00e9p\u00edt\u00e9s\u00e9t, az emberek \u00e9s a term\u00e9szet harmonikus egy\u00fctt\u00e9l\u00e9s\u00e9nek korszer\u0171s\u00edt\u00e9s\u00e9t!&#8221;"},"content":{"rendered":"\n<p><strong>J\u00falius 17-\u00e9n \u00e9s 18-\u00e1n Pekingben tartott\u00e1k meg az Orsz\u00e1gos \u00d6kol\u00f3giai \u00e9s K\u00f6rnyezetv\u00e9delmi Konferenci\u00e1t. Hszi Csin-ping k\u00ednai \u00e1llamf\u0151 a konferenci\u00e1n r\u00e1mutatott, hogy a j\u00f6v\u0151ben el\u0151t\u00e9rbe kell helyezn\u00fcnk a magas sz\u00ednvonal\u00fa fejl\u0151d\u00e9st, \u00e9s el\u0151 kell seg\u00edten\u00fcnk az emberek \u00e9s a term\u00e9szet harmonikus egy\u00fctt\u00e9l\u00e9s\u00e9nek korszer\u0171s\u00edt\u00e9s\u00e9t.<\/strong><\/p>\n\n\n\n<p>Hszi lesz\u00f6gezte, hogy a K\u00ednai Kommunista P\u00e1rt 18.&nbsp; Kongresszusa \u00f3ta az \u00f6kol\u00f3giai civiliz\u00e1ci\u00f3 ki\u00e9p\u00edt\u00e9s\u00e9ben sz\u00e9p eredm\u00e9nyeket \u00e9rt\u00fcnk el. Az \u00f6kol\u00f3giai civiliz\u00e1ci\u00f3 ki\u00e9p\u00edt\u00e9se sor\u00e1n mind elm\u00e9letben, mind gyakorlatban t\u00f6rt\u00e9nelmi v\u00e1ltoz\u00e1son ment\u00fcnk kereszt\u00fcl.<\/p>\n\n\n\n<p>Hszi Csin-ping hangs\u00falyozta, hogy K\u00edna \u00f6kol\u00f3giai k\u00f6rnyezetv\u00e9delme ter\u00e9n jelenleg m\u00e9g vannak struktur\u00e1lis k\u00e9rd\u00e9sek. Hab\u00e1r K\u00edna gazdas\u00e1gi \u00e9s t\u00e1rsadalmi fejl\u0151d\u00e9se a \u201ez\u00f6ld\u201d \u00e9s az alacsony sz\u00e9n-dioxid-kibocs\u00e1t\u00e1s\u00fa fejl\u0151d\u00e9s&nbsp;szakasz\u00e1ba l\u00e9pett, azonban az \u00f6kol\u00f3giai civiliz\u00e1ci\u00f3 ki\u00e9p\u00edt\u00e9se m\u00e9g mindig sok kih\u00edv\u00e1ssal n\u00e9z szembe. A j\u00f6v\u0151ben m\u00e9g sz\u00e9lesebb perspekt\u00edv\u00e1val \u00e9s komolyabb er\u0151fesz\u00edt\u00e9sekkel kell el\u0151mozd\u00edtanunk az \u00f6kol\u00f3giai civiliz\u00e1ci\u00f3 \u00e9p\u00edt\u00e9s\u00e9t \u2013 tette hozz\u00e1 Hszi.&nbsp;<\/p>\n\n\n\n<figure class=\"wp-block-image\"><img decoding=\"async\" src=\"https:\/\/hirpest.hu\/wp-content\/uploads\/2023\/07\/\u5fae\u4fe1\u56fe\u7247_20230720101435.jpg\" alt=\"\" class=\"wp-image-17900\"\/><\/figure>\n\n\n\n<p>Az \u00e1llamf\u0151 besz\u00e9lt arr\u00f3l is, hogy a gy\u00f6ny\u00f6r\u0171 K\u00edna \u00e9p\u00edt\u00e9se a modern szocialista orsz\u00e1g \u00e1tfog\u00f3 \u00e9p\u00edt\u00e9s\u00e9nek a kulcsa, \u00e9s ebben a folyamatban ragaszkodnunk kell a KKP vezet\u00e9s\u00e9hez.<\/p>\n\n\n\n<p><strong>2023. j\u00falius 20.<\/strong><\/p>\n\n\n\n<p><strong><em>(China Media Group)<\/em><\/strong><\/p>\n\n\n\n<p><strong>(x)<\/strong><\/p>\n","protected":false},"excerpt":{"rendered":"<p>J\u00falius 17-\u00e9n \u00e9s 18-\u00e1n Pekingben tartott\u00e1k meg az Orsz\u00e1gos \u00d6kol\u00f3giai \u00e9s K\u00f6rnyezetv\u00e9delmi Konferenci\u00e1t. Hszi Csin-ping k\u00ednai \u00e1llamf\u0151 a konferenci\u00e1n r\u00e1mutatott, hogy a j\u00f6v\u0151ben el\u0151t\u00e9rbe kell helyezn\u00fcnk a magas sz\u00ednvonal\u00fa fejl\u0151d\u00e9st, \u00e9s el\u0151 kell seg\u00edten\u00fcnk az emberek \u00e9s a term\u00e9szet harmonikus egy\u00fctt\u00e9l\u00e9s\u00e9nek korszer\u0171s\u00edt\u00e9s\u00e9t. Hszi lesz\u00f6gezte, hogy a K\u00ednai Kommunista P\u00e1rt 18.&nbsp; Kongresszusa \u00f3ta az \u00f6kol\u00f3giai civiliz\u00e1ci\u00f3 [&hellip;]<\/p>\n","protected":false},"author":2,"featured_media":18267,"comment_status":"closed","ping_status":"closed","sticky":false,"template":"","format":"standard","meta":{"footnotes":""},"categories":[45],"tags":[2718,414,305,372,2719,141,2050],"class_list":["post-18263","post","type-post","status-publish","format-standard","has-post-thumbnail","hentry","category-hirek","tag-cmg-kommentarja-2","tag-fejlodes","tag-hszi-csin-ping","tag-kinai-allamfo","tag-orszagos-okologiai-es-kornyezetvedelmi-konferencia","tag-peking","tag-termeszet"],"yoast_head":"<!-- This site is optimized with the Yoast SEO plugin v23.7 - https:\/\/yoast.com\/wordpress\/plugins\/seo\/ -->\n<title>CMG-komment\u00e1rja: Hszi Csin-ping: \u201e\u00c1tfog\u00f3an el\u0151seg\u00edtj\u00fck K\u00edna \u00e9p\u00edt\u00e9s\u00e9t, az emberek \u00e9s a term\u00e9szet harmonikus egy\u00fctt\u00e9l\u00e9s\u00e9nek korszer\u0171s\u00edt\u00e9s\u00e9t!&quot; - kinaikaleidoszkop.hu<\/title>\n<meta name=\"robots\" content=\"index, follow, max-snippet:-1, max-image-preview:large, max-video-preview:-1\" \/>\n<link rel=\"canonical\" href=\"https:\/\/kinaikaleidoszkop.hu\/index.php\/2023\/07\/20\/cmg-kommentarja-hszi-csin-ping-atfogoan-elosegitjuk-kina-epiteset-az-emberek-es-a-termeszet-harmonikus-egyuttelesenek-korszerusiteset\/\" \/>\n<meta property=\"og:locale\" content=\"hu_HU\" \/>\n<meta property=\"og:type\" content=\"article\" \/>\n<meta property=\"og:title\" content=\"CMG-komment\u00e1rja: Hszi Csin-ping: \u201e\u00c1tfog\u00f3an el\u0151seg\u00edtj\u00fck K\u00edna \u00e9p\u00edt\u00e9s\u00e9t, az emberek \u00e9s a term\u00e9szet harmonikus egy\u00fctt\u00e9l\u00e9s\u00e9nek korszer\u0171s\u00edt\u00e9s\u00e9t!&quot; - kinaikaleidoszkop.hu\" \/>\n<meta property=\"og:description\" content=\"J\u00falius 17-\u00e9n \u00e9s 18-\u00e1n Pekingben tartott\u00e1k meg az Orsz\u00e1gos \u00d6kol\u00f3giai \u00e9s K\u00f6rnyezetv\u00e9delmi Konferenci\u00e1t. Hszi Csin-ping k\u00ednai \u00e1llamf\u0151 a konferenci\u00e1n r\u00e1mutatott, hogy a j\u00f6v\u0151ben el\u0151t\u00e9rbe kell helyezn\u00fcnk a magas sz\u00ednvonal\u00fa fejl\u0151d\u00e9st, \u00e9s el\u0151 kell seg\u00edten\u00fcnk az emberek \u00e9s a term\u00e9szet harmonikus egy\u00fctt\u00e9l\u00e9s\u00e9nek korszer\u0171s\u00edt\u00e9s\u00e9t. Hszi lesz\u00f6gezte, hogy a K\u00ednai Kommunista P\u00e1rt 18.&nbsp; Kongresszusa \u00f3ta az \u00f6kol\u00f3giai civiliz\u00e1ci\u00f3 [&hellip;]\" \/>\n<meta property=\"og:url\" content=\"https:\/\/kinaikaleidoszkop.hu\/index.php\/2023\/07\/20\/cmg-kommentarja-hszi-csin-ping-atfogoan-elosegitjuk-kina-epiteset-az-emberek-es-a-termeszet-harmonikus-egyuttelesenek-korszerusiteset\/\" \/>\n<meta property=\"og:site_name\" content=\"kinaikaleidoszkop.hu\" \/>\n<meta property=\"article:published_time\" content=\"2023-07-20T08:23:20+00:00\" \/>\n<meta property=\"article:modified_time\" content=\"2023-07-20T08:23:21+00:00\" \/>\n<meta property=\"og:image\" content=\"https:\/\/kinaikaleidoszkop.hu\/wp-content\/uploads\/2023\/07\/\u5fae\u4fe1\u56fe\u7247_20230720101435.jpg\" \/>\n\t<meta property=\"og:image:width\" content=\"1220\" \/>\n\t<meta property=\"og:image:height\" content=\"699\" \/>\n\t<meta property=\"og:image:type\" content=\"image\/jpeg\" \/>\n<meta name=\"author\" content=\"admin-szabolcs\" \/>\n<meta name=\"twitter:card\" content=\"summary_large_image\" \/>\n<meta name=\"twitter:label1\" content=\"Szerz\u0151:\" \/>\n\t<meta name=\"twitter:data1\" content=\"admin-szabolcs\" \/>\n\t<meta name=\"twitter:label2\" content=\"Becs\u00fclt olvas\u00e1si id\u0151\" \/>\n\t<meta name=\"twitter:data2\" content=\"2 perc\" \/>\n<script type=\"application\/ld+json\" class=\"yoast-schema-graph\">{\"@context\":\"https:\/\/schema.org\",\"@graph\":[{\"@type\":\"WebPage\",\"@id\":\"https:\/\/kinaikaleidoszkop.hu\/index.php\/2023\/07\/20\/cmg-kommentarja-hszi-csin-ping-atfogoan-elosegitjuk-kina-epiteset-az-emberek-es-a-termeszet-harmonikus-egyuttelesenek-korszerusiteset\/\",\"url\":\"https:\/\/kinaikaleidoszkop.hu\/index.php\/2023\/07\/20\/cmg-kommentarja-hszi-csin-ping-atfogoan-elosegitjuk-kina-epiteset-az-emberek-es-a-termeszet-harmonikus-egyuttelesenek-korszerusiteset\/\",\"name\":\"CMG-komment\u00e1rja: Hszi Csin-ping: \u201e\u00c1tfog\u00f3an el\u0151seg\u00edtj\u00fck K\u00edna \u00e9p\u00edt\u00e9s\u00e9t, az emberek \u00e9s a term\u00e9szet harmonikus egy\u00fctt\u00e9l\u00e9s\u00e9nek korszer\u0171s\u00edt\u00e9s\u00e9t!\\\" - kinaikaleidoszkop.hu\",\"isPartOf\":{\"@id\":\"https:\/\/kinaikaleidoszkop.hu\/#website\"},\"primaryImageOfPage\":{\"@id\":\"https:\/\/kinaikaleidoszkop.hu\/index.php\/2023\/07\/20\/cmg-kommentarja-hszi-csin-ping-atfogoan-elosegitjuk-kina-epiteset-az-emberek-es-a-termeszet-harmonikus-egyuttelesenek-korszerusiteset\/#primaryimage\"},\"image\":{\"@id\":\"https:\/\/kinaikaleidoszkop.hu\/index.php\/2023\/07\/20\/cmg-kommentarja-hszi-csin-ping-atfogoan-elosegitjuk-kina-epiteset-az-emberek-es-a-termeszet-harmonikus-egyuttelesenek-korszerusiteset\/#primaryimage\"},\"thumbnailUrl\":\"https:\/\/kinaikaleidoszkop.hu\/wp-content\/uploads\/2023\/07\/\u5fae\u4fe1\u56fe\u7247_20230720101435.jpg\",\"datePublished\":\"2023-07-20T08:23:20+00:00\",\"dateModified\":\"2023-07-20T08:23:21+00:00\",\"author\":{\"@id\":\"https:\/\/kinaikaleidoszkop.hu\/#\/schema\/person\/b9e2febe742edd540c1197716ec02bf7\"},\"breadcrumb\":{\"@id\":\"https:\/\/kinaikaleidoszkop.hu\/index.php\/2023\/07\/20\/cmg-kommentarja-hszi-csin-ping-atfogoan-elosegitjuk-kina-epiteset-az-emberek-es-a-termeszet-harmonikus-egyuttelesenek-korszerusiteset\/#breadcrumb\"},\"inLanguage\":\"hu\",\"potentialAction\":[{\"@type\":\"ReadAction\",\"target\":[\"https:\/\/kinaikaleidoszkop.hu\/index.php\/2023\/07\/20\/cmg-kommentarja-hszi-csin-ping-atfogoan-elosegitjuk-kina-epiteset-az-emberek-es-a-termeszet-harmonikus-egyuttelesenek-korszerusiteset\/\"]}]},{\"@type\":\"ImageObject\",\"inLanguage\":\"hu\",\"@id\":\"https:\/\/kinaikaleidoszkop.hu\/index.php\/2023\/07\/20\/cmg-kommentarja-hszi-csin-ping-atfogoan-elosegitjuk-kina-epiteset-az-emberek-es-a-termeszet-harmonikus-egyuttelesenek-korszerusiteset\/#primaryimage\",\"url\":\"https:\/\/kinaikaleidoszkop.hu\/wp-content\/uploads\/2023\/07\/\u5fae\u4fe1\u56fe\u7247_20230720101435.jpg\",\"contentUrl\":\"https:\/\/kinaikaleidoszkop.hu\/wp-content\/uploads\/2023\/07\/\u5fae\u4fe1\u56fe\u7247_20230720101435.jpg\",\"width\":1220,\"height\":699},{\"@type\":\"BreadcrumbList\",\"@id\":\"https:\/\/kinaikaleidoszkop.hu\/index.php\/2023\/07\/20\/cmg-kommentarja-hszi-csin-ping-atfogoan-elosegitjuk-kina-epiteset-az-emberek-es-a-termeszet-harmonikus-egyuttelesenek-korszerusiteset\/#breadcrumb\",\"itemListElement\":[{\"@type\":\"ListItem\",\"position\":1,\"name\":\"Kezd\u0151lap\",\"item\":\"https:\/\/kinaikaleidoszkop.hu\/\"},{\"@type\":\"ListItem\",\"position\":2,\"name\":\"CMG-komment\u00e1rja: Hszi Csin-ping: \u201e\u00c1tfog\u00f3an el\u0151seg\u00edtj\u00fck K\u00edna \u00e9p\u00edt\u00e9s\u00e9t, az emberek \u00e9s a term\u00e9szet harmonikus egy\u00fctt\u00e9l\u00e9s\u00e9nek korszer\u0171s\u00edt\u00e9s\u00e9t!&#8221;\"}]},{\"@type\":\"WebSite\",\"@id\":\"https:\/\/kinaikaleidoszkop.hu\/#website\",\"url\":\"https:\/\/kinaikaleidoszkop.hu\/\",\"name\":\"kinaikaleidoszkop.hu\",\"description\":\"\",\"potentialAction\":[{\"@type\":\"SearchAction\",\"target\":{\"@type\":\"EntryPoint\",\"urlTemplate\":\"https:\/\/kinaikaleidoszkop.hu\/?s={search_term_string}\"},\"query-input\":{\"@type\":\"PropertyValueSpecification\",\"valueRequired\":true,\"valueName\":\"search_term_string\"}}],\"inLanguage\":\"hu\"},{\"@type\":\"Person\",\"@id\":\"https:\/\/kinaikaleidoszkop.hu\/#\/schema\/person\/b9e2febe742edd540c1197716ec02bf7\",\"name\":\"admin-szabolcs\",\"image\":{\"@type\":\"ImageObject\",\"inLanguage\":\"hu\",\"@id\":\"https:\/\/kinaikaleidoszkop.hu\/#\/schema\/person\/image\/\",\"url\":\"https:\/\/secure.gravatar.com\/avatar\/154f262492794df2a6cb5d5349227b18ef8f85ab462fbb32625fc42406483d21?s=96&d=mm&r=g\",\"contentUrl\":\"https:\/\/secure.gravatar.com\/avatar\/154f262492794df2a6cb5d5349227b18ef8f85ab462fbb32625fc42406483d21?s=96&d=mm&r=g\",\"caption\":\"admin-szabolcs\"},\"url\":\"https:\/\/kinaikaleidoszkop.hu\/index.php\/author\/admin-szabolcs\/\"}]}<\/script>\n<!-- \/ Yoast SEO plugin. -->","yoast_head_json":{"title":"CMG-komment\u00e1rja: Hszi Csin-ping: \u201e\u00c1tfog\u00f3an el\u0151seg\u00edtj\u00fck K\u00edna \u00e9p\u00edt\u00e9s\u00e9t, az emberek \u00e9s a term\u00e9szet harmonikus egy\u00fctt\u00e9l\u00e9s\u00e9nek korszer\u0171s\u00edt\u00e9s\u00e9t!\" - kinaikaleidoszkop.hu","robots":{"index":"index","follow":"follow","max-snippet":"max-snippet:-1","max-image-preview":"max-image-preview:large","max-video-preview":"max-video-preview:-1"},"canonical":"https:\/\/kinaikaleidoszkop.hu\/index.php\/2023\/07\/20\/cmg-kommentarja-hszi-csin-ping-atfogoan-elosegitjuk-kina-epiteset-az-emberek-es-a-termeszet-harmonikus-egyuttelesenek-korszerusiteset\/","og_locale":"hu_HU","og_type":"article","og_title":"CMG-komment\u00e1rja: Hszi Csin-ping: \u201e\u00c1tfog\u00f3an el\u0151seg\u00edtj\u00fck K\u00edna \u00e9p\u00edt\u00e9s\u00e9t, az emberek \u00e9s a term\u00e9szet harmonikus egy\u00fctt\u00e9l\u00e9s\u00e9nek korszer\u0171s\u00edt\u00e9s\u00e9t!\" - kinaikaleidoszkop.hu","og_description":"J\u00falius 17-\u00e9n \u00e9s 18-\u00e1n Pekingben tartott\u00e1k meg az Orsz\u00e1gos \u00d6kol\u00f3giai \u00e9s K\u00f6rnyezetv\u00e9delmi Konferenci\u00e1t. Hszi Csin-ping k\u00ednai \u00e1llamf\u0151 a konferenci\u00e1n r\u00e1mutatott, hogy a j\u00f6v\u0151ben el\u0151t\u00e9rbe kell helyezn\u00fcnk a magas sz\u00ednvonal\u00fa fejl\u0151d\u00e9st, \u00e9s el\u0151 kell seg\u00edten\u00fcnk az emberek \u00e9s a term\u00e9szet harmonikus egy\u00fctt\u00e9l\u00e9s\u00e9nek korszer\u0171s\u00edt\u00e9s\u00e9t. Hszi lesz\u00f6gezte, hogy a K\u00ednai Kommunista P\u00e1rt 18.&nbsp; Kongresszusa \u00f3ta az \u00f6kol\u00f3giai civiliz\u00e1ci\u00f3 [&hellip;]","og_url":"https:\/\/kinaikaleidoszkop.hu\/index.php\/2023\/07\/20\/cmg-kommentarja-hszi-csin-ping-atfogoan-elosegitjuk-kina-epiteset-az-emberek-es-a-termeszet-harmonikus-egyuttelesenek-korszerusiteset\/","og_site_name":"kinaikaleidoszkop.hu","article_published_time":"2023-07-20T08:23:20+00:00","article_modified_time":"2023-07-20T08:23:21+00:00","og_image":[{"width":1220,"height":699,"url":"https:\/\/kinaikaleidoszkop.hu\/wp-content\/uploads\/2023\/07\/\u5fae\u4fe1\u56fe\u7247_20230720101435.jpg","type":"image\/jpeg"}],"author":"admin-szabolcs","twitter_card":"summary_large_image","twitter_misc":{"Szerz\u0151:":"admin-szabolcs","Becs\u00fclt olvas\u00e1si id\u0151":"2 perc"},"schema":{"@context":"https:\/\/schema.org","@graph":[{"@type":"WebPage","@id":"https:\/\/kinaikaleidoszkop.hu\/index.php\/2023\/07\/20\/cmg-kommentarja-hszi-csin-ping-atfogoan-elosegitjuk-kina-epiteset-az-emberek-es-a-termeszet-harmonikus-egyuttelesenek-korszerusiteset\/","url":"https:\/\/kinaikaleidoszkop.hu\/index.php\/2023\/07\/20\/cmg-kommentarja-hszi-csin-ping-atfogoan-elosegitjuk-kina-epiteset-az-emberek-es-a-termeszet-harmonikus-egyuttelesenek-korszerusiteset\/","name":"CMG-komment\u00e1rja: Hszi Csin-ping: \u201e\u00c1tfog\u00f3an el\u0151seg\u00edtj\u00fck K\u00edna \u00e9p\u00edt\u00e9s\u00e9t, az emberek \u00e9s a term\u00e9szet harmonikus egy\u00fctt\u00e9l\u00e9s\u00e9nek korszer\u0171s\u00edt\u00e9s\u00e9t!\" - kinaikaleidoszkop.hu","isPartOf":{"@id":"https:\/\/kinaikaleidoszkop.hu\/#website"},"primaryImageOfPage":{"@id":"https:\/\/kinaikaleidoszkop.hu\/index.php\/2023\/07\/20\/cmg-kommentarja-hszi-csin-ping-atfogoan-elosegitjuk-kina-epiteset-az-emberek-es-a-termeszet-harmonikus-egyuttelesenek-korszerusiteset\/#primaryimage"},"image":{"@id":"https:\/\/kinaikaleidoszkop.hu\/index.php\/2023\/07\/20\/cmg-kommentarja-hszi-csin-ping-atfogoan-elosegitjuk-kina-epiteset-az-emberek-es-a-termeszet-harmonikus-egyuttelesenek-korszerusiteset\/#primaryimage"},"thumbnailUrl":"https:\/\/kinaikaleidoszkop.hu\/wp-content\/uploads\/2023\/07\/\u5fae\u4fe1\u56fe\u7247_20230720101435.jpg","datePublished":"2023-07-20T08:23:20+00:00","dateModified":"2023-07-20T08:23:21+00:00","author":{"@id":"https:\/\/kinaikaleidoszkop.hu\/#\/schema\/person\/b9e2febe742edd540c1197716ec02bf7"},"breadcrumb":{"@id":"https:\/\/kinaikaleidoszkop.hu\/index.php\/2023\/07\/20\/cmg-kommentarja-hszi-csin-ping-atfogoan-elosegitjuk-kina-epiteset-az-emberek-es-a-termeszet-harmonikus-egyuttelesenek-korszerusiteset\/#breadcrumb"},"inLanguage":"hu","potentialAction":[{"@type":"ReadAction","target":["https:\/\/kinaikaleidoszkop.hu\/index.php\/2023\/07\/20\/cmg-kommentarja-hszi-csin-ping-atfogoan-elosegitjuk-kina-epiteset-az-emberek-es-a-termeszet-harmonikus-egyuttelesenek-korszerusiteset\/"]}]},{"@type":"ImageObject","inLanguage":"hu","@id":"https:\/\/kinaikaleidoszkop.hu\/index.php\/2023\/07\/20\/cmg-kommentarja-hszi-csin-ping-atfogoan-elosegitjuk-kina-epiteset-az-emberek-es-a-termeszet-harmonikus-egyuttelesenek-korszerusiteset\/#primaryimage","url":"https:\/\/kinaikaleidoszkop.hu\/wp-content\/uploads\/2023\/07\/\u5fae\u4fe1\u56fe\u7247_20230720101435.jpg","contentUrl":"https:\/\/kinaikaleidoszkop.hu\/wp-content\/uploads\/2023\/07\/\u5fae\u4fe1\u56fe\u7247_20230720101435.jpg","width":1220,"height":699},{"@type":"BreadcrumbList","@id":"https:\/\/kinaikaleidoszkop.hu\/index.php\/2023\/07\/20\/cmg-kommentarja-hszi-csin-ping-atfogoan-elosegitjuk-kina-epiteset-az-emberek-es-a-termeszet-harmonikus-egyuttelesenek-korszerusiteset\/#breadcrumb","itemListElement":[{"@type":"ListItem","position":1,"name":"Kezd\u0151lap","item":"https:\/\/kinaikaleidoszkop.hu\/"},{"@type":"ListItem","position":2,"name":"CMG-komment\u00e1rja: Hszi Csin-ping: \u201e\u00c1tfog\u00f3an el\u0151seg\u00edtj\u00fck K\u00edna \u00e9p\u00edt\u00e9s\u00e9t, az emberek \u00e9s a term\u00e9szet harmonikus egy\u00fctt\u00e9l\u00e9s\u00e9nek korszer\u0171s\u00edt\u00e9s\u00e9t!&#8221;"}]},{"@type":"WebSite","@id":"https:\/\/kinaikaleidoszkop.hu\/#website","url":"https:\/\/kinaikaleidoszkop.hu\/","name":"kinaikaleidoszkop.hu","description":"","potentialAction":[{"@type":"SearchAction","target":{"@type":"EntryPoint","urlTemplate":"https:\/\/kinaikaleidoszkop.hu\/?s={search_term_string}"},"query-input":{"@type":"PropertyValueSpecification","valueRequired":true,"valueName":"search_term_string"}}],"inLanguage":"hu"},{"@type":"Person","@id":"https:\/\/kinaikaleidoszkop.hu\/#\/schema\/person\/b9e2febe742edd540c1197716ec02bf7","name":"admin-szabolcs","image":{"@type":"ImageObject","inLanguage":"hu","@id":"https:\/\/kinaikaleidoszkop.hu\/#\/schema\/person\/image\/","url":"https:\/\/secure.gravatar.com\/avatar\/154f262492794df2a6cb5d5349227b18ef8f85ab462fbb32625fc42406483d21?s=96&d=mm&r=g","contentUrl":"https:\/\/secure.gravatar.com\/avatar\/154f262492794df2a6cb5d5349227b18ef8f85ab462fbb32625fc42406483d21?s=96&d=mm&r=g","caption":"admin-szabolcs"},"url":"https:\/\/kinaikaleidoszkop.hu\/index.php\/author\/admin-szabolcs\/"}]}},"views":211,"distributor_meta":false,"distributor_terms":false,"distributor_media":false,"distributor_original_site_name":"kinaikaleidoszkop.hu","distributor_original_site_url":"https:\/\/kinaikaleidoszkop.hu","push-errors":false,"_links":{"self":[{"href":"https:\/\/kinaikaleidoszkop.hu\/index.php\/wp-json\/wp\/v2\/posts\/18263","targetHints":{"allow":["GET"]}}],"collection":[{"href":"https:\/\/kinaikaleidoszkop.hu\/index.php\/wp-json\/wp\/v2\/posts"}],"about":[{"href":"https:\/\/kinaikaleidoszkop.hu\/index.php\/wp-json\/wp\/v2\/types\/post"}],"author":[{"embeddable":true,"href":"https:\/\/kinaikaleidoszkop.hu\/index.php\/wp-json\/wp\/v2\/users\/2"}],"replies":[{"embeddable":true,"href":"https:\/\/kinaikaleidoszkop.hu\/index.php\/wp-json\/wp\/v2\/comments?post=18263"}],"version-history":[{"count":1,"href":"https:\/\/kinaikaleidoszkop.hu\/index.php\/wp-json\/wp\/v2\/posts\/18263\/revisions"}],"predecessor-version":[{"id":18269,"href":"https:\/\/kinaikaleidoszkop.hu\/index.php\/wp-json\/wp\/v2\/posts\/18263\/revisions\/18269"}],"wp:featuredmedia":[{"embeddable":true,"href":"https:\/\/kinaikaleidoszkop.hu\/index.php\/wp-json\/wp\/v2\/media\/18267"}],"wp:attachment":[{"href":"https:\/\/kinaikaleidoszkop.hu\/index.php\/wp-json\/wp\/v2\/media?parent=18263"}],"wp:term":[{"taxonomy":"category","embeddable":true,"href":"https:\/\/kinaikaleidoszkop.hu\/index.php\/wp-json\/wp\/v2\/categories?post=18263"},{"taxonomy":"post_tag","embeddable":true,"href":"https:\/\/kinaikaleidoszkop.hu\/index.php\/wp-json\/wp\/v2\/tags?post=18263"}],"curies":[{"name":"wp","href":"https:\/\/api.w.org\/{rel}","templated":true}]}}