{"id":18283,"date":"2023-07-21T12:20:00","date_gmt":"2023-07-21T10:20:00","guid":{"rendered":"https:\/\/kinaikaleidoszkop.hu\/?p=18283"},"modified":"2023-07-21T12:35:45","modified_gmt":"2023-07-21T10:35:45","slug":"egy-nyitott-es-befogado-emberi-sorskozosseget-szorgalmazott-a-2-globalis-mediainnovacios-forum","status":"publish","type":"post","link":"https:\/\/kinaikaleidoszkop.hu\/index.php\/2023\/07\/21\/egy-nyitott-es-befogado-emberi-sorskozosseget-szorgalmazott-a-2-globalis-mediainnovacios-forum\/","title":{"rendered":"Egy nyitott \u00e9s befogad\u00f3 emberi sorsk\u00f6z\u00f6ss\u00e9get szorgalmazott a 2. Glob\u00e1lis M\u00e9diainnov\u00e1ci\u00f3s F\u00f3rum"},"content":{"rendered":"\n<p><strong>J\u00falius 20-\u00e1n Sanghajban megtartott\u00e1k a CMG \u00e9s a v\u00e1ros \u00f6nkorm\u00e1nyzat\u00e1nak k\u00f6z\u00f6s szervez\u00e9s\u00e9ben a 2. Glob\u00e1lis M\u00e9diainnov\u00e1ci\u00f3s F\u00f3rumot. Az \u201eEgy\u00fcttm\u0171k\u00f6dve a moderniz\u00e1ci\u00f3 \u00fatj\u00e1n\u201d mott\u00f3val megrendezett k\u00fcl\u00f6nb\u00f6z\u0151 online \u00e9s offline esem\u00e9nyeken t\u00f6bb mint 230-an vettek r\u00e9szt.<\/strong><\/p>\n\n\n\n<p>A Glob\u00e1lis M\u00e9diainnov\u00e1ci\u00f3s F\u00f3rum a m\u00e9diaipar j\u00f6v\u0151beni fejleszt\u00e9se szempontj\u00e1b\u00f3l t\u00f6rekszik egy nyitott \u00e9s befogad\u00f3 emberi sorsk\u00f6z\u00f6ss\u00e9g megval\u00f3s\u00edt\u00e1s\u00e1nak el\u0151mozd\u00edt\u00e1s\u00e1ra.<\/p>\n\n\n\n<p>Az els\u0151 Glob\u00e1lis M\u00e9diainnov\u00e1ci\u00f3s F\u00f3rum a t\u00e9li olimpiai j\u00e1t\u00e9kok technol\u00f3giai k\u00f6r\u00fclm\u00e9nyeinek biztos\u00edt\u00e1s\u00e1t t\u0171zte els\u0151sorban napirendre, \u00faj platformot biztos\u00edtott a glob\u00e1lis m\u00e9dia sz\u00e1m\u00e1ra. Megrendez\u00e9s\u00e9re 2022. janu\u00e1r 26-\u00e1n ker\u00fclt sor. Ennek alapj\u00e1n n\u00f6vekedett a 2. f\u00f3rum nemzetk\u00f6zi hat\u00e1sa, amelyen nemzetk\u00f6zi szervezetek, hazai- \u00e9s k\u00fclf\u00f6ldi m\u00e9diumok t\u00f6bb mint 230 k\u00e9pvisel\u0151je vett r\u00e9szt. A r\u00e9sztvev\u0151k egyebek mellett m\u00e9lyrehat\u00f3 eszmecser\u00e9t folytattak arr\u00f3l, hogy a m\u00e9di\u00e1nak milyen szerepe van a moderniz\u00e1ci\u00f3s \u00e9p\u00edtkez\u00e9sben.<\/p>\n\n\n\n<p>Sajt\u00f3jelent\u00e9sek szerint sz\u00e1mos k\u00fclf\u00f6ldi r\u00e9sztvev\u0151, k\u00f6zt\u00fck Pavel Negoica, a Rosszijszkaja Gazeta vez\u00e9rigazgat\u00f3ja, Paul Bascobert, a Reuters eln\u00f6ke, Ahmed Nadim, az \u00c1zsiai Csendes-\u00f3ce\u00e1ni M\u0171sorsz\u00f3r\u00f3 Uni\u00f3 f\u0151titk\u00e1ra, valamint Steven Barnett, a Nemzetk\u00f6zi Valutaalap k\u00ednai f\u0151k\u00e9pvisel\u0151je folytattak m\u00e9lyrehat\u00f3 vit\u00e1t a m\u00e9diaintegr\u00e1ci\u00f3r\u00f3l \u00e9s a nemzetk\u00f6zi kommunik\u00e1ci\u00f3 gyakorlati tapasztalatair\u00f3l.<\/p>\n\n\n\n<figure class=\"wp-block-image\"><img decoding=\"async\" src=\"https:\/\/hirpest.hu\/wp-content\/uploads\/2023\/07\/\u5fae\u4fe1\u56fe\u7247_20230720170003.jpg\" alt=\"\" class=\"wp-image-17917\"\/><\/figure>\n\n\n\n<p>A f\u00f3rum r\u00e9sztvev\u0151i kiadt\u00e1k a \u201e2. Glob\u00e1lis M\u00e9diainnov\u00e1ci\u00f3s F\u00f3rum K\u00f6z\u00f6s Kezdem\u00e9nyez\u00e9s\u00e9t\u201d, amelyben arra h\u00edvj\u00e1k fel a figyelmet, hogy az emberis\u00e9g k\u00f6z\u00f6s \u00e9rt\u00e9keinek szem el\u0151tt tart\u00e1s\u00e1val kezelj\u00fck a m\u00e9dia szerep\u00e9t.<\/p>\n\n\n\n<p><strong>2023. j\u00falius 21.<\/strong><\/p>\n\n\n\n<p><strong><em>(China Media Group)<\/em><\/strong><\/p>\n\n\n\n<p><strong>(x)<\/strong><\/p>\n","protected":false},"excerpt":{"rendered":"<p>J\u00falius 20-\u00e1n Sanghajban megtartott\u00e1k a CMG \u00e9s a v\u00e1ros \u00f6nkorm\u00e1nyzat\u00e1nak k\u00f6z\u00f6s szervez\u00e9s\u00e9ben a 2. Glob\u00e1lis M\u00e9diainnov\u00e1ci\u00f3s F\u00f3rumot. Az \u201eEgy\u00fcttm\u0171k\u00f6dve a moderniz\u00e1ci\u00f3 \u00fatj\u00e1n\u201d mott\u00f3val megrendezett k\u00fcl\u00f6nb\u00f6z\u0151 online \u00e9s offline esem\u00e9nyeken t\u00f6bb mint 230-an vettek r\u00e9szt. A Glob\u00e1lis M\u00e9diainnov\u00e1ci\u00f3s F\u00f3rum a m\u00e9diaipar j\u00f6v\u0151beni fejleszt\u00e9se szempontj\u00e1b\u00f3l t\u00f6rekszik egy nyitott \u00e9s befogad\u00f3 emberi sorsk\u00f6z\u00f6ss\u00e9g megval\u00f3s\u00edt\u00e1s\u00e1nak el\u0151mozd\u00edt\u00e1s\u00e1ra. Az els\u0151 Glob\u00e1lis [&hellip;]<\/p>\n","protected":false},"author":2,"featured_media":18294,"comment_status":"closed","ping_status":"closed","sticky":false,"template":"","format":"standard","meta":{"footnotes":""},"categories":[45],"tags":[2731,512,2408,2732,2734,2089,2733,242,436],"class_list":["post-18283","post","type-post","status-publish","format-standard","has-post-thumbnail","hentry","category-hirek","tag-2-globalis-mediainnovacios-forum","tag-china-media-group","tag-eszmecsere","tag-mediaipar","tag-modernizacios-epitkezes","tag-pekingi-teli-olimpiai-jatekok","tag-platform","tag-sanghaj","tag-sorskozosseg"],"yoast_head":"<!-- This site is optimized with the Yoast SEO plugin v23.7 - https:\/\/yoast.com\/wordpress\/plugins\/seo\/ -->\n<title>Egy nyitott \u00e9s befogad\u00f3 emberi sorsk\u00f6z\u00f6ss\u00e9get szorgalmazott a 2. Glob\u00e1lis M\u00e9diainnov\u00e1ci\u00f3s F\u00f3rum - kinaikaleidoszkop.hu<\/title>\n<meta name=\"robots\" content=\"index, follow, max-snippet:-1, max-image-preview:large, max-video-preview:-1\" \/>\n<link rel=\"canonical\" href=\"https:\/\/kinaikaleidoszkop.hu\/index.php\/2023\/07\/21\/egy-nyitott-es-befogado-emberi-sorskozosseget-szorgalmazott-a-2-globalis-mediainnovacios-forum\/\" \/>\n<meta property=\"og:locale\" content=\"hu_HU\" \/>\n<meta property=\"og:type\" content=\"article\" \/>\n<meta property=\"og:title\" content=\"Egy nyitott \u00e9s befogad\u00f3 emberi sorsk\u00f6z\u00f6ss\u00e9get szorgalmazott a 2. Glob\u00e1lis M\u00e9diainnov\u00e1ci\u00f3s F\u00f3rum - kinaikaleidoszkop.hu\" \/>\n<meta property=\"og:description\" content=\"J\u00falius 20-\u00e1n Sanghajban megtartott\u00e1k a CMG \u00e9s a v\u00e1ros \u00f6nkorm\u00e1nyzat\u00e1nak k\u00f6z\u00f6s szervez\u00e9s\u00e9ben a 2. Glob\u00e1lis M\u00e9diainnov\u00e1ci\u00f3s F\u00f3rumot. Az \u201eEgy\u00fcttm\u0171k\u00f6dve a moderniz\u00e1ci\u00f3 \u00fatj\u00e1n\u201d mott\u00f3val megrendezett k\u00fcl\u00f6nb\u00f6z\u0151 online \u00e9s offline esem\u00e9nyeken t\u00f6bb mint 230-an vettek r\u00e9szt. A Glob\u00e1lis M\u00e9diainnov\u00e1ci\u00f3s F\u00f3rum a m\u00e9diaipar j\u00f6v\u0151beni fejleszt\u00e9se szempontj\u00e1b\u00f3l t\u00f6rekszik egy nyitott \u00e9s befogad\u00f3 emberi sorsk\u00f6z\u00f6ss\u00e9g megval\u00f3s\u00edt\u00e1s\u00e1nak el\u0151mozd\u00edt\u00e1s\u00e1ra. Az els\u0151 Glob\u00e1lis [&hellip;]\" \/>\n<meta property=\"og:url\" content=\"https:\/\/kinaikaleidoszkop.hu\/index.php\/2023\/07\/21\/egy-nyitott-es-befogado-emberi-sorskozosseget-szorgalmazott-a-2-globalis-mediainnovacios-forum\/\" \/>\n<meta property=\"og:site_name\" content=\"kinaikaleidoszkop.hu\" \/>\n<meta property=\"article:published_time\" content=\"2023-07-21T10:20:00+00:00\" \/>\n<meta property=\"article:modified_time\" content=\"2023-07-21T10:35:45+00:00\" \/>\n<meta property=\"og:image\" content=\"https:\/\/kinaikaleidoszkop.hu\/wp-content\/uploads\/2023\/07\/\u5fae\u4fe1\u56fe\u7247_20230720170003.jpg\" \/>\n\t<meta property=\"og:image:width\" content=\"900\" \/>\n\t<meta property=\"og:image:height\" content=\"599\" \/>\n\t<meta property=\"og:image:type\" content=\"image\/jpeg\" \/>\n<meta name=\"author\" content=\"admin-szabolcs\" \/>\n<meta name=\"twitter:card\" content=\"summary_large_image\" \/>\n<meta name=\"twitter:label1\" content=\"Szerz\u0151:\" \/>\n\t<meta name=\"twitter:data1\" content=\"admin-szabolcs\" \/>\n\t<meta name=\"twitter:label2\" content=\"Becs\u00fclt olvas\u00e1si id\u0151\" \/>\n\t<meta name=\"twitter:data2\" content=\"2 perc\" \/>\n<script type=\"application\/ld+json\" class=\"yoast-schema-graph\">{\"@context\":\"https:\/\/schema.org\",\"@graph\":[{\"@type\":\"WebPage\",\"@id\":\"https:\/\/kinaikaleidoszkop.hu\/index.php\/2023\/07\/21\/egy-nyitott-es-befogado-emberi-sorskozosseget-szorgalmazott-a-2-globalis-mediainnovacios-forum\/\",\"url\":\"https:\/\/kinaikaleidoszkop.hu\/index.php\/2023\/07\/21\/egy-nyitott-es-befogado-emberi-sorskozosseget-szorgalmazott-a-2-globalis-mediainnovacios-forum\/\",\"name\":\"Egy nyitott \u00e9s befogad\u00f3 emberi sorsk\u00f6z\u00f6ss\u00e9get szorgalmazott a 2. Glob\u00e1lis M\u00e9diainnov\u00e1ci\u00f3s F\u00f3rum - kinaikaleidoszkop.hu\",\"isPartOf\":{\"@id\":\"https:\/\/kinaikaleidoszkop.hu\/#website\"},\"primaryImageOfPage\":{\"@id\":\"https:\/\/kinaikaleidoszkop.hu\/index.php\/2023\/07\/21\/egy-nyitott-es-befogado-emberi-sorskozosseget-szorgalmazott-a-2-globalis-mediainnovacios-forum\/#primaryimage\"},\"image\":{\"@id\":\"https:\/\/kinaikaleidoszkop.hu\/index.php\/2023\/07\/21\/egy-nyitott-es-befogado-emberi-sorskozosseget-szorgalmazott-a-2-globalis-mediainnovacios-forum\/#primaryimage\"},\"thumbnailUrl\":\"https:\/\/kinaikaleidoszkop.hu\/wp-content\/uploads\/2023\/07\/\u5fae\u4fe1\u56fe\u7247_20230720170003.jpg\",\"datePublished\":\"2023-07-21T10:20:00+00:00\",\"dateModified\":\"2023-07-21T10:35:45+00:00\",\"author\":{\"@id\":\"https:\/\/kinaikaleidoszkop.hu\/#\/schema\/person\/b9e2febe742edd540c1197716ec02bf7\"},\"breadcrumb\":{\"@id\":\"https:\/\/kinaikaleidoszkop.hu\/index.php\/2023\/07\/21\/egy-nyitott-es-befogado-emberi-sorskozosseget-szorgalmazott-a-2-globalis-mediainnovacios-forum\/#breadcrumb\"},\"inLanguage\":\"hu\",\"potentialAction\":[{\"@type\":\"ReadAction\",\"target\":[\"https:\/\/kinaikaleidoszkop.hu\/index.php\/2023\/07\/21\/egy-nyitott-es-befogado-emberi-sorskozosseget-szorgalmazott-a-2-globalis-mediainnovacios-forum\/\"]}]},{\"@type\":\"ImageObject\",\"inLanguage\":\"hu\",\"@id\":\"https:\/\/kinaikaleidoszkop.hu\/index.php\/2023\/07\/21\/egy-nyitott-es-befogado-emberi-sorskozosseget-szorgalmazott-a-2-globalis-mediainnovacios-forum\/#primaryimage\",\"url\":\"https:\/\/kinaikaleidoszkop.hu\/wp-content\/uploads\/2023\/07\/\u5fae\u4fe1\u56fe\u7247_20230720170003.jpg\",\"contentUrl\":\"https:\/\/kinaikaleidoszkop.hu\/wp-content\/uploads\/2023\/07\/\u5fae\u4fe1\u56fe\u7247_20230720170003.jpg\",\"width\":900,\"height\":599},{\"@type\":\"BreadcrumbList\",\"@id\":\"https:\/\/kinaikaleidoszkop.hu\/index.php\/2023\/07\/21\/egy-nyitott-es-befogado-emberi-sorskozosseget-szorgalmazott-a-2-globalis-mediainnovacios-forum\/#breadcrumb\",\"itemListElement\":[{\"@type\":\"ListItem\",\"position\":1,\"name\":\"Kezd\u0151lap\",\"item\":\"https:\/\/kinaikaleidoszkop.hu\/\"},{\"@type\":\"ListItem\",\"position\":2,\"name\":\"Egy nyitott \u00e9s befogad\u00f3 emberi sorsk\u00f6z\u00f6ss\u00e9get szorgalmazott a 2. Glob\u00e1lis M\u00e9diainnov\u00e1ci\u00f3s F\u00f3rum\"}]},{\"@type\":\"WebSite\",\"@id\":\"https:\/\/kinaikaleidoszkop.hu\/#website\",\"url\":\"https:\/\/kinaikaleidoszkop.hu\/\",\"name\":\"kinaikaleidoszkop.hu\",\"description\":\"\",\"potentialAction\":[{\"@type\":\"SearchAction\",\"target\":{\"@type\":\"EntryPoint\",\"urlTemplate\":\"https:\/\/kinaikaleidoszkop.hu\/?s={search_term_string}\"},\"query-input\":{\"@type\":\"PropertyValueSpecification\",\"valueRequired\":true,\"valueName\":\"search_term_string\"}}],\"inLanguage\":\"hu\"},{\"@type\":\"Person\",\"@id\":\"https:\/\/kinaikaleidoszkop.hu\/#\/schema\/person\/b9e2febe742edd540c1197716ec02bf7\",\"name\":\"admin-szabolcs\",\"image\":{\"@type\":\"ImageObject\",\"inLanguage\":\"hu\",\"@id\":\"https:\/\/kinaikaleidoszkop.hu\/#\/schema\/person\/image\/\",\"url\":\"https:\/\/secure.gravatar.com\/avatar\/154f262492794df2a6cb5d5349227b18ef8f85ab462fbb32625fc42406483d21?s=96&d=mm&r=g\",\"contentUrl\":\"https:\/\/secure.gravatar.com\/avatar\/154f262492794df2a6cb5d5349227b18ef8f85ab462fbb32625fc42406483d21?s=96&d=mm&r=g\",\"caption\":\"admin-szabolcs\"},\"url\":\"https:\/\/kinaikaleidoszkop.hu\/index.php\/author\/admin-szabolcs\/\"}]}<\/script>\n<!-- \/ Yoast SEO plugin. -->","yoast_head_json":{"title":"Egy nyitott \u00e9s befogad\u00f3 emberi sorsk\u00f6z\u00f6ss\u00e9get szorgalmazott a 2. Glob\u00e1lis M\u00e9diainnov\u00e1ci\u00f3s F\u00f3rum - kinaikaleidoszkop.hu","robots":{"index":"index","follow":"follow","max-snippet":"max-snippet:-1","max-image-preview":"max-image-preview:large","max-video-preview":"max-video-preview:-1"},"canonical":"https:\/\/kinaikaleidoszkop.hu\/index.php\/2023\/07\/21\/egy-nyitott-es-befogado-emberi-sorskozosseget-szorgalmazott-a-2-globalis-mediainnovacios-forum\/","og_locale":"hu_HU","og_type":"article","og_title":"Egy nyitott \u00e9s befogad\u00f3 emberi sorsk\u00f6z\u00f6ss\u00e9get szorgalmazott a 2. Glob\u00e1lis M\u00e9diainnov\u00e1ci\u00f3s F\u00f3rum - kinaikaleidoszkop.hu","og_description":"J\u00falius 20-\u00e1n Sanghajban megtartott\u00e1k a CMG \u00e9s a v\u00e1ros \u00f6nkorm\u00e1nyzat\u00e1nak k\u00f6z\u00f6s szervez\u00e9s\u00e9ben a 2. Glob\u00e1lis M\u00e9diainnov\u00e1ci\u00f3s F\u00f3rumot. Az \u201eEgy\u00fcttm\u0171k\u00f6dve a moderniz\u00e1ci\u00f3 \u00fatj\u00e1n\u201d mott\u00f3val megrendezett k\u00fcl\u00f6nb\u00f6z\u0151 online \u00e9s offline esem\u00e9nyeken t\u00f6bb mint 230-an vettek r\u00e9szt. A Glob\u00e1lis M\u00e9diainnov\u00e1ci\u00f3s F\u00f3rum a m\u00e9diaipar j\u00f6v\u0151beni fejleszt\u00e9se szempontj\u00e1b\u00f3l t\u00f6rekszik egy nyitott \u00e9s befogad\u00f3 emberi sorsk\u00f6z\u00f6ss\u00e9g megval\u00f3s\u00edt\u00e1s\u00e1nak el\u0151mozd\u00edt\u00e1s\u00e1ra. Az els\u0151 Glob\u00e1lis [&hellip;]","og_url":"https:\/\/kinaikaleidoszkop.hu\/index.php\/2023\/07\/21\/egy-nyitott-es-befogado-emberi-sorskozosseget-szorgalmazott-a-2-globalis-mediainnovacios-forum\/","og_site_name":"kinaikaleidoszkop.hu","article_published_time":"2023-07-21T10:20:00+00:00","article_modified_time":"2023-07-21T10:35:45+00:00","og_image":[{"width":900,"height":599,"url":"https:\/\/kinaikaleidoszkop.hu\/wp-content\/uploads\/2023\/07\/\u5fae\u4fe1\u56fe\u7247_20230720170003.jpg","type":"image\/jpeg"}],"author":"admin-szabolcs","twitter_card":"summary_large_image","twitter_misc":{"Szerz\u0151:":"admin-szabolcs","Becs\u00fclt olvas\u00e1si id\u0151":"2 perc"},"schema":{"@context":"https:\/\/schema.org","@graph":[{"@type":"WebPage","@id":"https:\/\/kinaikaleidoszkop.hu\/index.php\/2023\/07\/21\/egy-nyitott-es-befogado-emberi-sorskozosseget-szorgalmazott-a-2-globalis-mediainnovacios-forum\/","url":"https:\/\/kinaikaleidoszkop.hu\/index.php\/2023\/07\/21\/egy-nyitott-es-befogado-emberi-sorskozosseget-szorgalmazott-a-2-globalis-mediainnovacios-forum\/","name":"Egy nyitott \u00e9s befogad\u00f3 emberi sorsk\u00f6z\u00f6ss\u00e9get szorgalmazott a 2. Glob\u00e1lis M\u00e9diainnov\u00e1ci\u00f3s F\u00f3rum - kinaikaleidoszkop.hu","isPartOf":{"@id":"https:\/\/kinaikaleidoszkop.hu\/#website"},"primaryImageOfPage":{"@id":"https:\/\/kinaikaleidoszkop.hu\/index.php\/2023\/07\/21\/egy-nyitott-es-befogado-emberi-sorskozosseget-szorgalmazott-a-2-globalis-mediainnovacios-forum\/#primaryimage"},"image":{"@id":"https:\/\/kinaikaleidoszkop.hu\/index.php\/2023\/07\/21\/egy-nyitott-es-befogado-emberi-sorskozosseget-szorgalmazott-a-2-globalis-mediainnovacios-forum\/#primaryimage"},"thumbnailUrl":"https:\/\/kinaikaleidoszkop.hu\/wp-content\/uploads\/2023\/07\/\u5fae\u4fe1\u56fe\u7247_20230720170003.jpg","datePublished":"2023-07-21T10:20:00+00:00","dateModified":"2023-07-21T10:35:45+00:00","author":{"@id":"https:\/\/kinaikaleidoszkop.hu\/#\/schema\/person\/b9e2febe742edd540c1197716ec02bf7"},"breadcrumb":{"@id":"https:\/\/kinaikaleidoszkop.hu\/index.php\/2023\/07\/21\/egy-nyitott-es-befogado-emberi-sorskozosseget-szorgalmazott-a-2-globalis-mediainnovacios-forum\/#breadcrumb"},"inLanguage":"hu","potentialAction":[{"@type":"ReadAction","target":["https:\/\/kinaikaleidoszkop.hu\/index.php\/2023\/07\/21\/egy-nyitott-es-befogado-emberi-sorskozosseget-szorgalmazott-a-2-globalis-mediainnovacios-forum\/"]}]},{"@type":"ImageObject","inLanguage":"hu","@id":"https:\/\/kinaikaleidoszkop.hu\/index.php\/2023\/07\/21\/egy-nyitott-es-befogado-emberi-sorskozosseget-szorgalmazott-a-2-globalis-mediainnovacios-forum\/#primaryimage","url":"https:\/\/kinaikaleidoszkop.hu\/wp-content\/uploads\/2023\/07\/\u5fae\u4fe1\u56fe\u7247_20230720170003.jpg","contentUrl":"https:\/\/kinaikaleidoszkop.hu\/wp-content\/uploads\/2023\/07\/\u5fae\u4fe1\u56fe\u7247_20230720170003.jpg","width":900,"height":599},{"@type":"BreadcrumbList","@id":"https:\/\/kinaikaleidoszkop.hu\/index.php\/2023\/07\/21\/egy-nyitott-es-befogado-emberi-sorskozosseget-szorgalmazott-a-2-globalis-mediainnovacios-forum\/#breadcrumb","itemListElement":[{"@type":"ListItem","position":1,"name":"Kezd\u0151lap","item":"https:\/\/kinaikaleidoszkop.hu\/"},{"@type":"ListItem","position":2,"name":"Egy nyitott \u00e9s befogad\u00f3 emberi sorsk\u00f6z\u00f6ss\u00e9get szorgalmazott a 2. Glob\u00e1lis M\u00e9diainnov\u00e1ci\u00f3s F\u00f3rum"}]},{"@type":"WebSite","@id":"https:\/\/kinaikaleidoszkop.hu\/#website","url":"https:\/\/kinaikaleidoszkop.hu\/","name":"kinaikaleidoszkop.hu","description":"","potentialAction":[{"@type":"SearchAction","target":{"@type":"EntryPoint","urlTemplate":"https:\/\/kinaikaleidoszkop.hu\/?s={search_term_string}"},"query-input":{"@type":"PropertyValueSpecification","valueRequired":true,"valueName":"search_term_string"}}],"inLanguage":"hu"},{"@type":"Person","@id":"https:\/\/kinaikaleidoszkop.hu\/#\/schema\/person\/b9e2febe742edd540c1197716ec02bf7","name":"admin-szabolcs","image":{"@type":"ImageObject","inLanguage":"hu","@id":"https:\/\/kinaikaleidoszkop.hu\/#\/schema\/person\/image\/","url":"https:\/\/secure.gravatar.com\/avatar\/154f262492794df2a6cb5d5349227b18ef8f85ab462fbb32625fc42406483d21?s=96&d=mm&r=g","contentUrl":"https:\/\/secure.gravatar.com\/avatar\/154f262492794df2a6cb5d5349227b18ef8f85ab462fbb32625fc42406483d21?s=96&d=mm&r=g","caption":"admin-szabolcs"},"url":"https:\/\/kinaikaleidoszkop.hu\/index.php\/author\/admin-szabolcs\/"}]}},"views":341,"distributor_meta":false,"distributor_terms":false,"distributor_media":false,"distributor_original_site_name":"kinaikaleidoszkop.hu","distributor_original_site_url":"https:\/\/kinaikaleidoszkop.hu","push-errors":false,"_links":{"self":[{"href":"https:\/\/kinaikaleidoszkop.hu\/index.php\/wp-json\/wp\/v2\/posts\/18283","targetHints":{"allow":["GET"]}}],"collection":[{"href":"https:\/\/kinaikaleidoszkop.hu\/index.php\/wp-json\/wp\/v2\/posts"}],"about":[{"href":"https:\/\/kinaikaleidoszkop.hu\/index.php\/wp-json\/wp\/v2\/types\/post"}],"author":[{"embeddable":true,"href":"https:\/\/kinaikaleidoszkop.hu\/index.php\/wp-json\/wp\/v2\/users\/2"}],"replies":[{"embeddable":true,"href":"https:\/\/kinaikaleidoszkop.hu\/index.php\/wp-json\/wp\/v2\/comments?post=18283"}],"version-history":[{"count":1,"href":"https:\/\/kinaikaleidoszkop.hu\/index.php\/wp-json\/wp\/v2\/posts\/18283\/revisions"}],"predecessor-version":[{"id":18299,"href":"https:\/\/kinaikaleidoszkop.hu\/index.php\/wp-json\/wp\/v2\/posts\/18283\/revisions\/18299"}],"wp:featuredmedia":[{"embeddable":true,"href":"https:\/\/kinaikaleidoszkop.hu\/index.php\/wp-json\/wp\/v2\/media\/18294"}],"wp:attachment":[{"href":"https:\/\/kinaikaleidoszkop.hu\/index.php\/wp-json\/wp\/v2\/media?parent=18283"}],"wp:term":[{"taxonomy":"category","embeddable":true,"href":"https:\/\/kinaikaleidoszkop.hu\/index.php\/wp-json\/wp\/v2\/categories?post=18283"},{"taxonomy":"post_tag","embeddable":true,"href":"https:\/\/kinaikaleidoszkop.hu\/index.php\/wp-json\/wp\/v2\/tags?post=18283"}],"curies":[{"name":"wp","href":"https:\/\/api.w.org\/{rel}","templated":true}]}}