{"id":18287,"date":"2023-07-21T12:52:00","date_gmt":"2023-07-21T10:52:00","guid":{"rendered":"https:\/\/kinaikaleidoszkop.hu\/?p=18287"},"modified":"2023-07-21T12:54:04","modified_gmt":"2023-07-21T10:54:04","slug":"a-kinai-kulugyi-szovivo-a-kina-odesszai-fokonzulatusanak-kozeleben-tortent-robbanasrol","status":"publish","type":"post","link":"https:\/\/kinaikaleidoszkop.hu\/index.php\/2023\/07\/21\/a-kinai-kulugyi-szovivo-a-kina-odesszai-fokonzulatusanak-kozeleben-tortent-robbanasrol\/","title":{"rendered":"A k\u00ednai k\u00fcl\u00fcgyi sz\u00f3viv\u0151 a K\u00edna odesszai f\u0151konzul\u00e1tus\u00e1nak k\u00f6zel\u00e9ben t\u00f6rt\u00e9nt robban\u00e1sr\u00f3l"},"content":{"rendered":"<div class=\"wp-block-image\">\n<figure class=\"alignright is-resized\"><img loading=\"lazy\" decoding=\"async\" src=\"https:\/\/hirpest.hu\/wp-content\/uploads\/2023\/07\/VCG111446241799.jpg\" alt=\"\" class=\"wp-image-17919\" width=\"525\" height=\"350\"\/><\/figure>\n<\/div>\n\n\n<p><strong>A h\u00edrek szerint az orosz hadsereg j\u00falius 20-\u00e1n Odessza ellen ind\u00edtott dr\u00f3n- \u00e9s rak\u00e9tat\u00e1mad\u00e1sa \u00e9rintette K\u00edna odesszai f\u0151konzul\u00e1tus\u00e1t \u2013 megrong\u00e1l\u00f3dtak a konzul\u00e1tus k\u00fcls\u0151 falai \u00e9s n\u00e9h\u00e1ny ablak\u00fcveg is bet\u00f6rt.<\/strong><\/p>\n\n\n\n<p>A k\u00ednai k\u00fcl\u00fcgyi sz\u00f3viv\u0151 j\u00falius 20-\u00e1n Pekingben tartott sajt\u00f3\u00e9rtekezleten ezzel az esettel kapcsolatban, \u00e9s hivatalosan is k\u00f6z\u00f6lte, hogy robban\u00e1s t\u00f6rt\u00e9nt K\u00edna odesszai f\u0151konzul\u00e1tus\u00e1nak k\u00f6zel\u00e9ben, a l\u00f6k\u00e9shull\u00e1m k\u00e1rt tett a f\u0151konzul\u00e1tus falaiban \u00e9s bet\u00f6rt n\u00e9h\u00e1ny ablak\u00fcveget.<\/p>\n\n\n\n<p>A f\u0151konzul\u00e1tust m\u00e1r ki\u00fcr\u00edtett\u00e9k \u00e9s nem volt szem\u00e9lyi s\u00e9r\u00fcl\u00e9s \u2013 mondta a sz\u00f3viv\u0151. Hozz\u00e1tette: K\u00edna kiemelt figyelmet ford\u00edt a vonatkoz\u00f3 fejlem\u00e9nyekre, tov\u00e1bbra is fenntartja a kommunik\u00e1ci\u00f3t az \u00e9rintett felekkel, \u00e9s minden sz\u00fcks\u00e9ges int\u00e9zked\u00e9st megtesz az Ukrajn\u00e1ban l\u00e9v\u0151 k\u00ednai int\u00e9zm\u00e9nyek \u00e9s szem\u00e9lyzet biztons\u00e1g\u00e1nak meg\u0151rz\u00e9se \u00e9rdek\u00e9ben.<\/p>\n\n\n\n<p><strong>2023. j\u00falius 21.<\/strong><\/p>\n\n\n\n<p><strong><em>(China Media Group)<\/em><\/strong><\/p>\n\n\n\n<p><strong>(x)<\/strong><\/p>\n","protected":false},"excerpt":{"rendered":"<p>A h\u00edrek szerint az orosz hadsereg j\u00falius 20-\u00e1n Odessza ellen ind\u00edtott dr\u00f3n- \u00e9s rak\u00e9tat\u00e1mad\u00e1sa \u00e9rintette K\u00edna odesszai f\u0151konzul\u00e1tus\u00e1t \u2013 megrong\u00e1l\u00f3dtak a konzul\u00e1tus k\u00fcls\u0151 falai \u00e9s n\u00e9h\u00e1ny ablak\u00fcveg is bet\u00f6rt. A k\u00ednai k\u00fcl\u00fcgyi sz\u00f3viv\u0151 j\u00falius 20-\u00e1n Pekingben tartott sajt\u00f3\u00e9rtekezleten ezzel az esettel kapcsolatban, \u00e9s hivatalosan is k\u00f6z\u00f6lte, hogy robban\u00e1s t\u00f6rt\u00e9nt K\u00edna odesszai f\u0151konzul\u00e1tus\u00e1nak k\u00f6zel\u00e9ben, a l\u00f6k\u00e9shull\u00e1m [&hellip;]<\/p>\n","protected":false},"author":2,"featured_media":18296,"comment_status":"closed","ping_status":"closed","sticky":false,"template":"","format":"standard","meta":{"footnotes":""},"categories":[45],"tags":[2741,634,2742,460,2739,2740,2738,237,472],"class_list":["post-18287","post","type-post","status-publish","format-standard","has-post-thumbnail","hentry","category-hirek","tag-ablakuveg","tag-biztonsag","tag-dron-es-raketatamadas","tag-kinai-kulugyi-szovivo","tag-odessza","tag-odesszai-fokonzulatus","tag-orosz-hadsereg","tag-robbanas","tag-sajtoertekezlet"],"yoast_head":"<!-- This site is optimized with the Yoast SEO plugin v23.7 - https:\/\/yoast.com\/wordpress\/plugins\/seo\/ -->\n<title>A k\u00ednai k\u00fcl\u00fcgyi sz\u00f3viv\u0151 a K\u00edna odesszai f\u0151konzul\u00e1tus\u00e1nak k\u00f6zel\u00e9ben t\u00f6rt\u00e9nt robban\u00e1sr\u00f3l - kinaikaleidoszkop.hu<\/title>\n<meta name=\"robots\" content=\"index, follow, max-snippet:-1, max-image-preview:large, max-video-preview:-1\" \/>\n<link rel=\"canonical\" href=\"https:\/\/kinaikaleidoszkop.hu\/index.php\/2023\/07\/21\/a-kinai-kulugyi-szovivo-a-kina-odesszai-fokonzulatusanak-kozeleben-tortent-robbanasrol\/\" \/>\n<meta property=\"og:locale\" content=\"hu_HU\" \/>\n<meta property=\"og:type\" content=\"article\" \/>\n<meta property=\"og:title\" content=\"A k\u00ednai k\u00fcl\u00fcgyi sz\u00f3viv\u0151 a K\u00edna odesszai f\u0151konzul\u00e1tus\u00e1nak k\u00f6zel\u00e9ben t\u00f6rt\u00e9nt robban\u00e1sr\u00f3l - kinaikaleidoszkop.hu\" \/>\n<meta property=\"og:description\" content=\"A h\u00edrek szerint az orosz hadsereg j\u00falius 20-\u00e1n Odessza ellen ind\u00edtott dr\u00f3n- \u00e9s rak\u00e9tat\u00e1mad\u00e1sa \u00e9rintette K\u00edna odesszai f\u0151konzul\u00e1tus\u00e1t \u2013 megrong\u00e1l\u00f3dtak a konzul\u00e1tus k\u00fcls\u0151 falai \u00e9s n\u00e9h\u00e1ny ablak\u00fcveg is bet\u00f6rt. A k\u00ednai k\u00fcl\u00fcgyi sz\u00f3viv\u0151 j\u00falius 20-\u00e1n Pekingben tartott sajt\u00f3\u00e9rtekezleten ezzel az esettel kapcsolatban, \u00e9s hivatalosan is k\u00f6z\u00f6lte, hogy robban\u00e1s t\u00f6rt\u00e9nt K\u00edna odesszai f\u0151konzul\u00e1tus\u00e1nak k\u00f6zel\u00e9ben, a l\u00f6k\u00e9shull\u00e1m [&hellip;]\" \/>\n<meta property=\"og:url\" content=\"https:\/\/kinaikaleidoszkop.hu\/index.php\/2023\/07\/21\/a-kinai-kulugyi-szovivo-a-kina-odesszai-fokonzulatusanak-kozeleben-tortent-robbanasrol\/\" \/>\n<meta property=\"og:site_name\" content=\"kinaikaleidoszkop.hu\" \/>\n<meta property=\"article:published_time\" content=\"2023-07-21T10:52:00+00:00\" \/>\n<meta property=\"article:modified_time\" content=\"2023-07-21T10:54:04+00:00\" \/>\n<meta property=\"og:image\" content=\"https:\/\/kinaikaleidoszkop.hu\/wp-content\/uploads\/2023\/07\/VCG111446241799.jpg\" \/>\n\t<meta property=\"og:image:width\" content=\"800\" \/>\n\t<meta property=\"og:image:height\" content=\"533\" \/>\n\t<meta property=\"og:image:type\" content=\"image\/jpeg\" \/>\n<meta name=\"author\" content=\"admin-szabolcs\" \/>\n<meta name=\"twitter:card\" content=\"summary_large_image\" \/>\n<meta name=\"twitter:label1\" content=\"Szerz\u0151:\" \/>\n\t<meta name=\"twitter:data1\" content=\"admin-szabolcs\" \/>\n\t<meta name=\"twitter:label2\" content=\"Becs\u00fclt olvas\u00e1si id\u0151\" \/>\n\t<meta name=\"twitter:data2\" content=\"1 perc\" \/>\n<script type=\"application\/ld+json\" class=\"yoast-schema-graph\">{\"@context\":\"https:\/\/schema.org\",\"@graph\":[{\"@type\":\"WebPage\",\"@id\":\"https:\/\/kinaikaleidoszkop.hu\/index.php\/2023\/07\/21\/a-kinai-kulugyi-szovivo-a-kina-odesszai-fokonzulatusanak-kozeleben-tortent-robbanasrol\/\",\"url\":\"https:\/\/kinaikaleidoszkop.hu\/index.php\/2023\/07\/21\/a-kinai-kulugyi-szovivo-a-kina-odesszai-fokonzulatusanak-kozeleben-tortent-robbanasrol\/\",\"name\":\"A k\u00ednai k\u00fcl\u00fcgyi sz\u00f3viv\u0151 a K\u00edna odesszai f\u0151konzul\u00e1tus\u00e1nak k\u00f6zel\u00e9ben t\u00f6rt\u00e9nt robban\u00e1sr\u00f3l - kinaikaleidoszkop.hu\",\"isPartOf\":{\"@id\":\"https:\/\/kinaikaleidoszkop.hu\/#website\"},\"primaryImageOfPage\":{\"@id\":\"https:\/\/kinaikaleidoszkop.hu\/index.php\/2023\/07\/21\/a-kinai-kulugyi-szovivo-a-kina-odesszai-fokonzulatusanak-kozeleben-tortent-robbanasrol\/#primaryimage\"},\"image\":{\"@id\":\"https:\/\/kinaikaleidoszkop.hu\/index.php\/2023\/07\/21\/a-kinai-kulugyi-szovivo-a-kina-odesszai-fokonzulatusanak-kozeleben-tortent-robbanasrol\/#primaryimage\"},\"thumbnailUrl\":\"https:\/\/kinaikaleidoszkop.hu\/wp-content\/uploads\/2023\/07\/VCG111446241799.jpg\",\"datePublished\":\"2023-07-21T10:52:00+00:00\",\"dateModified\":\"2023-07-21T10:54:04+00:00\",\"author\":{\"@id\":\"https:\/\/kinaikaleidoszkop.hu\/#\/schema\/person\/b9e2febe742edd540c1197716ec02bf7\"},\"breadcrumb\":{\"@id\":\"https:\/\/kinaikaleidoszkop.hu\/index.php\/2023\/07\/21\/a-kinai-kulugyi-szovivo-a-kina-odesszai-fokonzulatusanak-kozeleben-tortent-robbanasrol\/#breadcrumb\"},\"inLanguage\":\"hu\",\"potentialAction\":[{\"@type\":\"ReadAction\",\"target\":[\"https:\/\/kinaikaleidoszkop.hu\/index.php\/2023\/07\/21\/a-kinai-kulugyi-szovivo-a-kina-odesszai-fokonzulatusanak-kozeleben-tortent-robbanasrol\/\"]}]},{\"@type\":\"ImageObject\",\"inLanguage\":\"hu\",\"@id\":\"https:\/\/kinaikaleidoszkop.hu\/index.php\/2023\/07\/21\/a-kinai-kulugyi-szovivo-a-kina-odesszai-fokonzulatusanak-kozeleben-tortent-robbanasrol\/#primaryimage\",\"url\":\"https:\/\/kinaikaleidoszkop.hu\/wp-content\/uploads\/2023\/07\/VCG111446241799.jpg\",\"contentUrl\":\"https:\/\/kinaikaleidoszkop.hu\/wp-content\/uploads\/2023\/07\/VCG111446241799.jpg\",\"width\":800,\"height\":533},{\"@type\":\"BreadcrumbList\",\"@id\":\"https:\/\/kinaikaleidoszkop.hu\/index.php\/2023\/07\/21\/a-kinai-kulugyi-szovivo-a-kina-odesszai-fokonzulatusanak-kozeleben-tortent-robbanasrol\/#breadcrumb\",\"itemListElement\":[{\"@type\":\"ListItem\",\"position\":1,\"name\":\"Kezd\u0151lap\",\"item\":\"https:\/\/kinaikaleidoszkop.hu\/\"},{\"@type\":\"ListItem\",\"position\":2,\"name\":\"A k\u00ednai k\u00fcl\u00fcgyi sz\u00f3viv\u0151 a K\u00edna odesszai f\u0151konzul\u00e1tus\u00e1nak k\u00f6zel\u00e9ben t\u00f6rt\u00e9nt robban\u00e1sr\u00f3l\"}]},{\"@type\":\"WebSite\",\"@id\":\"https:\/\/kinaikaleidoszkop.hu\/#website\",\"url\":\"https:\/\/kinaikaleidoszkop.hu\/\",\"name\":\"kinaikaleidoszkop.hu\",\"description\":\"\",\"potentialAction\":[{\"@type\":\"SearchAction\",\"target\":{\"@type\":\"EntryPoint\",\"urlTemplate\":\"https:\/\/kinaikaleidoszkop.hu\/?s={search_term_string}\"},\"query-input\":{\"@type\":\"PropertyValueSpecification\",\"valueRequired\":true,\"valueName\":\"search_term_string\"}}],\"inLanguage\":\"hu\"},{\"@type\":\"Person\",\"@id\":\"https:\/\/kinaikaleidoszkop.hu\/#\/schema\/person\/b9e2febe742edd540c1197716ec02bf7\",\"name\":\"admin-szabolcs\",\"image\":{\"@type\":\"ImageObject\",\"inLanguage\":\"hu\",\"@id\":\"https:\/\/kinaikaleidoszkop.hu\/#\/schema\/person\/image\/\",\"url\":\"https:\/\/secure.gravatar.com\/avatar\/154f262492794df2a6cb5d5349227b18ef8f85ab462fbb32625fc42406483d21?s=96&d=mm&r=g\",\"contentUrl\":\"https:\/\/secure.gravatar.com\/avatar\/154f262492794df2a6cb5d5349227b18ef8f85ab462fbb32625fc42406483d21?s=96&d=mm&r=g\",\"caption\":\"admin-szabolcs\"},\"url\":\"https:\/\/kinaikaleidoszkop.hu\/index.php\/author\/admin-szabolcs\/\"}]}<\/script>\n<!-- \/ Yoast SEO plugin. -->","yoast_head_json":{"title":"A k\u00ednai k\u00fcl\u00fcgyi sz\u00f3viv\u0151 a K\u00edna odesszai f\u0151konzul\u00e1tus\u00e1nak k\u00f6zel\u00e9ben t\u00f6rt\u00e9nt robban\u00e1sr\u00f3l - kinaikaleidoszkop.hu","robots":{"index":"index","follow":"follow","max-snippet":"max-snippet:-1","max-image-preview":"max-image-preview:large","max-video-preview":"max-video-preview:-1"},"canonical":"https:\/\/kinaikaleidoszkop.hu\/index.php\/2023\/07\/21\/a-kinai-kulugyi-szovivo-a-kina-odesszai-fokonzulatusanak-kozeleben-tortent-robbanasrol\/","og_locale":"hu_HU","og_type":"article","og_title":"A k\u00ednai k\u00fcl\u00fcgyi sz\u00f3viv\u0151 a K\u00edna odesszai f\u0151konzul\u00e1tus\u00e1nak k\u00f6zel\u00e9ben t\u00f6rt\u00e9nt robban\u00e1sr\u00f3l - kinaikaleidoszkop.hu","og_description":"A h\u00edrek szerint az orosz hadsereg j\u00falius 20-\u00e1n Odessza ellen ind\u00edtott dr\u00f3n- \u00e9s rak\u00e9tat\u00e1mad\u00e1sa \u00e9rintette K\u00edna odesszai f\u0151konzul\u00e1tus\u00e1t \u2013 megrong\u00e1l\u00f3dtak a konzul\u00e1tus k\u00fcls\u0151 falai \u00e9s n\u00e9h\u00e1ny ablak\u00fcveg is bet\u00f6rt. A k\u00ednai k\u00fcl\u00fcgyi sz\u00f3viv\u0151 j\u00falius 20-\u00e1n Pekingben tartott sajt\u00f3\u00e9rtekezleten ezzel az esettel kapcsolatban, \u00e9s hivatalosan is k\u00f6z\u00f6lte, hogy robban\u00e1s t\u00f6rt\u00e9nt K\u00edna odesszai f\u0151konzul\u00e1tus\u00e1nak k\u00f6zel\u00e9ben, a l\u00f6k\u00e9shull\u00e1m [&hellip;]","og_url":"https:\/\/kinaikaleidoszkop.hu\/index.php\/2023\/07\/21\/a-kinai-kulugyi-szovivo-a-kina-odesszai-fokonzulatusanak-kozeleben-tortent-robbanasrol\/","og_site_name":"kinaikaleidoszkop.hu","article_published_time":"2023-07-21T10:52:00+00:00","article_modified_time":"2023-07-21T10:54:04+00:00","og_image":[{"width":800,"height":533,"url":"https:\/\/kinaikaleidoszkop.hu\/wp-content\/uploads\/2023\/07\/VCG111446241799.jpg","type":"image\/jpeg"}],"author":"admin-szabolcs","twitter_card":"summary_large_image","twitter_misc":{"Szerz\u0151:":"admin-szabolcs","Becs\u00fclt olvas\u00e1si id\u0151":"1 perc"},"schema":{"@context":"https:\/\/schema.org","@graph":[{"@type":"WebPage","@id":"https:\/\/kinaikaleidoszkop.hu\/index.php\/2023\/07\/21\/a-kinai-kulugyi-szovivo-a-kina-odesszai-fokonzulatusanak-kozeleben-tortent-robbanasrol\/","url":"https:\/\/kinaikaleidoszkop.hu\/index.php\/2023\/07\/21\/a-kinai-kulugyi-szovivo-a-kina-odesszai-fokonzulatusanak-kozeleben-tortent-robbanasrol\/","name":"A k\u00ednai k\u00fcl\u00fcgyi sz\u00f3viv\u0151 a K\u00edna odesszai f\u0151konzul\u00e1tus\u00e1nak k\u00f6zel\u00e9ben t\u00f6rt\u00e9nt robban\u00e1sr\u00f3l - kinaikaleidoszkop.hu","isPartOf":{"@id":"https:\/\/kinaikaleidoszkop.hu\/#website"},"primaryImageOfPage":{"@id":"https:\/\/kinaikaleidoszkop.hu\/index.php\/2023\/07\/21\/a-kinai-kulugyi-szovivo-a-kina-odesszai-fokonzulatusanak-kozeleben-tortent-robbanasrol\/#primaryimage"},"image":{"@id":"https:\/\/kinaikaleidoszkop.hu\/index.php\/2023\/07\/21\/a-kinai-kulugyi-szovivo-a-kina-odesszai-fokonzulatusanak-kozeleben-tortent-robbanasrol\/#primaryimage"},"thumbnailUrl":"https:\/\/kinaikaleidoszkop.hu\/wp-content\/uploads\/2023\/07\/VCG111446241799.jpg","datePublished":"2023-07-21T10:52:00+00:00","dateModified":"2023-07-21T10:54:04+00:00","author":{"@id":"https:\/\/kinaikaleidoszkop.hu\/#\/schema\/person\/b9e2febe742edd540c1197716ec02bf7"},"breadcrumb":{"@id":"https:\/\/kinaikaleidoszkop.hu\/index.php\/2023\/07\/21\/a-kinai-kulugyi-szovivo-a-kina-odesszai-fokonzulatusanak-kozeleben-tortent-robbanasrol\/#breadcrumb"},"inLanguage":"hu","potentialAction":[{"@type":"ReadAction","target":["https:\/\/kinaikaleidoszkop.hu\/index.php\/2023\/07\/21\/a-kinai-kulugyi-szovivo-a-kina-odesszai-fokonzulatusanak-kozeleben-tortent-robbanasrol\/"]}]},{"@type":"ImageObject","inLanguage":"hu","@id":"https:\/\/kinaikaleidoszkop.hu\/index.php\/2023\/07\/21\/a-kinai-kulugyi-szovivo-a-kina-odesszai-fokonzulatusanak-kozeleben-tortent-robbanasrol\/#primaryimage","url":"https:\/\/kinaikaleidoszkop.hu\/wp-content\/uploads\/2023\/07\/VCG111446241799.jpg","contentUrl":"https:\/\/kinaikaleidoszkop.hu\/wp-content\/uploads\/2023\/07\/VCG111446241799.jpg","width":800,"height":533},{"@type":"BreadcrumbList","@id":"https:\/\/kinaikaleidoszkop.hu\/index.php\/2023\/07\/21\/a-kinai-kulugyi-szovivo-a-kina-odesszai-fokonzulatusanak-kozeleben-tortent-robbanasrol\/#breadcrumb","itemListElement":[{"@type":"ListItem","position":1,"name":"Kezd\u0151lap","item":"https:\/\/kinaikaleidoszkop.hu\/"},{"@type":"ListItem","position":2,"name":"A k\u00ednai k\u00fcl\u00fcgyi sz\u00f3viv\u0151 a K\u00edna odesszai f\u0151konzul\u00e1tus\u00e1nak k\u00f6zel\u00e9ben t\u00f6rt\u00e9nt robban\u00e1sr\u00f3l"}]},{"@type":"WebSite","@id":"https:\/\/kinaikaleidoszkop.hu\/#website","url":"https:\/\/kinaikaleidoszkop.hu\/","name":"kinaikaleidoszkop.hu","description":"","potentialAction":[{"@type":"SearchAction","target":{"@type":"EntryPoint","urlTemplate":"https:\/\/kinaikaleidoszkop.hu\/?s={search_term_string}"},"query-input":{"@type":"PropertyValueSpecification","valueRequired":true,"valueName":"search_term_string"}}],"inLanguage":"hu"},{"@type":"Person","@id":"https:\/\/kinaikaleidoszkop.hu\/#\/schema\/person\/b9e2febe742edd540c1197716ec02bf7","name":"admin-szabolcs","image":{"@type":"ImageObject","inLanguage":"hu","@id":"https:\/\/kinaikaleidoszkop.hu\/#\/schema\/person\/image\/","url":"https:\/\/secure.gravatar.com\/avatar\/154f262492794df2a6cb5d5349227b18ef8f85ab462fbb32625fc42406483d21?s=96&d=mm&r=g","contentUrl":"https:\/\/secure.gravatar.com\/avatar\/154f262492794df2a6cb5d5349227b18ef8f85ab462fbb32625fc42406483d21?s=96&d=mm&r=g","caption":"admin-szabolcs"},"url":"https:\/\/kinaikaleidoszkop.hu\/index.php\/author\/admin-szabolcs\/"}]}},"views":230,"distributor_meta":false,"distributor_terms":false,"distributor_media":false,"distributor_original_site_name":"kinaikaleidoszkop.hu","distributor_original_site_url":"https:\/\/kinaikaleidoszkop.hu","push-errors":false,"_links":{"self":[{"href":"https:\/\/kinaikaleidoszkop.hu\/index.php\/wp-json\/wp\/v2\/posts\/18287","targetHints":{"allow":["GET"]}}],"collection":[{"href":"https:\/\/kinaikaleidoszkop.hu\/index.php\/wp-json\/wp\/v2\/posts"}],"about":[{"href":"https:\/\/kinaikaleidoszkop.hu\/index.php\/wp-json\/wp\/v2\/types\/post"}],"author":[{"embeddable":true,"href":"https:\/\/kinaikaleidoszkop.hu\/index.php\/wp-json\/wp\/v2\/users\/2"}],"replies":[{"embeddable":true,"href":"https:\/\/kinaikaleidoszkop.hu\/index.php\/wp-json\/wp\/v2\/comments?post=18287"}],"version-history":[{"count":1,"href":"https:\/\/kinaikaleidoszkop.hu\/index.php\/wp-json\/wp\/v2\/posts\/18287\/revisions"}],"predecessor-version":[{"id":18301,"href":"https:\/\/kinaikaleidoszkop.hu\/index.php\/wp-json\/wp\/v2\/posts\/18287\/revisions\/18301"}],"wp:featuredmedia":[{"embeddable":true,"href":"https:\/\/kinaikaleidoszkop.hu\/index.php\/wp-json\/wp\/v2\/media\/18296"}],"wp:attachment":[{"href":"https:\/\/kinaikaleidoszkop.hu\/index.php\/wp-json\/wp\/v2\/media?parent=18287"}],"wp:term":[{"taxonomy":"category","embeddable":true,"href":"https:\/\/kinaikaleidoszkop.hu\/index.php\/wp-json\/wp\/v2\/categories?post=18287"},{"taxonomy":"post_tag","embeddable":true,"href":"https:\/\/kinaikaleidoszkop.hu\/index.php\/wp-json\/wp\/v2\/tags?post=18287"}],"curies":[{"name":"wp","href":"https:\/\/api.w.org\/{rel}","templated":true}]}}