{"id":18353,"date":"2023-07-26T12:50:00","date_gmt":"2023-07-26T10:50:00","guid":{"rendered":"https:\/\/kinaikaleidoszkop.hu\/?p=18353"},"modified":"2023-07-26T13:09:19","modified_gmt":"2023-07-26T11:09:19","slug":"a-baratsag-hidja-utjara-indult-pekingben-a-cmg-pekingtol-parizsig-kinai-es-francia-muveszek-olimpiai-korutja-cimu-tematikus-rendezvenye","status":"publish","type":"post","link":"https:\/\/kinaikaleidoszkop.hu\/index.php\/2023\/07\/26\/a-baratsag-hidja-utjara-indult-pekingben-a-cmg-pekingtol-parizsig-kinai-es-francia-muveszek-olimpiai-korutja-cimu-tematikus-rendezvenye\/","title":{"rendered":"A bar\u00e1ts\u00e1g h\u00eddja! \u00datj\u00e1ra indult Pekingben a CMG \u201ePekingt\u0151l P\u00e1rizsig \u2013 k\u00ednai \u00e9s francia m\u0171v\u00e9szek olimpiai k\u00f6r\u00fatja&#8221; c\u00edm\u0171 tematikus rendezv\u00e9nye"},"content":{"rendered":"\n<p><strong>A p\u00e1rizsi olimpia kezdet\u00e9ig h\u00e1tral\u00e9v\u0151 egy \u00e9v alkalm\u00e1b\u00f3l j\u00falius 25-\u00e9n Pekingben \u00fatj\u00e1ra indult a China Media Group <em>Pekingt\u0151l P\u00e1rizsig \u2013 k\u00ednai \u00e9s francia m\u0171v\u00e9szek olimpiai k\u00f6r\u00fatja<\/em> c\u00edm\u0171 tematikus rendezv\u00e9nye. Shen Haixiong, a CMG eln\u00f6ke is r\u00e9szt vett az esem\u00e9nyen, ahol Wu Weishannal, a K\u00ednai Nemzeti K\u00e9pz\u0151m\u0171v\u00e9szeti M\u00fazeum igazgat\u00f3j\u00e1val, a K\u00ednai M\u0171v\u00e9szek Sz\u00f6vets\u00e9g\u00e9nek aleln\u00f6k\u00e9vel k\u00f6z\u00f6sen nyitotta meg a rendezv\u00e9nyt.<\/strong><\/p>\n\n\n\n<figure class=\"wp-block-image\"><img decoding=\"async\" src=\"https:\/\/hirpest.hu\/wp-content\/uploads\/2023\/07\/kep3hghgh-1024x571.jpg\" alt=\"\" class=\"wp-image-17992\"\/><figcaption class=\"wp-element-caption\"><strong><em>Fan Yang, a K\u00ednai Nemzeti Fest\u0151akad\u00e9mia K\u00ednai Fest\u0151m\u0171v\u00e9szeti Bizotts\u00e1g\u00e1nak igazgat\u00f3helyettese bemutatta olimpiai t\u00e9m\u00e1j\u00fa alkot\u00e1sait.<\/em><\/strong><\/figcaption><\/figure>\n\n\n\n<p>Az esem\u00e9ny helysz\u00edn\u00e9n Shen Haixiong a P\u00e1rizsi Olimpia Szervez\u0151bizotts\u00e1ga \u00e9s a CMG nev\u00e9ben megh\u00edv\u00f3t adott \u00e1t Wu Weishannak, Liu Wanmingnek, a K\u00ednai Nemzeti M\u00fazeum igazgat\u00f3helyettes\u00e9nek \u00e9s Fan Yangnak, a K\u00ednai Nemzeti Fest\u0151akad\u00e9mia K\u00ednai Fest\u0151m\u0171v\u00e9szeti Bizotts\u00e1ga igazgat\u00f3helyettes\u00e9nek, valamint a k\u00f6r\u00faton r\u00e9sztvev\u0151 t\u00f6bbi m\u0171v\u00e9szeti k\u00e9pvisel\u0151nek, \u00f6sszesen 13 m\u0171v\u00e9sznek.<\/p>\n\n\n\n<figure class=\"wp-block-image\"><img decoding=\"async\" src=\"https:\/\/hirpest.hu\/wp-content\/uploads\/2023\/07\/kep1fgfgf-1024x683.jpg\" alt=\"\" class=\"wp-image-17990\"\/><figcaption class=\"wp-element-caption\"><strong><em>A rendezv\u00e9ny helysz\u00edne.<\/em><\/strong><\/figcaption><\/figure>\n\n\n\n<p>Thomas Bach, a Nemzetk\u00f6zi Olimpiai Bizotts\u00e1g eln\u00f6ke gratul\u00e1l\u00f3 level\u00e9ben azt \u00edrta, hogy a CMG sok er\u0151fesz\u00edt\u00e9st tett \u00e9s rengeteg \u00faj\u00edt\u00e1st eszk\u00f6z\u00f6lt az olimpiai mozgalom n\u00e9pszer\u0171s\u00edt\u00e9s\u00e9re, az olimpiai j\u00e1t\u00e9kok vil\u00e1gsz\u00ednvonal\u00fa k\u00f6zvet\u00edt\u00e9se mellett a mostani rendezv\u00e9nnyel tov\u00e1bb er\u0151s\u00edti az olimpiai mozgalmat \u00e9s annak befoly\u00e1s\u00e1t. Bach b\u00edzik abban, hogy a k\u00f6vetkez\u0151 \u00e9vben a CMG fejlettebb m\u0171sork\u00f6zvet\u00edt\u00e9si technol\u00f3gi\u00e1t, valamint min\u0151s\u00e9gi m\u0171sorgy\u00e1rt\u00e1st alkalmaz a p\u00e1rizsi olimpi\u00e1ra val\u00f3 felk\u00e9sz\u00fcl\u00e9shez. V\u00e1rja a pekingi t\u00e9li olimpia alatt el\u00e9rt sikerek megism\u00e9tl\u00e9s\u00e9t a p\u00e1rizsi olimpiai j\u00e1t\u00e9kok esem\u00e9nyeinek k\u00f6zvet\u00edt\u00e9sekor.<\/p>\n\n\n\n<p>Xue Jijun, a CMG szerkeszt\u0151s\u00e9gi bizotts\u00e1g\u00e1nak tagja a rendezv\u00e9nyen tartott besz\u00e9d\u00e9ben elmondta, hogy Pekingt\u0151l P\u00e1rizsig az olimpiai szellem terjed\u00e9s\u00e9nek, a kultur\u00e1lis cser\u00e9knek \u00e9s a sz\u00e9p k\u00edv\u00e1ns\u00e1goknak a j\u00e1t\u00e9kok ut\u00e1n sem lesz v\u00e9ge, ugyanis ez a \u201ePekingt\u0151l P\u00e1rizsig\u201d m\u00e9diatev\u00e9kenys\u00e9g l\u00e9nyege. A CMG ebb\u0151l az alkalomb\u00f3l t\u00f6bb sz\u00ednvonalasabb programot \u00e9s kultur\u00e1lis tev\u00e9kenys\u00e9get akar l\u00e9trehozni, hogy \u00faj lend\u00fcletet \u00e9s vitalit\u00e1st adjon a k\u00e9t orsz\u00e1g k\u00f6z\u00f6tti kultur\u00e1lis cserekapcsolatnak, \u00e9s el\u0151seg\u00edtse a k\u00ednai\u2013francia \u00e1tfog\u00f3 strat\u00e9giai partners\u00e9g folyamatos fejleszt\u00e9s\u00e9t \u2013 fogalmazott Xue Jijun.<\/p>\n\n\n\n<figure class=\"wp-block-image\"><img decoding=\"async\" src=\"https:\/\/hirpest.hu\/wp-content\/uploads\/2023\/07\/kep2dfdfd-1024x595.jpg\" alt=\"\" class=\"wp-image-17991\"\/><figcaption class=\"wp-element-caption\"><strong><em>Wu Weishan, a K\u00ednai Nemzeti K\u00e9pz\u0151m\u0171v\u00e9szeti M\u00fazeum igazgat\u00f3ja bemutatta Mosolyg\u00f3s Coubertin nev\u0171 szobr\u00e1t.<\/em><\/strong><\/figcaption><\/figure>\n\n\n\n<p>Az esem\u00e9ny helysz\u00edn\u00e9n Wu Weishan \u00e9s Fan Yang bemutatt\u00e1k olimpiai t\u00e9m\u00e1j\u00fa alkot\u00e1saikat, amelyekkel kifejezt\u00e9k az olimpiai szellem m\u0171v\u00e9szi \u00e9rtelmez\u00e9s\u00e9t \u00e9s az esem\u00e9nnyel kapcsolatos elv\u00e1r\u00e1saikat.<\/p>\n\n\n\n<p><strong>2023. j\u00falius 26.<\/strong><\/p>\n\n\n\n<p><strong><em>(China Media Group)<\/em><\/strong><\/p>\n\n\n\n<p><strong>(x)<\/strong><\/p>\n","protected":false},"excerpt":{"rendered":"<p>A p\u00e1rizsi olimpia kezdet\u00e9ig h\u00e1tral\u00e9v\u0151 egy \u00e9v alkalm\u00e1b\u00f3l j\u00falius 25-\u00e9n Pekingben \u00fatj\u00e1ra indult a China Media Group Pekingt\u0151l P\u00e1rizsig \u2013 k\u00ednai \u00e9s francia m\u0171v\u00e9szek olimpiai k\u00f6r\u00fatja c\u00edm\u0171 tematikus rendezv\u00e9nye. Shen Haixiong, a CMG eln\u00f6ke is r\u00e9szt vett az esem\u00e9nyen, ahol Wu Weishannal, a K\u00ednai Nemzeti K\u00e9pz\u0151m\u0171v\u00e9szeti M\u00fazeum igazgat\u00f3j\u00e1val, a K\u00ednai M\u0171v\u00e9szek Sz\u00f6vets\u00e9g\u00e9nek aleln\u00f6k\u00e9vel k\u00f6z\u00f6sen nyitotta [&hellip;]<\/p>\n","protected":false},"author":2,"featured_media":18357,"comment_status":"closed","ping_status":"closed","sticky":false,"template":"","format":"standard","meta":{"footnotes":""},"categories":[45],"tags":[512,426,2439,1410,141,332,444,806,454],"class_list":["post-18353","post","type-post","status-publish","format-standard","has-post-thumbnail","hentry","category-hirek","tag-china-media-group","tag-kozvetites","tag-muvesz","tag-parizsi-olimpia","tag-peking","tag-pekingi-teli-olimpia","tag-shen-haixiong","tag-tematikus-rendezveny","tag-thomas-bach"],"yoast_head":"<!-- This site is optimized with the Yoast SEO plugin v23.7 - https:\/\/yoast.com\/wordpress\/plugins\/seo\/ -->\n<title>A bar\u00e1ts\u00e1g h\u00eddja! \u00datj\u00e1ra indult Pekingben a CMG \u201ePekingt\u0151l P\u00e1rizsig \u2013 k\u00ednai \u00e9s francia m\u0171v\u00e9szek olimpiai k\u00f6r\u00fatja&quot; c\u00edm\u0171 tematikus rendezv\u00e9nye - kinaikaleidoszkop.hu<\/title>\n<meta name=\"robots\" content=\"index, follow, max-snippet:-1, max-image-preview:large, max-video-preview:-1\" \/>\n<link rel=\"canonical\" href=\"https:\/\/kinaikaleidoszkop.hu\/index.php\/2023\/07\/26\/a-baratsag-hidja-utjara-indult-pekingben-a-cmg-pekingtol-parizsig-kinai-es-francia-muveszek-olimpiai-korutja-cimu-tematikus-rendezvenye\/\" \/>\n<meta property=\"og:locale\" content=\"hu_HU\" \/>\n<meta property=\"og:type\" content=\"article\" \/>\n<meta property=\"og:title\" content=\"A bar\u00e1ts\u00e1g h\u00eddja! \u00datj\u00e1ra indult Pekingben a CMG \u201ePekingt\u0151l P\u00e1rizsig \u2013 k\u00ednai \u00e9s francia m\u0171v\u00e9szek olimpiai k\u00f6r\u00fatja&quot; c\u00edm\u0171 tematikus rendezv\u00e9nye - kinaikaleidoszkop.hu\" \/>\n<meta property=\"og:description\" content=\"A p\u00e1rizsi olimpia kezdet\u00e9ig h\u00e1tral\u00e9v\u0151 egy \u00e9v alkalm\u00e1b\u00f3l j\u00falius 25-\u00e9n Pekingben \u00fatj\u00e1ra indult a China Media Group Pekingt\u0151l P\u00e1rizsig \u2013 k\u00ednai \u00e9s francia m\u0171v\u00e9szek olimpiai k\u00f6r\u00fatja c\u00edm\u0171 tematikus rendezv\u00e9nye. Shen Haixiong, a CMG eln\u00f6ke is r\u00e9szt vett az esem\u00e9nyen, ahol Wu Weishannal, a K\u00ednai Nemzeti K\u00e9pz\u0151m\u0171v\u00e9szeti M\u00fazeum igazgat\u00f3j\u00e1val, a K\u00ednai M\u0171v\u00e9szek Sz\u00f6vets\u00e9g\u00e9nek aleln\u00f6k\u00e9vel k\u00f6z\u00f6sen nyitotta [&hellip;]\" \/>\n<meta property=\"og:url\" content=\"https:\/\/kinaikaleidoszkop.hu\/index.php\/2023\/07\/26\/a-baratsag-hidja-utjara-indult-pekingben-a-cmg-pekingtol-parizsig-kinai-es-francia-muveszek-olimpiai-korutja-cimu-tematikus-rendezvenye\/\" \/>\n<meta property=\"og:site_name\" content=\"kinaikaleidoszkop.hu\" \/>\n<meta property=\"article:published_time\" content=\"2023-07-26T10:50:00+00:00\" \/>\n<meta property=\"article:modified_time\" content=\"2023-07-26T11:09:19+00:00\" \/>\n<meta property=\"og:image\" content=\"https:\/\/kinaikaleidoszkop.hu\/wp-content\/uploads\/2023\/07\/kep3hghgh-scaled.jpg\" \/>\n\t<meta property=\"og:image:width\" content=\"2560\" \/>\n\t<meta property=\"og:image:height\" content=\"1427\" \/>\n\t<meta property=\"og:image:type\" content=\"image\/jpeg\" \/>\n<meta name=\"author\" content=\"admin-szabolcs\" \/>\n<meta name=\"twitter:card\" content=\"summary_large_image\" \/>\n<meta name=\"twitter:label1\" content=\"Szerz\u0151:\" \/>\n\t<meta name=\"twitter:data1\" content=\"admin-szabolcs\" \/>\n\t<meta name=\"twitter:label2\" content=\"Becs\u00fclt olvas\u00e1si id\u0151\" \/>\n\t<meta name=\"twitter:data2\" content=\"3 perc\" \/>\n<script type=\"application\/ld+json\" class=\"yoast-schema-graph\">{\"@context\":\"https:\/\/schema.org\",\"@graph\":[{\"@type\":\"WebPage\",\"@id\":\"https:\/\/kinaikaleidoszkop.hu\/index.php\/2023\/07\/26\/a-baratsag-hidja-utjara-indult-pekingben-a-cmg-pekingtol-parizsig-kinai-es-francia-muveszek-olimpiai-korutja-cimu-tematikus-rendezvenye\/\",\"url\":\"https:\/\/kinaikaleidoszkop.hu\/index.php\/2023\/07\/26\/a-baratsag-hidja-utjara-indult-pekingben-a-cmg-pekingtol-parizsig-kinai-es-francia-muveszek-olimpiai-korutja-cimu-tematikus-rendezvenye\/\",\"name\":\"A bar\u00e1ts\u00e1g h\u00eddja! \u00datj\u00e1ra indult Pekingben a CMG \u201ePekingt\u0151l P\u00e1rizsig \u2013 k\u00ednai \u00e9s francia m\u0171v\u00e9szek olimpiai k\u00f6r\u00fatja\\\" c\u00edm\u0171 tematikus rendezv\u00e9nye - kinaikaleidoszkop.hu\",\"isPartOf\":{\"@id\":\"https:\/\/kinaikaleidoszkop.hu\/#website\"},\"primaryImageOfPage\":{\"@id\":\"https:\/\/kinaikaleidoszkop.hu\/index.php\/2023\/07\/26\/a-baratsag-hidja-utjara-indult-pekingben-a-cmg-pekingtol-parizsig-kinai-es-francia-muveszek-olimpiai-korutja-cimu-tematikus-rendezvenye\/#primaryimage\"},\"image\":{\"@id\":\"https:\/\/kinaikaleidoszkop.hu\/index.php\/2023\/07\/26\/a-baratsag-hidja-utjara-indult-pekingben-a-cmg-pekingtol-parizsig-kinai-es-francia-muveszek-olimpiai-korutja-cimu-tematikus-rendezvenye\/#primaryimage\"},\"thumbnailUrl\":\"https:\/\/kinaikaleidoszkop.hu\/wp-content\/uploads\/2023\/07\/kep3hghgh-scaled.jpg\",\"datePublished\":\"2023-07-26T10:50:00+00:00\",\"dateModified\":\"2023-07-26T11:09:19+00:00\",\"author\":{\"@id\":\"https:\/\/kinaikaleidoszkop.hu\/#\/schema\/person\/b9e2febe742edd540c1197716ec02bf7\"},\"breadcrumb\":{\"@id\":\"https:\/\/kinaikaleidoszkop.hu\/index.php\/2023\/07\/26\/a-baratsag-hidja-utjara-indult-pekingben-a-cmg-pekingtol-parizsig-kinai-es-francia-muveszek-olimpiai-korutja-cimu-tematikus-rendezvenye\/#breadcrumb\"},\"inLanguage\":\"hu\",\"potentialAction\":[{\"@type\":\"ReadAction\",\"target\":[\"https:\/\/kinaikaleidoszkop.hu\/index.php\/2023\/07\/26\/a-baratsag-hidja-utjara-indult-pekingben-a-cmg-pekingtol-parizsig-kinai-es-francia-muveszek-olimpiai-korutja-cimu-tematikus-rendezvenye\/\"]}]},{\"@type\":\"ImageObject\",\"inLanguage\":\"hu\",\"@id\":\"https:\/\/kinaikaleidoszkop.hu\/index.php\/2023\/07\/26\/a-baratsag-hidja-utjara-indult-pekingben-a-cmg-pekingtol-parizsig-kinai-es-francia-muveszek-olimpiai-korutja-cimu-tematikus-rendezvenye\/#primaryimage\",\"url\":\"https:\/\/kinaikaleidoszkop.hu\/wp-content\/uploads\/2023\/07\/kep3hghgh-scaled.jpg\",\"contentUrl\":\"https:\/\/kinaikaleidoszkop.hu\/wp-content\/uploads\/2023\/07\/kep3hghgh-scaled.jpg\",\"width\":2560,\"height\":1427},{\"@type\":\"BreadcrumbList\",\"@id\":\"https:\/\/kinaikaleidoszkop.hu\/index.php\/2023\/07\/26\/a-baratsag-hidja-utjara-indult-pekingben-a-cmg-pekingtol-parizsig-kinai-es-francia-muveszek-olimpiai-korutja-cimu-tematikus-rendezvenye\/#breadcrumb\",\"itemListElement\":[{\"@type\":\"ListItem\",\"position\":1,\"name\":\"Kezd\u0151lap\",\"item\":\"https:\/\/kinaikaleidoszkop.hu\/\"},{\"@type\":\"ListItem\",\"position\":2,\"name\":\"A bar\u00e1ts\u00e1g h\u00eddja! \u00datj\u00e1ra indult Pekingben a CMG \u201ePekingt\u0151l P\u00e1rizsig \u2013 k\u00ednai \u00e9s francia m\u0171v\u00e9szek olimpiai k\u00f6r\u00fatja&#8221; c\u00edm\u0171 tematikus rendezv\u00e9nye\"}]},{\"@type\":\"WebSite\",\"@id\":\"https:\/\/kinaikaleidoszkop.hu\/#website\",\"url\":\"https:\/\/kinaikaleidoszkop.hu\/\",\"name\":\"kinaikaleidoszkop.hu\",\"description\":\"\",\"potentialAction\":[{\"@type\":\"SearchAction\",\"target\":{\"@type\":\"EntryPoint\",\"urlTemplate\":\"https:\/\/kinaikaleidoszkop.hu\/?s={search_term_string}\"},\"query-input\":{\"@type\":\"PropertyValueSpecification\",\"valueRequired\":true,\"valueName\":\"search_term_string\"}}],\"inLanguage\":\"hu\"},{\"@type\":\"Person\",\"@id\":\"https:\/\/kinaikaleidoszkop.hu\/#\/schema\/person\/b9e2febe742edd540c1197716ec02bf7\",\"name\":\"admin-szabolcs\",\"image\":{\"@type\":\"ImageObject\",\"inLanguage\":\"hu\",\"@id\":\"https:\/\/kinaikaleidoszkop.hu\/#\/schema\/person\/image\/\",\"url\":\"https:\/\/secure.gravatar.com\/avatar\/154f262492794df2a6cb5d5349227b18ef8f85ab462fbb32625fc42406483d21?s=96&d=mm&r=g\",\"contentUrl\":\"https:\/\/secure.gravatar.com\/avatar\/154f262492794df2a6cb5d5349227b18ef8f85ab462fbb32625fc42406483d21?s=96&d=mm&r=g\",\"caption\":\"admin-szabolcs\"},\"url\":\"https:\/\/kinaikaleidoszkop.hu\/index.php\/author\/admin-szabolcs\/\"}]}<\/script>\n<!-- \/ Yoast SEO plugin. -->","yoast_head_json":{"title":"A bar\u00e1ts\u00e1g h\u00eddja! \u00datj\u00e1ra indult Pekingben a CMG \u201ePekingt\u0151l P\u00e1rizsig \u2013 k\u00ednai \u00e9s francia m\u0171v\u00e9szek olimpiai k\u00f6r\u00fatja\" c\u00edm\u0171 tematikus rendezv\u00e9nye - kinaikaleidoszkop.hu","robots":{"index":"index","follow":"follow","max-snippet":"max-snippet:-1","max-image-preview":"max-image-preview:large","max-video-preview":"max-video-preview:-1"},"canonical":"https:\/\/kinaikaleidoszkop.hu\/index.php\/2023\/07\/26\/a-baratsag-hidja-utjara-indult-pekingben-a-cmg-pekingtol-parizsig-kinai-es-francia-muveszek-olimpiai-korutja-cimu-tematikus-rendezvenye\/","og_locale":"hu_HU","og_type":"article","og_title":"A bar\u00e1ts\u00e1g h\u00eddja! \u00datj\u00e1ra indult Pekingben a CMG \u201ePekingt\u0151l P\u00e1rizsig \u2013 k\u00ednai \u00e9s francia m\u0171v\u00e9szek olimpiai k\u00f6r\u00fatja\" c\u00edm\u0171 tematikus rendezv\u00e9nye - kinaikaleidoszkop.hu","og_description":"A p\u00e1rizsi olimpia kezdet\u00e9ig h\u00e1tral\u00e9v\u0151 egy \u00e9v alkalm\u00e1b\u00f3l j\u00falius 25-\u00e9n Pekingben \u00fatj\u00e1ra indult a China Media Group Pekingt\u0151l P\u00e1rizsig \u2013 k\u00ednai \u00e9s francia m\u0171v\u00e9szek olimpiai k\u00f6r\u00fatja c\u00edm\u0171 tematikus rendezv\u00e9nye. Shen Haixiong, a CMG eln\u00f6ke is r\u00e9szt vett az esem\u00e9nyen, ahol Wu Weishannal, a K\u00ednai Nemzeti K\u00e9pz\u0151m\u0171v\u00e9szeti M\u00fazeum igazgat\u00f3j\u00e1val, a K\u00ednai M\u0171v\u00e9szek Sz\u00f6vets\u00e9g\u00e9nek aleln\u00f6k\u00e9vel k\u00f6z\u00f6sen nyitotta [&hellip;]","og_url":"https:\/\/kinaikaleidoszkop.hu\/index.php\/2023\/07\/26\/a-baratsag-hidja-utjara-indult-pekingben-a-cmg-pekingtol-parizsig-kinai-es-francia-muveszek-olimpiai-korutja-cimu-tematikus-rendezvenye\/","og_site_name":"kinaikaleidoszkop.hu","article_published_time":"2023-07-26T10:50:00+00:00","article_modified_time":"2023-07-26T11:09:19+00:00","og_image":[{"width":2560,"height":1427,"url":"https:\/\/kinaikaleidoszkop.hu\/wp-content\/uploads\/2023\/07\/kep3hghgh-scaled.jpg","type":"image\/jpeg"}],"author":"admin-szabolcs","twitter_card":"summary_large_image","twitter_misc":{"Szerz\u0151:":"admin-szabolcs","Becs\u00fclt olvas\u00e1si id\u0151":"3 perc"},"schema":{"@context":"https:\/\/schema.org","@graph":[{"@type":"WebPage","@id":"https:\/\/kinaikaleidoszkop.hu\/index.php\/2023\/07\/26\/a-baratsag-hidja-utjara-indult-pekingben-a-cmg-pekingtol-parizsig-kinai-es-francia-muveszek-olimpiai-korutja-cimu-tematikus-rendezvenye\/","url":"https:\/\/kinaikaleidoszkop.hu\/index.php\/2023\/07\/26\/a-baratsag-hidja-utjara-indult-pekingben-a-cmg-pekingtol-parizsig-kinai-es-francia-muveszek-olimpiai-korutja-cimu-tematikus-rendezvenye\/","name":"A bar\u00e1ts\u00e1g h\u00eddja! \u00datj\u00e1ra indult Pekingben a CMG \u201ePekingt\u0151l P\u00e1rizsig \u2013 k\u00ednai \u00e9s francia m\u0171v\u00e9szek olimpiai k\u00f6r\u00fatja\" c\u00edm\u0171 tematikus rendezv\u00e9nye - kinaikaleidoszkop.hu","isPartOf":{"@id":"https:\/\/kinaikaleidoszkop.hu\/#website"},"primaryImageOfPage":{"@id":"https:\/\/kinaikaleidoszkop.hu\/index.php\/2023\/07\/26\/a-baratsag-hidja-utjara-indult-pekingben-a-cmg-pekingtol-parizsig-kinai-es-francia-muveszek-olimpiai-korutja-cimu-tematikus-rendezvenye\/#primaryimage"},"image":{"@id":"https:\/\/kinaikaleidoszkop.hu\/index.php\/2023\/07\/26\/a-baratsag-hidja-utjara-indult-pekingben-a-cmg-pekingtol-parizsig-kinai-es-francia-muveszek-olimpiai-korutja-cimu-tematikus-rendezvenye\/#primaryimage"},"thumbnailUrl":"https:\/\/kinaikaleidoszkop.hu\/wp-content\/uploads\/2023\/07\/kep3hghgh-scaled.jpg","datePublished":"2023-07-26T10:50:00+00:00","dateModified":"2023-07-26T11:09:19+00:00","author":{"@id":"https:\/\/kinaikaleidoszkop.hu\/#\/schema\/person\/b9e2febe742edd540c1197716ec02bf7"},"breadcrumb":{"@id":"https:\/\/kinaikaleidoszkop.hu\/index.php\/2023\/07\/26\/a-baratsag-hidja-utjara-indult-pekingben-a-cmg-pekingtol-parizsig-kinai-es-francia-muveszek-olimpiai-korutja-cimu-tematikus-rendezvenye\/#breadcrumb"},"inLanguage":"hu","potentialAction":[{"@type":"ReadAction","target":["https:\/\/kinaikaleidoszkop.hu\/index.php\/2023\/07\/26\/a-baratsag-hidja-utjara-indult-pekingben-a-cmg-pekingtol-parizsig-kinai-es-francia-muveszek-olimpiai-korutja-cimu-tematikus-rendezvenye\/"]}]},{"@type":"ImageObject","inLanguage":"hu","@id":"https:\/\/kinaikaleidoszkop.hu\/index.php\/2023\/07\/26\/a-baratsag-hidja-utjara-indult-pekingben-a-cmg-pekingtol-parizsig-kinai-es-francia-muveszek-olimpiai-korutja-cimu-tematikus-rendezvenye\/#primaryimage","url":"https:\/\/kinaikaleidoszkop.hu\/wp-content\/uploads\/2023\/07\/kep3hghgh-scaled.jpg","contentUrl":"https:\/\/kinaikaleidoszkop.hu\/wp-content\/uploads\/2023\/07\/kep3hghgh-scaled.jpg","width":2560,"height":1427},{"@type":"BreadcrumbList","@id":"https:\/\/kinaikaleidoszkop.hu\/index.php\/2023\/07\/26\/a-baratsag-hidja-utjara-indult-pekingben-a-cmg-pekingtol-parizsig-kinai-es-francia-muveszek-olimpiai-korutja-cimu-tematikus-rendezvenye\/#breadcrumb","itemListElement":[{"@type":"ListItem","position":1,"name":"Kezd\u0151lap","item":"https:\/\/kinaikaleidoszkop.hu\/"},{"@type":"ListItem","position":2,"name":"A bar\u00e1ts\u00e1g h\u00eddja! \u00datj\u00e1ra indult Pekingben a CMG \u201ePekingt\u0151l P\u00e1rizsig \u2013 k\u00ednai \u00e9s francia m\u0171v\u00e9szek olimpiai k\u00f6r\u00fatja&#8221; c\u00edm\u0171 tematikus rendezv\u00e9nye"}]},{"@type":"WebSite","@id":"https:\/\/kinaikaleidoszkop.hu\/#website","url":"https:\/\/kinaikaleidoszkop.hu\/","name":"kinaikaleidoszkop.hu","description":"","potentialAction":[{"@type":"SearchAction","target":{"@type":"EntryPoint","urlTemplate":"https:\/\/kinaikaleidoszkop.hu\/?s={search_term_string}"},"query-input":{"@type":"PropertyValueSpecification","valueRequired":true,"valueName":"search_term_string"}}],"inLanguage":"hu"},{"@type":"Person","@id":"https:\/\/kinaikaleidoszkop.hu\/#\/schema\/person\/b9e2febe742edd540c1197716ec02bf7","name":"admin-szabolcs","image":{"@type":"ImageObject","inLanguage":"hu","@id":"https:\/\/kinaikaleidoszkop.hu\/#\/schema\/person\/image\/","url":"https:\/\/secure.gravatar.com\/avatar\/154f262492794df2a6cb5d5349227b18ef8f85ab462fbb32625fc42406483d21?s=96&d=mm&r=g","contentUrl":"https:\/\/secure.gravatar.com\/avatar\/154f262492794df2a6cb5d5349227b18ef8f85ab462fbb32625fc42406483d21?s=96&d=mm&r=g","caption":"admin-szabolcs"},"url":"https:\/\/kinaikaleidoszkop.hu\/index.php\/author\/admin-szabolcs\/"}]}},"views":218,"distributor_meta":false,"distributor_terms":false,"distributor_media":false,"distributor_original_site_name":"kinaikaleidoszkop.hu","distributor_original_site_url":"https:\/\/kinaikaleidoszkop.hu","push-errors":false,"_links":{"self":[{"href":"https:\/\/kinaikaleidoszkop.hu\/index.php\/wp-json\/wp\/v2\/posts\/18353","targetHints":{"allow":["GET"]}}],"collection":[{"href":"https:\/\/kinaikaleidoszkop.hu\/index.php\/wp-json\/wp\/v2\/posts"}],"about":[{"href":"https:\/\/kinaikaleidoszkop.hu\/index.php\/wp-json\/wp\/v2\/types\/post"}],"author":[{"embeddable":true,"href":"https:\/\/kinaikaleidoszkop.hu\/index.php\/wp-json\/wp\/v2\/users\/2"}],"replies":[{"embeddable":true,"href":"https:\/\/kinaikaleidoszkop.hu\/index.php\/wp-json\/wp\/v2\/comments?post=18353"}],"version-history":[{"count":1,"href":"https:\/\/kinaikaleidoszkop.hu\/index.php\/wp-json\/wp\/v2\/posts\/18353\/revisions"}],"predecessor-version":[{"id":18359,"href":"https:\/\/kinaikaleidoszkop.hu\/index.php\/wp-json\/wp\/v2\/posts\/18353\/revisions\/18359"}],"wp:featuredmedia":[{"embeddable":true,"href":"https:\/\/kinaikaleidoszkop.hu\/index.php\/wp-json\/wp\/v2\/media\/18357"}],"wp:attachment":[{"href":"https:\/\/kinaikaleidoszkop.hu\/index.php\/wp-json\/wp\/v2\/media?parent=18353"}],"wp:term":[{"taxonomy":"category","embeddable":true,"href":"https:\/\/kinaikaleidoszkop.hu\/index.php\/wp-json\/wp\/v2\/categories?post=18353"},{"taxonomy":"post_tag","embeddable":true,"href":"https:\/\/kinaikaleidoszkop.hu\/index.php\/wp-json\/wp\/v2\/tags?post=18353"}],"curies":[{"name":"wp","href":"https:\/\/api.w.org\/{rel}","templated":true}]}}