{"id":18366,"date":"2023-07-27T14:07:23","date_gmt":"2023-07-27T12:07:23","guid":{"rendered":"https:\/\/kinaikaleidoszkop.hu\/?p=18366"},"modified":"2023-07-27T14:07:28","modified_gmt":"2023-07-27T12:07:28","slug":"a-kinai-allamfo-szecsuan-tartomanyban-tett-szemleutat","status":"publish","type":"post","link":"https:\/\/kinaikaleidoszkop.hu\/index.php\/2023\/07\/27\/a-kinai-allamfo-szecsuan-tartomanyban-tett-szemleutat\/","title":{"rendered":"A k\u00ednai \u00e1llamf\u0151 Szecsu\u00e1n tartom\u00e1nyban tett szemleutat"},"content":{"rendered":"\n<p><strong>Hszi Csin-ping k\u00ednai \u00e1llamf\u0151 j\u00falius 25-\u00e9n \u00e9s 26-\u00e1n d\u00e9lut\u00e1n szemleutat tett a Szecsu\u00e1n tartom\u00e1nyi Guangyuanban \u00e9s Deyangban, ell\u00e1togatott a Cuiyun-folyos\u00f3 nev\u0171 \u0151si Shu utc\u00e1ba \u00e9s a Sanxingdui M\u00fazeumba, hogy megismerje a helyi t\u00f6rt\u00e9nelem \u00e9s kult\u00fara tov\u00e1bb \u00f6r\u00f6k\u00edt\u00e9s\u00e9t, az \u00f6kol\u00f3giai civiliz\u00e1ci\u00f3 \u00e9p\u00edt\u00e9s\u00e9t, a t\u00f6rt\u00e9nelmi \u00e9s kultur\u00e1lis helysz\u00ednek kiakn\u00e1z\u00e1s\u00e1t, kutat\u00e1s\u00e1t, illetve a kultur\u00e1lis eml\u00e9kek v\u00e9delm\u00e9t \u00e9s restaur\u00e1l\u00e1s\u00e1t.<\/strong><\/p>\n\n\n\n<figure class=\"wp-block-embed is-type-video is-provider-youtube wp-block-embed-youtube wp-embed-aspect-16-9 wp-has-aspect-ratio\"><div class=\"wp-block-embed__wrapper\">\n<iframe loading=\"lazy\" title=\"A k\u00ednai \u00e1llamf\u0151 Szecsu\u00e1n tartom\u00e1nyban tett szemleutat\" width=\"1320\" height=\"743\" src=\"https:\/\/www.youtube.com\/embed\/RXP9mpw1rfI?feature=oembed\" frameborder=\"0\" allow=\"accelerometer; autoplay; clipboard-write; encrypted-media; gyroscope; picture-in-picture; web-share\" allowfullscreen><\/iframe>\n<\/div><\/figure>\n\n\n\n<p>Sanxingdui r\u00e9g\u00e9szeti hely a Szecsu\u00e1n tartom\u00e1nyi Deyang v\u00e1ros Yazi foly\u00f3j\u00e1nak d\u00e9li partj\u00e1n tal\u00e1lhat\u00f3, a 4500\u20132900 \u00e9vvel ezel\u0151tti \u0151si Shu kultur\u00e1lis jellemz\u0151it \u00e9s fejleszt\u00e9si sz\u00ednvonal\u00e1t k\u00e9pviseli. Sanxingdui r\u00e9g\u00e9szeti hely a legnagyobb r\u00e9g\u00e9szeti lel\u0151hely a Jangce foly\u00f3 ment\u00e9n, a maga idej\u00e9ben a leggazdagabb kultur\u00e1lis sz\u00ednvonalat k\u00e9pviselte.<\/p>\n\n\n\n<p>A Cuiyun-folyos\u00f3 a 150 km-es \u0151si Shu utc\u00e1ban van, k\u00f6rbeveszi Jianzhou \u0151si v\u00e1rost. A hely arr\u00f3l h\u00edres, hogy a legjobban meg\u0151rz\u00f6tt, leghosszabban \u00fcltetett legt\u00f6bb ciprusfa \u00e1ll az \u0151si utca ment\u00e9n. Az ut\u00f3bbi \u00e9vekben a helyi hat\u00f3s\u00e1gok akt\u00edvan t\u00e1mogatt\u00e1k az \u00fan. \u201eShu utca\u201d \u00fatrendszer v\u00e9delm\u00e9t \u00e9s hasznos\u00edt\u00e1s\u00e1t, \u00e9s p\u00e1ly\u00e1znak a szellemi kultur\u00e1lis vil\u00e1g\u00f6r\u00f6ks\u00e9g st\u00e1tuszra, mik\u00f6zben \u00fajj\u00e1\u00e9lesztett\u00e9k a \u201eShu utca\u201d ezer\u00e9ves \u00fatrendszert.<\/p>\n\n\n\n<p><strong>2023. 07. 27.<\/strong><\/p>\n\n\n\n<p><strong><em>(China Media Group)<\/em><\/strong><\/p>\n\n\n\n<p><strong>(x)<\/strong><\/p>\n","protected":false},"excerpt":{"rendered":"<p>Hszi Csin-ping k\u00ednai \u00e1llamf\u0151 j\u00falius 25-\u00e9n \u00e9s 26-\u00e1n d\u00e9lut\u00e1n szemleutat tett a Szecsu\u00e1n tartom\u00e1nyi Guangyuanban \u00e9s Deyangban, ell\u00e1togatott a Cuiyun-folyos\u00f3 nev\u0171 \u0151si Shu utc\u00e1ba \u00e9s a Sanxingdui M\u00fazeumba, hogy megismerje a helyi t\u00f6rt\u00e9nelem \u00e9s kult\u00fara tov\u00e1bb \u00f6r\u00f6k\u00edt\u00e9s\u00e9t, az \u00f6kol\u00f3giai civiliz\u00e1ci\u00f3 \u00e9p\u00edt\u00e9s\u00e9t, a t\u00f6rt\u00e9nelmi \u00e9s kultur\u00e1lis helysz\u00ednek kiakn\u00e1z\u00e1s\u00e1t, kutat\u00e1s\u00e1t, illetve a kultur\u00e1lis eml\u00e9kek v\u00e9delm\u00e9t \u00e9s restaur\u00e1l\u00e1s\u00e1t. [&hellip;]<\/p>\n","protected":false},"author":6,"featured_media":18368,"comment_status":"closed","ping_status":"closed","sticky":false,"template":"","format":"standard","meta":{"footnotes":""},"categories":[45],"tags":[363,305,326,777],"class_list":["post-18366","post","type-post","status-publish","format-standard","has-post-thumbnail","hentry","category-hirek","tag-cmg","tag-hszi-csin-ping","tag-kinai-allamelnok","tag-szemleut"],"yoast_head":"<!-- This site is optimized with the Yoast SEO plugin v23.7 - https:\/\/yoast.com\/wordpress\/plugins\/seo\/ -->\n<title>A k\u00ednai \u00e1llamf\u0151 Szecsu\u00e1n tartom\u00e1nyban tett szemleutat - kinaikaleidoszkop.hu<\/title>\n<meta name=\"robots\" content=\"index, follow, max-snippet:-1, max-image-preview:large, max-video-preview:-1\" \/>\n<link rel=\"canonical\" href=\"https:\/\/kinaikaleidoszkop.hu\/index.php\/2023\/07\/27\/a-kinai-allamfo-szecsuan-tartomanyban-tett-szemleutat\/\" \/>\n<meta property=\"og:locale\" content=\"hu_HU\" \/>\n<meta property=\"og:type\" content=\"article\" \/>\n<meta property=\"og:title\" content=\"A k\u00ednai \u00e1llamf\u0151 Szecsu\u00e1n tartom\u00e1nyban tett szemleutat - kinaikaleidoszkop.hu\" \/>\n<meta property=\"og:description\" content=\"Hszi Csin-ping k\u00ednai \u00e1llamf\u0151 j\u00falius 25-\u00e9n \u00e9s 26-\u00e1n d\u00e9lut\u00e1n szemleutat tett a Szecsu\u00e1n tartom\u00e1nyi Guangyuanban \u00e9s Deyangban, ell\u00e1togatott a Cuiyun-folyos\u00f3 nev\u0171 \u0151si Shu utc\u00e1ba \u00e9s a Sanxingdui M\u00fazeumba, hogy megismerje a helyi t\u00f6rt\u00e9nelem \u00e9s kult\u00fara tov\u00e1bb \u00f6r\u00f6k\u00edt\u00e9s\u00e9t, az \u00f6kol\u00f3giai civiliz\u00e1ci\u00f3 \u00e9p\u00edt\u00e9s\u00e9t, a t\u00f6rt\u00e9nelmi \u00e9s kultur\u00e1lis helysz\u00ednek kiakn\u00e1z\u00e1s\u00e1t, kutat\u00e1s\u00e1t, illetve a kultur\u00e1lis eml\u00e9kek v\u00e9delm\u00e9t \u00e9s restaur\u00e1l\u00e1s\u00e1t. [&hellip;]\" \/>\n<meta property=\"og:url\" content=\"https:\/\/kinaikaleidoszkop.hu\/index.php\/2023\/07\/27\/a-kinai-allamfo-szecsuan-tartomanyban-tett-szemleutat\/\" \/>\n<meta property=\"og:site_name\" content=\"kinaikaleidoszkop.hu\" \/>\n<meta property=\"article:published_time\" content=\"2023-07-27T12:07:23+00:00\" \/>\n<meta property=\"article:modified_time\" content=\"2023-07-27T12:07:28+00:00\" \/>\n<meta property=\"og:image\" content=\"https:\/\/kinaikaleidoszkop.hu\/wp-content\/uploads\/2023\/07\/sicsinpin.jpg\" \/>\n\t<meta property=\"og:image:width\" content=\"1646\" \/>\n\t<meta property=\"og:image:height\" content=\"916\" \/>\n\t<meta property=\"og:image:type\" content=\"image\/jpeg\" \/>\n<meta name=\"author\" content=\"admin-sebi\" \/>\n<meta name=\"twitter:card\" content=\"summary_large_image\" \/>\n<meta name=\"twitter:label1\" content=\"Szerz\u0151:\" \/>\n\t<meta name=\"twitter:data1\" content=\"admin-sebi\" \/>\n\t<meta name=\"twitter:label2\" content=\"Becs\u00fclt olvas\u00e1si id\u0151\" \/>\n\t<meta name=\"twitter:data2\" content=\"1 perc\" \/>\n<script type=\"application\/ld+json\" class=\"yoast-schema-graph\">{\"@context\":\"https:\/\/schema.org\",\"@graph\":[{\"@type\":\"WebPage\",\"@id\":\"https:\/\/kinaikaleidoszkop.hu\/index.php\/2023\/07\/27\/a-kinai-allamfo-szecsuan-tartomanyban-tett-szemleutat\/\",\"url\":\"https:\/\/kinaikaleidoszkop.hu\/index.php\/2023\/07\/27\/a-kinai-allamfo-szecsuan-tartomanyban-tett-szemleutat\/\",\"name\":\"A k\u00ednai \u00e1llamf\u0151 Szecsu\u00e1n tartom\u00e1nyban tett szemleutat - kinaikaleidoszkop.hu\",\"isPartOf\":{\"@id\":\"https:\/\/kinaikaleidoszkop.hu\/#website\"},\"primaryImageOfPage\":{\"@id\":\"https:\/\/kinaikaleidoszkop.hu\/index.php\/2023\/07\/27\/a-kinai-allamfo-szecsuan-tartomanyban-tett-szemleutat\/#primaryimage\"},\"image\":{\"@id\":\"https:\/\/kinaikaleidoszkop.hu\/index.php\/2023\/07\/27\/a-kinai-allamfo-szecsuan-tartomanyban-tett-szemleutat\/#primaryimage\"},\"thumbnailUrl\":\"https:\/\/kinaikaleidoszkop.hu\/wp-content\/uploads\/2023\/07\/sicsinpin.jpg\",\"datePublished\":\"2023-07-27T12:07:23+00:00\",\"dateModified\":\"2023-07-27T12:07:28+00:00\",\"author\":{\"@id\":\"https:\/\/kinaikaleidoszkop.hu\/#\/schema\/person\/fd215d3a8bab54daeb796ae166f99ea5\"},\"breadcrumb\":{\"@id\":\"https:\/\/kinaikaleidoszkop.hu\/index.php\/2023\/07\/27\/a-kinai-allamfo-szecsuan-tartomanyban-tett-szemleutat\/#breadcrumb\"},\"inLanguage\":\"hu\",\"potentialAction\":[{\"@type\":\"ReadAction\",\"target\":[\"https:\/\/kinaikaleidoszkop.hu\/index.php\/2023\/07\/27\/a-kinai-allamfo-szecsuan-tartomanyban-tett-szemleutat\/\"]}]},{\"@type\":\"ImageObject\",\"inLanguage\":\"hu\",\"@id\":\"https:\/\/kinaikaleidoszkop.hu\/index.php\/2023\/07\/27\/a-kinai-allamfo-szecsuan-tartomanyban-tett-szemleutat\/#primaryimage\",\"url\":\"https:\/\/kinaikaleidoszkop.hu\/wp-content\/uploads\/2023\/07\/sicsinpin.jpg\",\"contentUrl\":\"https:\/\/kinaikaleidoszkop.hu\/wp-content\/uploads\/2023\/07\/sicsinpin.jpg\",\"width\":1646,\"height\":916},{\"@type\":\"BreadcrumbList\",\"@id\":\"https:\/\/kinaikaleidoszkop.hu\/index.php\/2023\/07\/27\/a-kinai-allamfo-szecsuan-tartomanyban-tett-szemleutat\/#breadcrumb\",\"itemListElement\":[{\"@type\":\"ListItem\",\"position\":1,\"name\":\"Kezd\u0151lap\",\"item\":\"https:\/\/kinaikaleidoszkop.hu\/\"},{\"@type\":\"ListItem\",\"position\":2,\"name\":\"A k\u00ednai \u00e1llamf\u0151 Szecsu\u00e1n tartom\u00e1nyban tett szemleutat\"}]},{\"@type\":\"WebSite\",\"@id\":\"https:\/\/kinaikaleidoszkop.hu\/#website\",\"url\":\"https:\/\/kinaikaleidoszkop.hu\/\",\"name\":\"kinaikaleidoszkop.hu\",\"description\":\"\",\"potentialAction\":[{\"@type\":\"SearchAction\",\"target\":{\"@type\":\"EntryPoint\",\"urlTemplate\":\"https:\/\/kinaikaleidoszkop.hu\/?s={search_term_string}\"},\"query-input\":{\"@type\":\"PropertyValueSpecification\",\"valueRequired\":true,\"valueName\":\"search_term_string\"}}],\"inLanguage\":\"hu\"},{\"@type\":\"Person\",\"@id\":\"https:\/\/kinaikaleidoszkop.hu\/#\/schema\/person\/fd215d3a8bab54daeb796ae166f99ea5\",\"name\":\"admin-sebi\",\"image\":{\"@type\":\"ImageObject\",\"inLanguage\":\"hu\",\"@id\":\"https:\/\/kinaikaleidoszkop.hu\/#\/schema\/person\/image\/\",\"url\":\"https:\/\/secure.gravatar.com\/avatar\/b1498042bc4969020b4951f204f963e97c3d7d199f3790c1071adf67c61d0aa5?s=96&d=mm&r=g\",\"contentUrl\":\"https:\/\/secure.gravatar.com\/avatar\/b1498042bc4969020b4951f204f963e97c3d7d199f3790c1071adf67c61d0aa5?s=96&d=mm&r=g\",\"caption\":\"admin-sebi\"},\"url\":\"https:\/\/kinaikaleidoszkop.hu\/index.php\/author\/admin-sebi\/\"}]}<\/script>\n<!-- \/ Yoast SEO plugin. -->","yoast_head_json":{"title":"A k\u00ednai \u00e1llamf\u0151 Szecsu\u00e1n tartom\u00e1nyban tett szemleutat - kinaikaleidoszkop.hu","robots":{"index":"index","follow":"follow","max-snippet":"max-snippet:-1","max-image-preview":"max-image-preview:large","max-video-preview":"max-video-preview:-1"},"canonical":"https:\/\/kinaikaleidoszkop.hu\/index.php\/2023\/07\/27\/a-kinai-allamfo-szecsuan-tartomanyban-tett-szemleutat\/","og_locale":"hu_HU","og_type":"article","og_title":"A k\u00ednai \u00e1llamf\u0151 Szecsu\u00e1n tartom\u00e1nyban tett szemleutat - kinaikaleidoszkop.hu","og_description":"Hszi Csin-ping k\u00ednai \u00e1llamf\u0151 j\u00falius 25-\u00e9n \u00e9s 26-\u00e1n d\u00e9lut\u00e1n szemleutat tett a Szecsu\u00e1n tartom\u00e1nyi Guangyuanban \u00e9s Deyangban, ell\u00e1togatott a Cuiyun-folyos\u00f3 nev\u0171 \u0151si Shu utc\u00e1ba \u00e9s a Sanxingdui M\u00fazeumba, hogy megismerje a helyi t\u00f6rt\u00e9nelem \u00e9s kult\u00fara tov\u00e1bb \u00f6r\u00f6k\u00edt\u00e9s\u00e9t, az \u00f6kol\u00f3giai civiliz\u00e1ci\u00f3 \u00e9p\u00edt\u00e9s\u00e9t, a t\u00f6rt\u00e9nelmi \u00e9s kultur\u00e1lis helysz\u00ednek kiakn\u00e1z\u00e1s\u00e1t, kutat\u00e1s\u00e1t, illetve a kultur\u00e1lis eml\u00e9kek v\u00e9delm\u00e9t \u00e9s restaur\u00e1l\u00e1s\u00e1t. [&hellip;]","og_url":"https:\/\/kinaikaleidoszkop.hu\/index.php\/2023\/07\/27\/a-kinai-allamfo-szecsuan-tartomanyban-tett-szemleutat\/","og_site_name":"kinaikaleidoszkop.hu","article_published_time":"2023-07-27T12:07:23+00:00","article_modified_time":"2023-07-27T12:07:28+00:00","og_image":[{"width":1646,"height":916,"url":"https:\/\/kinaikaleidoszkop.hu\/wp-content\/uploads\/2023\/07\/sicsinpin.jpg","type":"image\/jpeg"}],"author":"admin-sebi","twitter_card":"summary_large_image","twitter_misc":{"Szerz\u0151:":"admin-sebi","Becs\u00fclt olvas\u00e1si id\u0151":"1 perc"},"schema":{"@context":"https:\/\/schema.org","@graph":[{"@type":"WebPage","@id":"https:\/\/kinaikaleidoszkop.hu\/index.php\/2023\/07\/27\/a-kinai-allamfo-szecsuan-tartomanyban-tett-szemleutat\/","url":"https:\/\/kinaikaleidoszkop.hu\/index.php\/2023\/07\/27\/a-kinai-allamfo-szecsuan-tartomanyban-tett-szemleutat\/","name":"A k\u00ednai \u00e1llamf\u0151 Szecsu\u00e1n tartom\u00e1nyban tett szemleutat - kinaikaleidoszkop.hu","isPartOf":{"@id":"https:\/\/kinaikaleidoszkop.hu\/#website"},"primaryImageOfPage":{"@id":"https:\/\/kinaikaleidoszkop.hu\/index.php\/2023\/07\/27\/a-kinai-allamfo-szecsuan-tartomanyban-tett-szemleutat\/#primaryimage"},"image":{"@id":"https:\/\/kinaikaleidoszkop.hu\/index.php\/2023\/07\/27\/a-kinai-allamfo-szecsuan-tartomanyban-tett-szemleutat\/#primaryimage"},"thumbnailUrl":"https:\/\/kinaikaleidoszkop.hu\/wp-content\/uploads\/2023\/07\/sicsinpin.jpg","datePublished":"2023-07-27T12:07:23+00:00","dateModified":"2023-07-27T12:07:28+00:00","author":{"@id":"https:\/\/kinaikaleidoszkop.hu\/#\/schema\/person\/fd215d3a8bab54daeb796ae166f99ea5"},"breadcrumb":{"@id":"https:\/\/kinaikaleidoszkop.hu\/index.php\/2023\/07\/27\/a-kinai-allamfo-szecsuan-tartomanyban-tett-szemleutat\/#breadcrumb"},"inLanguage":"hu","potentialAction":[{"@type":"ReadAction","target":["https:\/\/kinaikaleidoszkop.hu\/index.php\/2023\/07\/27\/a-kinai-allamfo-szecsuan-tartomanyban-tett-szemleutat\/"]}]},{"@type":"ImageObject","inLanguage":"hu","@id":"https:\/\/kinaikaleidoszkop.hu\/index.php\/2023\/07\/27\/a-kinai-allamfo-szecsuan-tartomanyban-tett-szemleutat\/#primaryimage","url":"https:\/\/kinaikaleidoszkop.hu\/wp-content\/uploads\/2023\/07\/sicsinpin.jpg","contentUrl":"https:\/\/kinaikaleidoszkop.hu\/wp-content\/uploads\/2023\/07\/sicsinpin.jpg","width":1646,"height":916},{"@type":"BreadcrumbList","@id":"https:\/\/kinaikaleidoszkop.hu\/index.php\/2023\/07\/27\/a-kinai-allamfo-szecsuan-tartomanyban-tett-szemleutat\/#breadcrumb","itemListElement":[{"@type":"ListItem","position":1,"name":"Kezd\u0151lap","item":"https:\/\/kinaikaleidoszkop.hu\/"},{"@type":"ListItem","position":2,"name":"A k\u00ednai \u00e1llamf\u0151 Szecsu\u00e1n tartom\u00e1nyban tett szemleutat"}]},{"@type":"WebSite","@id":"https:\/\/kinaikaleidoszkop.hu\/#website","url":"https:\/\/kinaikaleidoszkop.hu\/","name":"kinaikaleidoszkop.hu","description":"","potentialAction":[{"@type":"SearchAction","target":{"@type":"EntryPoint","urlTemplate":"https:\/\/kinaikaleidoszkop.hu\/?s={search_term_string}"},"query-input":{"@type":"PropertyValueSpecification","valueRequired":true,"valueName":"search_term_string"}}],"inLanguage":"hu"},{"@type":"Person","@id":"https:\/\/kinaikaleidoszkop.hu\/#\/schema\/person\/fd215d3a8bab54daeb796ae166f99ea5","name":"admin-sebi","image":{"@type":"ImageObject","inLanguage":"hu","@id":"https:\/\/kinaikaleidoszkop.hu\/#\/schema\/person\/image\/","url":"https:\/\/secure.gravatar.com\/avatar\/b1498042bc4969020b4951f204f963e97c3d7d199f3790c1071adf67c61d0aa5?s=96&d=mm&r=g","contentUrl":"https:\/\/secure.gravatar.com\/avatar\/b1498042bc4969020b4951f204f963e97c3d7d199f3790c1071adf67c61d0aa5?s=96&d=mm&r=g","caption":"admin-sebi"},"url":"https:\/\/kinaikaleidoszkop.hu\/index.php\/author\/admin-sebi\/"}]}},"views":252,"distributor_meta":false,"distributor_terms":false,"distributor_media":false,"distributor_original_site_name":"kinaikaleidoszkop.hu","distributor_original_site_url":"https:\/\/kinaikaleidoszkop.hu","push-errors":false,"_links":{"self":[{"href":"https:\/\/kinaikaleidoszkop.hu\/index.php\/wp-json\/wp\/v2\/posts\/18366","targetHints":{"allow":["GET"]}}],"collection":[{"href":"https:\/\/kinaikaleidoszkop.hu\/index.php\/wp-json\/wp\/v2\/posts"}],"about":[{"href":"https:\/\/kinaikaleidoszkop.hu\/index.php\/wp-json\/wp\/v2\/types\/post"}],"author":[{"embeddable":true,"href":"https:\/\/kinaikaleidoszkop.hu\/index.php\/wp-json\/wp\/v2\/users\/6"}],"replies":[{"embeddable":true,"href":"https:\/\/kinaikaleidoszkop.hu\/index.php\/wp-json\/wp\/v2\/comments?post=18366"}],"version-history":[{"count":1,"href":"https:\/\/kinaikaleidoszkop.hu\/index.php\/wp-json\/wp\/v2\/posts\/18366\/revisions"}],"predecessor-version":[{"id":18369,"href":"https:\/\/kinaikaleidoszkop.hu\/index.php\/wp-json\/wp\/v2\/posts\/18366\/revisions\/18369"}],"wp:featuredmedia":[{"embeddable":true,"href":"https:\/\/kinaikaleidoszkop.hu\/index.php\/wp-json\/wp\/v2\/media\/18368"}],"wp:attachment":[{"href":"https:\/\/kinaikaleidoszkop.hu\/index.php\/wp-json\/wp\/v2\/media?parent=18366"}],"wp:term":[{"taxonomy":"category","embeddable":true,"href":"https:\/\/kinaikaleidoszkop.hu\/index.php\/wp-json\/wp\/v2\/categories?post=18366"},{"taxonomy":"post_tag","embeddable":true,"href":"https:\/\/kinaikaleidoszkop.hu\/index.php\/wp-json\/wp\/v2\/tags?post=18366"}],"curies":[{"name":"wp","href":"https:\/\/api.w.org\/{rel}","templated":true}]}}