{"id":18432,"date":"2023-08-04T08:53:00","date_gmt":"2023-08-04T06:53:00","guid":{"rendered":"https:\/\/kinaikaleidoszkop.hu\/?p=18432"},"modified":"2023-08-04T11:28:46","modified_gmt":"2023-08-04T09:28:46","slug":"jade-pancel-szegeden-egyedulallo-okori-kina-kiallitas-a-mora-ferenc-muzeumban","status":"publish","type":"post","link":"https:\/\/kinaikaleidoszkop.hu\/index.php\/2023\/08\/04\/jade-pancel-szegeden-egyedulallo-okori-kina-kiallitas-a-mora-ferenc-muzeumban\/","title":{"rendered":"J\u00e1de p\u00e1nc\u00e9l Szegeden &#8211; egyed\u00fcl\u00e1ll\u00f3 \u00f3kori K\u00edna ki\u00e1ll\u00edt\u00e1s a M\u00f3ra Ferenc M\u00fazeumban"},"content":{"rendered":"\n<p class=\"has-large-font-size\"><strong>Kult\u00fara az \u00d6vezet-\u00dat egy\u00fcttm\u0171k\u00f6d\u00e9s nyom\u00e1n<\/strong>.<\/p>\n\n\n\n<p>A k\u00ednai kult\u00fara hossz\u00fa m\u00falttal \u00e9s gazdag hagyom\u00e1nyokkal rendelkezik. Vil\u00e1gszerte j\u00f3l ismerik a Han, Tang, Yuan, Ming \u00e9s a Qing-dinaszti\u00e1k t\u00f6rt\u00e9nelm\u00e9t. K\u00f6z\u00fcl\u00fck a Han Birodalom volt az els\u0151, melyet a \u00f3kori vil\u00e1gt\u00f6rt\u00e9nelem n\u00e9gy nagy birodalm\u00e1nak (R\u00f3mai birodalom, Kushan birodalom, P\u00e1rtus Birodalom \u00e9s Han birodalom) egyikek\u00e9nt ismernek. A R\u00f3mai Birodalom hanyatl\u00e1sa ut\u00e1n, a Han-dinasztia civiliz\u00e1ci\u00f3ja &#8211; melyet a folytonoss\u00e1g jellemez &#8211; fennmaradt \u00e9s K\u00edna t\u00f6rt\u00e9nelm\u00e9nek fontos r\u00e9sz\u00e9v\u00e9 v\u00e1lt. Fontos jellemz\u0151je a Han dinaszti\u00e1nak, hogy ebben az id\u0151ben K\u00edn\u00e1ban a politika, a gazdas\u00e1g \u00e9s a had\u00fcgyek mellett az irodalom, a zene \u00e9s a t\u00e1nc, a szobr\u00e1szat, a kalligr\u00e1fia \u00e9s a fest\u00e9szet is gyorsan fejl\u0151d\u00f6tt, valamint a mez\u0151gazdas\u00e1g, az orvostudom\u00e1ny, a haj\u00f3gy\u00e1rt\u00e1s \u00e9s a pap\u00edrgy\u00e1rt\u00e1s ter\u00fclet\u00e9n is kiemelt szerepet j\u00e1tszott a birodalomban. Mindez meger\u0151s\u00edtette a tudom\u00e1ny \u00e9s a technol\u00f3gia fejl\u0151d\u00e9s\u00e9t, ugyanakkor j\u00f3 alapokat teremtett a gazdas\u00e1g \u00e9s a m\u0171v\u00e9szet j\u00f6v\u0151beni vir\u00e1gz\u00e1s\u00e1hoz.<\/p>\n\n\n\n<p>Gu Xianzi, a Sanghaji M\u00fazeum Technol\u00f3giai Kutat\u00e1si Oszt\u00e1ly\u00e1nak igazgat\u00f3-helyettese, a ki\u00e1ll\u00edt\u00e1s kur\u00e1tor\u00e1nak ismertet\u00e9se.<\/p>\n\n\n\n<figure class=\"wp-block-image size-large is-resized\"><img loading=\"lazy\" decoding=\"async\" src=\"https:\/\/kinaikaleidoszkop.hu\/wp-content\/uploads\/2023\/08\/Kep1-1024x678.jpg\" alt=\"\" class=\"wp-image-18434\" width=\"1020\" height=\"675\" srcset=\"https:\/\/kinaikaleidoszkop.hu\/wp-content\/uploads\/2023\/08\/Kep1-1024x678.jpg 1024w, https:\/\/kinaikaleidoszkop.hu\/wp-content\/uploads\/2023\/08\/Kep1-300x200.jpg 300w, https:\/\/kinaikaleidoszkop.hu\/wp-content\/uploads\/2023\/08\/Kep1-768x509.jpg 768w, https:\/\/kinaikaleidoszkop.hu\/wp-content\/uploads\/2023\/08\/Kep1-130x86.jpg 130w, https:\/\/kinaikaleidoszkop.hu\/wp-content\/uploads\/2023\/08\/Kep1-187x124.jpg 187w, https:\/\/kinaikaleidoszkop.hu\/wp-content\/uploads\/2023\/08\/Kep1-990x656.jpg 990w, https:\/\/kinaikaleidoszkop.hu\/wp-content\/uploads\/2023\/08\/Kep1.jpg 1270w\" sizes=\"auto, (max-width: 1020px) 100vw, 1020px\" \/><\/figure>\n\n\n\n<p>A Sanghaji M\u00fazeum Donghan j\u00e1dekincse a legjobb v\u00e1laszt\u00e1s a Han-dinasztia temet\u00e9si szok\u00e1sainak \u00e9s hiedelmeinek meg\u00e9rt\u00e9s\u00e9hez. Az ilyen feliratos j\u00e1dek\u0151 az \u00f3kori K\u00edn\u00e1ban s\u00edrba helyezett temetkez\u00e9si t\u00e1rgy volt, egyr\u00e9szt igazol\u00e1sk\u00e9nt szolg\u00e1lt az elhunyt sz\u00e1m\u00e1ra, hogy \u201eleg\u00e1lisan\u201d birtokolja az alvil\u00e1gban l\u00e9v\u0151 s\u00edrparcell\u00e1t, m\u00e1sr\u00e9szt \u00e9rtes\u00edt\u0151 okiratk\u00e9nt szolg\u00e1l, hogy figyelmeztesse a f\u00f6ldi isteneket a beavatkoz\u00e1s elker\u00fcl\u00e9se \u00e9rdek\u00e9ben. A Mi Yingnek nevezett lelet a Shang-dinaszb\u00f3l az egyetlen ilyen j\u00e1dekincs, amit eddig felfedeztek. Mindk\u00e9t oldal\u00e1n feliratok vannak, amelyek szerint a s\u00edr tulajdonosa, Mi Ying i. e. 81-ben megvette ezt a s\u00edrt, \u00e9s feljegyezt\u00e9k a f\u00f6ld d\u00e9lkeleti, \u00e9szaknyugati r\u00e9szet, valamint a tan\u00fak nev\u00e9t, ami szint\u00e9n annak a bizony\u00edt\u00e9ka, hogy a Han-dinasztia kor\u00e1ban nagy fejl\u0151d\u00e9snek indult a mag\u00e1ntulajdon. A luxustemet\u00e9s r\u00e9v\u00e9n a Han-dinasztia arisztokr\u00e1ci\u00e1ja \u201ehal\u00e1l\u00e1ban is tov\u00e1bb \u00e9lt\u201d. Ezenk\u00edv\u00fcl a gazdas\u00e1g fejl\u0151d\u00e9se r\u00e9v\u00e9n elegend\u0151 j\u00e1d\u00e9t lehetett beszerezni a nyugati r\u00e9gi\u00f3k csatlakoz\u00e1sa ut\u00e1n.<\/p>\n\n\n\n<figure class=\"wp-block-image size-full\"><img loading=\"lazy\" decoding=\"async\" width=\"465\" height=\"358\" src=\"https:\/\/kinaikaleidoszkop.hu\/wp-content\/uploads\/2023\/08\/Kep2.jpg\" alt=\"\" class=\"wp-image-18435\" srcset=\"https:\/\/kinaikaleidoszkop.hu\/wp-content\/uploads\/2023\/08\/Kep2.jpg 465w, https:\/\/kinaikaleidoszkop.hu\/wp-content\/uploads\/2023\/08\/Kep2-300x231.jpg 300w\" sizes=\"auto, (max-width: 465px) 100vw, 465px\" \/><\/figure>\n\n\n\n<p><strong>Nyugati Han arany j\u00e1de\u00f6lt\u00f6z\u00e9k<\/strong><br>A j\u00e1deruh\u00e1zatot sz\u00e1mos v\u00e9kony arany-, ez\u00fcst- vagy r\u00e9zhuzal fogja \u00f6ssze, a f\u00e9mhuzalok anyag\u00e1t\u00f3l f\u00fcgg\u0151en arany-, ez\u00fcst- \u00e9s r\u00e9zsz\u00e1las j\u00e1deruh\u00e1zat is ismert. Ezeket Shaofu Dongyuan mesterek k\u00e9sz\u00edtett\u00e9k, akik temetkez\u00e9si kell\u00e9kek l\u00e9trehoz\u00e1s\u00e1ra specializ\u00e1l\u00f3dtak, \u00e9s csak cs\u00e1sz\u00e1rok, magas rang\u00fa nemesek \u00e9s k\u00fcl\u00f6nleges adom\u00e1nyoz\u00f3k vehett\u00e9k ig\u00e9nybe szolg\u00e1ltat\u00e1saikat. A k\u00e9s\u0151bbi Han-dinasztia ritu\u00e1l\u00e9inak k\u00f6nyve szerint a cs\u00e1sz\u00e1r aranysz\u00e1las j\u00e1deruh\u00e1t haszn\u00e1lt. El\u0151kel\u0151 n\u0151k ez\u00fcstsz\u00e1l\u00fa j\u00e1deruh\u00e1t haszn\u00e1ltak, a nemesek pedig r\u00e9zsz\u00e1l\u00fat. A teljes j\u00e1deruh\u00e1zat a Nyugati Han-dinasztia k\u00f6zep\u00e9n jelent meg, \u00e9s volt k\u00f6zt\u00fck fejfed\u0151, maszk, ruhafels\u0151, ruhaujj, keszty\u0171, nadr\u00e1g \u00e9s cip\u0151 is. A Keleti Han-dinasztia s\u00edrjaiban azonban nem tal\u00e1ltak aranysz\u00e1las j\u00e1deruh\u00e1zatot, csak ez\u00fcst vagy r\u00e9zsz\u00e1lasat. A ritu\u00e1lis szab\u00e1lyok v\u00e9grehajt\u00e1sa igen szigor\u00fanak t\u0171nik. A Han-dinasztia ut\u00e1n a j\u00e1de s\u00edrmell\u00e9kletek elt\u0171ntek.<\/p>\n\n\n\n<figure class=\"wp-block-image size-full\"><img loading=\"lazy\" decoding=\"async\" width=\"717\" height=\"387\" src=\"https:\/\/kinaikaleidoszkop.hu\/wp-content\/uploads\/2023\/08\/Kep3.jpg\" alt=\"\" class=\"wp-image-18436\" srcset=\"https:\/\/kinaikaleidoszkop.hu\/wp-content\/uploads\/2023\/08\/Kep3.jpg 717w, https:\/\/kinaikaleidoszkop.hu\/wp-content\/uploads\/2023\/08\/Kep3-300x162.jpg 300w\" sizes=\"auto, (max-width: 717px) 100vw, 717px\" \/><\/figure>\n\n\n\n<p><strong>Keleti Han agyag Hu Man maszk<br><\/strong>A \u201ehu\u201d \u00e1ltal\u00e1nos kifejez\u00e9s, gyakran utal a nyugati r\u00e9gi\u00f3kb\u00f3l sz\u00e1rmaz\u00f3 emberekre. A Han-dinasztia idej\u00e9n sz\u00e1mos hu emberr\u0151l k\u00e9sz\u00fclt k\u00e9p k\u00e9sz\u00fclt, p\u00e9ld\u00e1ul k\u0151re, t\u00e9gl\u00e1ra rajzolt k\u00e9pek, ker\u00e1miafigur\u00e1k \u00e9s m\u00e9g falfestm\u00e9nyek is. Hegyes kalapot viselnek, m\u00e9lyen \u00fcl\u0151 szem\u00fck \u00e9s magas orruk van, zen\u00e9lnek \u00e9s t\u00e1ncolnak, alkoholt isznak \u00e9s kincseket k\u00edn\u00e1lnak, oroszl\u00e1nokat \u00e9s tev\u00e9ket szel\u00edd\u00edtettek, \u00e9s k\u00fcl\u00f6nb\u00f6z\u0151 t\u00f6rt\u00e9nelmi korszakokban \u00e9s kontextusokban k\u00fcl\u00f6nb\u00f6z\u0151 identit\u00e1suk van. Zhang Qian utaz\u00e1s\u00e1t k\u00f6vet\u0151en K\u00edna folyamatos cser\u00e9ket folytatott a nyugati r\u00e9gi\u00f3kkal, \u00e9s az ottani huk is gyakrabban jutottak el Szecsu\u00e1nba \u00e9s m\u00e1s helyekre. A hu n\u00e9ppel folytatott kapcsolat \u00faj kultur\u00e1lis t\u00e9nyez\u0151ket adott a Han-dinasztia m\u0171v\u00e9szeti alkot\u00e1saihoz.<\/p>\n\n\n\n<figure class=\"wp-block-image size-full\"><img loading=\"lazy\" decoding=\"async\" width=\"438\" height=\"582\" src=\"https:\/\/kinaikaleidoszkop.hu\/wp-content\/uploads\/2023\/08\/Kep4.jpg\" alt=\"\" class=\"wp-image-18437\" srcset=\"https:\/\/kinaikaleidoszkop.hu\/wp-content\/uploads\/2023\/08\/Kep4.jpg 438w, https:\/\/kinaikaleidoszkop.hu\/wp-content\/uploads\/2023\/08\/Kep4-226x300.jpg 226w\" sizes=\"auto, (max-width: 438px) 100vw, 438px\" \/><\/figure>\n\n\n\n<p>Magyarorsz\u00e1g az els\u0151 eur\u00f3pai orsz\u00e1g, amely K\u00edn\u00e1val \u00e9s K\u00edna fontos kereskedelmi partnereivel k\u00f6z\u00f6sen \u00e9p\u00edti az \u00d6vezetet \u00e9s \u00dat kezdem\u00e9nyez\u00e9st. M\u00e9g fontosabb, hogy a magyar nemzetnek keleti k\u00f6t\u0151d\u00e9se \u00e9s m\u00e9ly t\u00f6rt\u00e9nelmi kapcsolata van K\u00edn\u00e1val.<\/p>\n\n\n\n<p>A Sanghaji M\u00fazeum szoros egy\u00fcttm\u0171k\u00f6d\u00e9st folytat Magyarorsz\u00e1g hasonl\u00f3 int\u00e9zm\u00e9nyeivel. 2017-ben a Sanghaji M\u00fazeum rendezte meg a Magyar Nemzeti M\u00fazeum \u201eSisi Hercegn\u0151 \u00e9s Magyarorsz\u00e1g: A magyar nemesek \u00e9lete a 17-19. sz\u00e1zadban\u201d c\u00edm\u0171 ki\u00e1ll\u00edt\u00e1st. 2019-ben a Sanghaji M\u00fazeum a Magyar Nemzeti Bankkal \u00e9s az Ath\u00e9n\u00e9 Okosh\u00e1z Alap\u00edtv\u00e1nnyal (PADS) k\u00f6z\u00f6sen rendezte meg a \u201eK\u00edna \u00e9s Magyarorsz\u00e1g a Selyem\u00faton: P\u00e9nzutaz\u00e1s\u201d ki\u00e1ll\u00edt\u00e1st.<\/p>\n\n\n\n<p>A \u201eHalhatatlan j\u00e1dep\u00e1nc\u00e9l\u201d ki\u00e1ll\u00edt\u00e1s sikeres megrendez\u00e9se nemcsak szil\u00e1rdabb l\u00e9p\u00e9s a k\u00ednai kult\u00fara glob\u00e1liss\u00e1 v\u00e1l\u00e1s\u00e1hoz, hanem aj\u00e1nd\u00e9k is az \u00d6vezet \u00e9s \u00dat kezdem\u00e9nyez\u00e9s 10. \u00e9vfordul\u00f3j\u00e1ra.<\/p>\n\n\n\n<figure class=\"wp-block-image size-large\"><img loading=\"lazy\" decoding=\"async\" width=\"1024\" height=\"612\" src=\"https:\/\/kinaikaleidoszkop.hu\/wp-content\/uploads\/2023\/08\/Kep5-1024x612.jpg\" alt=\"\" class=\"wp-image-18438\" srcset=\"https:\/\/kinaikaleidoszkop.hu\/wp-content\/uploads\/2023\/08\/Kep5-1024x612.jpg 1024w, https:\/\/kinaikaleidoszkop.hu\/wp-content\/uploads\/2023\/08\/Kep5-300x179.jpg 300w, https:\/\/kinaikaleidoszkop.hu\/wp-content\/uploads\/2023\/08\/Kep5-768x459.jpg 768w, https:\/\/kinaikaleidoszkop.hu\/wp-content\/uploads\/2023\/08\/Kep5-990x592.jpg 990w, https:\/\/kinaikaleidoszkop.hu\/wp-content\/uploads\/2023\/08\/Kep5.jpg 1270w\" sizes=\"auto, (max-width: 1024px) 100vw, 1024px\" \/><\/figure>\n\n\n\n<p>Hszi Csin-ping k\u00ednai p\u00e1rtf\u0151titk\u00e1r r\u00e1mutatott, hogy a m\u00fazeumokban sz\u00e1mos \u00e9rt\u00e9kes kultur\u00e1lis eml\u00e9k tal\u00e1lhat\u00f3, s\u0151t \u201enemzeti kincsek\u201d, amelyek orsz\u00e1gunk t\u00f6bb milli\u00f3 \u00e9ves emberi t\u00f6rt\u00e9net\u00e9t, 10 000 \u00e9ves kultur\u00e1lis t\u00f6rt\u00e9net\u00e9t \u00e9s t\u00f6bb mint 5000 \u00e9ves civiliz\u00e1ci\u00f3s t\u00f6rt\u00e9net\u00e9t mutatj\u00e1k be.<\/p>\n\n\n\n<p>Az ut\u00f3bbi \u00e9vekben a \u201eNagy M\u00fazeum Projekt\u201d kiindul\u00f3pontjak\u00e9nt a Sanghaji M\u00fazeum kultur\u00e1lis eml\u00e9kek \u00e9s r\u00e9g\u00e9szeti ki\u00e1ll\u00edt\u00e1sok sorozat\u00e1t tervezte \u00e9s ind\u00edtotta, amelyek a k\u00ednai civiliz\u00e1ci\u00f3 felt\u00e1r\u00e1si projektj\u00e9re \u00f6sszpontos\u00edtanak, rendszeres \u00e9s m\u00e9lyrehat\u00f3 m\u00f3don bemutatva a k\u00ednai r\u00e9g\u00e9szet kiemelked\u0151 eredm\u00e9nyeit \u00e9s a k\u00ednai civiliz\u00e1ci\u00f3 felt\u00e1r\u00e1si projektj\u00e9t. A projekt folyamatosan el\u0151mozd\u00edtja a k\u00ednai kult\u00fara integr\u00e1ci\u00f3j\u00e1t a vil\u00e1gba.<\/p>\n\n\n\n<p><strong>2023. 08. 04.<\/strong><\/p>\n\n\n\n<p><strong>(China Media Group)<\/strong><\/p>\n\n\n\n<p><strong>(x)<\/strong><\/p>\n","protected":false},"excerpt":{"rendered":"<p>Kult\u00fara az \u00d6vezet-\u00dat egy\u00fcttm\u0171k\u00f6d\u00e9s nyom\u00e1n. A k\u00ednai kult\u00fara hossz\u00fa m\u00falttal \u00e9s gazdag hagyom\u00e1nyokkal rendelkezik. Vil\u00e1gszerte j\u00f3l ismerik a Han, Tang, Yuan, Ming \u00e9s a Qing-dinaszti\u00e1k t\u00f6rt\u00e9nelm\u00e9t. K\u00f6z\u00fcl\u00fck a Han Birodalom volt az els\u0151, melyet a \u00f3kori vil\u00e1gt\u00f6rt\u00e9nelem n\u00e9gy nagy birodalm\u00e1nak (R\u00f3mai birodalom, Kushan birodalom, P\u00e1rtus Birodalom \u00e9s Han birodalom) egyikek\u00e9nt ismernek. A R\u00f3mai Birodalom hanyatl\u00e1sa [&hellip;]<\/p>\n","protected":false},"author":6,"featured_media":18459,"comment_status":"closed","ping_status":"closed","sticky":false,"template":"","format":"standard","meta":{"footnotes":""},"categories":[63],"tags":[2036,2792,2794,2793],"class_list":["post-18432","post","type-post","status-publish","format-standard","has-post-thumbnail","hentry","category-kultura","tag-kultura","tag-muzeum","tag-ovezet-ut-egyuttmukodes","tag-sanghaji-muzeum"],"yoast_head":"<!-- This site is optimized with the Yoast SEO plugin v23.7 - https:\/\/yoast.com\/wordpress\/plugins\/seo\/ -->\n<title>J\u00e1de p\u00e1nc\u00e9l Szegeden - egyed\u00fcl\u00e1ll\u00f3 \u00f3kori K\u00edna ki\u00e1ll\u00edt\u00e1s a M\u00f3ra Ferenc M\u00fazeumban - kinaikaleidoszkop.hu<\/title>\n<meta name=\"robots\" content=\"index, follow, max-snippet:-1, max-image-preview:large, max-video-preview:-1\" \/>\n<link rel=\"canonical\" href=\"https:\/\/kinaikaleidoszkop.hu\/index.php\/2023\/08\/04\/jade-pancel-szegeden-egyedulallo-okori-kina-kiallitas-a-mora-ferenc-muzeumban\/\" \/>\n<meta property=\"og:locale\" content=\"hu_HU\" \/>\n<meta property=\"og:type\" content=\"article\" \/>\n<meta property=\"og:title\" content=\"J\u00e1de p\u00e1nc\u00e9l Szegeden - egyed\u00fcl\u00e1ll\u00f3 \u00f3kori K\u00edna ki\u00e1ll\u00edt\u00e1s a M\u00f3ra Ferenc M\u00fazeumban - kinaikaleidoszkop.hu\" \/>\n<meta property=\"og:description\" content=\"Kult\u00fara az \u00d6vezet-\u00dat egy\u00fcttm\u0171k\u00f6d\u00e9s nyom\u00e1n. A k\u00ednai kult\u00fara hossz\u00fa m\u00falttal \u00e9s gazdag hagyom\u00e1nyokkal rendelkezik. Vil\u00e1gszerte j\u00f3l ismerik a Han, Tang, Yuan, Ming \u00e9s a Qing-dinaszti\u00e1k t\u00f6rt\u00e9nelm\u00e9t. K\u00f6z\u00fcl\u00fck a Han Birodalom volt az els\u0151, melyet a \u00f3kori vil\u00e1gt\u00f6rt\u00e9nelem n\u00e9gy nagy birodalm\u00e1nak (R\u00f3mai birodalom, Kushan birodalom, P\u00e1rtus Birodalom \u00e9s Han birodalom) egyikek\u00e9nt ismernek. A R\u00f3mai Birodalom hanyatl\u00e1sa [&hellip;]\" \/>\n<meta property=\"og:url\" content=\"https:\/\/kinaikaleidoszkop.hu\/index.php\/2023\/08\/04\/jade-pancel-szegeden-egyedulallo-okori-kina-kiallitas-a-mora-ferenc-muzeumban\/\" \/>\n<meta property=\"og:site_name\" content=\"kinaikaleidoszkop.hu\" \/>\n<meta property=\"article:published_time\" content=\"2023-08-04T06:53:00+00:00\" \/>\n<meta property=\"article:modified_time\" content=\"2023-08-04T09:28:46+00:00\" \/>\n<meta property=\"og:image\" content=\"https:\/\/kinaikaleidoszkop.hu\/wp-content\/uploads\/2023\/08\/Kep1-1.jpg\" \/>\n\t<meta property=\"og:image:width\" content=\"716\" \/>\n\t<meta property=\"og:image:height\" content=\"387\" \/>\n\t<meta property=\"og:image:type\" content=\"image\/jpeg\" \/>\n<meta name=\"author\" content=\"admin-sebi\" \/>\n<meta name=\"twitter:card\" content=\"summary_large_image\" \/>\n<meta name=\"twitter:label1\" content=\"Szerz\u0151:\" \/>\n\t<meta name=\"twitter:data1\" content=\"admin-sebi\" \/>\n\t<meta name=\"twitter:label2\" content=\"Becs\u00fclt olvas\u00e1si id\u0151\" \/>\n\t<meta name=\"twitter:data2\" content=\"5 perc\" \/>\n<script type=\"application\/ld+json\" class=\"yoast-schema-graph\">{\"@context\":\"https:\/\/schema.org\",\"@graph\":[{\"@type\":\"WebPage\",\"@id\":\"https:\/\/kinaikaleidoszkop.hu\/index.php\/2023\/08\/04\/jade-pancel-szegeden-egyedulallo-okori-kina-kiallitas-a-mora-ferenc-muzeumban\/\",\"url\":\"https:\/\/kinaikaleidoszkop.hu\/index.php\/2023\/08\/04\/jade-pancel-szegeden-egyedulallo-okori-kina-kiallitas-a-mora-ferenc-muzeumban\/\",\"name\":\"J\u00e1de p\u00e1nc\u00e9l Szegeden - egyed\u00fcl\u00e1ll\u00f3 \u00f3kori K\u00edna ki\u00e1ll\u00edt\u00e1s a M\u00f3ra Ferenc M\u00fazeumban - kinaikaleidoszkop.hu\",\"isPartOf\":{\"@id\":\"https:\/\/kinaikaleidoszkop.hu\/#website\"},\"primaryImageOfPage\":{\"@id\":\"https:\/\/kinaikaleidoszkop.hu\/index.php\/2023\/08\/04\/jade-pancel-szegeden-egyedulallo-okori-kina-kiallitas-a-mora-ferenc-muzeumban\/#primaryimage\"},\"image\":{\"@id\":\"https:\/\/kinaikaleidoszkop.hu\/index.php\/2023\/08\/04\/jade-pancel-szegeden-egyedulallo-okori-kina-kiallitas-a-mora-ferenc-muzeumban\/#primaryimage\"},\"thumbnailUrl\":\"https:\/\/kinaikaleidoszkop.hu\/wp-content\/uploads\/2023\/08\/Kep1-1.jpg\",\"datePublished\":\"2023-08-04T06:53:00+00:00\",\"dateModified\":\"2023-08-04T09:28:46+00:00\",\"author\":{\"@id\":\"https:\/\/kinaikaleidoszkop.hu\/#\/schema\/person\/fd215d3a8bab54daeb796ae166f99ea5\"},\"breadcrumb\":{\"@id\":\"https:\/\/kinaikaleidoszkop.hu\/index.php\/2023\/08\/04\/jade-pancel-szegeden-egyedulallo-okori-kina-kiallitas-a-mora-ferenc-muzeumban\/#breadcrumb\"},\"inLanguage\":\"hu\",\"potentialAction\":[{\"@type\":\"ReadAction\",\"target\":[\"https:\/\/kinaikaleidoszkop.hu\/index.php\/2023\/08\/04\/jade-pancel-szegeden-egyedulallo-okori-kina-kiallitas-a-mora-ferenc-muzeumban\/\"]}]},{\"@type\":\"ImageObject\",\"inLanguage\":\"hu\",\"@id\":\"https:\/\/kinaikaleidoszkop.hu\/index.php\/2023\/08\/04\/jade-pancel-szegeden-egyedulallo-okori-kina-kiallitas-a-mora-ferenc-muzeumban\/#primaryimage\",\"url\":\"https:\/\/kinaikaleidoszkop.hu\/wp-content\/uploads\/2023\/08\/Kep1-1.jpg\",\"contentUrl\":\"https:\/\/kinaikaleidoszkop.hu\/wp-content\/uploads\/2023\/08\/Kep1-1.jpg\",\"width\":716,\"height\":387},{\"@type\":\"BreadcrumbList\",\"@id\":\"https:\/\/kinaikaleidoszkop.hu\/index.php\/2023\/08\/04\/jade-pancel-szegeden-egyedulallo-okori-kina-kiallitas-a-mora-ferenc-muzeumban\/#breadcrumb\",\"itemListElement\":[{\"@type\":\"ListItem\",\"position\":1,\"name\":\"Kezd\u0151lap\",\"item\":\"https:\/\/kinaikaleidoszkop.hu\/\"},{\"@type\":\"ListItem\",\"position\":2,\"name\":\"J\u00e1de p\u00e1nc\u00e9l Szegeden &#8211; egyed\u00fcl\u00e1ll\u00f3 \u00f3kori K\u00edna ki\u00e1ll\u00edt\u00e1s a M\u00f3ra Ferenc M\u00fazeumban\"}]},{\"@type\":\"WebSite\",\"@id\":\"https:\/\/kinaikaleidoszkop.hu\/#website\",\"url\":\"https:\/\/kinaikaleidoszkop.hu\/\",\"name\":\"kinaikaleidoszkop.hu\",\"description\":\"\",\"potentialAction\":[{\"@type\":\"SearchAction\",\"target\":{\"@type\":\"EntryPoint\",\"urlTemplate\":\"https:\/\/kinaikaleidoszkop.hu\/?s={search_term_string}\"},\"query-input\":{\"@type\":\"PropertyValueSpecification\",\"valueRequired\":true,\"valueName\":\"search_term_string\"}}],\"inLanguage\":\"hu\"},{\"@type\":\"Person\",\"@id\":\"https:\/\/kinaikaleidoszkop.hu\/#\/schema\/person\/fd215d3a8bab54daeb796ae166f99ea5\",\"name\":\"admin-sebi\",\"image\":{\"@type\":\"ImageObject\",\"inLanguage\":\"hu\",\"@id\":\"https:\/\/kinaikaleidoszkop.hu\/#\/schema\/person\/image\/\",\"url\":\"https:\/\/secure.gravatar.com\/avatar\/b1498042bc4969020b4951f204f963e97c3d7d199f3790c1071adf67c61d0aa5?s=96&d=mm&r=g\",\"contentUrl\":\"https:\/\/secure.gravatar.com\/avatar\/b1498042bc4969020b4951f204f963e97c3d7d199f3790c1071adf67c61d0aa5?s=96&d=mm&r=g\",\"caption\":\"admin-sebi\"},\"url\":\"https:\/\/kinaikaleidoszkop.hu\/index.php\/author\/admin-sebi\/\"}]}<\/script>\n<!-- \/ Yoast SEO plugin. -->","yoast_head_json":{"title":"J\u00e1de p\u00e1nc\u00e9l Szegeden - egyed\u00fcl\u00e1ll\u00f3 \u00f3kori K\u00edna ki\u00e1ll\u00edt\u00e1s a M\u00f3ra Ferenc M\u00fazeumban - kinaikaleidoszkop.hu","robots":{"index":"index","follow":"follow","max-snippet":"max-snippet:-1","max-image-preview":"max-image-preview:large","max-video-preview":"max-video-preview:-1"},"canonical":"https:\/\/kinaikaleidoszkop.hu\/index.php\/2023\/08\/04\/jade-pancel-szegeden-egyedulallo-okori-kina-kiallitas-a-mora-ferenc-muzeumban\/","og_locale":"hu_HU","og_type":"article","og_title":"J\u00e1de p\u00e1nc\u00e9l Szegeden - egyed\u00fcl\u00e1ll\u00f3 \u00f3kori K\u00edna ki\u00e1ll\u00edt\u00e1s a M\u00f3ra Ferenc M\u00fazeumban - kinaikaleidoszkop.hu","og_description":"Kult\u00fara az \u00d6vezet-\u00dat egy\u00fcttm\u0171k\u00f6d\u00e9s nyom\u00e1n. A k\u00ednai kult\u00fara hossz\u00fa m\u00falttal \u00e9s gazdag hagyom\u00e1nyokkal rendelkezik. Vil\u00e1gszerte j\u00f3l ismerik a Han, Tang, Yuan, Ming \u00e9s a Qing-dinaszti\u00e1k t\u00f6rt\u00e9nelm\u00e9t. K\u00f6z\u00fcl\u00fck a Han Birodalom volt az els\u0151, melyet a \u00f3kori vil\u00e1gt\u00f6rt\u00e9nelem n\u00e9gy nagy birodalm\u00e1nak (R\u00f3mai birodalom, Kushan birodalom, P\u00e1rtus Birodalom \u00e9s Han birodalom) egyikek\u00e9nt ismernek. A R\u00f3mai Birodalom hanyatl\u00e1sa [&hellip;]","og_url":"https:\/\/kinaikaleidoszkop.hu\/index.php\/2023\/08\/04\/jade-pancel-szegeden-egyedulallo-okori-kina-kiallitas-a-mora-ferenc-muzeumban\/","og_site_name":"kinaikaleidoszkop.hu","article_published_time":"2023-08-04T06:53:00+00:00","article_modified_time":"2023-08-04T09:28:46+00:00","og_image":[{"width":716,"height":387,"url":"https:\/\/kinaikaleidoszkop.hu\/wp-content\/uploads\/2023\/08\/Kep1-1.jpg","type":"image\/jpeg"}],"author":"admin-sebi","twitter_card":"summary_large_image","twitter_misc":{"Szerz\u0151:":"admin-sebi","Becs\u00fclt olvas\u00e1si id\u0151":"5 perc"},"schema":{"@context":"https:\/\/schema.org","@graph":[{"@type":"WebPage","@id":"https:\/\/kinaikaleidoszkop.hu\/index.php\/2023\/08\/04\/jade-pancel-szegeden-egyedulallo-okori-kina-kiallitas-a-mora-ferenc-muzeumban\/","url":"https:\/\/kinaikaleidoszkop.hu\/index.php\/2023\/08\/04\/jade-pancel-szegeden-egyedulallo-okori-kina-kiallitas-a-mora-ferenc-muzeumban\/","name":"J\u00e1de p\u00e1nc\u00e9l Szegeden - egyed\u00fcl\u00e1ll\u00f3 \u00f3kori K\u00edna ki\u00e1ll\u00edt\u00e1s a M\u00f3ra Ferenc M\u00fazeumban - kinaikaleidoszkop.hu","isPartOf":{"@id":"https:\/\/kinaikaleidoszkop.hu\/#website"},"primaryImageOfPage":{"@id":"https:\/\/kinaikaleidoszkop.hu\/index.php\/2023\/08\/04\/jade-pancel-szegeden-egyedulallo-okori-kina-kiallitas-a-mora-ferenc-muzeumban\/#primaryimage"},"image":{"@id":"https:\/\/kinaikaleidoszkop.hu\/index.php\/2023\/08\/04\/jade-pancel-szegeden-egyedulallo-okori-kina-kiallitas-a-mora-ferenc-muzeumban\/#primaryimage"},"thumbnailUrl":"https:\/\/kinaikaleidoszkop.hu\/wp-content\/uploads\/2023\/08\/Kep1-1.jpg","datePublished":"2023-08-04T06:53:00+00:00","dateModified":"2023-08-04T09:28:46+00:00","author":{"@id":"https:\/\/kinaikaleidoszkop.hu\/#\/schema\/person\/fd215d3a8bab54daeb796ae166f99ea5"},"breadcrumb":{"@id":"https:\/\/kinaikaleidoszkop.hu\/index.php\/2023\/08\/04\/jade-pancel-szegeden-egyedulallo-okori-kina-kiallitas-a-mora-ferenc-muzeumban\/#breadcrumb"},"inLanguage":"hu","potentialAction":[{"@type":"ReadAction","target":["https:\/\/kinaikaleidoszkop.hu\/index.php\/2023\/08\/04\/jade-pancel-szegeden-egyedulallo-okori-kina-kiallitas-a-mora-ferenc-muzeumban\/"]}]},{"@type":"ImageObject","inLanguage":"hu","@id":"https:\/\/kinaikaleidoszkop.hu\/index.php\/2023\/08\/04\/jade-pancel-szegeden-egyedulallo-okori-kina-kiallitas-a-mora-ferenc-muzeumban\/#primaryimage","url":"https:\/\/kinaikaleidoszkop.hu\/wp-content\/uploads\/2023\/08\/Kep1-1.jpg","contentUrl":"https:\/\/kinaikaleidoszkop.hu\/wp-content\/uploads\/2023\/08\/Kep1-1.jpg","width":716,"height":387},{"@type":"BreadcrumbList","@id":"https:\/\/kinaikaleidoszkop.hu\/index.php\/2023\/08\/04\/jade-pancel-szegeden-egyedulallo-okori-kina-kiallitas-a-mora-ferenc-muzeumban\/#breadcrumb","itemListElement":[{"@type":"ListItem","position":1,"name":"Kezd\u0151lap","item":"https:\/\/kinaikaleidoszkop.hu\/"},{"@type":"ListItem","position":2,"name":"J\u00e1de p\u00e1nc\u00e9l Szegeden &#8211; egyed\u00fcl\u00e1ll\u00f3 \u00f3kori K\u00edna ki\u00e1ll\u00edt\u00e1s a M\u00f3ra Ferenc M\u00fazeumban"}]},{"@type":"WebSite","@id":"https:\/\/kinaikaleidoszkop.hu\/#website","url":"https:\/\/kinaikaleidoszkop.hu\/","name":"kinaikaleidoszkop.hu","description":"","potentialAction":[{"@type":"SearchAction","target":{"@type":"EntryPoint","urlTemplate":"https:\/\/kinaikaleidoszkop.hu\/?s={search_term_string}"},"query-input":{"@type":"PropertyValueSpecification","valueRequired":true,"valueName":"search_term_string"}}],"inLanguage":"hu"},{"@type":"Person","@id":"https:\/\/kinaikaleidoszkop.hu\/#\/schema\/person\/fd215d3a8bab54daeb796ae166f99ea5","name":"admin-sebi","image":{"@type":"ImageObject","inLanguage":"hu","@id":"https:\/\/kinaikaleidoszkop.hu\/#\/schema\/person\/image\/","url":"https:\/\/secure.gravatar.com\/avatar\/b1498042bc4969020b4951f204f963e97c3d7d199f3790c1071adf67c61d0aa5?s=96&d=mm&r=g","contentUrl":"https:\/\/secure.gravatar.com\/avatar\/b1498042bc4969020b4951f204f963e97c3d7d199f3790c1071adf67c61d0aa5?s=96&d=mm&r=g","caption":"admin-sebi"},"url":"https:\/\/kinaikaleidoszkop.hu\/index.php\/author\/admin-sebi\/"}]}},"views":467,"distributor_meta":false,"distributor_terms":false,"distributor_media":false,"distributor_original_site_name":"kinaikaleidoszkop.hu","distributor_original_site_url":"https:\/\/kinaikaleidoszkop.hu","push-errors":false,"_links":{"self":[{"href":"https:\/\/kinaikaleidoszkop.hu\/index.php\/wp-json\/wp\/v2\/posts\/18432","targetHints":{"allow":["GET"]}}],"collection":[{"href":"https:\/\/kinaikaleidoszkop.hu\/index.php\/wp-json\/wp\/v2\/posts"}],"about":[{"href":"https:\/\/kinaikaleidoszkop.hu\/index.php\/wp-json\/wp\/v2\/types\/post"}],"author":[{"embeddable":true,"href":"https:\/\/kinaikaleidoszkop.hu\/index.php\/wp-json\/wp\/v2\/users\/6"}],"replies":[{"embeddable":true,"href":"https:\/\/kinaikaleidoszkop.hu\/index.php\/wp-json\/wp\/v2\/comments?post=18432"}],"version-history":[{"count":3,"href":"https:\/\/kinaikaleidoszkop.hu\/index.php\/wp-json\/wp\/v2\/posts\/18432\/revisions"}],"predecessor-version":[{"id":18462,"href":"https:\/\/kinaikaleidoszkop.hu\/index.php\/wp-json\/wp\/v2\/posts\/18432\/revisions\/18462"}],"wp:featuredmedia":[{"embeddable":true,"href":"https:\/\/kinaikaleidoszkop.hu\/index.php\/wp-json\/wp\/v2\/media\/18459"}],"wp:attachment":[{"href":"https:\/\/kinaikaleidoszkop.hu\/index.php\/wp-json\/wp\/v2\/media?parent=18432"}],"wp:term":[{"taxonomy":"category","embeddable":true,"href":"https:\/\/kinaikaleidoszkop.hu\/index.php\/wp-json\/wp\/v2\/categories?post=18432"},{"taxonomy":"post_tag","embeddable":true,"href":"https:\/\/kinaikaleidoszkop.hu\/index.php\/wp-json\/wp\/v2\/tags?post=18432"}],"curies":[{"name":"wp","href":"https:\/\/api.w.org\/{rel}","templated":true}]}}