{"id":18469,"date":"2023-08-04T15:37:28","date_gmt":"2023-08-04T13:37:28","guid":{"rendered":"https:\/\/kinaikaleidoszkop.hu\/?p=18469"},"modified":"2023-08-04T15:37:29","modified_gmt":"2023-08-04T13:37:29","slug":"az-ovezet-es-ut-egyuttmukodesben-valo-reszvetel-megfelelo-valasztas-kina-es-olaszorszag-szamara","status":"publish","type":"post","link":"https:\/\/kinaikaleidoszkop.hu\/index.php\/2023\/08\/04\/az-ovezet-es-ut-egyuttmukodesben-valo-reszvetel-megfelelo-valasztas-kina-es-olaszorszag-szamara\/","title":{"rendered":"Az \u00d6vezet \u00e9s \u00dat egy\u00fcttm\u0171k\u00f6d\u00e9sben val\u00f3 r\u00e9szv\u00e9tel megfelel\u0151 v\u00e1laszt\u00e1s K\u00edna \u00e9s Olaszorsz\u00e1g sz\u00e1m\u00e1ra"},"content":{"rendered":"\n<p><strong>A k\u00ednai k\u00fcl\u00fcgyi sz\u00f3viv\u0151 p\u00e9nteken kijelentette, hogy az \u00d6vezet \u00e9s \u00dat egy\u00fcttm\u0171k\u00f6d\u00e9sben val\u00f3 r\u00e9szv\u00e9tel K\u00edna \u00e9s Olaszorsz\u00e1g sz\u00e1m\u00e1ra helyes d\u00f6nt\u00e9s a k\u00e9t orsz\u00e1g t\u00f6rt\u00e9nelmi \u00e9s kultur\u00e1lis kapcsolatai, valamint a fejl\u0151d\u00e9s ig\u00e9nyei alapj\u00e1n.<\/strong><\/p>\n\n\n<div class=\"wp-block-image\">\n<figure class=\"alignright is-resized\"><img loading=\"lazy\" decoding=\"async\" src=\"https:\/\/hirpest.hu\/wp-content\/uploads\/2023\/08\/0804Lea7.jpg\" alt=\"\" class=\"wp-image-18131\" width=\"423\" height=\"293\"\/><\/figure>\n<\/div>\n\n\n<p>A fenti megjegyz\u00e9st a sz\u00f3viv\u0151 arra a k\u00e9rd\u00e9sre tette, miszerint K\u00edna hogyan komment\u00e1lja azokat a h\u00edreket, amelyek szerint Olaszorsz\u00e1g azt fontolgatja, hogy nem \u00faj\u00edtja meg az \u00d6vezet \u00e9s \u00dat egy\u00fcttm\u0171k\u00f6d\u00e9si meg\u00e1llapod\u00e1st, valamint rem\u00e9ny\u00e9t fejezte ki, hogy ez nem \u00e9rinti a K\u00edn\u00e1val fenntartott kapcsolatait.<\/p>\n\n\n\n<p>A k\u00fcl\u00fcgyi sz\u00f3viv\u0151 szerint az \u00d6vezet \u00e9s \u00dat egy\u00fcttm\u0171k\u00f6d\u00e9si dokumentum al\u00e1\u00edr\u00e1sa nagy lelkesed\u00e9st v\u00e1ltott ki, \u00e9s hatalmas potenci\u00e1lt szabad\u00edtott fel a k\u00e9toldal\u00fa egy\u00fcttm\u0171k\u00f6d\u00e9s ter\u00e9n. Az elm\u00falt 5 \u00e9vben a k\u00e9toldal\u00fa kereskedelem volumene 42%-kal n\u0151tt, tavaly el\u00e9rte a k\u00f6zel 80 milli\u00e1rd doll\u00e1rt. Hozz\u00e1tette, hogy Olaszorsz\u00e1g a k\u00ednai turist\u00e1k egyik k\u00f6zkedvelt c\u00e9lpontj\u00e1v\u00e1 v\u00e1lt, az olasz m\u0171v\u00e9szeti ki\u00e1ll\u00edt\u00e1sok \u00e9s el\u0151ad\u00e1sok pedig nagyon n\u00e9pszer\u0171ek K\u00edn\u00e1ban.<\/p>\n\n\n\n<blockquote class=\"wp-block-quote is-layout-flow wp-block-quote-is-layout-flow\">\n<p>\u201eEgyes er\u0151k rosszindulat\u00faan \u00e1tpolitiz\u00e1lj\u00e1k a kultur\u00e1lis cser\u00e9ket \u00e9s a kereskedelmi egy\u00fcttm\u0171k\u00f6d\u00e9st K\u00edna \u00e9s Olaszorsz\u00e1g k\u00f6z\u00f6tt, hogy al\u00e1\u00e1ss\u00e1k az egy\u00fcttm\u0171k\u00f6d\u00e9st, ami ellent\u00e9tes a t\u00f6rt\u00e9nelmi trenddel\u201d \u2013 mondta a sz\u00f3viv\u0151.<\/p>\n<\/blockquote>\n\n\n\n<p>A sz\u00f3viv\u0151 szerint a kezdem\u00e9nyez\u00e9s k\u00f6zel 1 billi\u00f3 doll\u00e1rt vonzott a glob\u00e1lis befektet\u00e9sekbe, \u00e9s t\u00f6bb mint 3000 projektet \u00e9s 420 ezer \u00faj munkahelyet teremtett a r\u00e9szt vev\u0151 orsz\u00e1gok sz\u00e1m\u00e1ra vil\u00e1gszerte. A Vil\u00e1gbank szerint az \u00d6vezet \u00e9s \u00dat kezdem\u00e9nyez\u00e9s hossz\u00fat\u00e1von k\u00f6zel 40 milli\u00f3 embernek fog seg\u00edteni kijutni a szeg\u00e9nys\u00e9gb\u0151l. K\u00edna k\u00e9sz egy\u00fcttm\u0171k\u00f6dni a r\u00e9szt vev\u0151 orsz\u00e1gokkal a magas sz\u00ednvonal\u00fa egy\u00fcttm\u0171k\u00f6d\u00e9s el\u0151mozd\u00edt\u00e1sa \u00e9rdek\u00e9ben, \u00e9s k\u00e9sz nagyobb m\u00e9rt\u00e9kben hozz\u00e1j\u00e1rulni a glob\u00e1lis fenntarthat\u00f3 fejl\u0151d\u00e9s \u00e9s a civiliz\u00e1ci\u00f3k k\u00f6z\u00f6tti cser\u00e9k el\u0151mozd\u00edt\u00e1s\u00e1hoz.<\/p>\n\n\n\n<p><strong>2023. augusztus 4.<\/strong><\/p>\n\n\n\n<p><strong><em>(China Media Group)<\/em><\/strong><\/p>\n\n\n\n<p><strong>(x)<\/strong><\/p>\n","protected":false},"excerpt":{"rendered":"<p>A k\u00ednai k\u00fcl\u00fcgyi sz\u00f3viv\u0151 p\u00e9nteken kijelentette, hogy az \u00d6vezet \u00e9s \u00dat egy\u00fcttm\u0171k\u00f6d\u00e9sben val\u00f3 r\u00e9szv\u00e9tel K\u00edna \u00e9s Olaszorsz\u00e1g sz\u00e1m\u00e1ra helyes d\u00f6nt\u00e9s a k\u00e9t orsz\u00e1g t\u00f6rt\u00e9nelmi \u00e9s kultur\u00e1lis kapcsolatai, valamint a fejl\u0151d\u00e9s ig\u00e9nyei alapj\u00e1n. A fenti megjegyz\u00e9st a sz\u00f3viv\u0151 arra a k\u00e9rd\u00e9sre tette, miszerint K\u00edna hogyan komment\u00e1lja azokat a h\u00edreket, amelyek szerint Olaszorsz\u00e1g azt fontolgatja, hogy nem [&hellip;]<\/p>\n","protected":false},"author":2,"featured_media":18479,"comment_status":"closed","ping_status":"closed","sticky":false,"template":"","format":"standard","meta":{"footnotes":""},"categories":[45],"tags":[273,414,2807,1501,460,696,415],"class_list":["post-18469","post","type-post","status-publish","format-standard","has-post-thumbnail","hentry","category-hirek","tag-egyuttmukodes","tag-fejlodes","tag-globalis-befektetesek","tag-kereskedelem","tag-kinai-kulugyi-szovivo","tag-olaszorszag","tag-ovezet-es-ut-kezdemenyezes"],"yoast_head":"<!-- This site is optimized with the Yoast SEO plugin v23.7 - https:\/\/yoast.com\/wordpress\/plugins\/seo\/ -->\n<title>Az \u00d6vezet \u00e9s \u00dat egy\u00fcttm\u0171k\u00f6d\u00e9sben val\u00f3 r\u00e9szv\u00e9tel megfelel\u0151 v\u00e1laszt\u00e1s K\u00edna \u00e9s Olaszorsz\u00e1g sz\u00e1m\u00e1ra - kinaikaleidoszkop.hu<\/title>\n<meta name=\"robots\" content=\"index, follow, max-snippet:-1, max-image-preview:large, max-video-preview:-1\" \/>\n<link rel=\"canonical\" href=\"https:\/\/kinaikaleidoszkop.hu\/index.php\/2023\/08\/04\/az-ovezet-es-ut-egyuttmukodesben-valo-reszvetel-megfelelo-valasztas-kina-es-olaszorszag-szamara\/\" \/>\n<meta property=\"og:locale\" content=\"hu_HU\" \/>\n<meta property=\"og:type\" content=\"article\" \/>\n<meta property=\"og:title\" content=\"Az \u00d6vezet \u00e9s \u00dat egy\u00fcttm\u0171k\u00f6d\u00e9sben val\u00f3 r\u00e9szv\u00e9tel megfelel\u0151 v\u00e1laszt\u00e1s K\u00edna \u00e9s Olaszorsz\u00e1g sz\u00e1m\u00e1ra - kinaikaleidoszkop.hu\" \/>\n<meta property=\"og:description\" content=\"A k\u00ednai k\u00fcl\u00fcgyi sz\u00f3viv\u0151 p\u00e9nteken kijelentette, hogy az \u00d6vezet \u00e9s \u00dat egy\u00fcttm\u0171k\u00f6d\u00e9sben val\u00f3 r\u00e9szv\u00e9tel K\u00edna \u00e9s Olaszorsz\u00e1g sz\u00e1m\u00e1ra helyes d\u00f6nt\u00e9s a k\u00e9t orsz\u00e1g t\u00f6rt\u00e9nelmi \u00e9s kultur\u00e1lis kapcsolatai, valamint a fejl\u0151d\u00e9s ig\u00e9nyei alapj\u00e1n. A fenti megjegyz\u00e9st a sz\u00f3viv\u0151 arra a k\u00e9rd\u00e9sre tette, miszerint K\u00edna hogyan komment\u00e1lja azokat a h\u00edreket, amelyek szerint Olaszorsz\u00e1g azt fontolgatja, hogy nem [&hellip;]\" \/>\n<meta property=\"og:url\" content=\"https:\/\/kinaikaleidoszkop.hu\/index.php\/2023\/08\/04\/az-ovezet-es-ut-egyuttmukodesben-valo-reszvetel-megfelelo-valasztas-kina-es-olaszorszag-szamara\/\" \/>\n<meta property=\"og:site_name\" content=\"kinaikaleidoszkop.hu\" \/>\n<meta property=\"article:published_time\" content=\"2023-08-04T13:37:28+00:00\" \/>\n<meta property=\"article:modified_time\" content=\"2023-08-04T13:37:29+00:00\" \/>\n<meta property=\"og:image\" content=\"https:\/\/kinaikaleidoszkop.hu\/wp-content\/uploads\/2023\/08\/0804Lea7.jpg\" \/>\n\t<meta property=\"og:image:width\" content=\"600\" \/>\n\t<meta property=\"og:image:height\" content=\"416\" \/>\n\t<meta property=\"og:image:type\" content=\"image\/jpeg\" \/>\n<meta name=\"author\" content=\"admin-szabolcs\" \/>\n<meta name=\"twitter:card\" content=\"summary_large_image\" \/>\n<meta name=\"twitter:label1\" content=\"Szerz\u0151:\" \/>\n\t<meta name=\"twitter:data1\" content=\"admin-szabolcs\" \/>\n\t<meta name=\"twitter:label2\" content=\"Becs\u00fclt olvas\u00e1si id\u0151\" \/>\n\t<meta name=\"twitter:data2\" content=\"2 perc\" \/>\n<script type=\"application\/ld+json\" class=\"yoast-schema-graph\">{\"@context\":\"https:\/\/schema.org\",\"@graph\":[{\"@type\":\"WebPage\",\"@id\":\"https:\/\/kinaikaleidoszkop.hu\/index.php\/2023\/08\/04\/az-ovezet-es-ut-egyuttmukodesben-valo-reszvetel-megfelelo-valasztas-kina-es-olaszorszag-szamara\/\",\"url\":\"https:\/\/kinaikaleidoszkop.hu\/index.php\/2023\/08\/04\/az-ovezet-es-ut-egyuttmukodesben-valo-reszvetel-megfelelo-valasztas-kina-es-olaszorszag-szamara\/\",\"name\":\"Az \u00d6vezet \u00e9s \u00dat egy\u00fcttm\u0171k\u00f6d\u00e9sben val\u00f3 r\u00e9szv\u00e9tel megfelel\u0151 v\u00e1laszt\u00e1s K\u00edna \u00e9s Olaszorsz\u00e1g sz\u00e1m\u00e1ra - kinaikaleidoszkop.hu\",\"isPartOf\":{\"@id\":\"https:\/\/kinaikaleidoszkop.hu\/#website\"},\"primaryImageOfPage\":{\"@id\":\"https:\/\/kinaikaleidoszkop.hu\/index.php\/2023\/08\/04\/az-ovezet-es-ut-egyuttmukodesben-valo-reszvetel-megfelelo-valasztas-kina-es-olaszorszag-szamara\/#primaryimage\"},\"image\":{\"@id\":\"https:\/\/kinaikaleidoszkop.hu\/index.php\/2023\/08\/04\/az-ovezet-es-ut-egyuttmukodesben-valo-reszvetel-megfelelo-valasztas-kina-es-olaszorszag-szamara\/#primaryimage\"},\"thumbnailUrl\":\"https:\/\/kinaikaleidoszkop.hu\/wp-content\/uploads\/2023\/08\/0804Lea7.jpg\",\"datePublished\":\"2023-08-04T13:37:28+00:00\",\"dateModified\":\"2023-08-04T13:37:29+00:00\",\"author\":{\"@id\":\"https:\/\/kinaikaleidoszkop.hu\/#\/schema\/person\/b9e2febe742edd540c1197716ec02bf7\"},\"breadcrumb\":{\"@id\":\"https:\/\/kinaikaleidoszkop.hu\/index.php\/2023\/08\/04\/az-ovezet-es-ut-egyuttmukodesben-valo-reszvetel-megfelelo-valasztas-kina-es-olaszorszag-szamara\/#breadcrumb\"},\"inLanguage\":\"hu\",\"potentialAction\":[{\"@type\":\"ReadAction\",\"target\":[\"https:\/\/kinaikaleidoszkop.hu\/index.php\/2023\/08\/04\/az-ovezet-es-ut-egyuttmukodesben-valo-reszvetel-megfelelo-valasztas-kina-es-olaszorszag-szamara\/\"]}]},{\"@type\":\"ImageObject\",\"inLanguage\":\"hu\",\"@id\":\"https:\/\/kinaikaleidoszkop.hu\/index.php\/2023\/08\/04\/az-ovezet-es-ut-egyuttmukodesben-valo-reszvetel-megfelelo-valasztas-kina-es-olaszorszag-szamara\/#primaryimage\",\"url\":\"https:\/\/kinaikaleidoszkop.hu\/wp-content\/uploads\/2023\/08\/0804Lea7.jpg\",\"contentUrl\":\"https:\/\/kinaikaleidoszkop.hu\/wp-content\/uploads\/2023\/08\/0804Lea7.jpg\",\"width\":600,\"height\":416},{\"@type\":\"BreadcrumbList\",\"@id\":\"https:\/\/kinaikaleidoszkop.hu\/index.php\/2023\/08\/04\/az-ovezet-es-ut-egyuttmukodesben-valo-reszvetel-megfelelo-valasztas-kina-es-olaszorszag-szamara\/#breadcrumb\",\"itemListElement\":[{\"@type\":\"ListItem\",\"position\":1,\"name\":\"Kezd\u0151lap\",\"item\":\"https:\/\/kinaikaleidoszkop.hu\/\"},{\"@type\":\"ListItem\",\"position\":2,\"name\":\"Az \u00d6vezet \u00e9s \u00dat egy\u00fcttm\u0171k\u00f6d\u00e9sben val\u00f3 r\u00e9szv\u00e9tel megfelel\u0151 v\u00e1laszt\u00e1s K\u00edna \u00e9s Olaszorsz\u00e1g sz\u00e1m\u00e1ra\"}]},{\"@type\":\"WebSite\",\"@id\":\"https:\/\/kinaikaleidoszkop.hu\/#website\",\"url\":\"https:\/\/kinaikaleidoszkop.hu\/\",\"name\":\"kinaikaleidoszkop.hu\",\"description\":\"\",\"potentialAction\":[{\"@type\":\"SearchAction\",\"target\":{\"@type\":\"EntryPoint\",\"urlTemplate\":\"https:\/\/kinaikaleidoszkop.hu\/?s={search_term_string}\"},\"query-input\":{\"@type\":\"PropertyValueSpecification\",\"valueRequired\":true,\"valueName\":\"search_term_string\"}}],\"inLanguage\":\"hu\"},{\"@type\":\"Person\",\"@id\":\"https:\/\/kinaikaleidoszkop.hu\/#\/schema\/person\/b9e2febe742edd540c1197716ec02bf7\",\"name\":\"admin-szabolcs\",\"image\":{\"@type\":\"ImageObject\",\"inLanguage\":\"hu\",\"@id\":\"https:\/\/kinaikaleidoszkop.hu\/#\/schema\/person\/image\/\",\"url\":\"https:\/\/secure.gravatar.com\/avatar\/154f262492794df2a6cb5d5349227b18ef8f85ab462fbb32625fc42406483d21?s=96&d=mm&r=g\",\"contentUrl\":\"https:\/\/secure.gravatar.com\/avatar\/154f262492794df2a6cb5d5349227b18ef8f85ab462fbb32625fc42406483d21?s=96&d=mm&r=g\",\"caption\":\"admin-szabolcs\"},\"url\":\"https:\/\/kinaikaleidoszkop.hu\/index.php\/author\/admin-szabolcs\/\"}]}<\/script>\n<!-- \/ Yoast SEO plugin. -->","yoast_head_json":{"title":"Az \u00d6vezet \u00e9s \u00dat egy\u00fcttm\u0171k\u00f6d\u00e9sben val\u00f3 r\u00e9szv\u00e9tel megfelel\u0151 v\u00e1laszt\u00e1s K\u00edna \u00e9s Olaszorsz\u00e1g sz\u00e1m\u00e1ra - kinaikaleidoszkop.hu","robots":{"index":"index","follow":"follow","max-snippet":"max-snippet:-1","max-image-preview":"max-image-preview:large","max-video-preview":"max-video-preview:-1"},"canonical":"https:\/\/kinaikaleidoszkop.hu\/index.php\/2023\/08\/04\/az-ovezet-es-ut-egyuttmukodesben-valo-reszvetel-megfelelo-valasztas-kina-es-olaszorszag-szamara\/","og_locale":"hu_HU","og_type":"article","og_title":"Az \u00d6vezet \u00e9s \u00dat egy\u00fcttm\u0171k\u00f6d\u00e9sben val\u00f3 r\u00e9szv\u00e9tel megfelel\u0151 v\u00e1laszt\u00e1s K\u00edna \u00e9s Olaszorsz\u00e1g sz\u00e1m\u00e1ra - kinaikaleidoszkop.hu","og_description":"A k\u00ednai k\u00fcl\u00fcgyi sz\u00f3viv\u0151 p\u00e9nteken kijelentette, hogy az \u00d6vezet \u00e9s \u00dat egy\u00fcttm\u0171k\u00f6d\u00e9sben val\u00f3 r\u00e9szv\u00e9tel K\u00edna \u00e9s Olaszorsz\u00e1g sz\u00e1m\u00e1ra helyes d\u00f6nt\u00e9s a k\u00e9t orsz\u00e1g t\u00f6rt\u00e9nelmi \u00e9s kultur\u00e1lis kapcsolatai, valamint a fejl\u0151d\u00e9s ig\u00e9nyei alapj\u00e1n. A fenti megjegyz\u00e9st a sz\u00f3viv\u0151 arra a k\u00e9rd\u00e9sre tette, miszerint K\u00edna hogyan komment\u00e1lja azokat a h\u00edreket, amelyek szerint Olaszorsz\u00e1g azt fontolgatja, hogy nem [&hellip;]","og_url":"https:\/\/kinaikaleidoszkop.hu\/index.php\/2023\/08\/04\/az-ovezet-es-ut-egyuttmukodesben-valo-reszvetel-megfelelo-valasztas-kina-es-olaszorszag-szamara\/","og_site_name":"kinaikaleidoszkop.hu","article_published_time":"2023-08-04T13:37:28+00:00","article_modified_time":"2023-08-04T13:37:29+00:00","og_image":[{"width":600,"height":416,"url":"https:\/\/kinaikaleidoszkop.hu\/wp-content\/uploads\/2023\/08\/0804Lea7.jpg","type":"image\/jpeg"}],"author":"admin-szabolcs","twitter_card":"summary_large_image","twitter_misc":{"Szerz\u0151:":"admin-szabolcs","Becs\u00fclt olvas\u00e1si id\u0151":"2 perc"},"schema":{"@context":"https:\/\/schema.org","@graph":[{"@type":"WebPage","@id":"https:\/\/kinaikaleidoszkop.hu\/index.php\/2023\/08\/04\/az-ovezet-es-ut-egyuttmukodesben-valo-reszvetel-megfelelo-valasztas-kina-es-olaszorszag-szamara\/","url":"https:\/\/kinaikaleidoszkop.hu\/index.php\/2023\/08\/04\/az-ovezet-es-ut-egyuttmukodesben-valo-reszvetel-megfelelo-valasztas-kina-es-olaszorszag-szamara\/","name":"Az \u00d6vezet \u00e9s \u00dat egy\u00fcttm\u0171k\u00f6d\u00e9sben val\u00f3 r\u00e9szv\u00e9tel megfelel\u0151 v\u00e1laszt\u00e1s K\u00edna \u00e9s Olaszorsz\u00e1g sz\u00e1m\u00e1ra - kinaikaleidoszkop.hu","isPartOf":{"@id":"https:\/\/kinaikaleidoszkop.hu\/#website"},"primaryImageOfPage":{"@id":"https:\/\/kinaikaleidoszkop.hu\/index.php\/2023\/08\/04\/az-ovezet-es-ut-egyuttmukodesben-valo-reszvetel-megfelelo-valasztas-kina-es-olaszorszag-szamara\/#primaryimage"},"image":{"@id":"https:\/\/kinaikaleidoszkop.hu\/index.php\/2023\/08\/04\/az-ovezet-es-ut-egyuttmukodesben-valo-reszvetel-megfelelo-valasztas-kina-es-olaszorszag-szamara\/#primaryimage"},"thumbnailUrl":"https:\/\/kinaikaleidoszkop.hu\/wp-content\/uploads\/2023\/08\/0804Lea7.jpg","datePublished":"2023-08-04T13:37:28+00:00","dateModified":"2023-08-04T13:37:29+00:00","author":{"@id":"https:\/\/kinaikaleidoszkop.hu\/#\/schema\/person\/b9e2febe742edd540c1197716ec02bf7"},"breadcrumb":{"@id":"https:\/\/kinaikaleidoszkop.hu\/index.php\/2023\/08\/04\/az-ovezet-es-ut-egyuttmukodesben-valo-reszvetel-megfelelo-valasztas-kina-es-olaszorszag-szamara\/#breadcrumb"},"inLanguage":"hu","potentialAction":[{"@type":"ReadAction","target":["https:\/\/kinaikaleidoszkop.hu\/index.php\/2023\/08\/04\/az-ovezet-es-ut-egyuttmukodesben-valo-reszvetel-megfelelo-valasztas-kina-es-olaszorszag-szamara\/"]}]},{"@type":"ImageObject","inLanguage":"hu","@id":"https:\/\/kinaikaleidoszkop.hu\/index.php\/2023\/08\/04\/az-ovezet-es-ut-egyuttmukodesben-valo-reszvetel-megfelelo-valasztas-kina-es-olaszorszag-szamara\/#primaryimage","url":"https:\/\/kinaikaleidoszkop.hu\/wp-content\/uploads\/2023\/08\/0804Lea7.jpg","contentUrl":"https:\/\/kinaikaleidoszkop.hu\/wp-content\/uploads\/2023\/08\/0804Lea7.jpg","width":600,"height":416},{"@type":"BreadcrumbList","@id":"https:\/\/kinaikaleidoszkop.hu\/index.php\/2023\/08\/04\/az-ovezet-es-ut-egyuttmukodesben-valo-reszvetel-megfelelo-valasztas-kina-es-olaszorszag-szamara\/#breadcrumb","itemListElement":[{"@type":"ListItem","position":1,"name":"Kezd\u0151lap","item":"https:\/\/kinaikaleidoszkop.hu\/"},{"@type":"ListItem","position":2,"name":"Az \u00d6vezet \u00e9s \u00dat egy\u00fcttm\u0171k\u00f6d\u00e9sben val\u00f3 r\u00e9szv\u00e9tel megfelel\u0151 v\u00e1laszt\u00e1s K\u00edna \u00e9s Olaszorsz\u00e1g sz\u00e1m\u00e1ra"}]},{"@type":"WebSite","@id":"https:\/\/kinaikaleidoszkop.hu\/#website","url":"https:\/\/kinaikaleidoszkop.hu\/","name":"kinaikaleidoszkop.hu","description":"","potentialAction":[{"@type":"SearchAction","target":{"@type":"EntryPoint","urlTemplate":"https:\/\/kinaikaleidoszkop.hu\/?s={search_term_string}"},"query-input":{"@type":"PropertyValueSpecification","valueRequired":true,"valueName":"search_term_string"}}],"inLanguage":"hu"},{"@type":"Person","@id":"https:\/\/kinaikaleidoszkop.hu\/#\/schema\/person\/b9e2febe742edd540c1197716ec02bf7","name":"admin-szabolcs","image":{"@type":"ImageObject","inLanguage":"hu","@id":"https:\/\/kinaikaleidoszkop.hu\/#\/schema\/person\/image\/","url":"https:\/\/secure.gravatar.com\/avatar\/154f262492794df2a6cb5d5349227b18ef8f85ab462fbb32625fc42406483d21?s=96&d=mm&r=g","contentUrl":"https:\/\/secure.gravatar.com\/avatar\/154f262492794df2a6cb5d5349227b18ef8f85ab462fbb32625fc42406483d21?s=96&d=mm&r=g","caption":"admin-szabolcs"},"url":"https:\/\/kinaikaleidoszkop.hu\/index.php\/author\/admin-szabolcs\/"}]}},"views":216,"distributor_meta":false,"distributor_terms":false,"distributor_media":false,"distributor_original_site_name":"kinaikaleidoszkop.hu","distributor_original_site_url":"https:\/\/kinaikaleidoszkop.hu","push-errors":false,"_links":{"self":[{"href":"https:\/\/kinaikaleidoszkop.hu\/index.php\/wp-json\/wp\/v2\/posts\/18469","targetHints":{"allow":["GET"]}}],"collection":[{"href":"https:\/\/kinaikaleidoszkop.hu\/index.php\/wp-json\/wp\/v2\/posts"}],"about":[{"href":"https:\/\/kinaikaleidoszkop.hu\/index.php\/wp-json\/wp\/v2\/types\/post"}],"author":[{"embeddable":true,"href":"https:\/\/kinaikaleidoszkop.hu\/index.php\/wp-json\/wp\/v2\/users\/2"}],"replies":[{"embeddable":true,"href":"https:\/\/kinaikaleidoszkop.hu\/index.php\/wp-json\/wp\/v2\/comments?post=18469"}],"version-history":[{"count":1,"href":"https:\/\/kinaikaleidoszkop.hu\/index.php\/wp-json\/wp\/v2\/posts\/18469\/revisions"}],"predecessor-version":[{"id":18482,"href":"https:\/\/kinaikaleidoszkop.hu\/index.php\/wp-json\/wp\/v2\/posts\/18469\/revisions\/18482"}],"wp:featuredmedia":[{"embeddable":true,"href":"https:\/\/kinaikaleidoszkop.hu\/index.php\/wp-json\/wp\/v2\/media\/18479"}],"wp:attachment":[{"href":"https:\/\/kinaikaleidoszkop.hu\/index.php\/wp-json\/wp\/v2\/media?parent=18469"}],"wp:term":[{"taxonomy":"category","embeddable":true,"href":"https:\/\/kinaikaleidoszkop.hu\/index.php\/wp-json\/wp\/v2\/categories?post=18469"},{"taxonomy":"post_tag","embeddable":true,"href":"https:\/\/kinaikaleidoszkop.hu\/index.php\/wp-json\/wp\/v2\/tags?post=18469"}],"curies":[{"name":"wp","href":"https:\/\/api.w.org\/{rel}","templated":true}]}}