{"id":18525,"date":"2023-08-10T12:40:00","date_gmt":"2023-08-10T10:40:00","guid":{"rendered":"https:\/\/kinaikaleidoszkop.hu\/?p=18525"},"modified":"2023-08-10T12:47:42","modified_gmt":"2023-08-10T10:47:42","slug":"cmg-kommentar-mi-all-a-renai-zatony-ugyenek-hattereben","status":"publish","type":"post","link":"https:\/\/kinaikaleidoszkop.hu\/index.php\/2023\/08\/10\/cmg-kommentar-mi-all-a-renai-zatony-ugyenek-hattereben\/","title":{"rendered":"CMG-komment\u00e1r: Mi \u00e1ll a Ren\u2019ai-z\u00e1tony \u00fcgy\u00e9nek h\u00e1tter\u00e9ben?"},"content":{"rendered":"\n<p><strong>A k\u00ednai parti \u0151rs\u00e9g \u00e1ltal augusztus 8-\u00e1n k\u00f6zz\u00e9tett vide\u00f3ban l\u00e1that\u00f3, amint haj\u00f3ja v\u00edz\u00e1gy\u00faval figyelmezteti a Ren\u2019ai-z\u00e1tonyhoz k\u00f6zeli vizekre illeg\u00e1lisan bel\u00e9p\u0151 F\u00fcl\u00f6p-szigeteki v\u00edzi j\u00e1rm\u0171veket. J\u00f3l l\u00e1that\u00f3, hogy a k\u00ednai \u0151rhaj\u00f3 m\u00e9rete j\u00f3val nagyobb volt a F\u00fcl\u00f6p-szigeteki haj\u00f3\u00e9n\u00e1l. Az eg\u00e9sz m\u0171velet professzion\u00e1lis \u00e9s visszafogott volt. Elemz\u0151k \u00fagy v\u00e9lik, hogy a v\u00edz\u00e1gy\u00fa haszn\u00e1lata az esetleges \u00fctk\u00f6z\u00e9st elker\u00fcl\u0151 k\u00f6zvetlen int\u00e9zked\u00e9s volt, amely nemcsak a K\u00edna szuverenit\u00e1s\u00e1t, tengeri jogait \u00e9s \u00e9rdekeit megv\u00e9d\u0151 elt\u00f6k\u00e9lts\u00e9get \u00e9s r\u00e1termetts\u00e9get mutatta, hanem figyelembe vette az \u00e1llamk\u00f6zi kapcsolatok helyzet\u00e9t is.<\/strong><\/p>\n\n\n<div class=\"wp-block-image\">\n<figure class=\"alignright is-resized\"><img loading=\"lazy\" decoding=\"async\" src=\"https:\/\/hirpest.hu\/wp-content\/uploads\/2023\/08\/080904.jpg\" alt=\"\" class=\"wp-image-18204\" style=\"width:452px;height:260px\" width=\"452\" height=\"260\"\/><\/figure>\n<\/div>\n\n\n<p>Az Egyes\u00fclt \u00c1llamok azonban megt\u00e1madta \u00e9s hiteltelen\u00edtette a&nbsp;jogos \u00e9s t\u00f6rv\u00e9nyes tengeri jogv\u00e9delmi \u00e9s b\u0171n\u00fcld\u00f6z\u00e9si int\u00e9zked\u00e9st. Az amerikai k\u00fcl\u00fcgyminiszt\u00e9rium \u00e9s a v\u00e9delmi miniszt\u00e9rium nyilatkozat\u00e1ban azt \u00e1ll\u00edtotta, hogy K\u00edna l\u00e9p\u00e9se s\u00e9rtette a nemzetk\u00f6zi jogot, egy\u00fattal t\u00e1mogatta a F\u00fcl\u00f6p-szigetek \u201et\u00f6rv\u00e9nyes tengeri tev\u00e9kenys\u00e9g\u00e9t\u201d. Vajon ki s\u00e9rti meg a nemzetk\u00f6zi t\u00f6rv\u00e9nyt? Melyek a Ren\u2019ai-z\u00e1tony incidens\u00e9nek okai \u00e9s k\u00f6vetkezm\u00e9nyei? A t\u00e9nyek \u00f6nmaguk\u00e9rt besz\u00e9lnek.<\/p>\n\n\n\n<p>A Ren\u2019ai-z\u00e1tony a Nansha-szigetek r\u00e9sze. 1999. m\u00e1jus 9-\u00e9n a F\u00fcl\u00f6p-szigeteki haditenger\u00e9szet egyik tankere elhaj\u00f3zott a Ren\u2019ai-z\u00e1tonyhoz, azt \u00e1ll\u00edtva, hogy \u201ea haj\u00f3 feneke megs\u00e9r\u00fclt\u201d, \u00e9s a j\u00e1rm\u0171 a z\u00e1tony \u00e9szaknyugati oldal\u00e1n elakadt. Ezt k\u00f6vet\u0151en v\u00e1lt\u00e1sban&nbsp;katon\u00e1kat k\u00fcldtek a helysz\u00ednre, hogy megk\u00eds\u00e9relj\u00e9k a z\u00e1tony&nbsp; \u201et\u00e9nyleges elfoglal\u00e1s\u00e1t\u201d. Az\u00f3ta a F\u00fcl\u00f6p-szigeteki f\u00e9l t\u00f6bbsz\u00f6r is \u00edg\u00e9retet tett a hadihaj\u00f3 elvontat\u00e1s\u00e1ra, de ez mind a mai napig nem teljes\u00fclt, tov\u00e1bb\u00e1 a hadihaj\u00f3 kiterjedt jav\u00edt\u00e1s\u00e1t, meger\u0151s\u00edt\u00e9s\u00e9t is megk\u00eds\u00e9relt\u00e9k megval\u00f3s\u00edtani a z\u00e1tony v\u00e9gleges megsz\u00e1ll\u00e1sa \u00e9rdek\u00e9ben.<\/p>\n\n\n\n<p>Ezzel egy id\u0151ben az Egyes\u00fclt \u00c1llamok b\u00e1tor\u00edtotta \u00e9s t\u00e1mogatta a F\u00fcl\u00f6p-szigetek akci\u00f3it, s\u0151t t\u00e1mogat\u00e1sukra katonai rep\u00fcl\u0151g\u00e9peket \u00e9s hadihaj\u00f3kat is k\u00fcld\u00f6tt.<\/p>\n\n\n\n<p>A F\u00fcl\u00f6p-szigetek az \u00fan. \u201eels\u0151 szigetl\u00e1nc\u201d kulcspoz\u00edci\u00f3j\u00e1ban tal\u00e1lhat\u00f3 Tajvant\u00f3l l\u00e9gvonalban mind\u00f6ssze 200 kilom\u00e9teres t\u00e1vols\u00e1gra. K\u00edna \u00e9s a F\u00fcl\u00f6p-szigetek k\u00f6z\u00f6tt is van n\u00e9h\u00e1ny vitatott k\u00e9rd\u00e9s a D\u00e9l-k\u00ednai-tenger szigeteinek hovatartoz\u00e1sa kapcs\u00e1n. E t\u00e9nyez\u0151k k\u00fcl\u00f6nleges \u201estrat\u00e9giai \u00e9rt\u00e9ket\u201d jelentenek a F\u00fcl\u00f6p-szigeteknek az Egyes\u00fclt \u00c1llamok szem\u00e9ben.<\/p>\n\n\n\n<p>Washington m\u00e9gis \u00e9vek \u00f3ta azt a val\u00f3tlans\u00e1got terjeszti, hogy \u201ea D\u00e9l-k\u00ednai-tengeren a haj\u00f3z\u00e1s szabads\u00e1ga vesz\u00e9lyben van\u201d, amivel ellent\u00e9tet sz\u00edt a r\u00e9gi\u00f3 orsz\u00e1gai k\u00f6z\u00f6tt. A Ren\u2019ai-z\u00e1tonyn\u00e1l t\u00f6rt\u00e9nt incidens ism\u00e9t arra vil\u00e1g\u00edtott r\u00e1, hogy az Egyes\u00fclt \u00c1llamok nem t\u0171ri a nyugalmat a D\u00e9l-k\u00ednai-tengeren.<\/p>\n\n\n\n<p><strong>2023. augusztus 10.<\/strong><\/p>\n\n\n\n<p><strong><em>(China Media Group)<\/em><\/strong><\/p>\n\n\n\n<p><strong>(x)<\/strong><\/p>\n","protected":false},"excerpt":{"rendered":"<p>A k\u00ednai parti \u0151rs\u00e9g \u00e1ltal augusztus 8-\u00e1n k\u00f6zz\u00e9tett vide\u00f3ban l\u00e1that\u00f3, amint haj\u00f3ja v\u00edz\u00e1gy\u00faval figyelmezteti a Ren\u2019ai-z\u00e1tonyhoz k\u00f6zeli vizekre illeg\u00e1lisan bel\u00e9p\u0151 F\u00fcl\u00f6p-szigeteki v\u00edzi j\u00e1rm\u0171veket. J\u00f3l l\u00e1that\u00f3, hogy a k\u00ednai \u0151rhaj\u00f3 m\u00e9rete j\u00f3val nagyobb volt a F\u00fcl\u00f6p-szigeteki haj\u00f3\u00e9n\u00e1l. Az eg\u00e9sz m\u0171velet professzion\u00e1lis \u00e9s visszafogott volt. Elemz\u0151k \u00fagy v\u00e9lik, hogy a v\u00edz\u00e1gy\u00fa haszn\u00e1lata az esetleges \u00fctk\u00f6z\u00e9st elker\u00fcl\u0151 k\u00f6zvetlen [&hellip;]<\/p>\n","protected":false},"author":2,"featured_media":18528,"comment_status":"closed","ping_status":"closed","sticky":false,"template":"","format":"standard","meta":{"footnotes":""},"categories":[45],"tags":[2520,131,2004,2816,2817,2818,2815,2819],"class_list":["post-18525","post","type-post","status-publish","format-standard","has-post-thumbnail","hentry","category-hirek","tag-cmg-kommentar","tag-egyesult-allamok","tag-fulop-szigetek-2","tag-hajo","tag-incidens","tag-kinai-parti-orseg","tag-nansha-szigetek","tag-renai-zatony"],"yoast_head":"<!-- This site is optimized with the Yoast SEO plugin v23.7 - https:\/\/yoast.com\/wordpress\/plugins\/seo\/ -->\n<title>CMG-komment\u00e1r: Mi \u00e1ll a Ren\u2019ai-z\u00e1tony \u00fcgy\u00e9nek h\u00e1tter\u00e9ben? - kinaikaleidoszkop.hu<\/title>\n<meta name=\"robots\" content=\"index, follow, max-snippet:-1, max-image-preview:large, max-video-preview:-1\" \/>\n<link rel=\"canonical\" href=\"https:\/\/kinaikaleidoszkop.hu\/index.php\/2023\/08\/10\/cmg-kommentar-mi-all-a-renai-zatony-ugyenek-hattereben\/\" \/>\n<meta property=\"og:locale\" content=\"hu_HU\" \/>\n<meta property=\"og:type\" content=\"article\" \/>\n<meta property=\"og:title\" content=\"CMG-komment\u00e1r: Mi \u00e1ll a Ren\u2019ai-z\u00e1tony \u00fcgy\u00e9nek h\u00e1tter\u00e9ben? - kinaikaleidoszkop.hu\" \/>\n<meta property=\"og:description\" content=\"A k\u00ednai parti \u0151rs\u00e9g \u00e1ltal augusztus 8-\u00e1n k\u00f6zz\u00e9tett vide\u00f3ban l\u00e1that\u00f3, amint haj\u00f3ja v\u00edz\u00e1gy\u00faval figyelmezteti a Ren\u2019ai-z\u00e1tonyhoz k\u00f6zeli vizekre illeg\u00e1lisan bel\u00e9p\u0151 F\u00fcl\u00f6p-szigeteki v\u00edzi j\u00e1rm\u0171veket. J\u00f3l l\u00e1that\u00f3, hogy a k\u00ednai \u0151rhaj\u00f3 m\u00e9rete j\u00f3val nagyobb volt a F\u00fcl\u00f6p-szigeteki haj\u00f3\u00e9n\u00e1l. Az eg\u00e9sz m\u0171velet professzion\u00e1lis \u00e9s visszafogott volt. Elemz\u0151k \u00fagy v\u00e9lik, hogy a v\u00edz\u00e1gy\u00fa haszn\u00e1lata az esetleges \u00fctk\u00f6z\u00e9st elker\u00fcl\u0151 k\u00f6zvetlen [&hellip;]\" \/>\n<meta property=\"og:url\" content=\"https:\/\/kinaikaleidoszkop.hu\/index.php\/2023\/08\/10\/cmg-kommentar-mi-all-a-renai-zatony-ugyenek-hattereben\/\" \/>\n<meta property=\"og:site_name\" content=\"kinaikaleidoszkop.hu\" \/>\n<meta property=\"article:published_time\" content=\"2023-08-10T10:40:00+00:00\" \/>\n<meta property=\"article:modified_time\" content=\"2023-08-10T10:47:42+00:00\" \/>\n<meta property=\"og:image\" content=\"https:\/\/kinaikaleidoszkop.hu\/wp-content\/uploads\/2023\/08\/080904.jpg\" \/>\n\t<meta property=\"og:image:width\" content=\"600\" \/>\n\t<meta property=\"og:image:height\" content=\"345\" \/>\n\t<meta property=\"og:image:type\" content=\"image\/jpeg\" \/>\n<meta name=\"author\" content=\"admin-szabolcs\" \/>\n<meta name=\"twitter:card\" content=\"summary_large_image\" \/>\n<meta name=\"twitter:label1\" content=\"Szerz\u0151:\" \/>\n\t<meta name=\"twitter:data1\" content=\"admin-szabolcs\" \/>\n\t<meta name=\"twitter:label2\" content=\"Becs\u00fclt olvas\u00e1si id\u0151\" \/>\n\t<meta name=\"twitter:data2\" content=\"2 perc\" \/>\n<script type=\"application\/ld+json\" class=\"yoast-schema-graph\">{\"@context\":\"https:\/\/schema.org\",\"@graph\":[{\"@type\":\"WebPage\",\"@id\":\"https:\/\/kinaikaleidoszkop.hu\/index.php\/2023\/08\/10\/cmg-kommentar-mi-all-a-renai-zatony-ugyenek-hattereben\/\",\"url\":\"https:\/\/kinaikaleidoszkop.hu\/index.php\/2023\/08\/10\/cmg-kommentar-mi-all-a-renai-zatony-ugyenek-hattereben\/\",\"name\":\"CMG-komment\u00e1r: Mi \u00e1ll a Ren\u2019ai-z\u00e1tony \u00fcgy\u00e9nek h\u00e1tter\u00e9ben? - kinaikaleidoszkop.hu\",\"isPartOf\":{\"@id\":\"https:\/\/kinaikaleidoszkop.hu\/#website\"},\"primaryImageOfPage\":{\"@id\":\"https:\/\/kinaikaleidoszkop.hu\/index.php\/2023\/08\/10\/cmg-kommentar-mi-all-a-renai-zatony-ugyenek-hattereben\/#primaryimage\"},\"image\":{\"@id\":\"https:\/\/kinaikaleidoszkop.hu\/index.php\/2023\/08\/10\/cmg-kommentar-mi-all-a-renai-zatony-ugyenek-hattereben\/#primaryimage\"},\"thumbnailUrl\":\"https:\/\/kinaikaleidoszkop.hu\/wp-content\/uploads\/2023\/08\/080904.jpg\",\"datePublished\":\"2023-08-10T10:40:00+00:00\",\"dateModified\":\"2023-08-10T10:47:42+00:00\",\"author\":{\"@id\":\"https:\/\/kinaikaleidoszkop.hu\/#\/schema\/person\/b9e2febe742edd540c1197716ec02bf7\"},\"breadcrumb\":{\"@id\":\"https:\/\/kinaikaleidoszkop.hu\/index.php\/2023\/08\/10\/cmg-kommentar-mi-all-a-renai-zatony-ugyenek-hattereben\/#breadcrumb\"},\"inLanguage\":\"hu\",\"potentialAction\":[{\"@type\":\"ReadAction\",\"target\":[\"https:\/\/kinaikaleidoszkop.hu\/index.php\/2023\/08\/10\/cmg-kommentar-mi-all-a-renai-zatony-ugyenek-hattereben\/\"]}]},{\"@type\":\"ImageObject\",\"inLanguage\":\"hu\",\"@id\":\"https:\/\/kinaikaleidoszkop.hu\/index.php\/2023\/08\/10\/cmg-kommentar-mi-all-a-renai-zatony-ugyenek-hattereben\/#primaryimage\",\"url\":\"https:\/\/kinaikaleidoszkop.hu\/wp-content\/uploads\/2023\/08\/080904.jpg\",\"contentUrl\":\"https:\/\/kinaikaleidoszkop.hu\/wp-content\/uploads\/2023\/08\/080904.jpg\",\"width\":600,\"height\":345},{\"@type\":\"BreadcrumbList\",\"@id\":\"https:\/\/kinaikaleidoszkop.hu\/index.php\/2023\/08\/10\/cmg-kommentar-mi-all-a-renai-zatony-ugyenek-hattereben\/#breadcrumb\",\"itemListElement\":[{\"@type\":\"ListItem\",\"position\":1,\"name\":\"Kezd\u0151lap\",\"item\":\"https:\/\/kinaikaleidoszkop.hu\/\"},{\"@type\":\"ListItem\",\"position\":2,\"name\":\"CMG-komment\u00e1r: Mi \u00e1ll a Ren\u2019ai-z\u00e1tony \u00fcgy\u00e9nek h\u00e1tter\u00e9ben?\"}]},{\"@type\":\"WebSite\",\"@id\":\"https:\/\/kinaikaleidoszkop.hu\/#website\",\"url\":\"https:\/\/kinaikaleidoszkop.hu\/\",\"name\":\"kinaikaleidoszkop.hu\",\"description\":\"\",\"potentialAction\":[{\"@type\":\"SearchAction\",\"target\":{\"@type\":\"EntryPoint\",\"urlTemplate\":\"https:\/\/kinaikaleidoszkop.hu\/?s={search_term_string}\"},\"query-input\":{\"@type\":\"PropertyValueSpecification\",\"valueRequired\":true,\"valueName\":\"search_term_string\"}}],\"inLanguage\":\"hu\"},{\"@type\":\"Person\",\"@id\":\"https:\/\/kinaikaleidoszkop.hu\/#\/schema\/person\/b9e2febe742edd540c1197716ec02bf7\",\"name\":\"admin-szabolcs\",\"image\":{\"@type\":\"ImageObject\",\"inLanguage\":\"hu\",\"@id\":\"https:\/\/kinaikaleidoszkop.hu\/#\/schema\/person\/image\/\",\"url\":\"https:\/\/secure.gravatar.com\/avatar\/154f262492794df2a6cb5d5349227b18ef8f85ab462fbb32625fc42406483d21?s=96&d=mm&r=g\",\"contentUrl\":\"https:\/\/secure.gravatar.com\/avatar\/154f262492794df2a6cb5d5349227b18ef8f85ab462fbb32625fc42406483d21?s=96&d=mm&r=g\",\"caption\":\"admin-szabolcs\"},\"url\":\"https:\/\/kinaikaleidoszkop.hu\/index.php\/author\/admin-szabolcs\/\"}]}<\/script>\n<!-- \/ Yoast SEO plugin. -->","yoast_head_json":{"title":"CMG-komment\u00e1r: Mi \u00e1ll a Ren\u2019ai-z\u00e1tony \u00fcgy\u00e9nek h\u00e1tter\u00e9ben? - kinaikaleidoszkop.hu","robots":{"index":"index","follow":"follow","max-snippet":"max-snippet:-1","max-image-preview":"max-image-preview:large","max-video-preview":"max-video-preview:-1"},"canonical":"https:\/\/kinaikaleidoszkop.hu\/index.php\/2023\/08\/10\/cmg-kommentar-mi-all-a-renai-zatony-ugyenek-hattereben\/","og_locale":"hu_HU","og_type":"article","og_title":"CMG-komment\u00e1r: Mi \u00e1ll a Ren\u2019ai-z\u00e1tony \u00fcgy\u00e9nek h\u00e1tter\u00e9ben? - kinaikaleidoszkop.hu","og_description":"A k\u00ednai parti \u0151rs\u00e9g \u00e1ltal augusztus 8-\u00e1n k\u00f6zz\u00e9tett vide\u00f3ban l\u00e1that\u00f3, amint haj\u00f3ja v\u00edz\u00e1gy\u00faval figyelmezteti a Ren\u2019ai-z\u00e1tonyhoz k\u00f6zeli vizekre illeg\u00e1lisan bel\u00e9p\u0151 F\u00fcl\u00f6p-szigeteki v\u00edzi j\u00e1rm\u0171veket. J\u00f3l l\u00e1that\u00f3, hogy a k\u00ednai \u0151rhaj\u00f3 m\u00e9rete j\u00f3val nagyobb volt a F\u00fcl\u00f6p-szigeteki haj\u00f3\u00e9n\u00e1l. Az eg\u00e9sz m\u0171velet professzion\u00e1lis \u00e9s visszafogott volt. Elemz\u0151k \u00fagy v\u00e9lik, hogy a v\u00edz\u00e1gy\u00fa haszn\u00e1lata az esetleges \u00fctk\u00f6z\u00e9st elker\u00fcl\u0151 k\u00f6zvetlen [&hellip;]","og_url":"https:\/\/kinaikaleidoszkop.hu\/index.php\/2023\/08\/10\/cmg-kommentar-mi-all-a-renai-zatony-ugyenek-hattereben\/","og_site_name":"kinaikaleidoszkop.hu","article_published_time":"2023-08-10T10:40:00+00:00","article_modified_time":"2023-08-10T10:47:42+00:00","og_image":[{"width":600,"height":345,"url":"https:\/\/kinaikaleidoszkop.hu\/wp-content\/uploads\/2023\/08\/080904.jpg","type":"image\/jpeg"}],"author":"admin-szabolcs","twitter_card":"summary_large_image","twitter_misc":{"Szerz\u0151:":"admin-szabolcs","Becs\u00fclt olvas\u00e1si id\u0151":"2 perc"},"schema":{"@context":"https:\/\/schema.org","@graph":[{"@type":"WebPage","@id":"https:\/\/kinaikaleidoszkop.hu\/index.php\/2023\/08\/10\/cmg-kommentar-mi-all-a-renai-zatony-ugyenek-hattereben\/","url":"https:\/\/kinaikaleidoszkop.hu\/index.php\/2023\/08\/10\/cmg-kommentar-mi-all-a-renai-zatony-ugyenek-hattereben\/","name":"CMG-komment\u00e1r: Mi \u00e1ll a Ren\u2019ai-z\u00e1tony \u00fcgy\u00e9nek h\u00e1tter\u00e9ben? - kinaikaleidoszkop.hu","isPartOf":{"@id":"https:\/\/kinaikaleidoszkop.hu\/#website"},"primaryImageOfPage":{"@id":"https:\/\/kinaikaleidoszkop.hu\/index.php\/2023\/08\/10\/cmg-kommentar-mi-all-a-renai-zatony-ugyenek-hattereben\/#primaryimage"},"image":{"@id":"https:\/\/kinaikaleidoszkop.hu\/index.php\/2023\/08\/10\/cmg-kommentar-mi-all-a-renai-zatony-ugyenek-hattereben\/#primaryimage"},"thumbnailUrl":"https:\/\/kinaikaleidoszkop.hu\/wp-content\/uploads\/2023\/08\/080904.jpg","datePublished":"2023-08-10T10:40:00+00:00","dateModified":"2023-08-10T10:47:42+00:00","author":{"@id":"https:\/\/kinaikaleidoszkop.hu\/#\/schema\/person\/b9e2febe742edd540c1197716ec02bf7"},"breadcrumb":{"@id":"https:\/\/kinaikaleidoszkop.hu\/index.php\/2023\/08\/10\/cmg-kommentar-mi-all-a-renai-zatony-ugyenek-hattereben\/#breadcrumb"},"inLanguage":"hu","potentialAction":[{"@type":"ReadAction","target":["https:\/\/kinaikaleidoszkop.hu\/index.php\/2023\/08\/10\/cmg-kommentar-mi-all-a-renai-zatony-ugyenek-hattereben\/"]}]},{"@type":"ImageObject","inLanguage":"hu","@id":"https:\/\/kinaikaleidoszkop.hu\/index.php\/2023\/08\/10\/cmg-kommentar-mi-all-a-renai-zatony-ugyenek-hattereben\/#primaryimage","url":"https:\/\/kinaikaleidoszkop.hu\/wp-content\/uploads\/2023\/08\/080904.jpg","contentUrl":"https:\/\/kinaikaleidoszkop.hu\/wp-content\/uploads\/2023\/08\/080904.jpg","width":600,"height":345},{"@type":"BreadcrumbList","@id":"https:\/\/kinaikaleidoszkop.hu\/index.php\/2023\/08\/10\/cmg-kommentar-mi-all-a-renai-zatony-ugyenek-hattereben\/#breadcrumb","itemListElement":[{"@type":"ListItem","position":1,"name":"Kezd\u0151lap","item":"https:\/\/kinaikaleidoszkop.hu\/"},{"@type":"ListItem","position":2,"name":"CMG-komment\u00e1r: Mi \u00e1ll a Ren\u2019ai-z\u00e1tony \u00fcgy\u00e9nek h\u00e1tter\u00e9ben?"}]},{"@type":"WebSite","@id":"https:\/\/kinaikaleidoszkop.hu\/#website","url":"https:\/\/kinaikaleidoszkop.hu\/","name":"kinaikaleidoszkop.hu","description":"","potentialAction":[{"@type":"SearchAction","target":{"@type":"EntryPoint","urlTemplate":"https:\/\/kinaikaleidoszkop.hu\/?s={search_term_string}"},"query-input":{"@type":"PropertyValueSpecification","valueRequired":true,"valueName":"search_term_string"}}],"inLanguage":"hu"},{"@type":"Person","@id":"https:\/\/kinaikaleidoszkop.hu\/#\/schema\/person\/b9e2febe742edd540c1197716ec02bf7","name":"admin-szabolcs","image":{"@type":"ImageObject","inLanguage":"hu","@id":"https:\/\/kinaikaleidoszkop.hu\/#\/schema\/person\/image\/","url":"https:\/\/secure.gravatar.com\/avatar\/154f262492794df2a6cb5d5349227b18ef8f85ab462fbb32625fc42406483d21?s=96&d=mm&r=g","contentUrl":"https:\/\/secure.gravatar.com\/avatar\/154f262492794df2a6cb5d5349227b18ef8f85ab462fbb32625fc42406483d21?s=96&d=mm&r=g","caption":"admin-szabolcs"},"url":"https:\/\/kinaikaleidoszkop.hu\/index.php\/author\/admin-szabolcs\/"}]}},"views":248,"distributor_meta":false,"distributor_terms":false,"distributor_media":false,"distributor_original_site_name":"kinaikaleidoszkop.hu","distributor_original_site_url":"https:\/\/kinaikaleidoszkop.hu","push-errors":false,"_links":{"self":[{"href":"https:\/\/kinaikaleidoszkop.hu\/index.php\/wp-json\/wp\/v2\/posts\/18525","targetHints":{"allow":["GET"]}}],"collection":[{"href":"https:\/\/kinaikaleidoszkop.hu\/index.php\/wp-json\/wp\/v2\/posts"}],"about":[{"href":"https:\/\/kinaikaleidoszkop.hu\/index.php\/wp-json\/wp\/v2\/types\/post"}],"author":[{"embeddable":true,"href":"https:\/\/kinaikaleidoszkop.hu\/index.php\/wp-json\/wp\/v2\/users\/2"}],"replies":[{"embeddable":true,"href":"https:\/\/kinaikaleidoszkop.hu\/index.php\/wp-json\/wp\/v2\/comments?post=18525"}],"version-history":[{"count":1,"href":"https:\/\/kinaikaleidoszkop.hu\/index.php\/wp-json\/wp\/v2\/posts\/18525\/revisions"}],"predecessor-version":[{"id":18530,"href":"https:\/\/kinaikaleidoszkop.hu\/index.php\/wp-json\/wp\/v2\/posts\/18525\/revisions\/18530"}],"wp:featuredmedia":[{"embeddable":true,"href":"https:\/\/kinaikaleidoszkop.hu\/index.php\/wp-json\/wp\/v2\/media\/18528"}],"wp:attachment":[{"href":"https:\/\/kinaikaleidoszkop.hu\/index.php\/wp-json\/wp\/v2\/media?parent=18525"}],"wp:term":[{"taxonomy":"category","embeddable":true,"href":"https:\/\/kinaikaleidoszkop.hu\/index.php\/wp-json\/wp\/v2\/categories?post=18525"},{"taxonomy":"post_tag","embeddable":true,"href":"https:\/\/kinaikaleidoszkop.hu\/index.php\/wp-json\/wp\/v2\/tags?post=18525"}],"curies":[{"name":"wp","href":"https:\/\/api.w.org\/{rel}","templated":true}]}}