{"id":18542,"date":"2023-08-11T10:27:02","date_gmt":"2023-08-11T08:27:02","guid":{"rendered":"https:\/\/kinaikaleidoszkop.hu\/?p=18542"},"modified":"2023-08-11T10:27:03","modified_gmt":"2023-08-11T08:27:03","slug":"hszi-fontos-es-mervado-az-ensz-alapokmanya","status":"publish","type":"post","link":"https:\/\/kinaikaleidoszkop.hu\/index.php\/2023\/08\/11\/hszi-fontos-es-mervado-az-ensz-alapokmanya\/","title":{"rendered":"Hszi: Fontos \u00e9s m\u00e9rvad\u00f3 az ENSZ Alapokm\u00e1nya"},"content":{"rendered":"\n<p><strong>Az ENSZ a multilateralizmust k\u00e9pviseli, a nemzetk\u00f6zi multilater\u00e1lis strukt\u00fara, amelynek k\u00f6zpontja az ENSZ, a nemzetk\u00f6zi egy\u00fcttm\u0171k\u00f6d\u00e9s f\u0151 platformja \u2013 mondta Hszi Csin-ping k\u00ednai \u00e1llameln\u00f6k. Javasolta tov\u00e1bb\u00e1 a Glob\u00e1lis Biztons\u00e1gi Kezdem\u00e9nyez\u00e9s v\u00e9grehajt\u00e1s\u00e1t, amely t\u00e1mogatja az ENSZ Alapokm\u00e1ny\u00e1nak c\u00e9ljait \u00e9s elveit, \u00e9s azt, hogy hagyjanak fel a hidegh\u00e1bor\u00fas mentalit\u00e1ssal, valamint ellenzi az egyoldal\u00fas\u00e1got \u00e9s a t\u00e1borok k\u00f6z\u00f6tti konfront\u00e1ci\u00f3t.<\/strong><\/p>\n\n\n<div class=\"wp-block-image\">\n<figure class=\"alignright is-resized\"><img loading=\"lazy\" decoding=\"async\" src=\"https:\/\/hirpest.hu\/wp-content\/uploads\/2023\/08\/\u8054\u5408\u56fd.jpg\" alt=\"\" class=\"wp-image-18222\" style=\"width:440px;height:304px\" width=\"440\" height=\"304\"\/><\/figure>\n<\/div>\n\n\n<p>Csak egyetlen nemzetk\u00f6zi rendszer van a vil\u00e1gon, annak k\u00f6z\u00e9ppontj\u00e1ban az ENSZ \u00e1ll, \u00e9s csak egyetlen szab\u00e1lyrendszer l\u00e9tezik, amelynek alapja az ENSZ Alapokm\u00e1nya \u2013 eml\u00edtette t\u00f6bbsz\u00f6r Hszi, az ENSZ Alapokm\u00e1ny\u00e1nak jelent\u0151s\u00e9g\u00e9t hangs\u00falyozva.<\/p>\n\n\n\n<p>\u201eA mai vil\u00e1gban zajl\u00f3 konfront\u00e1ci\u00f3k \u00e9s igazs\u00e1gtalans\u00e1gok nem az\u00e9rt vannak, mert az ENSZ Alapokm\u00e1nya elavult, hanem pontosan az\u00e9rt, mert azt nem hajtj\u00e1k v\u00e9gre hat\u00e9konyan\u201d \u2013 jegyezte meg Hszi 2015 okt\u00f3ber\u00e9ben, a K\u00ednai Kommunista P\u00e1rt fels\u0151 vezet\u0151inek kollekt\u00edv k\u00e9pz\u00e9s\u00e9n.<\/p>\n\n\n\n<p>\u201eA k\u00fcl\u00f6nb\u00f6z\u0151 orsz\u00e1gok kapcsolatait \u00e9s \u00e9rdekeit csak rendszerekkel \u00e9s szab\u00e1lyokkal lehet \u00f6sszehangolni, nem az parancsol, akinek nagyobb az \u00f6kle. A f\u0151bb orsz\u00e1goknak vezet\u0151 szerepet kell v\u00e1llalniuk a nemzetk\u00f6zi jog\u00e1llamis\u00e1g fenntart\u00e1s\u00e1ban, \u00e9s ki kell z\u00e1rniuk a kiv\u00e9teleket \u00e9s a kett\u0151s m\u00e9rc\u00e9t\u201d \u2013 mondta Hszi 2020-ban, az ENSZ megalap\u00edt\u00e1s\u00e1nak 75. \u00e9vfordul\u00f3ja alkalm\u00e1b\u00f3l.<\/p>\n\n\n\n<p><strong>2023. augusztus 11.<\/strong><\/p>\n\n\n\n<p><strong><em>(China Media Group)<\/em><\/strong><\/p>\n\n\n\n<p><strong>(x)<\/strong><\/p>\n","protected":false},"excerpt":{"rendered":"<p>Az ENSZ a multilateralizmust k\u00e9pviseli, a nemzetk\u00f6zi multilater\u00e1lis strukt\u00fara, amelynek k\u00f6zpontja az ENSZ, a nemzetk\u00f6zi egy\u00fcttm\u0171k\u00f6d\u00e9s f\u0151 platformja \u2013 mondta Hszi Csin-ping k\u00ednai \u00e1llameln\u00f6k. Javasolta tov\u00e1bb\u00e1 a Glob\u00e1lis Biztons\u00e1gi Kezdem\u00e9nyez\u00e9s v\u00e9grehajt\u00e1s\u00e1t, amely t\u00e1mogatja az ENSZ Alapokm\u00e1ny\u00e1nak c\u00e9ljait \u00e9s elveit, \u00e9s azt, hogy hagyjanak fel a hidegh\u00e1bor\u00fas mentalit\u00e1ssal, valamint ellenzi az egyoldal\u00fas\u00e1got \u00e9s a t\u00e1borok k\u00f6z\u00f6tti [&hellip;]<\/p>\n","protected":false},"author":2,"featured_media":18545,"comment_status":"closed","ping_status":"closed","sticky":false,"template":"","format":"standard","meta":{"footnotes":""},"categories":[45],"tags":[325,2829,292,820,305,326,408,2830],"class_list":["post-18542","post","type-post","status-publish","format-standard","has-post-thumbnail","hentry","category-hirek","tag-ensz","tag-ensz-alapokmanya","tag-evfordulo","tag-globalis-biztonsagi-kezdemenyezes","tag-hszi-csin-ping","tag-kinai-allamelnok","tag-multilateralizmus","tag-szabalyrendszer"],"yoast_head":"<!-- This site is optimized with the Yoast SEO plugin v23.7 - https:\/\/yoast.com\/wordpress\/plugins\/seo\/ -->\n<title>Hszi: Fontos \u00e9s m\u00e9rvad\u00f3 az ENSZ Alapokm\u00e1nya - kinaikaleidoszkop.hu<\/title>\n<meta name=\"robots\" content=\"index, follow, max-snippet:-1, max-image-preview:large, max-video-preview:-1\" \/>\n<link rel=\"canonical\" href=\"https:\/\/kinaikaleidoszkop.hu\/index.php\/2023\/08\/11\/hszi-fontos-es-mervado-az-ensz-alapokmanya\/\" \/>\n<meta property=\"og:locale\" content=\"hu_HU\" \/>\n<meta property=\"og:type\" content=\"article\" \/>\n<meta property=\"og:title\" content=\"Hszi: Fontos \u00e9s m\u00e9rvad\u00f3 az ENSZ Alapokm\u00e1nya - kinaikaleidoszkop.hu\" \/>\n<meta property=\"og:description\" content=\"Az ENSZ a multilateralizmust k\u00e9pviseli, a nemzetk\u00f6zi multilater\u00e1lis strukt\u00fara, amelynek k\u00f6zpontja az ENSZ, a nemzetk\u00f6zi egy\u00fcttm\u0171k\u00f6d\u00e9s f\u0151 platformja \u2013 mondta Hszi Csin-ping k\u00ednai \u00e1llameln\u00f6k. Javasolta tov\u00e1bb\u00e1 a Glob\u00e1lis Biztons\u00e1gi Kezdem\u00e9nyez\u00e9s v\u00e9grehajt\u00e1s\u00e1t, amely t\u00e1mogatja az ENSZ Alapokm\u00e1ny\u00e1nak c\u00e9ljait \u00e9s elveit, \u00e9s azt, hogy hagyjanak fel a hidegh\u00e1bor\u00fas mentalit\u00e1ssal, valamint ellenzi az egyoldal\u00fas\u00e1got \u00e9s a t\u00e1borok k\u00f6z\u00f6tti [&hellip;]\" \/>\n<meta property=\"og:url\" content=\"https:\/\/kinaikaleidoszkop.hu\/index.php\/2023\/08\/11\/hszi-fontos-es-mervado-az-ensz-alapokmanya\/\" \/>\n<meta property=\"og:site_name\" content=\"kinaikaleidoszkop.hu\" \/>\n<meta property=\"article:published_time\" content=\"2023-08-11T08:27:02+00:00\" \/>\n<meta property=\"article:modified_time\" content=\"2023-08-11T08:27:03+00:00\" \/>\n<meta name=\"author\" content=\"admin-szabolcs\" \/>\n<meta name=\"twitter:card\" content=\"summary_large_image\" \/>\n<meta name=\"twitter:label1\" content=\"Szerz\u0151:\" \/>\n\t<meta name=\"twitter:data1\" content=\"admin-szabolcs\" \/>\n\t<meta name=\"twitter:label2\" content=\"Becs\u00fclt olvas\u00e1si id\u0151\" \/>\n\t<meta name=\"twitter:data2\" content=\"1 perc\" \/>\n<script type=\"application\/ld+json\" class=\"yoast-schema-graph\">{\"@context\":\"https:\/\/schema.org\",\"@graph\":[{\"@type\":\"WebPage\",\"@id\":\"https:\/\/kinaikaleidoszkop.hu\/index.php\/2023\/08\/11\/hszi-fontos-es-mervado-az-ensz-alapokmanya\/\",\"url\":\"https:\/\/kinaikaleidoszkop.hu\/index.php\/2023\/08\/11\/hszi-fontos-es-mervado-az-ensz-alapokmanya\/\",\"name\":\"Hszi: Fontos \u00e9s m\u00e9rvad\u00f3 az ENSZ Alapokm\u00e1nya - kinaikaleidoszkop.hu\",\"isPartOf\":{\"@id\":\"https:\/\/kinaikaleidoszkop.hu\/#website\"},\"primaryImageOfPage\":{\"@id\":\"https:\/\/kinaikaleidoszkop.hu\/index.php\/2023\/08\/11\/hszi-fontos-es-mervado-az-ensz-alapokmanya\/#primaryimage\"},\"image\":{\"@id\":\"https:\/\/kinaikaleidoszkop.hu\/index.php\/2023\/08\/11\/hszi-fontos-es-mervado-az-ensz-alapokmanya\/#primaryimage\"},\"thumbnailUrl\":\"https:\/\/kinaikaleidoszkop.hu\/wp-content\/uploads\/2023\/08\/\u8054\u5408\u56fd.jpg\",\"datePublished\":\"2023-08-11T08:27:02+00:00\",\"dateModified\":\"2023-08-11T08:27:03+00:00\",\"author\":{\"@id\":\"https:\/\/kinaikaleidoszkop.hu\/#\/schema\/person\/b9e2febe742edd540c1197716ec02bf7\"},\"breadcrumb\":{\"@id\":\"https:\/\/kinaikaleidoszkop.hu\/index.php\/2023\/08\/11\/hszi-fontos-es-mervado-az-ensz-alapokmanya\/#breadcrumb\"},\"inLanguage\":\"hu\",\"potentialAction\":[{\"@type\":\"ReadAction\",\"target\":[\"https:\/\/kinaikaleidoszkop.hu\/index.php\/2023\/08\/11\/hszi-fontos-es-mervado-az-ensz-alapokmanya\/\"]}]},{\"@type\":\"ImageObject\",\"inLanguage\":\"hu\",\"@id\":\"https:\/\/kinaikaleidoszkop.hu\/index.php\/2023\/08\/11\/hszi-fontos-es-mervado-az-ensz-alapokmanya\/#primaryimage\",\"url\":\"https:\/\/kinaikaleidoszkop.hu\/wp-content\/uploads\/2023\/08\/\u8054\u5408\u56fd.jpg\",\"contentUrl\":\"https:\/\/kinaikaleidoszkop.hu\/wp-content\/uploads\/2023\/08\/\u8054\u5408\u56fd.jpg\",\"width\":600,\"height\":414},{\"@type\":\"BreadcrumbList\",\"@id\":\"https:\/\/kinaikaleidoszkop.hu\/index.php\/2023\/08\/11\/hszi-fontos-es-mervado-az-ensz-alapokmanya\/#breadcrumb\",\"itemListElement\":[{\"@type\":\"ListItem\",\"position\":1,\"name\":\"Kezd\u0151lap\",\"item\":\"https:\/\/kinaikaleidoszkop.hu\/\"},{\"@type\":\"ListItem\",\"position\":2,\"name\":\"Hszi: Fontos \u00e9s m\u00e9rvad\u00f3 az ENSZ Alapokm\u00e1nya\"}]},{\"@type\":\"WebSite\",\"@id\":\"https:\/\/kinaikaleidoszkop.hu\/#website\",\"url\":\"https:\/\/kinaikaleidoszkop.hu\/\",\"name\":\"kinaikaleidoszkop.hu\",\"description\":\"\",\"potentialAction\":[{\"@type\":\"SearchAction\",\"target\":{\"@type\":\"EntryPoint\",\"urlTemplate\":\"https:\/\/kinaikaleidoszkop.hu\/?s={search_term_string}\"},\"query-input\":{\"@type\":\"PropertyValueSpecification\",\"valueRequired\":true,\"valueName\":\"search_term_string\"}}],\"inLanguage\":\"hu\"},{\"@type\":\"Person\",\"@id\":\"https:\/\/kinaikaleidoszkop.hu\/#\/schema\/person\/b9e2febe742edd540c1197716ec02bf7\",\"name\":\"admin-szabolcs\",\"image\":{\"@type\":\"ImageObject\",\"inLanguage\":\"hu\",\"@id\":\"https:\/\/kinaikaleidoszkop.hu\/#\/schema\/person\/image\/\",\"url\":\"https:\/\/secure.gravatar.com\/avatar\/154f262492794df2a6cb5d5349227b18ef8f85ab462fbb32625fc42406483d21?s=96&d=mm&r=g\",\"contentUrl\":\"https:\/\/secure.gravatar.com\/avatar\/154f262492794df2a6cb5d5349227b18ef8f85ab462fbb32625fc42406483d21?s=96&d=mm&r=g\",\"caption\":\"admin-szabolcs\"},\"url\":\"https:\/\/kinaikaleidoszkop.hu\/index.php\/author\/admin-szabolcs\/\"}]}<\/script>\n<!-- \/ Yoast SEO plugin. -->","yoast_head_json":{"title":"Hszi: Fontos \u00e9s m\u00e9rvad\u00f3 az ENSZ Alapokm\u00e1nya - kinaikaleidoszkop.hu","robots":{"index":"index","follow":"follow","max-snippet":"max-snippet:-1","max-image-preview":"max-image-preview:large","max-video-preview":"max-video-preview:-1"},"canonical":"https:\/\/kinaikaleidoszkop.hu\/index.php\/2023\/08\/11\/hszi-fontos-es-mervado-az-ensz-alapokmanya\/","og_locale":"hu_HU","og_type":"article","og_title":"Hszi: Fontos \u00e9s m\u00e9rvad\u00f3 az ENSZ Alapokm\u00e1nya - kinaikaleidoszkop.hu","og_description":"Az ENSZ a multilateralizmust k\u00e9pviseli, a nemzetk\u00f6zi multilater\u00e1lis strukt\u00fara, amelynek k\u00f6zpontja az ENSZ, a nemzetk\u00f6zi egy\u00fcttm\u0171k\u00f6d\u00e9s f\u0151 platformja \u2013 mondta Hszi Csin-ping k\u00ednai \u00e1llameln\u00f6k. Javasolta tov\u00e1bb\u00e1 a Glob\u00e1lis Biztons\u00e1gi Kezdem\u00e9nyez\u00e9s v\u00e9grehajt\u00e1s\u00e1t, amely t\u00e1mogatja az ENSZ Alapokm\u00e1ny\u00e1nak c\u00e9ljait \u00e9s elveit, \u00e9s azt, hogy hagyjanak fel a hidegh\u00e1bor\u00fas mentalit\u00e1ssal, valamint ellenzi az egyoldal\u00fas\u00e1got \u00e9s a t\u00e1borok k\u00f6z\u00f6tti [&hellip;]","og_url":"https:\/\/kinaikaleidoszkop.hu\/index.php\/2023\/08\/11\/hszi-fontos-es-mervado-az-ensz-alapokmanya\/","og_site_name":"kinaikaleidoszkop.hu","article_published_time":"2023-08-11T08:27:02+00:00","article_modified_time":"2023-08-11T08:27:03+00:00","author":"admin-szabolcs","twitter_card":"summary_large_image","twitter_misc":{"Szerz\u0151:":"admin-szabolcs","Becs\u00fclt olvas\u00e1si id\u0151":"1 perc"},"schema":{"@context":"https:\/\/schema.org","@graph":[{"@type":"WebPage","@id":"https:\/\/kinaikaleidoszkop.hu\/index.php\/2023\/08\/11\/hszi-fontos-es-mervado-az-ensz-alapokmanya\/","url":"https:\/\/kinaikaleidoszkop.hu\/index.php\/2023\/08\/11\/hszi-fontos-es-mervado-az-ensz-alapokmanya\/","name":"Hszi: Fontos \u00e9s m\u00e9rvad\u00f3 az ENSZ Alapokm\u00e1nya - kinaikaleidoszkop.hu","isPartOf":{"@id":"https:\/\/kinaikaleidoszkop.hu\/#website"},"primaryImageOfPage":{"@id":"https:\/\/kinaikaleidoszkop.hu\/index.php\/2023\/08\/11\/hszi-fontos-es-mervado-az-ensz-alapokmanya\/#primaryimage"},"image":{"@id":"https:\/\/kinaikaleidoszkop.hu\/index.php\/2023\/08\/11\/hszi-fontos-es-mervado-az-ensz-alapokmanya\/#primaryimage"},"thumbnailUrl":"https:\/\/kinaikaleidoszkop.hu\/wp-content\/uploads\/2023\/08\/\u8054\u5408\u56fd.jpg","datePublished":"2023-08-11T08:27:02+00:00","dateModified":"2023-08-11T08:27:03+00:00","author":{"@id":"https:\/\/kinaikaleidoszkop.hu\/#\/schema\/person\/b9e2febe742edd540c1197716ec02bf7"},"breadcrumb":{"@id":"https:\/\/kinaikaleidoszkop.hu\/index.php\/2023\/08\/11\/hszi-fontos-es-mervado-az-ensz-alapokmanya\/#breadcrumb"},"inLanguage":"hu","potentialAction":[{"@type":"ReadAction","target":["https:\/\/kinaikaleidoszkop.hu\/index.php\/2023\/08\/11\/hszi-fontos-es-mervado-az-ensz-alapokmanya\/"]}]},{"@type":"ImageObject","inLanguage":"hu","@id":"https:\/\/kinaikaleidoszkop.hu\/index.php\/2023\/08\/11\/hszi-fontos-es-mervado-az-ensz-alapokmanya\/#primaryimage","url":"https:\/\/kinaikaleidoszkop.hu\/wp-content\/uploads\/2023\/08\/\u8054\u5408\u56fd.jpg","contentUrl":"https:\/\/kinaikaleidoszkop.hu\/wp-content\/uploads\/2023\/08\/\u8054\u5408\u56fd.jpg","width":600,"height":414},{"@type":"BreadcrumbList","@id":"https:\/\/kinaikaleidoszkop.hu\/index.php\/2023\/08\/11\/hszi-fontos-es-mervado-az-ensz-alapokmanya\/#breadcrumb","itemListElement":[{"@type":"ListItem","position":1,"name":"Kezd\u0151lap","item":"https:\/\/kinaikaleidoszkop.hu\/"},{"@type":"ListItem","position":2,"name":"Hszi: Fontos \u00e9s m\u00e9rvad\u00f3 az ENSZ Alapokm\u00e1nya"}]},{"@type":"WebSite","@id":"https:\/\/kinaikaleidoszkop.hu\/#website","url":"https:\/\/kinaikaleidoszkop.hu\/","name":"kinaikaleidoszkop.hu","description":"","potentialAction":[{"@type":"SearchAction","target":{"@type":"EntryPoint","urlTemplate":"https:\/\/kinaikaleidoszkop.hu\/?s={search_term_string}"},"query-input":{"@type":"PropertyValueSpecification","valueRequired":true,"valueName":"search_term_string"}}],"inLanguage":"hu"},{"@type":"Person","@id":"https:\/\/kinaikaleidoszkop.hu\/#\/schema\/person\/b9e2febe742edd540c1197716ec02bf7","name":"admin-szabolcs","image":{"@type":"ImageObject","inLanguage":"hu","@id":"https:\/\/kinaikaleidoszkop.hu\/#\/schema\/person\/image\/","url":"https:\/\/secure.gravatar.com\/avatar\/154f262492794df2a6cb5d5349227b18ef8f85ab462fbb32625fc42406483d21?s=96&d=mm&r=g","contentUrl":"https:\/\/secure.gravatar.com\/avatar\/154f262492794df2a6cb5d5349227b18ef8f85ab462fbb32625fc42406483d21?s=96&d=mm&r=g","caption":"admin-szabolcs"},"url":"https:\/\/kinaikaleidoszkop.hu\/index.php\/author\/admin-szabolcs\/"}]}},"views":250,"distributor_meta":false,"distributor_terms":false,"distributor_media":false,"distributor_original_site_name":"kinaikaleidoszkop.hu","distributor_original_site_url":"https:\/\/kinaikaleidoszkop.hu","push-errors":false,"_links":{"self":[{"href":"https:\/\/kinaikaleidoszkop.hu\/index.php\/wp-json\/wp\/v2\/posts\/18542","targetHints":{"allow":["GET"]}}],"collection":[{"href":"https:\/\/kinaikaleidoszkop.hu\/index.php\/wp-json\/wp\/v2\/posts"}],"about":[{"href":"https:\/\/kinaikaleidoszkop.hu\/index.php\/wp-json\/wp\/v2\/types\/post"}],"author":[{"embeddable":true,"href":"https:\/\/kinaikaleidoszkop.hu\/index.php\/wp-json\/wp\/v2\/users\/2"}],"replies":[{"embeddable":true,"href":"https:\/\/kinaikaleidoszkop.hu\/index.php\/wp-json\/wp\/v2\/comments?post=18542"}],"version-history":[{"count":1,"href":"https:\/\/kinaikaleidoszkop.hu\/index.php\/wp-json\/wp\/v2\/posts\/18542\/revisions"}],"predecessor-version":[{"id":18546,"href":"https:\/\/kinaikaleidoszkop.hu\/index.php\/wp-json\/wp\/v2\/posts\/18542\/revisions\/18546"}],"wp:featuredmedia":[{"embeddable":true,"href":"https:\/\/kinaikaleidoszkop.hu\/index.php\/wp-json\/wp\/v2\/media\/18545"}],"wp:attachment":[{"href":"https:\/\/kinaikaleidoszkop.hu\/index.php\/wp-json\/wp\/v2\/media?parent=18542"}],"wp:term":[{"taxonomy":"category","embeddable":true,"href":"https:\/\/kinaikaleidoszkop.hu\/index.php\/wp-json\/wp\/v2\/categories?post=18542"},{"taxonomy":"post_tag","embeddable":true,"href":"https:\/\/kinaikaleidoszkop.hu\/index.php\/wp-json\/wp\/v2\/tags?post=18542"}],"curies":[{"name":"wp","href":"https:\/\/api.w.org\/{rel}","templated":true}]}}