{"id":18555,"date":"2023-08-14T12:52:14","date_gmt":"2023-08-14T10:52:14","guid":{"rendered":"https:\/\/kinaikaleidoszkop.hu\/?p=18555"},"modified":"2023-08-14T12:52:15","modified_gmt":"2023-08-14T10:52:15","slug":"a-kek-vizek-es-a-zold-hegyek-az-arany-es-ezustkincsek","status":"publish","type":"post","link":"https:\/\/kinaikaleidoszkop.hu\/index.php\/2023\/08\/14\/a-kek-vizek-es-a-zold-hegyek-az-arany-es-ezustkincsek\/","title":{"rendered":"\u201eA k\u00e9k vizek \u00e9s a z\u00f6ld hegyek, az arany- \u00e9s ez\u00fcstkincsek\u201d"},"content":{"rendered":"\n<p><strong>Az idei augusztus 15-e az els\u0151 nemzeti \u00f6kol\u00f3giai nap K\u00edn\u00e1ban. 2005. augusztus 15-\u00e9n Hszi Csin-ping, a K\u00ednai Kommunista P\u00e1rt Zhejiang tartom\u00e1nyi p\u00e1rtbizotts\u00e1g\u00e1nak akkori titk\u00e1rak\u00e9nt els\u0151 alkalommal terjesztette el\u0151 \u201ea k\u00e9k vizek \u00e9s a z\u00f6ld hegyek, az arany- \u00e9s ez\u00fcstkincsek\u201d koncepci\u00f3j\u00e1t, amikor szemle\u00faton j\u00e1rt a zhejiangi Anji megy\u00e9ben.<\/strong><\/p>\n\n\n\n<p>A KKP 18. Kongresszusa \u00f3ta eltelt id\u0151ben Hszi t\u00f6bbsz\u00f6r is kiemelte ezt a k\u00f6rnyezetbar\u00e1t koncepci\u00f3t, amely \u00faj utat mutatott a fejleszt\u00e9s \u00e9s az \u00f6kosziszt\u00e9ma-v\u00e9delem egy\u00fcttes megval\u00f3s\u00edt\u00e1s\u00e1hoz.<\/p>\n\n\n\n<p>\u201eA m\u00faltban mind a kett\u0151t akartuk. De val\u00f3j\u00e1ban a k\u00e9k vizek \u00e9s a z\u00f6ld hegyek, arany- \u00e9s ez\u00fcstkincsek\u201d \u2013 mondta Hszi 2005. augusztus 15-\u00e9n Anji megy\u00e9ben.<\/p>\n\n\n<div class=\"wp-block-image\">\n<figure class=\"alignright is-resized\"><img loading=\"lazy\" decoding=\"async\" src=\"https:\/\/hirpest.hu\/wp-content\/uploads\/2023\/08\/0814Lea1.jpg\" alt=\"\" class=\"wp-image-18234\" style=\"width:423px;height:282px\" width=\"423\" height=\"282\"\/><\/figure>\n<\/div>\n\n\n<p>\u201eHa befektet\u00fcnk a term\u00e9szetbe, a term\u00e9szet biztosan megh\u00e1l\u00e1lja er\u0151fesz\u00edt\u00e9seinket. A k\u00e9k vizek \u00e9s a z\u00f6ld hegyek nemcsak term\u00e9szeti, hanem gazdas\u00e1gi vagyon is\u201d \u2013 mondta Hszi 2020. \u00e1prilisban Shaanxi tartom\u00e1nyi szemle\u00fatja sor\u00e1n.<\/p>\n\n\n\n<p>\u201eA k\u00e9k vizek \u00e9s a z\u00f6ld hegyek\u201d koncepci\u00f3ja az \u00f6kol\u00f3giai k\u00f6rnyezetr\u0151l sz\u00f3l, \u201eaz arany- \u00e9s ez\u00fcstkincsek\u00e9\u201d pedig a gazdas\u00e1gi fejl\u0151d\u00e9sr\u0151l. Ez a mond\u00e1s a k\u00e9t dolog k\u00f6z\u00f6tti viszonyt magyar\u00e1zza meg, azaz, hogy az \u00f6kol\u00f3giai k\u00f6rnyezet az emberis\u00e9g l\u00e9tez\u00e9s\u00e9nek \u00e9s fejl\u0151d\u00e9s\u00e9nek alapja, a j\u00f3 \u00f6kol\u00f3giai k\u00f6rnyezet pedig az emberi t\u00e1rsadalom fenntarthat\u00f3 \u00e9s hat\u00e9kony fejl\u0151d\u00e9s\u00e9nek felt\u00e9tele. K\u00edna fejl\u0151d\u00e9s\u00e9nek folyamat\u00e1ban az ember \u00e9s a term\u00e9szet harmonikus egy\u00fctt\u00e9l\u00e9se tapasztalhat\u00f3.<\/p>\n\n\n\n<p>\u201eAz \u00f6kol\u00f3giai civiliz\u00e1ci\u00f3 ki\u00e9p\u00edt\u00e9se, a z\u00f6ld \u00e9s alacsony karbonkibocs\u00e1t\u00e1s\u00fa fejleszt\u00e9s el\u0151mozd\u00edt\u00e1sa nemcsak kiel\u00e9g\u00edti a gy\u00f6ny\u00f6r\u0171 \u00f6kol\u00f3giai k\u00f6rnyezet ir\u00e1nti elv\u00e1r\u00e1sunkat, hanem fokozhatja a jobb min\u0151s\u00e9g\u0171, hat\u00e9konyabb, tisztess\u00e9gesebb, fenntarthat\u00f3bb \u00e9s biztons\u00e1gosabb fejleszt\u00e9st is\u201d \u2013 fejtette ki a p\u00e1rttitk\u00e1r 2021-ben a KKP K\u00f6zponti Bizotts\u00e1ga Politikai Bizotts\u00e1g\u00e1nak csoportos tanul\u00e1sa sor\u00e1n.<\/p>\n\n\n\n<p>\u201eMag\u00e1ban a kiegyens\u00falyozott \u00f6kol\u00f3giai rendszerben nagy gazdas\u00e1gi \u00e9rt\u00e9k rejlik, ez folyamatosan hasznot tud hozni, ami r\u00e9v\u00e9n a fenntarthat\u00f3 gazdas\u00e1gi \u00e9s t\u00e1rsadalmi fejl\u0151d\u00e9s is megval\u00f3sulhat\u201d \u2013 mondta Hszi Csin-ping 2019-ben a Pekingi Kert\u00e9szeti Vil\u00e1gki\u00e1ll\u00edt\u00e1s megnyit\u00f3j\u00e1n.<\/p>\n\n\n\n<p><strong>2023. augusztus 14.<\/strong><\/p>\n\n\n\n<p><strong><em>(China Media Group)<\/em><\/strong><\/p>\n\n\n\n<p><strong>(x)<\/strong><\/p>\n","protected":false},"excerpt":{"rendered":"<p>Az idei augusztus 15-e az els\u0151 nemzeti \u00f6kol\u00f3giai nap K\u00edn\u00e1ban. 2005. augusztus 15-\u00e9n Hszi Csin-ping, a K\u00ednai Kommunista P\u00e1rt Zhejiang tartom\u00e1nyi p\u00e1rtbizotts\u00e1g\u00e1nak akkori titk\u00e1rak\u00e9nt els\u0151 alkalommal terjesztette el\u0151 \u201ea k\u00e9k vizek \u00e9s a z\u00f6ld hegyek, az arany- \u00e9s ez\u00fcstkincsek\u201d koncepci\u00f3j\u00e1t, amikor szemle\u00faton j\u00e1rt a zhejiangi Anji megy\u00e9ben. A KKP 18. Kongresszusa \u00f3ta eltelt id\u0151ben Hszi [&hellip;]<\/p>\n","protected":false},"author":2,"featured_media":18558,"comment_status":"closed","ping_status":"closed","sticky":false,"template":"","format":"standard","meta":{"footnotes":""},"categories":[45],"tags":[414,305,270,2838,2840,2839,390,777],"class_list":["post-18555","post","type-post","status-publish","format-standard","has-post-thumbnail","hentry","category-hirek","tag-fejlodes","tag-hszi-csin-ping","tag-kinai-kommunista-part","tag-koncepcio","tag-kornyezetbarat","tag-nemzeti-okologiai-nap","tag-okologiai-kornyezet","tag-szemleut"],"yoast_head":"<!-- This site is optimized with the Yoast SEO plugin v23.7 - https:\/\/yoast.com\/wordpress\/plugins\/seo\/ -->\n<title>\u201eA k\u00e9k vizek \u00e9s a z\u00f6ld hegyek, az arany- \u00e9s ez\u00fcstkincsek\u201d - kinaikaleidoszkop.hu<\/title>\n<meta name=\"robots\" content=\"index, follow, max-snippet:-1, max-image-preview:large, max-video-preview:-1\" \/>\n<link rel=\"canonical\" href=\"https:\/\/kinaikaleidoszkop.hu\/index.php\/2023\/08\/14\/a-kek-vizek-es-a-zold-hegyek-az-arany-es-ezustkincsek\/\" \/>\n<meta property=\"og:locale\" content=\"hu_HU\" \/>\n<meta property=\"og:type\" content=\"article\" \/>\n<meta property=\"og:title\" content=\"\u201eA k\u00e9k vizek \u00e9s a z\u00f6ld hegyek, az arany- \u00e9s ez\u00fcstkincsek\u201d - kinaikaleidoszkop.hu\" \/>\n<meta property=\"og:description\" content=\"Az idei augusztus 15-e az els\u0151 nemzeti \u00f6kol\u00f3giai nap K\u00edn\u00e1ban. 2005. augusztus 15-\u00e9n Hszi Csin-ping, a K\u00ednai Kommunista P\u00e1rt Zhejiang tartom\u00e1nyi p\u00e1rtbizotts\u00e1g\u00e1nak akkori titk\u00e1rak\u00e9nt els\u0151 alkalommal terjesztette el\u0151 \u201ea k\u00e9k vizek \u00e9s a z\u00f6ld hegyek, az arany- \u00e9s ez\u00fcstkincsek\u201d koncepci\u00f3j\u00e1t, amikor szemle\u00faton j\u00e1rt a zhejiangi Anji megy\u00e9ben. A KKP 18. Kongresszusa \u00f3ta eltelt id\u0151ben Hszi [&hellip;]\" \/>\n<meta property=\"og:url\" content=\"https:\/\/kinaikaleidoszkop.hu\/index.php\/2023\/08\/14\/a-kek-vizek-es-a-zold-hegyek-az-arany-es-ezustkincsek\/\" \/>\n<meta property=\"og:site_name\" content=\"kinaikaleidoszkop.hu\" \/>\n<meta property=\"article:published_time\" content=\"2023-08-14T10:52:14+00:00\" \/>\n<meta property=\"article:modified_time\" content=\"2023-08-14T10:52:15+00:00\" \/>\n<meta property=\"og:image\" content=\"https:\/\/kinaikaleidoszkop.hu\/wp-content\/uploads\/2023\/08\/0814Lea1.jpg\" \/>\n\t<meta property=\"og:image:width\" content=\"600\" \/>\n\t<meta property=\"og:image:height\" content=\"400\" \/>\n\t<meta property=\"og:image:type\" content=\"image\/jpeg\" \/>\n<meta name=\"author\" content=\"admin-szabolcs\" \/>\n<meta name=\"twitter:card\" content=\"summary_large_image\" \/>\n<meta name=\"twitter:label1\" content=\"Szerz\u0151:\" \/>\n\t<meta name=\"twitter:data1\" content=\"admin-szabolcs\" \/>\n\t<meta name=\"twitter:label2\" content=\"Becs\u00fclt olvas\u00e1si id\u0151\" \/>\n\t<meta name=\"twitter:data2\" content=\"2 perc\" \/>\n<script type=\"application\/ld+json\" class=\"yoast-schema-graph\">{\"@context\":\"https:\/\/schema.org\",\"@graph\":[{\"@type\":\"WebPage\",\"@id\":\"https:\/\/kinaikaleidoszkop.hu\/index.php\/2023\/08\/14\/a-kek-vizek-es-a-zold-hegyek-az-arany-es-ezustkincsek\/\",\"url\":\"https:\/\/kinaikaleidoszkop.hu\/index.php\/2023\/08\/14\/a-kek-vizek-es-a-zold-hegyek-az-arany-es-ezustkincsek\/\",\"name\":\"\u201eA k\u00e9k vizek \u00e9s a z\u00f6ld hegyek, az arany- \u00e9s ez\u00fcstkincsek\u201d - kinaikaleidoszkop.hu\",\"isPartOf\":{\"@id\":\"https:\/\/kinaikaleidoszkop.hu\/#website\"},\"primaryImageOfPage\":{\"@id\":\"https:\/\/kinaikaleidoszkop.hu\/index.php\/2023\/08\/14\/a-kek-vizek-es-a-zold-hegyek-az-arany-es-ezustkincsek\/#primaryimage\"},\"image\":{\"@id\":\"https:\/\/kinaikaleidoszkop.hu\/index.php\/2023\/08\/14\/a-kek-vizek-es-a-zold-hegyek-az-arany-es-ezustkincsek\/#primaryimage\"},\"thumbnailUrl\":\"https:\/\/kinaikaleidoszkop.hu\/wp-content\/uploads\/2023\/08\/0814Lea1.jpg\",\"datePublished\":\"2023-08-14T10:52:14+00:00\",\"dateModified\":\"2023-08-14T10:52:15+00:00\",\"author\":{\"@id\":\"https:\/\/kinaikaleidoszkop.hu\/#\/schema\/person\/b9e2febe742edd540c1197716ec02bf7\"},\"breadcrumb\":{\"@id\":\"https:\/\/kinaikaleidoszkop.hu\/index.php\/2023\/08\/14\/a-kek-vizek-es-a-zold-hegyek-az-arany-es-ezustkincsek\/#breadcrumb\"},\"inLanguage\":\"hu\",\"potentialAction\":[{\"@type\":\"ReadAction\",\"target\":[\"https:\/\/kinaikaleidoszkop.hu\/index.php\/2023\/08\/14\/a-kek-vizek-es-a-zold-hegyek-az-arany-es-ezustkincsek\/\"]}]},{\"@type\":\"ImageObject\",\"inLanguage\":\"hu\",\"@id\":\"https:\/\/kinaikaleidoszkop.hu\/index.php\/2023\/08\/14\/a-kek-vizek-es-a-zold-hegyek-az-arany-es-ezustkincsek\/#primaryimage\",\"url\":\"https:\/\/kinaikaleidoszkop.hu\/wp-content\/uploads\/2023\/08\/0814Lea1.jpg\",\"contentUrl\":\"https:\/\/kinaikaleidoszkop.hu\/wp-content\/uploads\/2023\/08\/0814Lea1.jpg\",\"width\":600,\"height\":400},{\"@type\":\"BreadcrumbList\",\"@id\":\"https:\/\/kinaikaleidoszkop.hu\/index.php\/2023\/08\/14\/a-kek-vizek-es-a-zold-hegyek-az-arany-es-ezustkincsek\/#breadcrumb\",\"itemListElement\":[{\"@type\":\"ListItem\",\"position\":1,\"name\":\"Kezd\u0151lap\",\"item\":\"https:\/\/kinaikaleidoszkop.hu\/\"},{\"@type\":\"ListItem\",\"position\":2,\"name\":\"\u201eA k\u00e9k vizek \u00e9s a z\u00f6ld hegyek, az arany- \u00e9s ez\u00fcstkincsek\u201d\"}]},{\"@type\":\"WebSite\",\"@id\":\"https:\/\/kinaikaleidoszkop.hu\/#website\",\"url\":\"https:\/\/kinaikaleidoszkop.hu\/\",\"name\":\"kinaikaleidoszkop.hu\",\"description\":\"\",\"potentialAction\":[{\"@type\":\"SearchAction\",\"target\":{\"@type\":\"EntryPoint\",\"urlTemplate\":\"https:\/\/kinaikaleidoszkop.hu\/?s={search_term_string}\"},\"query-input\":{\"@type\":\"PropertyValueSpecification\",\"valueRequired\":true,\"valueName\":\"search_term_string\"}}],\"inLanguage\":\"hu\"},{\"@type\":\"Person\",\"@id\":\"https:\/\/kinaikaleidoszkop.hu\/#\/schema\/person\/b9e2febe742edd540c1197716ec02bf7\",\"name\":\"admin-szabolcs\",\"image\":{\"@type\":\"ImageObject\",\"inLanguage\":\"hu\",\"@id\":\"https:\/\/kinaikaleidoszkop.hu\/#\/schema\/person\/image\/\",\"url\":\"https:\/\/secure.gravatar.com\/avatar\/154f262492794df2a6cb5d5349227b18ef8f85ab462fbb32625fc42406483d21?s=96&d=mm&r=g\",\"contentUrl\":\"https:\/\/secure.gravatar.com\/avatar\/154f262492794df2a6cb5d5349227b18ef8f85ab462fbb32625fc42406483d21?s=96&d=mm&r=g\",\"caption\":\"admin-szabolcs\"},\"url\":\"https:\/\/kinaikaleidoszkop.hu\/index.php\/author\/admin-szabolcs\/\"}]}<\/script>\n<!-- \/ Yoast SEO plugin. -->","yoast_head_json":{"title":"\u201eA k\u00e9k vizek \u00e9s a z\u00f6ld hegyek, az arany- \u00e9s ez\u00fcstkincsek\u201d - kinaikaleidoszkop.hu","robots":{"index":"index","follow":"follow","max-snippet":"max-snippet:-1","max-image-preview":"max-image-preview:large","max-video-preview":"max-video-preview:-1"},"canonical":"https:\/\/kinaikaleidoszkop.hu\/index.php\/2023\/08\/14\/a-kek-vizek-es-a-zold-hegyek-az-arany-es-ezustkincsek\/","og_locale":"hu_HU","og_type":"article","og_title":"\u201eA k\u00e9k vizek \u00e9s a z\u00f6ld hegyek, az arany- \u00e9s ez\u00fcstkincsek\u201d - kinaikaleidoszkop.hu","og_description":"Az idei augusztus 15-e az els\u0151 nemzeti \u00f6kol\u00f3giai nap K\u00edn\u00e1ban. 2005. augusztus 15-\u00e9n Hszi Csin-ping, a K\u00ednai Kommunista P\u00e1rt Zhejiang tartom\u00e1nyi p\u00e1rtbizotts\u00e1g\u00e1nak akkori titk\u00e1rak\u00e9nt els\u0151 alkalommal terjesztette el\u0151 \u201ea k\u00e9k vizek \u00e9s a z\u00f6ld hegyek, az arany- \u00e9s ez\u00fcstkincsek\u201d koncepci\u00f3j\u00e1t, amikor szemle\u00faton j\u00e1rt a zhejiangi Anji megy\u00e9ben. A KKP 18. Kongresszusa \u00f3ta eltelt id\u0151ben Hszi [&hellip;]","og_url":"https:\/\/kinaikaleidoszkop.hu\/index.php\/2023\/08\/14\/a-kek-vizek-es-a-zold-hegyek-az-arany-es-ezustkincsek\/","og_site_name":"kinaikaleidoszkop.hu","article_published_time":"2023-08-14T10:52:14+00:00","article_modified_time":"2023-08-14T10:52:15+00:00","og_image":[{"width":600,"height":400,"url":"https:\/\/kinaikaleidoszkop.hu\/wp-content\/uploads\/2023\/08\/0814Lea1.jpg","type":"image\/jpeg"}],"author":"admin-szabolcs","twitter_card":"summary_large_image","twitter_misc":{"Szerz\u0151:":"admin-szabolcs","Becs\u00fclt olvas\u00e1si id\u0151":"2 perc"},"schema":{"@context":"https:\/\/schema.org","@graph":[{"@type":"WebPage","@id":"https:\/\/kinaikaleidoszkop.hu\/index.php\/2023\/08\/14\/a-kek-vizek-es-a-zold-hegyek-az-arany-es-ezustkincsek\/","url":"https:\/\/kinaikaleidoszkop.hu\/index.php\/2023\/08\/14\/a-kek-vizek-es-a-zold-hegyek-az-arany-es-ezustkincsek\/","name":"\u201eA k\u00e9k vizek \u00e9s a z\u00f6ld hegyek, az arany- \u00e9s ez\u00fcstkincsek\u201d - kinaikaleidoszkop.hu","isPartOf":{"@id":"https:\/\/kinaikaleidoszkop.hu\/#website"},"primaryImageOfPage":{"@id":"https:\/\/kinaikaleidoszkop.hu\/index.php\/2023\/08\/14\/a-kek-vizek-es-a-zold-hegyek-az-arany-es-ezustkincsek\/#primaryimage"},"image":{"@id":"https:\/\/kinaikaleidoszkop.hu\/index.php\/2023\/08\/14\/a-kek-vizek-es-a-zold-hegyek-az-arany-es-ezustkincsek\/#primaryimage"},"thumbnailUrl":"https:\/\/kinaikaleidoszkop.hu\/wp-content\/uploads\/2023\/08\/0814Lea1.jpg","datePublished":"2023-08-14T10:52:14+00:00","dateModified":"2023-08-14T10:52:15+00:00","author":{"@id":"https:\/\/kinaikaleidoszkop.hu\/#\/schema\/person\/b9e2febe742edd540c1197716ec02bf7"},"breadcrumb":{"@id":"https:\/\/kinaikaleidoszkop.hu\/index.php\/2023\/08\/14\/a-kek-vizek-es-a-zold-hegyek-az-arany-es-ezustkincsek\/#breadcrumb"},"inLanguage":"hu","potentialAction":[{"@type":"ReadAction","target":["https:\/\/kinaikaleidoszkop.hu\/index.php\/2023\/08\/14\/a-kek-vizek-es-a-zold-hegyek-az-arany-es-ezustkincsek\/"]}]},{"@type":"ImageObject","inLanguage":"hu","@id":"https:\/\/kinaikaleidoszkop.hu\/index.php\/2023\/08\/14\/a-kek-vizek-es-a-zold-hegyek-az-arany-es-ezustkincsek\/#primaryimage","url":"https:\/\/kinaikaleidoszkop.hu\/wp-content\/uploads\/2023\/08\/0814Lea1.jpg","contentUrl":"https:\/\/kinaikaleidoszkop.hu\/wp-content\/uploads\/2023\/08\/0814Lea1.jpg","width":600,"height":400},{"@type":"BreadcrumbList","@id":"https:\/\/kinaikaleidoszkop.hu\/index.php\/2023\/08\/14\/a-kek-vizek-es-a-zold-hegyek-az-arany-es-ezustkincsek\/#breadcrumb","itemListElement":[{"@type":"ListItem","position":1,"name":"Kezd\u0151lap","item":"https:\/\/kinaikaleidoszkop.hu\/"},{"@type":"ListItem","position":2,"name":"\u201eA k\u00e9k vizek \u00e9s a z\u00f6ld hegyek, az arany- \u00e9s ez\u00fcstkincsek\u201d"}]},{"@type":"WebSite","@id":"https:\/\/kinaikaleidoszkop.hu\/#website","url":"https:\/\/kinaikaleidoszkop.hu\/","name":"kinaikaleidoszkop.hu","description":"","potentialAction":[{"@type":"SearchAction","target":{"@type":"EntryPoint","urlTemplate":"https:\/\/kinaikaleidoszkop.hu\/?s={search_term_string}"},"query-input":{"@type":"PropertyValueSpecification","valueRequired":true,"valueName":"search_term_string"}}],"inLanguage":"hu"},{"@type":"Person","@id":"https:\/\/kinaikaleidoszkop.hu\/#\/schema\/person\/b9e2febe742edd540c1197716ec02bf7","name":"admin-szabolcs","image":{"@type":"ImageObject","inLanguage":"hu","@id":"https:\/\/kinaikaleidoszkop.hu\/#\/schema\/person\/image\/","url":"https:\/\/secure.gravatar.com\/avatar\/154f262492794df2a6cb5d5349227b18ef8f85ab462fbb32625fc42406483d21?s=96&d=mm&r=g","contentUrl":"https:\/\/secure.gravatar.com\/avatar\/154f262492794df2a6cb5d5349227b18ef8f85ab462fbb32625fc42406483d21?s=96&d=mm&r=g","caption":"admin-szabolcs"},"url":"https:\/\/kinaikaleidoszkop.hu\/index.php\/author\/admin-szabolcs\/"}]}},"views":333,"distributor_meta":false,"distributor_terms":false,"distributor_media":false,"distributor_original_site_name":"kinaikaleidoszkop.hu","distributor_original_site_url":"https:\/\/kinaikaleidoszkop.hu","push-errors":false,"_links":{"self":[{"href":"https:\/\/kinaikaleidoszkop.hu\/index.php\/wp-json\/wp\/v2\/posts\/18555","targetHints":{"allow":["GET"]}}],"collection":[{"href":"https:\/\/kinaikaleidoszkop.hu\/index.php\/wp-json\/wp\/v2\/posts"}],"about":[{"href":"https:\/\/kinaikaleidoszkop.hu\/index.php\/wp-json\/wp\/v2\/types\/post"}],"author":[{"embeddable":true,"href":"https:\/\/kinaikaleidoszkop.hu\/index.php\/wp-json\/wp\/v2\/users\/2"}],"replies":[{"embeddable":true,"href":"https:\/\/kinaikaleidoszkop.hu\/index.php\/wp-json\/wp\/v2\/comments?post=18555"}],"version-history":[{"count":1,"href":"https:\/\/kinaikaleidoszkop.hu\/index.php\/wp-json\/wp\/v2\/posts\/18555\/revisions"}],"predecessor-version":[{"id":18560,"href":"https:\/\/kinaikaleidoszkop.hu\/index.php\/wp-json\/wp\/v2\/posts\/18555\/revisions\/18560"}],"wp:featuredmedia":[{"embeddable":true,"href":"https:\/\/kinaikaleidoszkop.hu\/index.php\/wp-json\/wp\/v2\/media\/18558"}],"wp:attachment":[{"href":"https:\/\/kinaikaleidoszkop.hu\/index.php\/wp-json\/wp\/v2\/media?parent=18555"}],"wp:term":[{"taxonomy":"category","embeddable":true,"href":"https:\/\/kinaikaleidoszkop.hu\/index.php\/wp-json\/wp\/v2\/categories?post=18555"},{"taxonomy":"post_tag","embeddable":true,"href":"https:\/\/kinaikaleidoszkop.hu\/index.php\/wp-json\/wp\/v2\/tags?post=18555"}],"curies":[{"name":"wp","href":"https:\/\/api.w.org\/{rel}","templated":true}]}}