{"id":18561,"date":"2023-08-15T11:34:24","date_gmt":"2023-08-15T09:34:24","guid":{"rendered":"https:\/\/kinaikaleidoszkop.hu\/?p=18561"},"modified":"2023-08-15T11:34:25","modified_gmt":"2023-08-15T09:34:25","slug":"talalkozas-hszi-csin-pinggel-dokumentumfilm-sorozat-ii-resz-nem-tudok-nem-gondolni-a-dalra","status":"publish","type":"post","link":"https:\/\/kinaikaleidoszkop.hu\/index.php\/2023\/08\/15\/talalkozas-hszi-csin-pinggel-dokumentumfilm-sorozat-ii-resz-nem-tudok-nem-gondolni-a-dalra\/","title":{"rendered":"Tal\u00e1lkoz\u00e1s Hszi Csin-pinggel dokumentumfilm-sorozat \u2013 II. r\u00e9sz: Nem tudok nem gondolni a dalra"},"content":{"rendered":"\n<p><strong>Gustavo Sabino Vaca Narvaja, Argent\u00edna k\u00ednai nagyk\u00f6vete:<\/strong><\/p>\n\n\n\n<p><em>\u201eAz\u00e9rt mondtam ezt, mert amikor r\u00e9szt vettem a K\u00ednai Kommunista P\u00e1rt megalap\u00edt\u00e1s\u00e1nak centen\u00e1riumi rendezv\u00e9ny\u00e9n a Tienanmen t\u00e9ren, 70 ezer embert hallottam egy\u00fctt \u00e9nekelni. M\u00e9lyen meg\u00e9rintett szenved\u00e9lyes \u00e9nekl\u00e9s\u00fck \u00e9s az emberek Hszi Csin-ping k\u00ednai \u00e1llameln\u00f6k ir\u00e1nti szeretete. Megk\u00e9rdeztem, hogy mit jelent a dal, mert tudtam, hogy k\u00f6zkedvelt. A KKP vezet\u00e9s\u00e9vel K\u00edna 2021-ben szabadult meg az abszol\u00fat szeg\u00e9nys\u00e9gt\u0151l\u2026\u201d<\/em><\/p>\n\n\n\n<figure class=\"wp-block-embed is-type-video is-provider-youtube wp-block-embed-youtube wp-embed-aspect-16-9 wp-has-aspect-ratio\"><div class=\"wp-block-embed__wrapper\">\n<iframe loading=\"lazy\" title=\"Tal\u00e1lkoz\u00e1s Hszi Csin-pinggel  |  Dokumentumfilm-sorozat  |  II. r\u00e9sz\" width=\"1320\" height=\"743\" src=\"https:\/\/www.youtube.com\/embed\/2TSYYfGGtcc?feature=oembed\" frameborder=\"0\" allow=\"accelerometer; autoplay; clipboard-write; encrypted-media; gyroscope; picture-in-picture; web-share\" allowfullscreen><\/iframe>\n<\/div><\/figure>\n\n\n\n<p><strong>2023. augusztus 15.<\/strong><\/p>\n\n\n\n<p><strong><em>(China Media Group)<\/em><\/strong><\/p>\n\n\n\n<p><strong>(x)<\/strong><\/p>\n","protected":false},"excerpt":{"rendered":"<p>Gustavo Sabino Vaca Narvaja, Argent\u00edna k\u00ednai nagyk\u00f6vete: \u201eAz\u00e9rt mondtam ezt, mert amikor r\u00e9szt vettem a K\u00ednai Kommunista P\u00e1rt megalap\u00edt\u00e1s\u00e1nak centen\u00e1riumi rendezv\u00e9ny\u00e9n a Tienanmen t\u00e9ren, 70 ezer embert hallottam egy\u00fctt \u00e9nekelni. M\u00e9lyen meg\u00e9rintett szenved\u00e9lyes \u00e9nekl\u00e9s\u00fck \u00e9s az emberek Hszi Csin-ping k\u00ednai \u00e1llameln\u00f6k ir\u00e1nti szeretete. Megk\u00e9rdeztem, hogy mit jelent a dal, mert tudtam, hogy k\u00f6zkedvelt. A KKP [&hellip;]<\/p>\n","protected":false},"author":2,"featured_media":18567,"comment_status":"closed","ping_status":"closed","sticky":false,"template":"","format":"standard","meta":{"footnotes":""},"categories":[45],"tags":[614,2841,2842,305,326,270,1184],"class_list":["post-18561","post","type-post","status-publish","format-standard","has-post-thumbnail","hentry","category-hirek","tag-argentina","tag-dokumentumfilm-sorozat","tag-gustavo-sabino-vaca-narvaja","tag-hszi-csin-ping","tag-kinai-allamelnok","tag-kinai-kommunista-part","tag-nagykovet"],"yoast_head":"<!-- This site is optimized with the Yoast SEO plugin v23.7 - https:\/\/yoast.com\/wordpress\/plugins\/seo\/ -->\n<title>Tal\u00e1lkoz\u00e1s Hszi Csin-pinggel dokumentumfilm-sorozat \u2013 II. r\u00e9sz: Nem tudok nem gondolni a dalra - kinaikaleidoszkop.hu<\/title>\n<meta name=\"robots\" content=\"index, follow, max-snippet:-1, max-image-preview:large, max-video-preview:-1\" \/>\n<link rel=\"canonical\" href=\"https:\/\/kinaikaleidoszkop.hu\/index.php\/2023\/08\/15\/talalkozas-hszi-csin-pinggel-dokumentumfilm-sorozat-ii-resz-nem-tudok-nem-gondolni-a-dalra\/\" \/>\n<meta property=\"og:locale\" content=\"hu_HU\" \/>\n<meta property=\"og:type\" content=\"article\" \/>\n<meta property=\"og:title\" content=\"Tal\u00e1lkoz\u00e1s Hszi Csin-pinggel dokumentumfilm-sorozat \u2013 II. r\u00e9sz: Nem tudok nem gondolni a dalra - kinaikaleidoszkop.hu\" \/>\n<meta property=\"og:description\" content=\"Gustavo Sabino Vaca Narvaja, Argent\u00edna k\u00ednai nagyk\u00f6vete: \u201eAz\u00e9rt mondtam ezt, mert amikor r\u00e9szt vettem a K\u00ednai Kommunista P\u00e1rt megalap\u00edt\u00e1s\u00e1nak centen\u00e1riumi rendezv\u00e9ny\u00e9n a Tienanmen t\u00e9ren, 70 ezer embert hallottam egy\u00fctt \u00e9nekelni. M\u00e9lyen meg\u00e9rintett szenved\u00e9lyes \u00e9nekl\u00e9s\u00fck \u00e9s az emberek Hszi Csin-ping k\u00ednai \u00e1llameln\u00f6k ir\u00e1nti szeretete. Megk\u00e9rdeztem, hogy mit jelent a dal, mert tudtam, hogy k\u00f6zkedvelt. A KKP [&hellip;]\" \/>\n<meta property=\"og:url\" content=\"https:\/\/kinaikaleidoszkop.hu\/index.php\/2023\/08\/15\/talalkozas-hszi-csin-pinggel-dokumentumfilm-sorozat-ii-resz-nem-tudok-nem-gondolni-a-dalra\/\" \/>\n<meta property=\"og:site_name\" content=\"kinaikaleidoszkop.hu\" \/>\n<meta property=\"article:published_time\" content=\"2023-08-15T09:34:24+00:00\" \/>\n<meta property=\"article:modified_time\" content=\"2023-08-15T09:34:25+00:00\" \/>\n<meta property=\"og:image\" content=\"https:\/\/kinaikaleidoszkop.hu\/wp-content\/uploads\/2023\/08\/Kepernyokep-2023-08-15-112709.png\" \/>\n\t<meta property=\"og:image:width\" content=\"1252\" \/>\n\t<meta property=\"og:image:height\" content=\"706\" \/>\n\t<meta property=\"og:image:type\" content=\"image\/png\" \/>\n<meta name=\"author\" content=\"admin-szabolcs\" \/>\n<meta name=\"twitter:card\" content=\"summary_large_image\" \/>\n<meta name=\"twitter:label1\" content=\"Szerz\u0151:\" \/>\n\t<meta name=\"twitter:data1\" content=\"admin-szabolcs\" \/>\n\t<meta name=\"twitter:label2\" content=\"Becs\u00fclt olvas\u00e1si id\u0151\" \/>\n\t<meta name=\"twitter:data2\" content=\"1 perc\" \/>\n<script type=\"application\/ld+json\" class=\"yoast-schema-graph\">{\"@context\":\"https:\/\/schema.org\",\"@graph\":[{\"@type\":\"WebPage\",\"@id\":\"https:\/\/kinaikaleidoszkop.hu\/index.php\/2023\/08\/15\/talalkozas-hszi-csin-pinggel-dokumentumfilm-sorozat-ii-resz-nem-tudok-nem-gondolni-a-dalra\/\",\"url\":\"https:\/\/kinaikaleidoszkop.hu\/index.php\/2023\/08\/15\/talalkozas-hszi-csin-pinggel-dokumentumfilm-sorozat-ii-resz-nem-tudok-nem-gondolni-a-dalra\/\",\"name\":\"Tal\u00e1lkoz\u00e1s Hszi Csin-pinggel dokumentumfilm-sorozat \u2013 II. r\u00e9sz: Nem tudok nem gondolni a dalra - kinaikaleidoszkop.hu\",\"isPartOf\":{\"@id\":\"https:\/\/kinaikaleidoszkop.hu\/#website\"},\"primaryImageOfPage\":{\"@id\":\"https:\/\/kinaikaleidoszkop.hu\/index.php\/2023\/08\/15\/talalkozas-hszi-csin-pinggel-dokumentumfilm-sorozat-ii-resz-nem-tudok-nem-gondolni-a-dalra\/#primaryimage\"},\"image\":{\"@id\":\"https:\/\/kinaikaleidoszkop.hu\/index.php\/2023\/08\/15\/talalkozas-hszi-csin-pinggel-dokumentumfilm-sorozat-ii-resz-nem-tudok-nem-gondolni-a-dalra\/#primaryimage\"},\"thumbnailUrl\":\"https:\/\/kinaikaleidoszkop.hu\/wp-content\/uploads\/2023\/08\/Kepernyokep-2023-08-15-112709.png\",\"datePublished\":\"2023-08-15T09:34:24+00:00\",\"dateModified\":\"2023-08-15T09:34:25+00:00\",\"author\":{\"@id\":\"https:\/\/kinaikaleidoszkop.hu\/#\/schema\/person\/b9e2febe742edd540c1197716ec02bf7\"},\"breadcrumb\":{\"@id\":\"https:\/\/kinaikaleidoszkop.hu\/index.php\/2023\/08\/15\/talalkozas-hszi-csin-pinggel-dokumentumfilm-sorozat-ii-resz-nem-tudok-nem-gondolni-a-dalra\/#breadcrumb\"},\"inLanguage\":\"hu\",\"potentialAction\":[{\"@type\":\"ReadAction\",\"target\":[\"https:\/\/kinaikaleidoszkop.hu\/index.php\/2023\/08\/15\/talalkozas-hszi-csin-pinggel-dokumentumfilm-sorozat-ii-resz-nem-tudok-nem-gondolni-a-dalra\/\"]}]},{\"@type\":\"ImageObject\",\"inLanguage\":\"hu\",\"@id\":\"https:\/\/kinaikaleidoszkop.hu\/index.php\/2023\/08\/15\/talalkozas-hszi-csin-pinggel-dokumentumfilm-sorozat-ii-resz-nem-tudok-nem-gondolni-a-dalra\/#primaryimage\",\"url\":\"https:\/\/kinaikaleidoszkop.hu\/wp-content\/uploads\/2023\/08\/Kepernyokep-2023-08-15-112709.png\",\"contentUrl\":\"https:\/\/kinaikaleidoszkop.hu\/wp-content\/uploads\/2023\/08\/Kepernyokep-2023-08-15-112709.png\",\"width\":1252,\"height\":706},{\"@type\":\"BreadcrumbList\",\"@id\":\"https:\/\/kinaikaleidoszkop.hu\/index.php\/2023\/08\/15\/talalkozas-hszi-csin-pinggel-dokumentumfilm-sorozat-ii-resz-nem-tudok-nem-gondolni-a-dalra\/#breadcrumb\",\"itemListElement\":[{\"@type\":\"ListItem\",\"position\":1,\"name\":\"Kezd\u0151lap\",\"item\":\"https:\/\/kinaikaleidoszkop.hu\/\"},{\"@type\":\"ListItem\",\"position\":2,\"name\":\"Tal\u00e1lkoz\u00e1s Hszi Csin-pinggel dokumentumfilm-sorozat \u2013 II. r\u00e9sz: Nem tudok nem gondolni a dalra\"}]},{\"@type\":\"WebSite\",\"@id\":\"https:\/\/kinaikaleidoszkop.hu\/#website\",\"url\":\"https:\/\/kinaikaleidoszkop.hu\/\",\"name\":\"kinaikaleidoszkop.hu\",\"description\":\"\",\"potentialAction\":[{\"@type\":\"SearchAction\",\"target\":{\"@type\":\"EntryPoint\",\"urlTemplate\":\"https:\/\/kinaikaleidoszkop.hu\/?s={search_term_string}\"},\"query-input\":{\"@type\":\"PropertyValueSpecification\",\"valueRequired\":true,\"valueName\":\"search_term_string\"}}],\"inLanguage\":\"hu\"},{\"@type\":\"Person\",\"@id\":\"https:\/\/kinaikaleidoszkop.hu\/#\/schema\/person\/b9e2febe742edd540c1197716ec02bf7\",\"name\":\"admin-szabolcs\",\"image\":{\"@type\":\"ImageObject\",\"inLanguage\":\"hu\",\"@id\":\"https:\/\/kinaikaleidoszkop.hu\/#\/schema\/person\/image\/\",\"url\":\"https:\/\/secure.gravatar.com\/avatar\/154f262492794df2a6cb5d5349227b18ef8f85ab462fbb32625fc42406483d21?s=96&d=mm&r=g\",\"contentUrl\":\"https:\/\/secure.gravatar.com\/avatar\/154f262492794df2a6cb5d5349227b18ef8f85ab462fbb32625fc42406483d21?s=96&d=mm&r=g\",\"caption\":\"admin-szabolcs\"},\"url\":\"https:\/\/kinaikaleidoszkop.hu\/index.php\/author\/admin-szabolcs\/\"}]}<\/script>\n<!-- \/ Yoast SEO plugin. -->","yoast_head_json":{"title":"Tal\u00e1lkoz\u00e1s Hszi Csin-pinggel dokumentumfilm-sorozat \u2013 II. r\u00e9sz: Nem tudok nem gondolni a dalra - kinaikaleidoszkop.hu","robots":{"index":"index","follow":"follow","max-snippet":"max-snippet:-1","max-image-preview":"max-image-preview:large","max-video-preview":"max-video-preview:-1"},"canonical":"https:\/\/kinaikaleidoszkop.hu\/index.php\/2023\/08\/15\/talalkozas-hszi-csin-pinggel-dokumentumfilm-sorozat-ii-resz-nem-tudok-nem-gondolni-a-dalra\/","og_locale":"hu_HU","og_type":"article","og_title":"Tal\u00e1lkoz\u00e1s Hszi Csin-pinggel dokumentumfilm-sorozat \u2013 II. r\u00e9sz: Nem tudok nem gondolni a dalra - kinaikaleidoszkop.hu","og_description":"Gustavo Sabino Vaca Narvaja, Argent\u00edna k\u00ednai nagyk\u00f6vete: \u201eAz\u00e9rt mondtam ezt, mert amikor r\u00e9szt vettem a K\u00ednai Kommunista P\u00e1rt megalap\u00edt\u00e1s\u00e1nak centen\u00e1riumi rendezv\u00e9ny\u00e9n a Tienanmen t\u00e9ren, 70 ezer embert hallottam egy\u00fctt \u00e9nekelni. M\u00e9lyen meg\u00e9rintett szenved\u00e9lyes \u00e9nekl\u00e9s\u00fck \u00e9s az emberek Hszi Csin-ping k\u00ednai \u00e1llameln\u00f6k ir\u00e1nti szeretete. Megk\u00e9rdeztem, hogy mit jelent a dal, mert tudtam, hogy k\u00f6zkedvelt. A KKP [&hellip;]","og_url":"https:\/\/kinaikaleidoszkop.hu\/index.php\/2023\/08\/15\/talalkozas-hszi-csin-pinggel-dokumentumfilm-sorozat-ii-resz-nem-tudok-nem-gondolni-a-dalra\/","og_site_name":"kinaikaleidoszkop.hu","article_published_time":"2023-08-15T09:34:24+00:00","article_modified_time":"2023-08-15T09:34:25+00:00","og_image":[{"width":1252,"height":706,"url":"https:\/\/kinaikaleidoszkop.hu\/wp-content\/uploads\/2023\/08\/Kepernyokep-2023-08-15-112709.png","type":"image\/png"}],"author":"admin-szabolcs","twitter_card":"summary_large_image","twitter_misc":{"Szerz\u0151:":"admin-szabolcs","Becs\u00fclt olvas\u00e1si id\u0151":"1 perc"},"schema":{"@context":"https:\/\/schema.org","@graph":[{"@type":"WebPage","@id":"https:\/\/kinaikaleidoszkop.hu\/index.php\/2023\/08\/15\/talalkozas-hszi-csin-pinggel-dokumentumfilm-sorozat-ii-resz-nem-tudok-nem-gondolni-a-dalra\/","url":"https:\/\/kinaikaleidoszkop.hu\/index.php\/2023\/08\/15\/talalkozas-hszi-csin-pinggel-dokumentumfilm-sorozat-ii-resz-nem-tudok-nem-gondolni-a-dalra\/","name":"Tal\u00e1lkoz\u00e1s Hszi Csin-pinggel dokumentumfilm-sorozat \u2013 II. r\u00e9sz: Nem tudok nem gondolni a dalra - kinaikaleidoszkop.hu","isPartOf":{"@id":"https:\/\/kinaikaleidoszkop.hu\/#website"},"primaryImageOfPage":{"@id":"https:\/\/kinaikaleidoszkop.hu\/index.php\/2023\/08\/15\/talalkozas-hszi-csin-pinggel-dokumentumfilm-sorozat-ii-resz-nem-tudok-nem-gondolni-a-dalra\/#primaryimage"},"image":{"@id":"https:\/\/kinaikaleidoszkop.hu\/index.php\/2023\/08\/15\/talalkozas-hszi-csin-pinggel-dokumentumfilm-sorozat-ii-resz-nem-tudok-nem-gondolni-a-dalra\/#primaryimage"},"thumbnailUrl":"https:\/\/kinaikaleidoszkop.hu\/wp-content\/uploads\/2023\/08\/Kepernyokep-2023-08-15-112709.png","datePublished":"2023-08-15T09:34:24+00:00","dateModified":"2023-08-15T09:34:25+00:00","author":{"@id":"https:\/\/kinaikaleidoszkop.hu\/#\/schema\/person\/b9e2febe742edd540c1197716ec02bf7"},"breadcrumb":{"@id":"https:\/\/kinaikaleidoszkop.hu\/index.php\/2023\/08\/15\/talalkozas-hszi-csin-pinggel-dokumentumfilm-sorozat-ii-resz-nem-tudok-nem-gondolni-a-dalra\/#breadcrumb"},"inLanguage":"hu","potentialAction":[{"@type":"ReadAction","target":["https:\/\/kinaikaleidoszkop.hu\/index.php\/2023\/08\/15\/talalkozas-hszi-csin-pinggel-dokumentumfilm-sorozat-ii-resz-nem-tudok-nem-gondolni-a-dalra\/"]}]},{"@type":"ImageObject","inLanguage":"hu","@id":"https:\/\/kinaikaleidoszkop.hu\/index.php\/2023\/08\/15\/talalkozas-hszi-csin-pinggel-dokumentumfilm-sorozat-ii-resz-nem-tudok-nem-gondolni-a-dalra\/#primaryimage","url":"https:\/\/kinaikaleidoszkop.hu\/wp-content\/uploads\/2023\/08\/Kepernyokep-2023-08-15-112709.png","contentUrl":"https:\/\/kinaikaleidoszkop.hu\/wp-content\/uploads\/2023\/08\/Kepernyokep-2023-08-15-112709.png","width":1252,"height":706},{"@type":"BreadcrumbList","@id":"https:\/\/kinaikaleidoszkop.hu\/index.php\/2023\/08\/15\/talalkozas-hszi-csin-pinggel-dokumentumfilm-sorozat-ii-resz-nem-tudok-nem-gondolni-a-dalra\/#breadcrumb","itemListElement":[{"@type":"ListItem","position":1,"name":"Kezd\u0151lap","item":"https:\/\/kinaikaleidoszkop.hu\/"},{"@type":"ListItem","position":2,"name":"Tal\u00e1lkoz\u00e1s Hszi Csin-pinggel dokumentumfilm-sorozat \u2013 II. r\u00e9sz: Nem tudok nem gondolni a dalra"}]},{"@type":"WebSite","@id":"https:\/\/kinaikaleidoszkop.hu\/#website","url":"https:\/\/kinaikaleidoszkop.hu\/","name":"kinaikaleidoszkop.hu","description":"","potentialAction":[{"@type":"SearchAction","target":{"@type":"EntryPoint","urlTemplate":"https:\/\/kinaikaleidoszkop.hu\/?s={search_term_string}"},"query-input":{"@type":"PropertyValueSpecification","valueRequired":true,"valueName":"search_term_string"}}],"inLanguage":"hu"},{"@type":"Person","@id":"https:\/\/kinaikaleidoszkop.hu\/#\/schema\/person\/b9e2febe742edd540c1197716ec02bf7","name":"admin-szabolcs","image":{"@type":"ImageObject","inLanguage":"hu","@id":"https:\/\/kinaikaleidoszkop.hu\/#\/schema\/person\/image\/","url":"https:\/\/secure.gravatar.com\/avatar\/154f262492794df2a6cb5d5349227b18ef8f85ab462fbb32625fc42406483d21?s=96&d=mm&r=g","contentUrl":"https:\/\/secure.gravatar.com\/avatar\/154f262492794df2a6cb5d5349227b18ef8f85ab462fbb32625fc42406483d21?s=96&d=mm&r=g","caption":"admin-szabolcs"},"url":"https:\/\/kinaikaleidoszkop.hu\/index.php\/author\/admin-szabolcs\/"}]}},"views":236,"distributor_meta":false,"distributor_terms":false,"distributor_media":false,"distributor_original_site_name":"kinaikaleidoszkop.hu","distributor_original_site_url":"https:\/\/kinaikaleidoszkop.hu","push-errors":false,"_links":{"self":[{"href":"https:\/\/kinaikaleidoszkop.hu\/index.php\/wp-json\/wp\/v2\/posts\/18561","targetHints":{"allow":["GET"]}}],"collection":[{"href":"https:\/\/kinaikaleidoszkop.hu\/index.php\/wp-json\/wp\/v2\/posts"}],"about":[{"href":"https:\/\/kinaikaleidoszkop.hu\/index.php\/wp-json\/wp\/v2\/types\/post"}],"author":[{"embeddable":true,"href":"https:\/\/kinaikaleidoszkop.hu\/index.php\/wp-json\/wp\/v2\/users\/2"}],"replies":[{"embeddable":true,"href":"https:\/\/kinaikaleidoszkop.hu\/index.php\/wp-json\/wp\/v2\/comments?post=18561"}],"version-history":[{"count":1,"href":"https:\/\/kinaikaleidoszkop.hu\/index.php\/wp-json\/wp\/v2\/posts\/18561\/revisions"}],"predecessor-version":[{"id":18568,"href":"https:\/\/kinaikaleidoszkop.hu\/index.php\/wp-json\/wp\/v2\/posts\/18561\/revisions\/18568"}],"wp:featuredmedia":[{"embeddable":true,"href":"https:\/\/kinaikaleidoszkop.hu\/index.php\/wp-json\/wp\/v2\/media\/18567"}],"wp:attachment":[{"href":"https:\/\/kinaikaleidoszkop.hu\/index.php\/wp-json\/wp\/v2\/media?parent=18561"}],"wp:term":[{"taxonomy":"category","embeddable":true,"href":"https:\/\/kinaikaleidoszkop.hu\/index.php\/wp-json\/wp\/v2\/categories?post=18561"},{"taxonomy":"post_tag","embeddable":true,"href":"https:\/\/kinaikaleidoszkop.hu\/index.php\/wp-json\/wp\/v2\/tags?post=18561"}],"curies":[{"name":"wp","href":"https:\/\/api.w.org\/{rel}","templated":true}]}}