{"id":18564,"date":"2023-08-15T12:24:45","date_gmt":"2023-08-15T10:24:45","guid":{"rendered":"https:\/\/kinaikaleidoszkop.hu\/?p=18564"},"modified":"2023-08-15T12:24:46","modified_gmt":"2023-08-15T10:24:46","slug":"egymassal-taplalkoznak-halasmedence-hernyo-es-eperfa-agrarszisztemajaban","status":"publish","type":"post","link":"https:\/\/kinaikaleidoszkop.hu\/index.php\/2023\/08\/15\/egymassal-taplalkoznak-halasmedence-hernyo-es-eperfa-agrarszisztemajaban\/","title":{"rendered":"Egym\u00e1ssal t\u00e1pl\u00e1lkoznak \u201ehalasmedence&#8221;, herny\u00f3 \u00e9s eperfa agr\u00e1rsziszt\u00e9m\u00e1j\u00e1ban"},"content":{"rendered":"\n<p><strong>Az \u00fan. Herny\u00f3tart\u00e1si Alap\u00fa Halasmedence koncepci\u00f3ja a leggyakoribb mez\u0151gazdas\u00e1gi termel\u00e9si m\u00f3dnak sz\u00e1m\u00edt a Jangce delt\u00e1ja k\u00f6rny\u00e9k\u00e9n.<\/strong><\/p>\n\n\n\n<p>A termel\u00e9si m\u00f3d a korl\u00e1tolt mennyis\u00e9g\u0171 talaj b\u0151 kiakn\u00e1z\u00e1sa c\u00e9lj\u00e1b\u00f3l egy olyan hat\u00e9kony, mesters\u00e9ges \u00f6kosziszt\u00e9m\u00e1t teremt meg, amely arra \u00e9p\u00fcl, hogy a medenceparton (t\u00f6lt\u00e9sen) eperf\u00e1kat \u00fcltetnek, az eperlevelekkel herny\u00f3kat etetnek, a herny\u00f3tr\u00e1gy\u00e1val tartj\u00e1k a halakat, a haltr\u00e1gy\u00e1val n\u00f6velik a medencepart term\u00e9kenys\u00e9g\u00e9t, a \u201ehalasmedenc\u00e9k\u201d fenek\u00e9n felgy\u00fclemlett iszappal pedig t\u00e1pl\u00e1lj\u00e1k az eperf\u00e1kat. Mivel a term\u00e9szetbar\u00e1tibb herny\u00f3tart\u00e1sb\u00f3l sokkal magasabb hozamot nyerhetnek a gabonatermel\u00e9sn\u00e9l, a termel\u00e9si m\u00f3d a hagyom\u00e1nyos k\u00f6rfog\u00e1sos mez\u0151gazdas\u00e1g j\u00f3 p\u00e9ld\u00e1j\u00e1ul szolg\u00e1l vil\u00e1gviszonylatban is.<\/p>\n\n\n\n<p>Id\u00e9n augusztus 15-\u00e9t jel\u00f6lt\u00e9k meg el\u0151sz\u00f6r K\u00edn\u00e1ban Nemzeti \u00d6kol\u00f3giai Napk\u00e9nt, hiszen 18 \u00e9vvel ezel\u0151tt ezen a napon vetette fel els\u0151 alkalommal Hszi Csin-ping k\u00ednai \u00e1llameln\u00f6k a \u201eK\u00e9k vizek \u00e9s a z\u00f6ld hegyek, az arany- \u00e9s ez\u00fcstkincsek\u201d szeml\u00e9let\u00e9t a kelet-k\u00ednai Cs\u00f6csiang tartom\u00e1ny Hucsou v\u00e1ros\u00e1ban.<\/p>\n\n\n\n<p>Hucsou Hefu telep\u00fcl\u00e9s\u00e9n koncentr\u00e1ltan sorakoznak a Herny\u00f3tart\u00e1si Alap\u00fa Halasmedenc\u00e9k, s ott tal\u00e1lhat\u00f3 K\u00edna leg\u0151sibb \u00e9s legnagyobb ilyen kiterjed\u00e9s\u0171 komplett agr\u00e1rsziszt\u00e9m\u00e1ja is. A China Media Group tud\u00f3s\u00edt\u00f3i az \u00f6kol\u00f3giai nap alkalm\u00e1b\u00f3l ma a 2500 \u00e9ves m\u00faltra visszatekint\u0151 \u201ehalasmedenc\u00e9kn\u00e9l\u201d vend\u00e9geskedtek \u00e9lm\u00e9nyszerz\u00e9s c\u00e9lj\u00e1b\u00f3l.<\/p>\n\n\n\n<figure class=\"wp-block-embed is-type-video is-provider-youtube wp-block-embed-youtube wp-embed-aspect-16-9 wp-has-aspect-ratio\"><div class=\"wp-block-embed__wrapper\">\n<iframe loading=\"lazy\" title=\"Egym\u00e1ssal t\u00e1pl\u00e1lkoznak halast\u00f3, herny\u00f3 \u00e9s eperfa agr\u00e1rsziszt\u00e9m\u00e1j\u00e1ban\" width=\"1320\" height=\"743\" src=\"https:\/\/www.youtube.com\/embed\/-JkhEHP1iNE?feature=oembed\" frameborder=\"0\" allow=\"accelerometer; autoplay; clipboard-write; encrypted-media; gyroscope; picture-in-picture; web-share\" allowfullscreen><\/iframe>\n<\/div><\/figure>\n\n\n\n<p><strong>Wang Yuzhe<\/strong><\/p>\n\n\n\n<p><strong><em>(China Media Group)<\/em><\/strong><\/p>\n\n\n\n<p><strong>2023. augusztus 15.<\/strong><\/p>\n\n\n\n<p><strong>(x)<\/strong><\/p>\n","protected":false},"excerpt":{"rendered":"<p>Az \u00fan. Herny\u00f3tart\u00e1si Alap\u00fa Halasmedence koncepci\u00f3ja a leggyakoribb mez\u0151gazdas\u00e1gi termel\u00e9si m\u00f3dnak sz\u00e1m\u00edt a Jangce delt\u00e1ja k\u00f6rny\u00e9k\u00e9n. A termel\u00e9si m\u00f3d a korl\u00e1tolt mennyis\u00e9g\u0171 talaj b\u0151 kiakn\u00e1z\u00e1sa c\u00e9lj\u00e1b\u00f3l egy olyan hat\u00e9kony, mesters\u00e9ges \u00f6kosziszt\u00e9m\u00e1t teremt meg, amely arra \u00e9p\u00fcl, hogy a medenceparton (t\u00f6lt\u00e9sen) eperf\u00e1kat \u00fcltetnek, az eperlevelekkel herny\u00f3kat etetnek, a herny\u00f3tr\u00e1gy\u00e1val tartj\u00e1k a halakat, a haltr\u00e1gy\u00e1val n\u00f6velik a [&hellip;]<\/p>\n","protected":false},"author":2,"featured_media":18569,"comment_status":"closed","ping_status":"closed","sticky":false,"template":"","format":"standard","meta":{"footnotes":""},"categories":[45],"tags":[2843,2844,2845,2846,508,2839,306],"class_list":["post-18564","post","type-post","status-publish","format-standard","has-post-thumbnail","hentry","category-hirek","tag-eperfa","tag-halasmedence","tag-hernyo","tag-hucsou","tag-mezogazdasag","tag-nemzeti-okologiai-nap","tag-okoszisztema"],"yoast_head":"<!-- This site is optimized with the Yoast SEO plugin v23.7 - https:\/\/yoast.com\/wordpress\/plugins\/seo\/ -->\n<title>Egym\u00e1ssal t\u00e1pl\u00e1lkoznak \u201ehalasmedence&quot;, herny\u00f3 \u00e9s eperfa agr\u00e1rsziszt\u00e9m\u00e1j\u00e1ban - kinaikaleidoszkop.hu<\/title>\n<meta name=\"robots\" content=\"index, follow, max-snippet:-1, max-image-preview:large, max-video-preview:-1\" \/>\n<link rel=\"canonical\" href=\"https:\/\/kinaikaleidoszkop.hu\/index.php\/2023\/08\/15\/egymassal-taplalkoznak-halasmedence-hernyo-es-eperfa-agrarszisztemajaban\/\" \/>\n<meta property=\"og:locale\" content=\"hu_HU\" \/>\n<meta property=\"og:type\" content=\"article\" \/>\n<meta property=\"og:title\" content=\"Egym\u00e1ssal t\u00e1pl\u00e1lkoznak \u201ehalasmedence&quot;, herny\u00f3 \u00e9s eperfa agr\u00e1rsziszt\u00e9m\u00e1j\u00e1ban - kinaikaleidoszkop.hu\" \/>\n<meta property=\"og:description\" content=\"Az \u00fan. Herny\u00f3tart\u00e1si Alap\u00fa Halasmedence koncepci\u00f3ja a leggyakoribb mez\u0151gazdas\u00e1gi termel\u00e9si m\u00f3dnak sz\u00e1m\u00edt a Jangce delt\u00e1ja k\u00f6rny\u00e9k\u00e9n. A termel\u00e9si m\u00f3d a korl\u00e1tolt mennyis\u00e9g\u0171 talaj b\u0151 kiakn\u00e1z\u00e1sa c\u00e9lj\u00e1b\u00f3l egy olyan hat\u00e9kony, mesters\u00e9ges \u00f6kosziszt\u00e9m\u00e1t teremt meg, amely arra \u00e9p\u00fcl, hogy a medenceparton (t\u00f6lt\u00e9sen) eperf\u00e1kat \u00fcltetnek, az eperlevelekkel herny\u00f3kat etetnek, a herny\u00f3tr\u00e1gy\u00e1val tartj\u00e1k a halakat, a haltr\u00e1gy\u00e1val n\u00f6velik a [&hellip;]\" \/>\n<meta property=\"og:url\" content=\"https:\/\/kinaikaleidoszkop.hu\/index.php\/2023\/08\/15\/egymassal-taplalkoznak-halasmedence-hernyo-es-eperfa-agrarszisztemajaban\/\" \/>\n<meta property=\"og:site_name\" content=\"kinaikaleidoszkop.hu\" \/>\n<meta property=\"article:published_time\" content=\"2023-08-15T10:24:45+00:00\" \/>\n<meta property=\"article:modified_time\" content=\"2023-08-15T10:24:46+00:00\" \/>\n<meta property=\"og:image\" content=\"https:\/\/kinaikaleidoszkop.hu\/wp-content\/uploads\/2023\/08\/halasto.png\" \/>\n\t<meta property=\"og:image:width\" content=\"1260\" \/>\n\t<meta property=\"og:image:height\" content=\"701\" \/>\n\t<meta property=\"og:image:type\" content=\"image\/png\" \/>\n<meta name=\"author\" content=\"admin-szabolcs\" \/>\n<meta name=\"twitter:card\" content=\"summary_large_image\" \/>\n<meta name=\"twitter:label1\" content=\"Szerz\u0151:\" \/>\n\t<meta name=\"twitter:data1\" content=\"admin-szabolcs\" \/>\n\t<meta name=\"twitter:label2\" content=\"Becs\u00fclt olvas\u00e1si id\u0151\" \/>\n\t<meta name=\"twitter:data2\" content=\"1 perc\" \/>\n<script type=\"application\/ld+json\" class=\"yoast-schema-graph\">{\"@context\":\"https:\/\/schema.org\",\"@graph\":[{\"@type\":\"WebPage\",\"@id\":\"https:\/\/kinaikaleidoszkop.hu\/index.php\/2023\/08\/15\/egymassal-taplalkoznak-halasmedence-hernyo-es-eperfa-agrarszisztemajaban\/\",\"url\":\"https:\/\/kinaikaleidoszkop.hu\/index.php\/2023\/08\/15\/egymassal-taplalkoznak-halasmedence-hernyo-es-eperfa-agrarszisztemajaban\/\",\"name\":\"Egym\u00e1ssal t\u00e1pl\u00e1lkoznak \u201ehalasmedence\\\", herny\u00f3 \u00e9s eperfa agr\u00e1rsziszt\u00e9m\u00e1j\u00e1ban - kinaikaleidoszkop.hu\",\"isPartOf\":{\"@id\":\"https:\/\/kinaikaleidoszkop.hu\/#website\"},\"primaryImageOfPage\":{\"@id\":\"https:\/\/kinaikaleidoszkop.hu\/index.php\/2023\/08\/15\/egymassal-taplalkoznak-halasmedence-hernyo-es-eperfa-agrarszisztemajaban\/#primaryimage\"},\"image\":{\"@id\":\"https:\/\/kinaikaleidoszkop.hu\/index.php\/2023\/08\/15\/egymassal-taplalkoznak-halasmedence-hernyo-es-eperfa-agrarszisztemajaban\/#primaryimage\"},\"thumbnailUrl\":\"https:\/\/kinaikaleidoszkop.hu\/wp-content\/uploads\/2023\/08\/halasto.png\",\"datePublished\":\"2023-08-15T10:24:45+00:00\",\"dateModified\":\"2023-08-15T10:24:46+00:00\",\"author\":{\"@id\":\"https:\/\/kinaikaleidoszkop.hu\/#\/schema\/person\/b9e2febe742edd540c1197716ec02bf7\"},\"breadcrumb\":{\"@id\":\"https:\/\/kinaikaleidoszkop.hu\/index.php\/2023\/08\/15\/egymassal-taplalkoznak-halasmedence-hernyo-es-eperfa-agrarszisztemajaban\/#breadcrumb\"},\"inLanguage\":\"hu\",\"potentialAction\":[{\"@type\":\"ReadAction\",\"target\":[\"https:\/\/kinaikaleidoszkop.hu\/index.php\/2023\/08\/15\/egymassal-taplalkoznak-halasmedence-hernyo-es-eperfa-agrarszisztemajaban\/\"]}]},{\"@type\":\"ImageObject\",\"inLanguage\":\"hu\",\"@id\":\"https:\/\/kinaikaleidoszkop.hu\/index.php\/2023\/08\/15\/egymassal-taplalkoznak-halasmedence-hernyo-es-eperfa-agrarszisztemajaban\/#primaryimage\",\"url\":\"https:\/\/kinaikaleidoszkop.hu\/wp-content\/uploads\/2023\/08\/halasto.png\",\"contentUrl\":\"https:\/\/kinaikaleidoszkop.hu\/wp-content\/uploads\/2023\/08\/halasto.png\",\"width\":1260,\"height\":701},{\"@type\":\"BreadcrumbList\",\"@id\":\"https:\/\/kinaikaleidoszkop.hu\/index.php\/2023\/08\/15\/egymassal-taplalkoznak-halasmedence-hernyo-es-eperfa-agrarszisztemajaban\/#breadcrumb\",\"itemListElement\":[{\"@type\":\"ListItem\",\"position\":1,\"name\":\"Kezd\u0151lap\",\"item\":\"https:\/\/kinaikaleidoszkop.hu\/\"},{\"@type\":\"ListItem\",\"position\":2,\"name\":\"Egym\u00e1ssal t\u00e1pl\u00e1lkoznak \u201ehalasmedence&#8221;, herny\u00f3 \u00e9s eperfa agr\u00e1rsziszt\u00e9m\u00e1j\u00e1ban\"}]},{\"@type\":\"WebSite\",\"@id\":\"https:\/\/kinaikaleidoszkop.hu\/#website\",\"url\":\"https:\/\/kinaikaleidoszkop.hu\/\",\"name\":\"kinaikaleidoszkop.hu\",\"description\":\"\",\"potentialAction\":[{\"@type\":\"SearchAction\",\"target\":{\"@type\":\"EntryPoint\",\"urlTemplate\":\"https:\/\/kinaikaleidoszkop.hu\/?s={search_term_string}\"},\"query-input\":{\"@type\":\"PropertyValueSpecification\",\"valueRequired\":true,\"valueName\":\"search_term_string\"}}],\"inLanguage\":\"hu\"},{\"@type\":\"Person\",\"@id\":\"https:\/\/kinaikaleidoszkop.hu\/#\/schema\/person\/b9e2febe742edd540c1197716ec02bf7\",\"name\":\"admin-szabolcs\",\"image\":{\"@type\":\"ImageObject\",\"inLanguage\":\"hu\",\"@id\":\"https:\/\/kinaikaleidoszkop.hu\/#\/schema\/person\/image\/\",\"url\":\"https:\/\/secure.gravatar.com\/avatar\/154f262492794df2a6cb5d5349227b18ef8f85ab462fbb32625fc42406483d21?s=96&d=mm&r=g\",\"contentUrl\":\"https:\/\/secure.gravatar.com\/avatar\/154f262492794df2a6cb5d5349227b18ef8f85ab462fbb32625fc42406483d21?s=96&d=mm&r=g\",\"caption\":\"admin-szabolcs\"},\"url\":\"https:\/\/kinaikaleidoszkop.hu\/index.php\/author\/admin-szabolcs\/\"}]}<\/script>\n<!-- \/ Yoast SEO plugin. -->","yoast_head_json":{"title":"Egym\u00e1ssal t\u00e1pl\u00e1lkoznak \u201ehalasmedence\", herny\u00f3 \u00e9s eperfa agr\u00e1rsziszt\u00e9m\u00e1j\u00e1ban - kinaikaleidoszkop.hu","robots":{"index":"index","follow":"follow","max-snippet":"max-snippet:-1","max-image-preview":"max-image-preview:large","max-video-preview":"max-video-preview:-1"},"canonical":"https:\/\/kinaikaleidoszkop.hu\/index.php\/2023\/08\/15\/egymassal-taplalkoznak-halasmedence-hernyo-es-eperfa-agrarszisztemajaban\/","og_locale":"hu_HU","og_type":"article","og_title":"Egym\u00e1ssal t\u00e1pl\u00e1lkoznak \u201ehalasmedence\", herny\u00f3 \u00e9s eperfa agr\u00e1rsziszt\u00e9m\u00e1j\u00e1ban - kinaikaleidoszkop.hu","og_description":"Az \u00fan. Herny\u00f3tart\u00e1si Alap\u00fa Halasmedence koncepci\u00f3ja a leggyakoribb mez\u0151gazdas\u00e1gi termel\u00e9si m\u00f3dnak sz\u00e1m\u00edt a Jangce delt\u00e1ja k\u00f6rny\u00e9k\u00e9n. A termel\u00e9si m\u00f3d a korl\u00e1tolt mennyis\u00e9g\u0171 talaj b\u0151 kiakn\u00e1z\u00e1sa c\u00e9lj\u00e1b\u00f3l egy olyan hat\u00e9kony, mesters\u00e9ges \u00f6kosziszt\u00e9m\u00e1t teremt meg, amely arra \u00e9p\u00fcl, hogy a medenceparton (t\u00f6lt\u00e9sen) eperf\u00e1kat \u00fcltetnek, az eperlevelekkel herny\u00f3kat etetnek, a herny\u00f3tr\u00e1gy\u00e1val tartj\u00e1k a halakat, a haltr\u00e1gy\u00e1val n\u00f6velik a [&hellip;]","og_url":"https:\/\/kinaikaleidoszkop.hu\/index.php\/2023\/08\/15\/egymassal-taplalkoznak-halasmedence-hernyo-es-eperfa-agrarszisztemajaban\/","og_site_name":"kinaikaleidoszkop.hu","article_published_time":"2023-08-15T10:24:45+00:00","article_modified_time":"2023-08-15T10:24:46+00:00","og_image":[{"width":1260,"height":701,"url":"https:\/\/kinaikaleidoszkop.hu\/wp-content\/uploads\/2023\/08\/halasto.png","type":"image\/png"}],"author":"admin-szabolcs","twitter_card":"summary_large_image","twitter_misc":{"Szerz\u0151:":"admin-szabolcs","Becs\u00fclt olvas\u00e1si id\u0151":"1 perc"},"schema":{"@context":"https:\/\/schema.org","@graph":[{"@type":"WebPage","@id":"https:\/\/kinaikaleidoszkop.hu\/index.php\/2023\/08\/15\/egymassal-taplalkoznak-halasmedence-hernyo-es-eperfa-agrarszisztemajaban\/","url":"https:\/\/kinaikaleidoszkop.hu\/index.php\/2023\/08\/15\/egymassal-taplalkoznak-halasmedence-hernyo-es-eperfa-agrarszisztemajaban\/","name":"Egym\u00e1ssal t\u00e1pl\u00e1lkoznak \u201ehalasmedence\", herny\u00f3 \u00e9s eperfa agr\u00e1rsziszt\u00e9m\u00e1j\u00e1ban - kinaikaleidoszkop.hu","isPartOf":{"@id":"https:\/\/kinaikaleidoszkop.hu\/#website"},"primaryImageOfPage":{"@id":"https:\/\/kinaikaleidoszkop.hu\/index.php\/2023\/08\/15\/egymassal-taplalkoznak-halasmedence-hernyo-es-eperfa-agrarszisztemajaban\/#primaryimage"},"image":{"@id":"https:\/\/kinaikaleidoszkop.hu\/index.php\/2023\/08\/15\/egymassal-taplalkoznak-halasmedence-hernyo-es-eperfa-agrarszisztemajaban\/#primaryimage"},"thumbnailUrl":"https:\/\/kinaikaleidoszkop.hu\/wp-content\/uploads\/2023\/08\/halasto.png","datePublished":"2023-08-15T10:24:45+00:00","dateModified":"2023-08-15T10:24:46+00:00","author":{"@id":"https:\/\/kinaikaleidoszkop.hu\/#\/schema\/person\/b9e2febe742edd540c1197716ec02bf7"},"breadcrumb":{"@id":"https:\/\/kinaikaleidoszkop.hu\/index.php\/2023\/08\/15\/egymassal-taplalkoznak-halasmedence-hernyo-es-eperfa-agrarszisztemajaban\/#breadcrumb"},"inLanguage":"hu","potentialAction":[{"@type":"ReadAction","target":["https:\/\/kinaikaleidoszkop.hu\/index.php\/2023\/08\/15\/egymassal-taplalkoznak-halasmedence-hernyo-es-eperfa-agrarszisztemajaban\/"]}]},{"@type":"ImageObject","inLanguage":"hu","@id":"https:\/\/kinaikaleidoszkop.hu\/index.php\/2023\/08\/15\/egymassal-taplalkoznak-halasmedence-hernyo-es-eperfa-agrarszisztemajaban\/#primaryimage","url":"https:\/\/kinaikaleidoszkop.hu\/wp-content\/uploads\/2023\/08\/halasto.png","contentUrl":"https:\/\/kinaikaleidoszkop.hu\/wp-content\/uploads\/2023\/08\/halasto.png","width":1260,"height":701},{"@type":"BreadcrumbList","@id":"https:\/\/kinaikaleidoszkop.hu\/index.php\/2023\/08\/15\/egymassal-taplalkoznak-halasmedence-hernyo-es-eperfa-agrarszisztemajaban\/#breadcrumb","itemListElement":[{"@type":"ListItem","position":1,"name":"Kezd\u0151lap","item":"https:\/\/kinaikaleidoszkop.hu\/"},{"@type":"ListItem","position":2,"name":"Egym\u00e1ssal t\u00e1pl\u00e1lkoznak \u201ehalasmedence&#8221;, herny\u00f3 \u00e9s eperfa agr\u00e1rsziszt\u00e9m\u00e1j\u00e1ban"}]},{"@type":"WebSite","@id":"https:\/\/kinaikaleidoszkop.hu\/#website","url":"https:\/\/kinaikaleidoszkop.hu\/","name":"kinaikaleidoszkop.hu","description":"","potentialAction":[{"@type":"SearchAction","target":{"@type":"EntryPoint","urlTemplate":"https:\/\/kinaikaleidoszkop.hu\/?s={search_term_string}"},"query-input":{"@type":"PropertyValueSpecification","valueRequired":true,"valueName":"search_term_string"}}],"inLanguage":"hu"},{"@type":"Person","@id":"https:\/\/kinaikaleidoszkop.hu\/#\/schema\/person\/b9e2febe742edd540c1197716ec02bf7","name":"admin-szabolcs","image":{"@type":"ImageObject","inLanguage":"hu","@id":"https:\/\/kinaikaleidoszkop.hu\/#\/schema\/person\/image\/","url":"https:\/\/secure.gravatar.com\/avatar\/154f262492794df2a6cb5d5349227b18ef8f85ab462fbb32625fc42406483d21?s=96&d=mm&r=g","contentUrl":"https:\/\/secure.gravatar.com\/avatar\/154f262492794df2a6cb5d5349227b18ef8f85ab462fbb32625fc42406483d21?s=96&d=mm&r=g","caption":"admin-szabolcs"},"url":"https:\/\/kinaikaleidoszkop.hu\/index.php\/author\/admin-szabolcs\/"}]}},"views":198,"distributor_meta":false,"distributor_terms":false,"distributor_media":false,"distributor_original_site_name":"kinaikaleidoszkop.hu","distributor_original_site_url":"https:\/\/kinaikaleidoszkop.hu","push-errors":false,"_links":{"self":[{"href":"https:\/\/kinaikaleidoszkop.hu\/index.php\/wp-json\/wp\/v2\/posts\/18564","targetHints":{"allow":["GET"]}}],"collection":[{"href":"https:\/\/kinaikaleidoszkop.hu\/index.php\/wp-json\/wp\/v2\/posts"}],"about":[{"href":"https:\/\/kinaikaleidoszkop.hu\/index.php\/wp-json\/wp\/v2\/types\/post"}],"author":[{"embeddable":true,"href":"https:\/\/kinaikaleidoszkop.hu\/index.php\/wp-json\/wp\/v2\/users\/2"}],"replies":[{"embeddable":true,"href":"https:\/\/kinaikaleidoszkop.hu\/index.php\/wp-json\/wp\/v2\/comments?post=18564"}],"version-history":[{"count":1,"href":"https:\/\/kinaikaleidoszkop.hu\/index.php\/wp-json\/wp\/v2\/posts\/18564\/revisions"}],"predecessor-version":[{"id":18570,"href":"https:\/\/kinaikaleidoszkop.hu\/index.php\/wp-json\/wp\/v2\/posts\/18564\/revisions\/18570"}],"wp:featuredmedia":[{"embeddable":true,"href":"https:\/\/kinaikaleidoszkop.hu\/index.php\/wp-json\/wp\/v2\/media\/18569"}],"wp:attachment":[{"href":"https:\/\/kinaikaleidoszkop.hu\/index.php\/wp-json\/wp\/v2\/media?parent=18564"}],"wp:term":[{"taxonomy":"category","embeddable":true,"href":"https:\/\/kinaikaleidoszkop.hu\/index.php\/wp-json\/wp\/v2\/categories?post=18564"},{"taxonomy":"post_tag","embeddable":true,"href":"https:\/\/kinaikaleidoszkop.hu\/index.php\/wp-json\/wp\/v2\/tags?post=18564"}],"curies":[{"name":"wp","href":"https:\/\/api.w.org\/{rel}","templated":true}]}}