{"id":18585,"date":"2023-08-16T12:50:47","date_gmt":"2023-08-16T10:50:47","guid":{"rendered":"https:\/\/kinaikaleidoszkop.hu\/?p=18585"},"modified":"2023-08-16T12:50:48","modified_gmt":"2023-08-16T10:50:48","slug":"hszi-csin-ping-utmutatasa-a-vizes-elohelyek-megorzesere","status":"publish","type":"post","link":"https:\/\/kinaikaleidoszkop.hu\/index.php\/2023\/08\/16\/hszi-csin-ping-utmutatasa-a-vizes-elohelyek-megorzesere\/","title":{"rendered":"Hszi Csin-ping \u00fatmutat\u00e1sa a vizes \u00e9l\u0151helyek meg\u0151rz\u00e9s\u00e9re"},"content":{"rendered":"\n<p><strong>2023. augusztus 15-e volt K\u00edna els\u0151 nemzeti \u00f6kol\u00f3giai napja. Az \u00f6kol\u00f3giai civiliz\u00e1ci\u00f3 \u00e9p\u00edt\u00e9s\u00e9nek fontos r\u00e9szek\u00e9nt a vizes \u00e9l\u0151helyek meg\u0151rz\u00e9se szorosan kapcsol\u00f3dik a nemzeti \u00f6kol\u00f3giai biztons\u00e1ghoz, a fenntarthat\u00f3 gazdas\u00e1gi \u00e9s t\u00e1rsadalmi fejl\u0151d\u00e9shez, valamint a k\u00f6vetkez\u0151 gener\u00e1ci\u00f3k j\u00f3l\u00e9t\u00e9hez. Hszi Csin-ping k\u00ednai \u00e1llamf\u0151 szemle\u00fatjai sor\u00e1n t\u00f6bbsz\u00f6r is eml\u00edtette a vizes \u00e9l\u0151helyek v\u00e9delm\u00e9nek fontoss\u00e1g\u00e1t \u00e9s \u00fatmutat\u00e1st is adott e k\u00e9rd\u00e9sben.<\/strong><\/p>\n\n\n<div class=\"wp-block-image\">\n<figure class=\"alignright is-resized\"><img loading=\"lazy\" decoding=\"async\" src=\"https:\/\/hirpest.hu\/wp-content\/uploads\/2023\/08\/0816Lea1.jpg\" alt=\"\" class=\"wp-image-18285\" style=\"width:470px;height:313px\" width=\"470\" height=\"313\"\/><\/figure>\n<\/div>\n\n\n<p>\u201eAz \u00f6kol\u00f3giai parkok \u00e9p\u00edt\u00e9s\u00e9nek \u00f6sszhangban kell \u00e1llniuk a term\u00e9szettel. Er\u0151s\u00edten\u00fcnk kell a vizes \u00e9l\u0151helyek \u00f6kosziszt\u00e9m\u00e1j\u00e1nak meg\u0151rz\u00e9s\u00e9t \u00e9s helyre\u00e1ll\u00edt\u00e1s\u00e1t, valamint integr\u00e1lnunk kell az \u00f6kol\u00f3giai v\u00e9delmet a termel\u00e9ssel \u00e9s az \u00e9let\u00fcnkkel, hogy&nbsp; sz\u00e9p, z\u00f6ld, alacsony karbon-kibocs\u00e1t\u00e1s\u00fa \u00e9s \u00e9lhet\u0151 v\u00e1rosokat \u00e9p\u00edts\u00fcnk\u201d \u2013 mondta Hszi 2023. j\u00falius 29-\u00e9n a Shaanxi tartom\u00e1nyi hanzhongi Tianhan Wetland Parkban tett l\u00e1togat\u00e1sa sor\u00e1n.<\/p>\n\n\n\n<p>Hszi id\u00e9n \u00e1prilisban a Kanton tartom\u00e1nyi Zhanjiang v\u00e1rosi mangrove nemzeti term\u00e9szetv\u00e9delmi ter\u00fcleten tett l\u00e1togat\u00e1sa alkalm\u00e1val \u00edgy fogalmazott: \u201eEz a mangrove \u00e1llami kincs, amelyet \u00fagy kell v\u00e9den\u00fcnk, ahogy a szem\u00fcnk f\u00e9ny\u00e9t. A tengeri \u00f6kol\u00f3giai v\u00e9delem is az \u00f6kol\u00f3giai civiliz\u00e1ci\u00f3 \u00e9p\u00edt\u00e9s\u00e9nek fontos r\u00e9sze. A z\u00f6ld fejleszt\u00e9st nemzed\u00e9kr\u0151l nemzed\u00e9kre \u00e1truh\u00e1zva kell folytatnunk, hogy egy sz\u00e9ps\u00e9ges K\u00edn\u00e1t \u00e9p\u00edts\u00fcnk \u00e9s hozz\u00e1j\u00e1ruljunk a glob\u00e1lis falu v\u00e9delm\u00e9hez\u201d.<\/p>\n\n\n\n<p>Hszi 2020-ban a zhejiangi Xixi Vizes \u00c9l\u0151helyek Nemzeti Parkj\u00e1ban a k\u00f6vetkez\u0151ket mondta: \u201eAz \u00f6kol\u00f3giai k\u00f6rnyezetet nem \u00e1ldozhatjuk be a turizmus fejleszt\u00e9sekor. A kereskedelmi c\u00e9l\u00fa fejleszt\u00e9seket nem szabad t\u00falz\u00e1sba vinni, az \u00e9p\u00edtm\u00e9nyeknek nem szabad rossz ir\u00e1nyba befoly\u00e1solniuk vagy elpuszt\u00edtaniuk az \u00f6kol\u00f3giai k\u00f6rnyezetet. A parkoknak z\u00f6ld ter\u00fcleteknek kell maradniuk, amelyeket a n\u00e9p k\u00f6z\u00f6sen haszn\u00e1l\u201d \u2013 hangs\u00falyozta.<\/p>\n\n\n\n<p><strong><em>(Ma Xiaolu \u2013 China Media Group)<\/em><\/strong><\/p>\n\n\n\n<p><strong>2023. augusztus 16.<\/strong><\/p>\n\n\n\n<p><strong>(x)<\/strong><\/p>\n","protected":false},"excerpt":{"rendered":"<p>2023. augusztus 15-e volt K\u00edna els\u0151 nemzeti \u00f6kol\u00f3giai napja. Az \u00f6kol\u00f3giai civiliz\u00e1ci\u00f3 \u00e9p\u00edt\u00e9s\u00e9nek fontos r\u00e9szek\u00e9nt a vizes \u00e9l\u0151helyek meg\u0151rz\u00e9se szorosan kapcsol\u00f3dik a nemzeti \u00f6kol\u00f3giai biztons\u00e1ghoz, a fenntarthat\u00f3 gazdas\u00e1gi \u00e9s t\u00e1rsadalmi fejl\u0151d\u00e9shez, valamint a k\u00f6vetkez\u0151 gener\u00e1ci\u00f3k j\u00f3l\u00e9t\u00e9hez. Hszi Csin-ping k\u00ednai \u00e1llamf\u0151 szemle\u00fatjai sor\u00e1n t\u00f6bbsz\u00f6r is eml\u00edtette a vizes \u00e9l\u0151helyek v\u00e9delm\u00e9nek fontoss\u00e1g\u00e1t \u00e9s \u00fatmutat\u00e1st is adott e [&hellip;]<\/p>\n","protected":false},"author":2,"featured_media":18588,"comment_status":"closed","ping_status":"closed","sticky":false,"template":"","format":"standard","meta":{"footnotes":""},"categories":[45],"tags":[414,305,372,2839,1176,777,2861,1710],"class_list":["post-18585","post","type-post","status-publish","format-standard","has-post-thumbnail","hentry","category-hirek","tag-fejlodes","tag-hszi-csin-ping","tag-kinai-allamfo","tag-nemzeti-okologiai-nap","tag-okologiai-civilizacio","tag-szemleut","tag-utmutatas","tag-vizes-elohelyek"],"yoast_head":"<!-- This site is optimized with the Yoast SEO plugin v23.7 - https:\/\/yoast.com\/wordpress\/plugins\/seo\/ -->\n<title>Hszi Csin-ping \u00fatmutat\u00e1sa a vizes \u00e9l\u0151helyek meg\u0151rz\u00e9s\u00e9re - kinaikaleidoszkop.hu<\/title>\n<meta name=\"robots\" content=\"index, follow, max-snippet:-1, max-image-preview:large, max-video-preview:-1\" \/>\n<link rel=\"canonical\" href=\"https:\/\/kinaikaleidoszkop.hu\/index.php\/2023\/08\/16\/hszi-csin-ping-utmutatasa-a-vizes-elohelyek-megorzesere\/\" \/>\n<meta property=\"og:locale\" content=\"hu_HU\" \/>\n<meta property=\"og:type\" content=\"article\" \/>\n<meta property=\"og:title\" content=\"Hszi Csin-ping \u00fatmutat\u00e1sa a vizes \u00e9l\u0151helyek meg\u0151rz\u00e9s\u00e9re - kinaikaleidoszkop.hu\" \/>\n<meta property=\"og:description\" content=\"2023. augusztus 15-e volt K\u00edna els\u0151 nemzeti \u00f6kol\u00f3giai napja. Az \u00f6kol\u00f3giai civiliz\u00e1ci\u00f3 \u00e9p\u00edt\u00e9s\u00e9nek fontos r\u00e9szek\u00e9nt a vizes \u00e9l\u0151helyek meg\u0151rz\u00e9se szorosan kapcsol\u00f3dik a nemzeti \u00f6kol\u00f3giai biztons\u00e1ghoz, a fenntarthat\u00f3 gazdas\u00e1gi \u00e9s t\u00e1rsadalmi fejl\u0151d\u00e9shez, valamint a k\u00f6vetkez\u0151 gener\u00e1ci\u00f3k j\u00f3l\u00e9t\u00e9hez. Hszi Csin-ping k\u00ednai \u00e1llamf\u0151 szemle\u00fatjai sor\u00e1n t\u00f6bbsz\u00f6r is eml\u00edtette a vizes \u00e9l\u0151helyek v\u00e9delm\u00e9nek fontoss\u00e1g\u00e1t \u00e9s \u00fatmutat\u00e1st is adott e [&hellip;]\" \/>\n<meta property=\"og:url\" content=\"https:\/\/kinaikaleidoszkop.hu\/index.php\/2023\/08\/16\/hszi-csin-ping-utmutatasa-a-vizes-elohelyek-megorzesere\/\" \/>\n<meta property=\"og:site_name\" content=\"kinaikaleidoszkop.hu\" \/>\n<meta property=\"article:published_time\" content=\"2023-08-16T10:50:47+00:00\" \/>\n<meta property=\"article:modified_time\" content=\"2023-08-16T10:50:48+00:00\" \/>\n<meta property=\"og:image\" content=\"https:\/\/kinaikaleidoszkop.hu\/wp-content\/uploads\/2023\/08\/0816Lea1.jpg\" \/>\n\t<meta property=\"og:image:width\" content=\"600\" \/>\n\t<meta property=\"og:image:height\" content=\"400\" \/>\n\t<meta property=\"og:image:type\" content=\"image\/jpeg\" \/>\n<meta name=\"author\" content=\"admin-szabolcs\" \/>\n<meta name=\"twitter:card\" content=\"summary_large_image\" \/>\n<meta name=\"twitter:label1\" content=\"Szerz\u0151:\" \/>\n\t<meta name=\"twitter:data1\" content=\"admin-szabolcs\" \/>\n\t<meta name=\"twitter:label2\" content=\"Becs\u00fclt olvas\u00e1si id\u0151\" \/>\n\t<meta name=\"twitter:data2\" content=\"2 perc\" \/>\n<script type=\"application\/ld+json\" class=\"yoast-schema-graph\">{\"@context\":\"https:\/\/schema.org\",\"@graph\":[{\"@type\":\"WebPage\",\"@id\":\"https:\/\/kinaikaleidoszkop.hu\/index.php\/2023\/08\/16\/hszi-csin-ping-utmutatasa-a-vizes-elohelyek-megorzesere\/\",\"url\":\"https:\/\/kinaikaleidoszkop.hu\/index.php\/2023\/08\/16\/hszi-csin-ping-utmutatasa-a-vizes-elohelyek-megorzesere\/\",\"name\":\"Hszi Csin-ping \u00fatmutat\u00e1sa a vizes \u00e9l\u0151helyek meg\u0151rz\u00e9s\u00e9re - kinaikaleidoszkop.hu\",\"isPartOf\":{\"@id\":\"https:\/\/kinaikaleidoszkop.hu\/#website\"},\"primaryImageOfPage\":{\"@id\":\"https:\/\/kinaikaleidoszkop.hu\/index.php\/2023\/08\/16\/hszi-csin-ping-utmutatasa-a-vizes-elohelyek-megorzesere\/#primaryimage\"},\"image\":{\"@id\":\"https:\/\/kinaikaleidoszkop.hu\/index.php\/2023\/08\/16\/hszi-csin-ping-utmutatasa-a-vizes-elohelyek-megorzesere\/#primaryimage\"},\"thumbnailUrl\":\"https:\/\/kinaikaleidoszkop.hu\/wp-content\/uploads\/2023\/08\/0816Lea1.jpg\",\"datePublished\":\"2023-08-16T10:50:47+00:00\",\"dateModified\":\"2023-08-16T10:50:48+00:00\",\"author\":{\"@id\":\"https:\/\/kinaikaleidoszkop.hu\/#\/schema\/person\/b9e2febe742edd540c1197716ec02bf7\"},\"breadcrumb\":{\"@id\":\"https:\/\/kinaikaleidoszkop.hu\/index.php\/2023\/08\/16\/hszi-csin-ping-utmutatasa-a-vizes-elohelyek-megorzesere\/#breadcrumb\"},\"inLanguage\":\"hu\",\"potentialAction\":[{\"@type\":\"ReadAction\",\"target\":[\"https:\/\/kinaikaleidoszkop.hu\/index.php\/2023\/08\/16\/hszi-csin-ping-utmutatasa-a-vizes-elohelyek-megorzesere\/\"]}]},{\"@type\":\"ImageObject\",\"inLanguage\":\"hu\",\"@id\":\"https:\/\/kinaikaleidoszkop.hu\/index.php\/2023\/08\/16\/hszi-csin-ping-utmutatasa-a-vizes-elohelyek-megorzesere\/#primaryimage\",\"url\":\"https:\/\/kinaikaleidoszkop.hu\/wp-content\/uploads\/2023\/08\/0816Lea1.jpg\",\"contentUrl\":\"https:\/\/kinaikaleidoszkop.hu\/wp-content\/uploads\/2023\/08\/0816Lea1.jpg\",\"width\":600,\"height\":400},{\"@type\":\"BreadcrumbList\",\"@id\":\"https:\/\/kinaikaleidoszkop.hu\/index.php\/2023\/08\/16\/hszi-csin-ping-utmutatasa-a-vizes-elohelyek-megorzesere\/#breadcrumb\",\"itemListElement\":[{\"@type\":\"ListItem\",\"position\":1,\"name\":\"Kezd\u0151lap\",\"item\":\"https:\/\/kinaikaleidoszkop.hu\/\"},{\"@type\":\"ListItem\",\"position\":2,\"name\":\"Hszi Csin-ping \u00fatmutat\u00e1sa a vizes \u00e9l\u0151helyek meg\u0151rz\u00e9s\u00e9re\"}]},{\"@type\":\"WebSite\",\"@id\":\"https:\/\/kinaikaleidoszkop.hu\/#website\",\"url\":\"https:\/\/kinaikaleidoszkop.hu\/\",\"name\":\"kinaikaleidoszkop.hu\",\"description\":\"\",\"potentialAction\":[{\"@type\":\"SearchAction\",\"target\":{\"@type\":\"EntryPoint\",\"urlTemplate\":\"https:\/\/kinaikaleidoszkop.hu\/?s={search_term_string}\"},\"query-input\":{\"@type\":\"PropertyValueSpecification\",\"valueRequired\":true,\"valueName\":\"search_term_string\"}}],\"inLanguage\":\"hu\"},{\"@type\":\"Person\",\"@id\":\"https:\/\/kinaikaleidoszkop.hu\/#\/schema\/person\/b9e2febe742edd540c1197716ec02bf7\",\"name\":\"admin-szabolcs\",\"image\":{\"@type\":\"ImageObject\",\"inLanguage\":\"hu\",\"@id\":\"https:\/\/kinaikaleidoszkop.hu\/#\/schema\/person\/image\/\",\"url\":\"https:\/\/secure.gravatar.com\/avatar\/154f262492794df2a6cb5d5349227b18ef8f85ab462fbb32625fc42406483d21?s=96&d=mm&r=g\",\"contentUrl\":\"https:\/\/secure.gravatar.com\/avatar\/154f262492794df2a6cb5d5349227b18ef8f85ab462fbb32625fc42406483d21?s=96&d=mm&r=g\",\"caption\":\"admin-szabolcs\"},\"url\":\"https:\/\/kinaikaleidoszkop.hu\/index.php\/author\/admin-szabolcs\/\"}]}<\/script>\n<!-- \/ Yoast SEO plugin. -->","yoast_head_json":{"title":"Hszi Csin-ping \u00fatmutat\u00e1sa a vizes \u00e9l\u0151helyek meg\u0151rz\u00e9s\u00e9re - kinaikaleidoszkop.hu","robots":{"index":"index","follow":"follow","max-snippet":"max-snippet:-1","max-image-preview":"max-image-preview:large","max-video-preview":"max-video-preview:-1"},"canonical":"https:\/\/kinaikaleidoszkop.hu\/index.php\/2023\/08\/16\/hszi-csin-ping-utmutatasa-a-vizes-elohelyek-megorzesere\/","og_locale":"hu_HU","og_type":"article","og_title":"Hszi Csin-ping \u00fatmutat\u00e1sa a vizes \u00e9l\u0151helyek meg\u0151rz\u00e9s\u00e9re - kinaikaleidoszkop.hu","og_description":"2023. augusztus 15-e volt K\u00edna els\u0151 nemzeti \u00f6kol\u00f3giai napja. Az \u00f6kol\u00f3giai civiliz\u00e1ci\u00f3 \u00e9p\u00edt\u00e9s\u00e9nek fontos r\u00e9szek\u00e9nt a vizes \u00e9l\u0151helyek meg\u0151rz\u00e9se szorosan kapcsol\u00f3dik a nemzeti \u00f6kol\u00f3giai biztons\u00e1ghoz, a fenntarthat\u00f3 gazdas\u00e1gi \u00e9s t\u00e1rsadalmi fejl\u0151d\u00e9shez, valamint a k\u00f6vetkez\u0151 gener\u00e1ci\u00f3k j\u00f3l\u00e9t\u00e9hez. Hszi Csin-ping k\u00ednai \u00e1llamf\u0151 szemle\u00fatjai sor\u00e1n t\u00f6bbsz\u00f6r is eml\u00edtette a vizes \u00e9l\u0151helyek v\u00e9delm\u00e9nek fontoss\u00e1g\u00e1t \u00e9s \u00fatmutat\u00e1st is adott e [&hellip;]","og_url":"https:\/\/kinaikaleidoszkop.hu\/index.php\/2023\/08\/16\/hszi-csin-ping-utmutatasa-a-vizes-elohelyek-megorzesere\/","og_site_name":"kinaikaleidoszkop.hu","article_published_time":"2023-08-16T10:50:47+00:00","article_modified_time":"2023-08-16T10:50:48+00:00","og_image":[{"width":600,"height":400,"url":"https:\/\/kinaikaleidoszkop.hu\/wp-content\/uploads\/2023\/08\/0816Lea1.jpg","type":"image\/jpeg"}],"author":"admin-szabolcs","twitter_card":"summary_large_image","twitter_misc":{"Szerz\u0151:":"admin-szabolcs","Becs\u00fclt olvas\u00e1si id\u0151":"2 perc"},"schema":{"@context":"https:\/\/schema.org","@graph":[{"@type":"WebPage","@id":"https:\/\/kinaikaleidoszkop.hu\/index.php\/2023\/08\/16\/hszi-csin-ping-utmutatasa-a-vizes-elohelyek-megorzesere\/","url":"https:\/\/kinaikaleidoszkop.hu\/index.php\/2023\/08\/16\/hszi-csin-ping-utmutatasa-a-vizes-elohelyek-megorzesere\/","name":"Hszi Csin-ping \u00fatmutat\u00e1sa a vizes \u00e9l\u0151helyek meg\u0151rz\u00e9s\u00e9re - kinaikaleidoszkop.hu","isPartOf":{"@id":"https:\/\/kinaikaleidoszkop.hu\/#website"},"primaryImageOfPage":{"@id":"https:\/\/kinaikaleidoszkop.hu\/index.php\/2023\/08\/16\/hszi-csin-ping-utmutatasa-a-vizes-elohelyek-megorzesere\/#primaryimage"},"image":{"@id":"https:\/\/kinaikaleidoszkop.hu\/index.php\/2023\/08\/16\/hszi-csin-ping-utmutatasa-a-vizes-elohelyek-megorzesere\/#primaryimage"},"thumbnailUrl":"https:\/\/kinaikaleidoszkop.hu\/wp-content\/uploads\/2023\/08\/0816Lea1.jpg","datePublished":"2023-08-16T10:50:47+00:00","dateModified":"2023-08-16T10:50:48+00:00","author":{"@id":"https:\/\/kinaikaleidoszkop.hu\/#\/schema\/person\/b9e2febe742edd540c1197716ec02bf7"},"breadcrumb":{"@id":"https:\/\/kinaikaleidoszkop.hu\/index.php\/2023\/08\/16\/hszi-csin-ping-utmutatasa-a-vizes-elohelyek-megorzesere\/#breadcrumb"},"inLanguage":"hu","potentialAction":[{"@type":"ReadAction","target":["https:\/\/kinaikaleidoszkop.hu\/index.php\/2023\/08\/16\/hszi-csin-ping-utmutatasa-a-vizes-elohelyek-megorzesere\/"]}]},{"@type":"ImageObject","inLanguage":"hu","@id":"https:\/\/kinaikaleidoszkop.hu\/index.php\/2023\/08\/16\/hszi-csin-ping-utmutatasa-a-vizes-elohelyek-megorzesere\/#primaryimage","url":"https:\/\/kinaikaleidoszkop.hu\/wp-content\/uploads\/2023\/08\/0816Lea1.jpg","contentUrl":"https:\/\/kinaikaleidoszkop.hu\/wp-content\/uploads\/2023\/08\/0816Lea1.jpg","width":600,"height":400},{"@type":"BreadcrumbList","@id":"https:\/\/kinaikaleidoszkop.hu\/index.php\/2023\/08\/16\/hszi-csin-ping-utmutatasa-a-vizes-elohelyek-megorzesere\/#breadcrumb","itemListElement":[{"@type":"ListItem","position":1,"name":"Kezd\u0151lap","item":"https:\/\/kinaikaleidoszkop.hu\/"},{"@type":"ListItem","position":2,"name":"Hszi Csin-ping \u00fatmutat\u00e1sa a vizes \u00e9l\u0151helyek meg\u0151rz\u00e9s\u00e9re"}]},{"@type":"WebSite","@id":"https:\/\/kinaikaleidoszkop.hu\/#website","url":"https:\/\/kinaikaleidoszkop.hu\/","name":"kinaikaleidoszkop.hu","description":"","potentialAction":[{"@type":"SearchAction","target":{"@type":"EntryPoint","urlTemplate":"https:\/\/kinaikaleidoszkop.hu\/?s={search_term_string}"},"query-input":{"@type":"PropertyValueSpecification","valueRequired":true,"valueName":"search_term_string"}}],"inLanguage":"hu"},{"@type":"Person","@id":"https:\/\/kinaikaleidoszkop.hu\/#\/schema\/person\/b9e2febe742edd540c1197716ec02bf7","name":"admin-szabolcs","image":{"@type":"ImageObject","inLanguage":"hu","@id":"https:\/\/kinaikaleidoszkop.hu\/#\/schema\/person\/image\/","url":"https:\/\/secure.gravatar.com\/avatar\/154f262492794df2a6cb5d5349227b18ef8f85ab462fbb32625fc42406483d21?s=96&d=mm&r=g","contentUrl":"https:\/\/secure.gravatar.com\/avatar\/154f262492794df2a6cb5d5349227b18ef8f85ab462fbb32625fc42406483d21?s=96&d=mm&r=g","caption":"admin-szabolcs"},"url":"https:\/\/kinaikaleidoszkop.hu\/index.php\/author\/admin-szabolcs\/"}]}},"views":223,"distributor_meta":false,"distributor_terms":false,"distributor_media":false,"distributor_original_site_name":"kinaikaleidoszkop.hu","distributor_original_site_url":"https:\/\/kinaikaleidoszkop.hu","push-errors":false,"_links":{"self":[{"href":"https:\/\/kinaikaleidoszkop.hu\/index.php\/wp-json\/wp\/v2\/posts\/18585","targetHints":{"allow":["GET"]}}],"collection":[{"href":"https:\/\/kinaikaleidoszkop.hu\/index.php\/wp-json\/wp\/v2\/posts"}],"about":[{"href":"https:\/\/kinaikaleidoszkop.hu\/index.php\/wp-json\/wp\/v2\/types\/post"}],"author":[{"embeddable":true,"href":"https:\/\/kinaikaleidoszkop.hu\/index.php\/wp-json\/wp\/v2\/users\/2"}],"replies":[{"embeddable":true,"href":"https:\/\/kinaikaleidoszkop.hu\/index.php\/wp-json\/wp\/v2\/comments?post=18585"}],"version-history":[{"count":1,"href":"https:\/\/kinaikaleidoszkop.hu\/index.php\/wp-json\/wp\/v2\/posts\/18585\/revisions"}],"predecessor-version":[{"id":18589,"href":"https:\/\/kinaikaleidoszkop.hu\/index.php\/wp-json\/wp\/v2\/posts\/18585\/revisions\/18589"}],"wp:featuredmedia":[{"embeddable":true,"href":"https:\/\/kinaikaleidoszkop.hu\/index.php\/wp-json\/wp\/v2\/media\/18588"}],"wp:attachment":[{"href":"https:\/\/kinaikaleidoszkop.hu\/index.php\/wp-json\/wp\/v2\/media?parent=18585"}],"wp:term":[{"taxonomy":"category","embeddable":true,"href":"https:\/\/kinaikaleidoszkop.hu\/index.php\/wp-json\/wp\/v2\/categories?post=18585"},{"taxonomy":"post_tag","embeddable":true,"href":"https:\/\/kinaikaleidoszkop.hu\/index.php\/wp-json\/wp\/v2\/tags?post=18585"}],"curies":[{"name":"wp","href":"https:\/\/api.w.org\/{rel}","templated":true}]}}