{"id":18591,"date":"2023-08-17T12:46:30","date_gmt":"2023-08-17T10:46:30","guid":{"rendered":"https:\/\/kinaikaleidoszkop.hu\/?p=18591"},"modified":"2023-08-17T12:46:31","modified_gmt":"2023-08-17T10:46:31","slug":"kinai-kulugyi-szovivo-gyorsabban-no-kina-gazdasaga-mint-az-egyesult-allamoke","status":"publish","type":"post","link":"https:\/\/kinaikaleidoszkop.hu\/index.php\/2023\/08\/17\/kinai-kulugyi-szovivo-gyorsabban-no-kina-gazdasaga-mint-az-egyesult-allamoke\/","title":{"rendered":"K\u00ednai k\u00fcl\u00fcgyi sz\u00f3viv\u0151: gyorsabban n\u0151 K\u00edna gazdas\u00e1ga, mint az Egyes\u00fclt \u00c1llamok\u00e9"},"content":{"rendered":"\n<p><strong>\u201eAz idei \u00e9v els\u0151 fel\u00e9ben K\u00edna GDP-je 5,5 sz\u00e1zal\u00e9kkal n\u0151tt \u00e9ves szinten, ami jelent\u0151sen gyorsabb, mint a tavalyi \u00e9v 3 sz\u00e1zal\u00e9kos n\u00f6veked\u00e9se, \u00e9s egy\u00fattal 3 sz\u00e1zal\u00e9kponttal \u00e9l\u00e9nkebb, mint az Egyes\u00fclt \u00c1llamok\u00e9\u201d \u2013 mondta Wang Wenbin k\u00ednai k\u00fcl\u00fcgyi sz\u00f3viv\u0151 szerd\u00e1n arra reflekt\u00e1lva, hogy egyes nyugati politikusok \u00e9s m\u00e9diumok szerint a k\u00ednai gazdas\u00e1gi n\u00f6veked\u00e9s lassul\u00e1sa kock\u00e1zatot jelenthet a glob\u00e1lis gazdas\u00e1gra.<\/strong><\/p>\n\n\n<div class=\"wp-block-image\">\n<figure class=\"aligncenter\"><img decoding=\"async\" src=\"https:\/\/hirpest.hu\/wp-content\/uploads\/2023\/08\/\u6c6a\u6587\u658c.jpg\" alt=\"\" class=\"wp-image-18294\"\/><\/figure>\n<\/div>\n\n\n<p>Wang Wenbin hozz\u00e1tette, hogy az ilyen megjegyz\u00e9sek ellent\u00e9tesek a t\u00e9nyekkel. P\u00e9ldak\u00e9nt eml\u00edtette a Nemzetk\u00f6zi Valutaalap legfrissebb <em>Vil\u00e1ggazdas\u00e1gi kil\u00e1t\u00e1sok <\/em>(World Economic Outlook, WEO)&nbsp;c\u00edm\u0171 jelent\u00e9s\u00e9t, amely szerint a k\u00ednai gazdas\u00e1g id\u00e9n 5,2 sz\u00e1zal\u00e9kkal fog n\u00f6vekedni, ami az egyharmad\u00e1t tenn\u00e9 ki a vil\u00e1ggazdas\u00e1gi gyarapod\u00e1snak.<\/p>\n\n\n\n<p><strong><em>(Zhou Huiwen \u2013 China Media Group)<\/em><\/strong><\/p>\n\n\n\n<p><strong>2023. augusztus 17.<\/strong><\/p>\n\n\n\n<p><strong>(x)<\/strong><\/p>\n","protected":false},"excerpt":{"rendered":"<p>\u201eAz idei \u00e9v els\u0151 fel\u00e9ben K\u00edna GDP-je 5,5 sz\u00e1zal\u00e9kkal n\u0151tt \u00e9ves szinten, ami jelent\u0151sen gyorsabb, mint a tavalyi \u00e9v 3 sz\u00e1zal\u00e9kos n\u00f6veked\u00e9se, \u00e9s egy\u00fattal 3 sz\u00e1zal\u00e9kponttal \u00e9l\u00e9nkebb, mint az Egyes\u00fclt \u00c1llamok\u00e9\u201d \u2013 mondta Wang Wenbin k\u00ednai k\u00fcl\u00fcgyi sz\u00f3viv\u0151 szerd\u00e1n arra reflekt\u00e1lva, hogy egyes nyugati politikusok \u00e9s m\u00e9diumok szerint a k\u00ednai gazdas\u00e1gi n\u00f6veked\u00e9s lassul\u00e1sa kock\u00e1zatot jelenthet [&hellip;]<\/p>\n","protected":false},"author":2,"featured_media":18594,"comment_status":"closed","ping_status":"closed","sticky":false,"template":"","format":"standard","meta":{"footnotes":""},"categories":[45],"tags":[131,66,702,505,460,1977,728],"class_list":["post-18591","post","type-post","status-publish","format-standard","has-post-thumbnail","hentry","category-hirek","tag-egyesult-allamok","tag-gazdasag","tag-gazdasagi-novekedes","tag-jelentes","tag-kinai-kulugyi-szovivo","tag-nemzetkozi-valutaalap","tag-wang-wenbin"],"yoast_head":"<!-- This site is optimized with the Yoast SEO plugin v23.7 - https:\/\/yoast.com\/wordpress\/plugins\/seo\/ -->\n<title>K\u00ednai k\u00fcl\u00fcgyi sz\u00f3viv\u0151: gyorsabban n\u0151 K\u00edna gazdas\u00e1ga, mint az Egyes\u00fclt \u00c1llamok\u00e9 - kinaikaleidoszkop.hu<\/title>\n<meta name=\"robots\" content=\"index, follow, max-snippet:-1, max-image-preview:large, max-video-preview:-1\" \/>\n<link rel=\"canonical\" href=\"https:\/\/kinaikaleidoszkop.hu\/index.php\/2023\/08\/17\/kinai-kulugyi-szovivo-gyorsabban-no-kina-gazdasaga-mint-az-egyesult-allamoke\/\" \/>\n<meta property=\"og:locale\" content=\"hu_HU\" \/>\n<meta property=\"og:type\" content=\"article\" \/>\n<meta property=\"og:title\" content=\"K\u00ednai k\u00fcl\u00fcgyi sz\u00f3viv\u0151: gyorsabban n\u0151 K\u00edna gazdas\u00e1ga, mint az Egyes\u00fclt \u00c1llamok\u00e9 - kinaikaleidoszkop.hu\" \/>\n<meta property=\"og:description\" content=\"\u201eAz idei \u00e9v els\u0151 fel\u00e9ben K\u00edna GDP-je 5,5 sz\u00e1zal\u00e9kkal n\u0151tt \u00e9ves szinten, ami jelent\u0151sen gyorsabb, mint a tavalyi \u00e9v 3 sz\u00e1zal\u00e9kos n\u00f6veked\u00e9se, \u00e9s egy\u00fattal 3 sz\u00e1zal\u00e9kponttal \u00e9l\u00e9nkebb, mint az Egyes\u00fclt \u00c1llamok\u00e9\u201d \u2013 mondta Wang Wenbin k\u00ednai k\u00fcl\u00fcgyi sz\u00f3viv\u0151 szerd\u00e1n arra reflekt\u00e1lva, hogy egyes nyugati politikusok \u00e9s m\u00e9diumok szerint a k\u00ednai gazdas\u00e1gi n\u00f6veked\u00e9s lassul\u00e1sa kock\u00e1zatot jelenthet [&hellip;]\" \/>\n<meta property=\"og:url\" content=\"https:\/\/kinaikaleidoszkop.hu\/index.php\/2023\/08\/17\/kinai-kulugyi-szovivo-gyorsabban-no-kina-gazdasaga-mint-az-egyesult-allamoke\/\" \/>\n<meta property=\"og:site_name\" content=\"kinaikaleidoszkop.hu\" \/>\n<meta property=\"article:published_time\" content=\"2023-08-17T10:46:30+00:00\" \/>\n<meta property=\"article:modified_time\" content=\"2023-08-17T10:46:31+00:00\" \/>\n<meta property=\"og:image\" content=\"https:\/\/kinaikaleidoszkop.hu\/wp-content\/uploads\/2023\/08\/\u6c6a\u6587\u658c.jpg\" \/>\n\t<meta property=\"og:image:width\" content=\"600\" \/>\n\t<meta property=\"og:image:height\" content=\"400\" \/>\n\t<meta property=\"og:image:type\" content=\"image\/jpeg\" \/>\n<meta name=\"author\" content=\"admin-szabolcs\" \/>\n<meta name=\"twitter:card\" content=\"summary_large_image\" \/>\n<meta name=\"twitter:label1\" content=\"Szerz\u0151:\" \/>\n\t<meta name=\"twitter:data1\" content=\"admin-szabolcs\" \/>\n\t<meta name=\"twitter:label2\" content=\"Becs\u00fclt olvas\u00e1si id\u0151\" \/>\n\t<meta name=\"twitter:data2\" content=\"1 perc\" \/>\n<script type=\"application\/ld+json\" class=\"yoast-schema-graph\">{\"@context\":\"https:\/\/schema.org\",\"@graph\":[{\"@type\":\"WebPage\",\"@id\":\"https:\/\/kinaikaleidoszkop.hu\/index.php\/2023\/08\/17\/kinai-kulugyi-szovivo-gyorsabban-no-kina-gazdasaga-mint-az-egyesult-allamoke\/\",\"url\":\"https:\/\/kinaikaleidoszkop.hu\/index.php\/2023\/08\/17\/kinai-kulugyi-szovivo-gyorsabban-no-kina-gazdasaga-mint-az-egyesult-allamoke\/\",\"name\":\"K\u00ednai k\u00fcl\u00fcgyi sz\u00f3viv\u0151: gyorsabban n\u0151 K\u00edna gazdas\u00e1ga, mint az Egyes\u00fclt \u00c1llamok\u00e9 - kinaikaleidoszkop.hu\",\"isPartOf\":{\"@id\":\"https:\/\/kinaikaleidoszkop.hu\/#website\"},\"primaryImageOfPage\":{\"@id\":\"https:\/\/kinaikaleidoszkop.hu\/index.php\/2023\/08\/17\/kinai-kulugyi-szovivo-gyorsabban-no-kina-gazdasaga-mint-az-egyesult-allamoke\/#primaryimage\"},\"image\":{\"@id\":\"https:\/\/kinaikaleidoszkop.hu\/index.php\/2023\/08\/17\/kinai-kulugyi-szovivo-gyorsabban-no-kina-gazdasaga-mint-az-egyesult-allamoke\/#primaryimage\"},\"thumbnailUrl\":\"https:\/\/kinaikaleidoszkop.hu\/wp-content\/uploads\/2023\/08\/\u6c6a\u6587\u658c.jpg\",\"datePublished\":\"2023-08-17T10:46:30+00:00\",\"dateModified\":\"2023-08-17T10:46:31+00:00\",\"author\":{\"@id\":\"https:\/\/kinaikaleidoszkop.hu\/#\/schema\/person\/b9e2febe742edd540c1197716ec02bf7\"},\"breadcrumb\":{\"@id\":\"https:\/\/kinaikaleidoszkop.hu\/index.php\/2023\/08\/17\/kinai-kulugyi-szovivo-gyorsabban-no-kina-gazdasaga-mint-az-egyesult-allamoke\/#breadcrumb\"},\"inLanguage\":\"hu\",\"potentialAction\":[{\"@type\":\"ReadAction\",\"target\":[\"https:\/\/kinaikaleidoszkop.hu\/index.php\/2023\/08\/17\/kinai-kulugyi-szovivo-gyorsabban-no-kina-gazdasaga-mint-az-egyesult-allamoke\/\"]}]},{\"@type\":\"ImageObject\",\"inLanguage\":\"hu\",\"@id\":\"https:\/\/kinaikaleidoszkop.hu\/index.php\/2023\/08\/17\/kinai-kulugyi-szovivo-gyorsabban-no-kina-gazdasaga-mint-az-egyesult-allamoke\/#primaryimage\",\"url\":\"https:\/\/kinaikaleidoszkop.hu\/wp-content\/uploads\/2023\/08\/\u6c6a\u6587\u658c.jpg\",\"contentUrl\":\"https:\/\/kinaikaleidoszkop.hu\/wp-content\/uploads\/2023\/08\/\u6c6a\u6587\u658c.jpg\",\"width\":600,\"height\":400},{\"@type\":\"BreadcrumbList\",\"@id\":\"https:\/\/kinaikaleidoszkop.hu\/index.php\/2023\/08\/17\/kinai-kulugyi-szovivo-gyorsabban-no-kina-gazdasaga-mint-az-egyesult-allamoke\/#breadcrumb\",\"itemListElement\":[{\"@type\":\"ListItem\",\"position\":1,\"name\":\"Kezd\u0151lap\",\"item\":\"https:\/\/kinaikaleidoszkop.hu\/\"},{\"@type\":\"ListItem\",\"position\":2,\"name\":\"K\u00ednai k\u00fcl\u00fcgyi sz\u00f3viv\u0151: gyorsabban n\u0151 K\u00edna gazdas\u00e1ga, mint az Egyes\u00fclt \u00c1llamok\u00e9\"}]},{\"@type\":\"WebSite\",\"@id\":\"https:\/\/kinaikaleidoszkop.hu\/#website\",\"url\":\"https:\/\/kinaikaleidoszkop.hu\/\",\"name\":\"kinaikaleidoszkop.hu\",\"description\":\"\",\"potentialAction\":[{\"@type\":\"SearchAction\",\"target\":{\"@type\":\"EntryPoint\",\"urlTemplate\":\"https:\/\/kinaikaleidoszkop.hu\/?s={search_term_string}\"},\"query-input\":{\"@type\":\"PropertyValueSpecification\",\"valueRequired\":true,\"valueName\":\"search_term_string\"}}],\"inLanguage\":\"hu\"},{\"@type\":\"Person\",\"@id\":\"https:\/\/kinaikaleidoszkop.hu\/#\/schema\/person\/b9e2febe742edd540c1197716ec02bf7\",\"name\":\"admin-szabolcs\",\"image\":{\"@type\":\"ImageObject\",\"inLanguage\":\"hu\",\"@id\":\"https:\/\/kinaikaleidoszkop.hu\/#\/schema\/person\/image\/\",\"url\":\"https:\/\/secure.gravatar.com\/avatar\/154f262492794df2a6cb5d5349227b18ef8f85ab462fbb32625fc42406483d21?s=96&d=mm&r=g\",\"contentUrl\":\"https:\/\/secure.gravatar.com\/avatar\/154f262492794df2a6cb5d5349227b18ef8f85ab462fbb32625fc42406483d21?s=96&d=mm&r=g\",\"caption\":\"admin-szabolcs\"},\"url\":\"https:\/\/kinaikaleidoszkop.hu\/index.php\/author\/admin-szabolcs\/\"}]}<\/script>\n<!-- \/ Yoast SEO plugin. -->","yoast_head_json":{"title":"K\u00ednai k\u00fcl\u00fcgyi sz\u00f3viv\u0151: gyorsabban n\u0151 K\u00edna gazdas\u00e1ga, mint az Egyes\u00fclt \u00c1llamok\u00e9 - kinaikaleidoszkop.hu","robots":{"index":"index","follow":"follow","max-snippet":"max-snippet:-1","max-image-preview":"max-image-preview:large","max-video-preview":"max-video-preview:-1"},"canonical":"https:\/\/kinaikaleidoszkop.hu\/index.php\/2023\/08\/17\/kinai-kulugyi-szovivo-gyorsabban-no-kina-gazdasaga-mint-az-egyesult-allamoke\/","og_locale":"hu_HU","og_type":"article","og_title":"K\u00ednai k\u00fcl\u00fcgyi sz\u00f3viv\u0151: gyorsabban n\u0151 K\u00edna gazdas\u00e1ga, mint az Egyes\u00fclt \u00c1llamok\u00e9 - kinaikaleidoszkop.hu","og_description":"\u201eAz idei \u00e9v els\u0151 fel\u00e9ben K\u00edna GDP-je 5,5 sz\u00e1zal\u00e9kkal n\u0151tt \u00e9ves szinten, ami jelent\u0151sen gyorsabb, mint a tavalyi \u00e9v 3 sz\u00e1zal\u00e9kos n\u00f6veked\u00e9se, \u00e9s egy\u00fattal 3 sz\u00e1zal\u00e9kponttal \u00e9l\u00e9nkebb, mint az Egyes\u00fclt \u00c1llamok\u00e9\u201d \u2013 mondta Wang Wenbin k\u00ednai k\u00fcl\u00fcgyi sz\u00f3viv\u0151 szerd\u00e1n arra reflekt\u00e1lva, hogy egyes nyugati politikusok \u00e9s m\u00e9diumok szerint a k\u00ednai gazdas\u00e1gi n\u00f6veked\u00e9s lassul\u00e1sa kock\u00e1zatot jelenthet [&hellip;]","og_url":"https:\/\/kinaikaleidoszkop.hu\/index.php\/2023\/08\/17\/kinai-kulugyi-szovivo-gyorsabban-no-kina-gazdasaga-mint-az-egyesult-allamoke\/","og_site_name":"kinaikaleidoszkop.hu","article_published_time":"2023-08-17T10:46:30+00:00","article_modified_time":"2023-08-17T10:46:31+00:00","og_image":[{"width":600,"height":400,"url":"https:\/\/kinaikaleidoszkop.hu\/wp-content\/uploads\/2023\/08\/\u6c6a\u6587\u658c.jpg","type":"image\/jpeg"}],"author":"admin-szabolcs","twitter_card":"summary_large_image","twitter_misc":{"Szerz\u0151:":"admin-szabolcs","Becs\u00fclt olvas\u00e1si id\u0151":"1 perc"},"schema":{"@context":"https:\/\/schema.org","@graph":[{"@type":"WebPage","@id":"https:\/\/kinaikaleidoszkop.hu\/index.php\/2023\/08\/17\/kinai-kulugyi-szovivo-gyorsabban-no-kina-gazdasaga-mint-az-egyesult-allamoke\/","url":"https:\/\/kinaikaleidoszkop.hu\/index.php\/2023\/08\/17\/kinai-kulugyi-szovivo-gyorsabban-no-kina-gazdasaga-mint-az-egyesult-allamoke\/","name":"K\u00ednai k\u00fcl\u00fcgyi sz\u00f3viv\u0151: gyorsabban n\u0151 K\u00edna gazdas\u00e1ga, mint az Egyes\u00fclt \u00c1llamok\u00e9 - kinaikaleidoszkop.hu","isPartOf":{"@id":"https:\/\/kinaikaleidoszkop.hu\/#website"},"primaryImageOfPage":{"@id":"https:\/\/kinaikaleidoszkop.hu\/index.php\/2023\/08\/17\/kinai-kulugyi-szovivo-gyorsabban-no-kina-gazdasaga-mint-az-egyesult-allamoke\/#primaryimage"},"image":{"@id":"https:\/\/kinaikaleidoszkop.hu\/index.php\/2023\/08\/17\/kinai-kulugyi-szovivo-gyorsabban-no-kina-gazdasaga-mint-az-egyesult-allamoke\/#primaryimage"},"thumbnailUrl":"https:\/\/kinaikaleidoszkop.hu\/wp-content\/uploads\/2023\/08\/\u6c6a\u6587\u658c.jpg","datePublished":"2023-08-17T10:46:30+00:00","dateModified":"2023-08-17T10:46:31+00:00","author":{"@id":"https:\/\/kinaikaleidoszkop.hu\/#\/schema\/person\/b9e2febe742edd540c1197716ec02bf7"},"breadcrumb":{"@id":"https:\/\/kinaikaleidoszkop.hu\/index.php\/2023\/08\/17\/kinai-kulugyi-szovivo-gyorsabban-no-kina-gazdasaga-mint-az-egyesult-allamoke\/#breadcrumb"},"inLanguage":"hu","potentialAction":[{"@type":"ReadAction","target":["https:\/\/kinaikaleidoszkop.hu\/index.php\/2023\/08\/17\/kinai-kulugyi-szovivo-gyorsabban-no-kina-gazdasaga-mint-az-egyesult-allamoke\/"]}]},{"@type":"ImageObject","inLanguage":"hu","@id":"https:\/\/kinaikaleidoszkop.hu\/index.php\/2023\/08\/17\/kinai-kulugyi-szovivo-gyorsabban-no-kina-gazdasaga-mint-az-egyesult-allamoke\/#primaryimage","url":"https:\/\/kinaikaleidoszkop.hu\/wp-content\/uploads\/2023\/08\/\u6c6a\u6587\u658c.jpg","contentUrl":"https:\/\/kinaikaleidoszkop.hu\/wp-content\/uploads\/2023\/08\/\u6c6a\u6587\u658c.jpg","width":600,"height":400},{"@type":"BreadcrumbList","@id":"https:\/\/kinaikaleidoszkop.hu\/index.php\/2023\/08\/17\/kinai-kulugyi-szovivo-gyorsabban-no-kina-gazdasaga-mint-az-egyesult-allamoke\/#breadcrumb","itemListElement":[{"@type":"ListItem","position":1,"name":"Kezd\u0151lap","item":"https:\/\/kinaikaleidoszkop.hu\/"},{"@type":"ListItem","position":2,"name":"K\u00ednai k\u00fcl\u00fcgyi sz\u00f3viv\u0151: gyorsabban n\u0151 K\u00edna gazdas\u00e1ga, mint az Egyes\u00fclt \u00c1llamok\u00e9"}]},{"@type":"WebSite","@id":"https:\/\/kinaikaleidoszkop.hu\/#website","url":"https:\/\/kinaikaleidoszkop.hu\/","name":"kinaikaleidoszkop.hu","description":"","potentialAction":[{"@type":"SearchAction","target":{"@type":"EntryPoint","urlTemplate":"https:\/\/kinaikaleidoszkop.hu\/?s={search_term_string}"},"query-input":{"@type":"PropertyValueSpecification","valueRequired":true,"valueName":"search_term_string"}}],"inLanguage":"hu"},{"@type":"Person","@id":"https:\/\/kinaikaleidoszkop.hu\/#\/schema\/person\/b9e2febe742edd540c1197716ec02bf7","name":"admin-szabolcs","image":{"@type":"ImageObject","inLanguage":"hu","@id":"https:\/\/kinaikaleidoszkop.hu\/#\/schema\/person\/image\/","url":"https:\/\/secure.gravatar.com\/avatar\/154f262492794df2a6cb5d5349227b18ef8f85ab462fbb32625fc42406483d21?s=96&d=mm&r=g","contentUrl":"https:\/\/secure.gravatar.com\/avatar\/154f262492794df2a6cb5d5349227b18ef8f85ab462fbb32625fc42406483d21?s=96&d=mm&r=g","caption":"admin-szabolcs"},"url":"https:\/\/kinaikaleidoszkop.hu\/index.php\/author\/admin-szabolcs\/"}]}},"views":249,"distributor_meta":false,"distributor_terms":false,"distributor_media":false,"distributor_original_site_name":"kinaikaleidoszkop.hu","distributor_original_site_url":"https:\/\/kinaikaleidoszkop.hu","push-errors":false,"_links":{"self":[{"href":"https:\/\/kinaikaleidoszkop.hu\/index.php\/wp-json\/wp\/v2\/posts\/18591","targetHints":{"allow":["GET"]}}],"collection":[{"href":"https:\/\/kinaikaleidoszkop.hu\/index.php\/wp-json\/wp\/v2\/posts"}],"about":[{"href":"https:\/\/kinaikaleidoszkop.hu\/index.php\/wp-json\/wp\/v2\/types\/post"}],"author":[{"embeddable":true,"href":"https:\/\/kinaikaleidoszkop.hu\/index.php\/wp-json\/wp\/v2\/users\/2"}],"replies":[{"embeddable":true,"href":"https:\/\/kinaikaleidoszkop.hu\/index.php\/wp-json\/wp\/v2\/comments?post=18591"}],"version-history":[{"count":1,"href":"https:\/\/kinaikaleidoszkop.hu\/index.php\/wp-json\/wp\/v2\/posts\/18591\/revisions"}],"predecessor-version":[{"id":18595,"href":"https:\/\/kinaikaleidoszkop.hu\/index.php\/wp-json\/wp\/v2\/posts\/18591\/revisions\/18595"}],"wp:featuredmedia":[{"embeddable":true,"href":"https:\/\/kinaikaleidoszkop.hu\/index.php\/wp-json\/wp\/v2\/media\/18594"}],"wp:attachment":[{"href":"https:\/\/kinaikaleidoszkop.hu\/index.php\/wp-json\/wp\/v2\/media?parent=18591"}],"wp:term":[{"taxonomy":"category","embeddable":true,"href":"https:\/\/kinaikaleidoszkop.hu\/index.php\/wp-json\/wp\/v2\/categories?post=18591"},{"taxonomy":"post_tag","embeddable":true,"href":"https:\/\/kinaikaleidoszkop.hu\/index.php\/wp-json\/wp\/v2\/tags?post=18591"}],"curies":[{"name":"wp","href":"https:\/\/api.w.org\/{rel}","templated":true}]}}