{"id":18606,"date":"2023-08-18T12:00:00","date_gmt":"2023-08-18T10:00:00","guid":{"rendered":"https:\/\/kinaikaleidoszkop.hu\/?p=18606"},"modified":"2023-08-18T12:08:51","modified_gmt":"2023-08-18T10:08:51","slug":"a-jovo-heten-del-afrikaban-tartjak-a-brics-csucsot","status":"publish","type":"post","link":"https:\/\/kinaikaleidoszkop.hu\/index.php\/2023\/08\/18\/a-jovo-heten-del-afrikaban-tartjak-a-brics-csucsot\/","title":{"rendered":"A j\u00f6v\u0151 h\u00e9ten D\u00e9l-Afrik\u00e1ban tartj\u00e1k a BRICS-cs\u00facsot"},"content":{"rendered":"<div class=\"wp-block-image\">\n<figure class=\"alignright is-resized\"><img loading=\"lazy\" decoding=\"async\" src=\"https:\/\/hirpest.hu\/wp-content\/uploads\/2023\/08\/brics.jpg\" alt=\"\" class=\"wp-image-18307\" style=\"width:235px;height:391px\" width=\"235\" height=\"391\"\/><\/figure>\n<\/div>\n\n\n<p><strong>A j\u00f6v\u0151 h\u00e9ten D\u00e9l-Afrik\u00e1ban ker\u00fcl sor a BRICS-orsz\u00e1gok cs\u00facstal\u00e1lkoz\u00f3j\u00e1ra, amelyen Hszi Csin-ping k\u00ednai \u00e1llameln\u00f6k is r\u00e9szt vesz \u2013 der\u00fcl ki a k\u00ednai k\u00fcl\u00fcgyminiszt\u00e9rium nyilatkozat\u00e1b\u00f3l. Az elm\u00falt h\u00e1rom \u00e9vet tekintve most el\u0151sz\u00f6r rendezik meg offline m\u00f3don a BRICS-cs\u00facstal\u00e1lkoz\u00f3t \u00f6t tag\u00e1llam \u2013 Braz\u00edlia, Oroszorsz\u00e1g, India, K\u00edna \u00e9s D\u00e9l-Afrika \u2013 r\u00e9szv\u00e9tel\u00e9vel.<\/strong><\/p>\n\n\n\n<p>A jelent\u00e9sek szerint a tal\u00e1lkoz\u00f3 a \u201eBRICS \u00e9s Afrika\u201d t\u00e9m\u00e1ra \u00f6sszpontos\u00edt, \u00e9s arra fognak t\u00f6rekedni, hogy meger\u0151s\u00edts\u00e9k az egy\u00fcttm\u0171k\u00f6d\u00e9seket a BRICS-orsz\u00e1gok \u00e9s Afrika, valamint a fejl\u0151d\u0151 orsz\u00e1gok k\u00f6z\u00f6tt.<\/p>\n\n\n\n<p>A BRICS-mechanizmus ragaszkodik a nyitotts\u00e1ghoz, a befogad\u00e1shoz \u00e9s a k\u00f6lcs\u00f6n\u00f6sen el\u0151ny\u00f6s egy\u00fcttm\u0171k\u00f6d\u00e9sekhez, \u00e9s fontos er\u0151v\u00e9 v\u00e1lt a glob\u00e1lis korm\u00e1nyz\u00e1s reformj\u00e1nak el\u0151mozd\u00edt\u00e1s\u00e1ban \u2013 jegyezte meg Wang Wenbin k\u00ednai k\u00fcl\u00fcgyi sz\u00f3viv\u0151 p\u00e9nteki sajt\u00f3\u00e9rtekezlet\u00e9n.<\/p>\n\n\n\n<p><strong><em>(Zhou Huiwen \u2013 China Media Group)<\/em><\/strong><\/p>\n\n\n\n<p><strong>2023. augusztus 18.<\/strong><\/p>\n\n\n\n<p><strong>(x)<\/strong><\/p>\n","protected":false},"excerpt":{"rendered":"<p>A j\u00f6v\u0151 h\u00e9ten D\u00e9l-Afrik\u00e1ban ker\u00fcl sor a BRICS-orsz\u00e1gok cs\u00facstal\u00e1lkoz\u00f3j\u00e1ra, amelyen Hszi Csin-ping k\u00ednai \u00e1llameln\u00f6k is r\u00e9szt vesz \u2013 der\u00fcl ki a k\u00ednai k\u00fcl\u00fcgyminiszt\u00e9rium nyilatkozat\u00e1b\u00f3l. Az elm\u00falt h\u00e1rom \u00e9vet tekintve most el\u0151sz\u00f6r rendezik meg offline m\u00f3don a BRICS-cs\u00facstal\u00e1lkoz\u00f3t \u00f6t tag\u00e1llam \u2013 Braz\u00edlia, Oroszorsz\u00e1g, India, K\u00edna \u00e9s D\u00e9l-Afrika \u2013 r\u00e9szv\u00e9tel\u00e9vel. A jelent\u00e9sek szerint a tal\u00e1lkoz\u00f3 a \u201eBRICS [&hellip;]<\/p>\n","protected":false},"author":2,"featured_media":18612,"comment_status":"closed","ping_status":"closed","sticky":false,"template":"","format":"standard","meta":{"footnotes":""},"categories":[45],"tags":[2876,915,2877,273,305,326,460,472,2668,728],"class_list":["post-18606","post","type-post","status-publish","format-standard","has-post-thumbnail","hentry","category-hirek","tag-brics-csucstalalkozo","tag-brics-orszagok","tag-del-afrika","tag-egyuttmukodes","tag-hszi-csin-ping","tag-kinai-allamelnok","tag-kinai-kulugyi-szovivo","tag-sajtoertekezlet","tag-tagallam","tag-wang-wenbin"],"yoast_head":"<!-- This site is optimized with the Yoast SEO plugin v23.7 - https:\/\/yoast.com\/wordpress\/plugins\/seo\/ -->\n<title>A j\u00f6v\u0151 h\u00e9ten D\u00e9l-Afrik\u00e1ban tartj\u00e1k a BRICS-cs\u00facsot - kinaikaleidoszkop.hu<\/title>\n<meta name=\"robots\" content=\"index, follow, max-snippet:-1, max-image-preview:large, max-video-preview:-1\" \/>\n<link rel=\"canonical\" href=\"https:\/\/kinaikaleidoszkop.hu\/index.php\/2023\/08\/18\/a-jovo-heten-del-afrikaban-tartjak-a-brics-csucsot\/\" \/>\n<meta property=\"og:locale\" content=\"hu_HU\" \/>\n<meta property=\"og:type\" content=\"article\" \/>\n<meta property=\"og:title\" content=\"A j\u00f6v\u0151 h\u00e9ten D\u00e9l-Afrik\u00e1ban tartj\u00e1k a BRICS-cs\u00facsot - kinaikaleidoszkop.hu\" \/>\n<meta property=\"og:description\" content=\"A j\u00f6v\u0151 h\u00e9ten D\u00e9l-Afrik\u00e1ban ker\u00fcl sor a BRICS-orsz\u00e1gok cs\u00facstal\u00e1lkoz\u00f3j\u00e1ra, amelyen Hszi Csin-ping k\u00ednai \u00e1llameln\u00f6k is r\u00e9szt vesz \u2013 der\u00fcl ki a k\u00ednai k\u00fcl\u00fcgyminiszt\u00e9rium nyilatkozat\u00e1b\u00f3l. Az elm\u00falt h\u00e1rom \u00e9vet tekintve most el\u0151sz\u00f6r rendezik meg offline m\u00f3don a BRICS-cs\u00facstal\u00e1lkoz\u00f3t \u00f6t tag\u00e1llam \u2013 Braz\u00edlia, Oroszorsz\u00e1g, India, K\u00edna \u00e9s D\u00e9l-Afrika \u2013 r\u00e9szv\u00e9tel\u00e9vel. A jelent\u00e9sek szerint a tal\u00e1lkoz\u00f3 a \u201eBRICS [&hellip;]\" \/>\n<meta property=\"og:url\" content=\"https:\/\/kinaikaleidoszkop.hu\/index.php\/2023\/08\/18\/a-jovo-heten-del-afrikaban-tartjak-a-brics-csucsot\/\" \/>\n<meta property=\"og:site_name\" content=\"kinaikaleidoszkop.hu\" \/>\n<meta property=\"article:published_time\" content=\"2023-08-18T10:00:00+00:00\" \/>\n<meta property=\"article:modified_time\" content=\"2023-08-18T10:08:51+00:00\" \/>\n<meta property=\"og:image\" content=\"https:\/\/kinaikaleidoszkop.hu\/wp-content\/uploads\/2023\/08\/brics.jpg\" \/>\n\t<meta property=\"og:image:width\" content=\"360\" \/>\n\t<meta property=\"og:image:height\" content=\"600\" \/>\n\t<meta property=\"og:image:type\" content=\"image\/jpeg\" \/>\n<meta name=\"author\" content=\"admin-szabolcs\" \/>\n<meta name=\"twitter:card\" content=\"summary_large_image\" \/>\n<meta name=\"twitter:label1\" content=\"Szerz\u0151:\" \/>\n\t<meta name=\"twitter:data1\" content=\"admin-szabolcs\" \/>\n\t<meta name=\"twitter:label2\" content=\"Becs\u00fclt olvas\u00e1si id\u0151\" \/>\n\t<meta name=\"twitter:data2\" content=\"1 perc\" \/>\n<script type=\"application\/ld+json\" class=\"yoast-schema-graph\">{\"@context\":\"https:\/\/schema.org\",\"@graph\":[{\"@type\":\"WebPage\",\"@id\":\"https:\/\/kinaikaleidoszkop.hu\/index.php\/2023\/08\/18\/a-jovo-heten-del-afrikaban-tartjak-a-brics-csucsot\/\",\"url\":\"https:\/\/kinaikaleidoszkop.hu\/index.php\/2023\/08\/18\/a-jovo-heten-del-afrikaban-tartjak-a-brics-csucsot\/\",\"name\":\"A j\u00f6v\u0151 h\u00e9ten D\u00e9l-Afrik\u00e1ban tartj\u00e1k a BRICS-cs\u00facsot - kinaikaleidoszkop.hu\",\"isPartOf\":{\"@id\":\"https:\/\/kinaikaleidoszkop.hu\/#website\"},\"primaryImageOfPage\":{\"@id\":\"https:\/\/kinaikaleidoszkop.hu\/index.php\/2023\/08\/18\/a-jovo-heten-del-afrikaban-tartjak-a-brics-csucsot\/#primaryimage\"},\"image\":{\"@id\":\"https:\/\/kinaikaleidoszkop.hu\/index.php\/2023\/08\/18\/a-jovo-heten-del-afrikaban-tartjak-a-brics-csucsot\/#primaryimage\"},\"thumbnailUrl\":\"https:\/\/kinaikaleidoszkop.hu\/wp-content\/uploads\/2023\/08\/brics.jpg\",\"datePublished\":\"2023-08-18T10:00:00+00:00\",\"dateModified\":\"2023-08-18T10:08:51+00:00\",\"author\":{\"@id\":\"https:\/\/kinaikaleidoszkop.hu\/#\/schema\/person\/b9e2febe742edd540c1197716ec02bf7\"},\"breadcrumb\":{\"@id\":\"https:\/\/kinaikaleidoszkop.hu\/index.php\/2023\/08\/18\/a-jovo-heten-del-afrikaban-tartjak-a-brics-csucsot\/#breadcrumb\"},\"inLanguage\":\"hu\",\"potentialAction\":[{\"@type\":\"ReadAction\",\"target\":[\"https:\/\/kinaikaleidoszkop.hu\/index.php\/2023\/08\/18\/a-jovo-heten-del-afrikaban-tartjak-a-brics-csucsot\/\"]}]},{\"@type\":\"ImageObject\",\"inLanguage\":\"hu\",\"@id\":\"https:\/\/kinaikaleidoszkop.hu\/index.php\/2023\/08\/18\/a-jovo-heten-del-afrikaban-tartjak-a-brics-csucsot\/#primaryimage\",\"url\":\"https:\/\/kinaikaleidoszkop.hu\/wp-content\/uploads\/2023\/08\/brics.jpg\",\"contentUrl\":\"https:\/\/kinaikaleidoszkop.hu\/wp-content\/uploads\/2023\/08\/brics.jpg\",\"width\":360,\"height\":600},{\"@type\":\"BreadcrumbList\",\"@id\":\"https:\/\/kinaikaleidoszkop.hu\/index.php\/2023\/08\/18\/a-jovo-heten-del-afrikaban-tartjak-a-brics-csucsot\/#breadcrumb\",\"itemListElement\":[{\"@type\":\"ListItem\",\"position\":1,\"name\":\"Kezd\u0151lap\",\"item\":\"https:\/\/kinaikaleidoszkop.hu\/\"},{\"@type\":\"ListItem\",\"position\":2,\"name\":\"A j\u00f6v\u0151 h\u00e9ten D\u00e9l-Afrik\u00e1ban tartj\u00e1k a BRICS-cs\u00facsot\"}]},{\"@type\":\"WebSite\",\"@id\":\"https:\/\/kinaikaleidoszkop.hu\/#website\",\"url\":\"https:\/\/kinaikaleidoszkop.hu\/\",\"name\":\"kinaikaleidoszkop.hu\",\"description\":\"\",\"potentialAction\":[{\"@type\":\"SearchAction\",\"target\":{\"@type\":\"EntryPoint\",\"urlTemplate\":\"https:\/\/kinaikaleidoszkop.hu\/?s={search_term_string}\"},\"query-input\":{\"@type\":\"PropertyValueSpecification\",\"valueRequired\":true,\"valueName\":\"search_term_string\"}}],\"inLanguage\":\"hu\"},{\"@type\":\"Person\",\"@id\":\"https:\/\/kinaikaleidoszkop.hu\/#\/schema\/person\/b9e2febe742edd540c1197716ec02bf7\",\"name\":\"admin-szabolcs\",\"image\":{\"@type\":\"ImageObject\",\"inLanguage\":\"hu\",\"@id\":\"https:\/\/kinaikaleidoszkop.hu\/#\/schema\/person\/image\/\",\"url\":\"https:\/\/secure.gravatar.com\/avatar\/154f262492794df2a6cb5d5349227b18ef8f85ab462fbb32625fc42406483d21?s=96&d=mm&r=g\",\"contentUrl\":\"https:\/\/secure.gravatar.com\/avatar\/154f262492794df2a6cb5d5349227b18ef8f85ab462fbb32625fc42406483d21?s=96&d=mm&r=g\",\"caption\":\"admin-szabolcs\"},\"url\":\"https:\/\/kinaikaleidoszkop.hu\/index.php\/author\/admin-szabolcs\/\"}]}<\/script>\n<!-- \/ Yoast SEO plugin. -->","yoast_head_json":{"title":"A j\u00f6v\u0151 h\u00e9ten D\u00e9l-Afrik\u00e1ban tartj\u00e1k a BRICS-cs\u00facsot - kinaikaleidoszkop.hu","robots":{"index":"index","follow":"follow","max-snippet":"max-snippet:-1","max-image-preview":"max-image-preview:large","max-video-preview":"max-video-preview:-1"},"canonical":"https:\/\/kinaikaleidoszkop.hu\/index.php\/2023\/08\/18\/a-jovo-heten-del-afrikaban-tartjak-a-brics-csucsot\/","og_locale":"hu_HU","og_type":"article","og_title":"A j\u00f6v\u0151 h\u00e9ten D\u00e9l-Afrik\u00e1ban tartj\u00e1k a BRICS-cs\u00facsot - kinaikaleidoszkop.hu","og_description":"A j\u00f6v\u0151 h\u00e9ten D\u00e9l-Afrik\u00e1ban ker\u00fcl sor a BRICS-orsz\u00e1gok cs\u00facstal\u00e1lkoz\u00f3j\u00e1ra, amelyen Hszi Csin-ping k\u00ednai \u00e1llameln\u00f6k is r\u00e9szt vesz \u2013 der\u00fcl ki a k\u00ednai k\u00fcl\u00fcgyminiszt\u00e9rium nyilatkozat\u00e1b\u00f3l. Az elm\u00falt h\u00e1rom \u00e9vet tekintve most el\u0151sz\u00f6r rendezik meg offline m\u00f3don a BRICS-cs\u00facstal\u00e1lkoz\u00f3t \u00f6t tag\u00e1llam \u2013 Braz\u00edlia, Oroszorsz\u00e1g, India, K\u00edna \u00e9s D\u00e9l-Afrika \u2013 r\u00e9szv\u00e9tel\u00e9vel. A jelent\u00e9sek szerint a tal\u00e1lkoz\u00f3 a \u201eBRICS [&hellip;]","og_url":"https:\/\/kinaikaleidoszkop.hu\/index.php\/2023\/08\/18\/a-jovo-heten-del-afrikaban-tartjak-a-brics-csucsot\/","og_site_name":"kinaikaleidoszkop.hu","article_published_time":"2023-08-18T10:00:00+00:00","article_modified_time":"2023-08-18T10:08:51+00:00","og_image":[{"width":360,"height":600,"url":"https:\/\/kinaikaleidoszkop.hu\/wp-content\/uploads\/2023\/08\/brics.jpg","type":"image\/jpeg"}],"author":"admin-szabolcs","twitter_card":"summary_large_image","twitter_misc":{"Szerz\u0151:":"admin-szabolcs","Becs\u00fclt olvas\u00e1si id\u0151":"1 perc"},"schema":{"@context":"https:\/\/schema.org","@graph":[{"@type":"WebPage","@id":"https:\/\/kinaikaleidoszkop.hu\/index.php\/2023\/08\/18\/a-jovo-heten-del-afrikaban-tartjak-a-brics-csucsot\/","url":"https:\/\/kinaikaleidoszkop.hu\/index.php\/2023\/08\/18\/a-jovo-heten-del-afrikaban-tartjak-a-brics-csucsot\/","name":"A j\u00f6v\u0151 h\u00e9ten D\u00e9l-Afrik\u00e1ban tartj\u00e1k a BRICS-cs\u00facsot - kinaikaleidoszkop.hu","isPartOf":{"@id":"https:\/\/kinaikaleidoszkop.hu\/#website"},"primaryImageOfPage":{"@id":"https:\/\/kinaikaleidoszkop.hu\/index.php\/2023\/08\/18\/a-jovo-heten-del-afrikaban-tartjak-a-brics-csucsot\/#primaryimage"},"image":{"@id":"https:\/\/kinaikaleidoszkop.hu\/index.php\/2023\/08\/18\/a-jovo-heten-del-afrikaban-tartjak-a-brics-csucsot\/#primaryimage"},"thumbnailUrl":"https:\/\/kinaikaleidoszkop.hu\/wp-content\/uploads\/2023\/08\/brics.jpg","datePublished":"2023-08-18T10:00:00+00:00","dateModified":"2023-08-18T10:08:51+00:00","author":{"@id":"https:\/\/kinaikaleidoszkop.hu\/#\/schema\/person\/b9e2febe742edd540c1197716ec02bf7"},"breadcrumb":{"@id":"https:\/\/kinaikaleidoszkop.hu\/index.php\/2023\/08\/18\/a-jovo-heten-del-afrikaban-tartjak-a-brics-csucsot\/#breadcrumb"},"inLanguage":"hu","potentialAction":[{"@type":"ReadAction","target":["https:\/\/kinaikaleidoszkop.hu\/index.php\/2023\/08\/18\/a-jovo-heten-del-afrikaban-tartjak-a-brics-csucsot\/"]}]},{"@type":"ImageObject","inLanguage":"hu","@id":"https:\/\/kinaikaleidoszkop.hu\/index.php\/2023\/08\/18\/a-jovo-heten-del-afrikaban-tartjak-a-brics-csucsot\/#primaryimage","url":"https:\/\/kinaikaleidoszkop.hu\/wp-content\/uploads\/2023\/08\/brics.jpg","contentUrl":"https:\/\/kinaikaleidoszkop.hu\/wp-content\/uploads\/2023\/08\/brics.jpg","width":360,"height":600},{"@type":"BreadcrumbList","@id":"https:\/\/kinaikaleidoszkop.hu\/index.php\/2023\/08\/18\/a-jovo-heten-del-afrikaban-tartjak-a-brics-csucsot\/#breadcrumb","itemListElement":[{"@type":"ListItem","position":1,"name":"Kezd\u0151lap","item":"https:\/\/kinaikaleidoszkop.hu\/"},{"@type":"ListItem","position":2,"name":"A j\u00f6v\u0151 h\u00e9ten D\u00e9l-Afrik\u00e1ban tartj\u00e1k a BRICS-cs\u00facsot"}]},{"@type":"WebSite","@id":"https:\/\/kinaikaleidoszkop.hu\/#website","url":"https:\/\/kinaikaleidoszkop.hu\/","name":"kinaikaleidoszkop.hu","description":"","potentialAction":[{"@type":"SearchAction","target":{"@type":"EntryPoint","urlTemplate":"https:\/\/kinaikaleidoszkop.hu\/?s={search_term_string}"},"query-input":{"@type":"PropertyValueSpecification","valueRequired":true,"valueName":"search_term_string"}}],"inLanguage":"hu"},{"@type":"Person","@id":"https:\/\/kinaikaleidoszkop.hu\/#\/schema\/person\/b9e2febe742edd540c1197716ec02bf7","name":"admin-szabolcs","image":{"@type":"ImageObject","inLanguage":"hu","@id":"https:\/\/kinaikaleidoszkop.hu\/#\/schema\/person\/image\/","url":"https:\/\/secure.gravatar.com\/avatar\/154f262492794df2a6cb5d5349227b18ef8f85ab462fbb32625fc42406483d21?s=96&d=mm&r=g","contentUrl":"https:\/\/secure.gravatar.com\/avatar\/154f262492794df2a6cb5d5349227b18ef8f85ab462fbb32625fc42406483d21?s=96&d=mm&r=g","caption":"admin-szabolcs"},"url":"https:\/\/kinaikaleidoszkop.hu\/index.php\/author\/admin-szabolcs\/"}]}},"views":239,"distributor_meta":false,"distributor_terms":false,"distributor_media":false,"distributor_original_site_name":"kinaikaleidoszkop.hu","distributor_original_site_url":"https:\/\/kinaikaleidoszkop.hu","push-errors":false,"_links":{"self":[{"href":"https:\/\/kinaikaleidoszkop.hu\/index.php\/wp-json\/wp\/v2\/posts\/18606","targetHints":{"allow":["GET"]}}],"collection":[{"href":"https:\/\/kinaikaleidoszkop.hu\/index.php\/wp-json\/wp\/v2\/posts"}],"about":[{"href":"https:\/\/kinaikaleidoszkop.hu\/index.php\/wp-json\/wp\/v2\/types\/post"}],"author":[{"embeddable":true,"href":"https:\/\/kinaikaleidoszkop.hu\/index.php\/wp-json\/wp\/v2\/users\/2"}],"replies":[{"embeddable":true,"href":"https:\/\/kinaikaleidoszkop.hu\/index.php\/wp-json\/wp\/v2\/comments?post=18606"}],"version-history":[{"count":1,"href":"https:\/\/kinaikaleidoszkop.hu\/index.php\/wp-json\/wp\/v2\/posts\/18606\/revisions"}],"predecessor-version":[{"id":18615,"href":"https:\/\/kinaikaleidoszkop.hu\/index.php\/wp-json\/wp\/v2\/posts\/18606\/revisions\/18615"}],"wp:featuredmedia":[{"embeddable":true,"href":"https:\/\/kinaikaleidoszkop.hu\/index.php\/wp-json\/wp\/v2\/media\/18612"}],"wp:attachment":[{"href":"https:\/\/kinaikaleidoszkop.hu\/index.php\/wp-json\/wp\/v2\/media?parent=18606"}],"wp:term":[{"taxonomy":"category","embeddable":true,"href":"https:\/\/kinaikaleidoszkop.hu\/index.php\/wp-json\/wp\/v2\/categories?post=18606"},{"taxonomy":"post_tag","embeddable":true,"href":"https:\/\/kinaikaleidoszkop.hu\/index.php\/wp-json\/wp\/v2\/tags?post=18606"}],"curies":[{"name":"wp","href":"https:\/\/api.w.org\/{rel}","templated":true}]}}