{"id":18635,"date":"2023-08-21T11:45:00","date_gmt":"2023-08-21T09:45:00","guid":{"rendered":"https:\/\/kinaikaleidoszkop.hu\/?p=18635"},"modified":"2023-08-21T11:46:32","modified_gmt":"2023-08-21T09:46:32","slug":"a-cmg-boviti-egyuttmukodeset-afrikai-mediumokkal","status":"publish","type":"post","link":"https:\/\/kinaikaleidoszkop.hu\/index.php\/2023\/08\/21\/a-cmg-boviti-egyuttmukodeset-afrikai-mediumokkal\/","title":{"rendered":"A CMG b\u0151v\u00edti egy\u00fcttm\u0171k\u00f6d\u00e9s\u00e9t afrikai m\u00e9diumokkal"},"content":{"rendered":"\n<p><strong>A China Media Group (CMG) t\u00f6bb afrikai m\u00e9diummal \u00edrt al\u00e1 egy\u00fcttm\u0171k\u00f6d\u00e9si szerz\u0151d\u00e9st Johannesburgban, Hszi Csin-ping k\u00ednai eln\u00f6k d\u00e9l-afrikai l\u00e1togat\u00e1sa el\u0151tt. Paul Mashatile, a d\u00e9l-afrikai ANC p\u00e1rt aleln\u00f6ke, egyben az orsz\u00e1g aleln\u00f6ke&nbsp; lev\u00e9lben \u00fcdv\u00f6z\u00f6lte a szerz\u0151d\u00e9s al\u00e1\u00edr\u00f3it, sok sikert k\u00edv\u00e1nva a CMG \u00e9s az afrikai m\u00e9diumok k\u00f6z\u00f6tti egy\u00fcttm\u0171k\u00f6d\u00e9sben, \u00e9s a k\u00e9t orsz\u00e1g k\u00f6z\u00f6tti gazdas\u00e1gi \u00e9s kultur\u00e1lis kapcsolatokban.<\/strong><\/p>\n\n\n\n<p>A CMG augusztus 20-\u00e1n az African Union of Broadcastinggel (AUB), a South African Broadcasting Corporationnel (SABC), a madagaszk\u00e1ri TV Plas telev\u00edzi\u00f3val, valamint a Cs\u00e1d 24 telev\u00edzi\u00f3val \u00e9s tov\u00e1bbi afrikai m\u00e9diumokkal \u00edrt al\u00e1 egy\u00fcttm\u0171k\u00f6d\u00e9si szerz\u0151d\u00e9seket.<\/p>\n\n\n\n<figure class=\"wp-block-image\"><img decoding=\"async\" src=\"https:\/\/hirpest.hu\/wp-content\/uploads\/2023\/08\/5e857eded97f4f5f99b2d18ceb7d4f5e-1-1024x683.jpg\" alt=\"\" class=\"wp-image-18334\"\/><\/figure>\n\n\n\n<p>Nkosazana Clarice Dlamini-Zuma, d\u00e9l-afrikai n\u0151i-, ifj\u00fas\u00e1gi- \u00e9s mozg\u00e1ss\u00e9r\u00fclt \u00fcgyekkel foglalkoz\u00f3 miniszter a D\u00e9l-afrikai K\u00f6zt\u00e1rsas\u00e1g korm\u00e1nya nev\u00e9ben az al\u00e1\u00edr\u00e1si cerem\u00f3ni\u00e1n elmondott besz\u00e9d\u00e9ben arra biztatott, hogy a m\u00e9dia erej\u00e9t kihaszn\u00e1lva lend\u00edts\u00e9k fel a K\u00edna \u00e9s D\u00e9l-Afrika, illetve a K\u00edna \u00e9s Afrika k\u00f6z\u00f6tti kultur\u00e1lis cserekapcsolatokat.<\/p>\n\n\n\n<figure class=\"wp-block-image\"><img decoding=\"async\" src=\"https:\/\/hirpest.hu\/wp-content\/uploads\/2023\/08\/3e70df6f070244dcb261ef0d949807d4-1024x683.jpg\" alt=\"\" class=\"wp-image-18333\"\/><\/figure>\n\n\n\n<p>Shen Haixiong, a CMG eln\u00f6ke besz\u00e9d\u00e9ben egyebek mellett kijelentette, hogy a CMG afrikai partnereivel egy\u00fctt k\u00f6z\u00f6sen fog besz\u00e1molni az \u201eegy \u00d6vezet egy \u00dat\u201d kezdem\u00e9nyez\u00e9s keret\u00e9ben megval\u00f3sul\u00f3 k\u00ednai-afrikai egy\u00fcttm\u0171k\u00f6d\u00e9sr\u0151l, a k\u00ednai saj\u00e1toss\u00e1g\u00fa korszer\u0171s\u00edt\u00e9sr\u0151l. Mindemellett tov\u00e1bbi afrikai m\u00e9diumokat is megh\u00edvott az \u201eAfrikai Vide\u00f3s M\u00e9diumok Uni\u00f3j\u00e1ba\u201d.<\/p>\n\n\n\n<p>Mindezzel egy id\u0151ben megkezd\u0151d\u00f6tt a \u201eK\u00edna \u00e9s Afrika k\u00f6zti bar\u00e1ts\u00e1g\u201d tematik\u00e1j\u00e1t feldolgoz\u00f3 k\u00ednai vide\u00f3s m\u0171sorok bemutat\u00e1s\u00e1nak fesztiv\u00e1lja, amelynek sor\u00e1n t\u00f6bb, a CMG \u00e1ltal k\u00e9sz\u00edtett telev\u00edzi\u00f3s m\u0171sort t\u0171ztek m\u0171sorra \u00f6sszesen t\u00edz afrikai orsz\u00e1gban, k\u00f6zt\u00fck D\u00e9l-Afrik\u00e1ban, Zambi\u00e1ban \u00e9s Zimbabw\u00e9ben.<\/p>\n\n\n\n<p><strong>2023. augusztus 21.<\/strong><\/p>\n\n\n\n<p><strong><em>(China Media Group)<\/em><\/strong><\/p>\n\n\n\n<p><strong>(x)<\/strong><\/p>\n","protected":false},"excerpt":{"rendered":"<p>A China Media Group (CMG) t\u00f6bb afrikai m\u00e9diummal \u00edrt al\u00e1 egy\u00fcttm\u0171k\u00f6d\u00e9si szerz\u0151d\u00e9st Johannesburgban, Hszi Csin-ping k\u00ednai eln\u00f6k d\u00e9l-afrikai l\u00e1togat\u00e1sa el\u0151tt. Paul Mashatile, a d\u00e9l-afrikai ANC p\u00e1rt aleln\u00f6ke, egyben az orsz\u00e1g aleln\u00f6ke&nbsp; lev\u00e9lben \u00fcdv\u00f6z\u00f6lte a szerz\u0151d\u00e9s al\u00e1\u00edr\u00f3it, sok sikert k\u00edv\u00e1nva a CMG \u00e9s az afrikai m\u00e9diumok k\u00f6z\u00f6tti egy\u00fcttm\u0171k\u00f6d\u00e9sben, \u00e9s a k\u00e9t orsz\u00e1g k\u00f6z\u00f6tti gazdas\u00e1gi \u00e9s kultur\u00e1lis [&hellip;]<\/p>\n","protected":false},"author":2,"featured_media":18638,"comment_status":"closed","ping_status":"closed","sticky":false,"template":"","format":"standard","meta":{"footnotes":""},"categories":[45],"tags":[2887,512,2877,273,2888,305,326,2889,415,444,2188],"class_list":["post-18635","post","type-post","status-publish","format-standard","has-post-thumbnail","hentry","category-hirek","tag-afrikai-mediumok","tag-china-media-group","tag-del-afrika","tag-egyuttmukodes","tag-egyuttmukodesi-szerzodes","tag-hszi-csin-ping","tag-kinai-allamelnok","tag-nkosazana-clarice-dlamini-zuma","tag-ovezet-es-ut-kezdemenyezes","tag-shen-haixiong","tag-televizios-musor"],"yoast_head":"<!-- This site is optimized with the Yoast SEO plugin v23.7 - https:\/\/yoast.com\/wordpress\/plugins\/seo\/ -->\n<title>A CMG b\u0151v\u00edti egy\u00fcttm\u0171k\u00f6d\u00e9s\u00e9t afrikai m\u00e9diumokkal - kinaikaleidoszkop.hu<\/title>\n<meta name=\"robots\" content=\"index, follow, max-snippet:-1, max-image-preview:large, max-video-preview:-1\" \/>\n<link rel=\"canonical\" href=\"https:\/\/kinaikaleidoszkop.hu\/index.php\/2023\/08\/21\/a-cmg-boviti-egyuttmukodeset-afrikai-mediumokkal\/\" \/>\n<meta property=\"og:locale\" content=\"hu_HU\" \/>\n<meta property=\"og:type\" content=\"article\" \/>\n<meta property=\"og:title\" content=\"A CMG b\u0151v\u00edti egy\u00fcttm\u0171k\u00f6d\u00e9s\u00e9t afrikai m\u00e9diumokkal - kinaikaleidoszkop.hu\" \/>\n<meta property=\"og:description\" content=\"A China Media Group (CMG) t\u00f6bb afrikai m\u00e9diummal \u00edrt al\u00e1 egy\u00fcttm\u0171k\u00f6d\u00e9si szerz\u0151d\u00e9st Johannesburgban, Hszi Csin-ping k\u00ednai eln\u00f6k d\u00e9l-afrikai l\u00e1togat\u00e1sa el\u0151tt. Paul Mashatile, a d\u00e9l-afrikai ANC p\u00e1rt aleln\u00f6ke, egyben az orsz\u00e1g aleln\u00f6ke&nbsp; lev\u00e9lben \u00fcdv\u00f6z\u00f6lte a szerz\u0151d\u00e9s al\u00e1\u00edr\u00f3it, sok sikert k\u00edv\u00e1nva a CMG \u00e9s az afrikai m\u00e9diumok k\u00f6z\u00f6tti egy\u00fcttm\u0171k\u00f6d\u00e9sben, \u00e9s a k\u00e9t orsz\u00e1g k\u00f6z\u00f6tti gazdas\u00e1gi \u00e9s kultur\u00e1lis [&hellip;]\" \/>\n<meta property=\"og:url\" content=\"https:\/\/kinaikaleidoszkop.hu\/index.php\/2023\/08\/21\/a-cmg-boviti-egyuttmukodeset-afrikai-mediumokkal\/\" \/>\n<meta property=\"og:site_name\" content=\"kinaikaleidoszkop.hu\" \/>\n<meta property=\"article:published_time\" content=\"2023-08-21T09:45:00+00:00\" \/>\n<meta property=\"article:modified_time\" content=\"2023-08-21T09:46:32+00:00\" \/>\n<meta property=\"og:image\" content=\"https:\/\/kinaikaleidoszkop.hu\/wp-content\/uploads\/2023\/08\/3e70df6f070244dcb261ef0d949807d4-scaled.jpg\" \/>\n\t<meta property=\"og:image:width\" content=\"2560\" \/>\n\t<meta property=\"og:image:height\" content=\"1707\" \/>\n\t<meta property=\"og:image:type\" content=\"image\/jpeg\" \/>\n<meta name=\"author\" content=\"admin-szabolcs\" \/>\n<meta name=\"twitter:card\" content=\"summary_large_image\" \/>\n<meta name=\"twitter:label1\" content=\"Szerz\u0151:\" \/>\n\t<meta name=\"twitter:data1\" content=\"admin-szabolcs\" \/>\n\t<meta name=\"twitter:label2\" content=\"Becs\u00fclt olvas\u00e1si id\u0151\" \/>\n\t<meta name=\"twitter:data2\" content=\"2 perc\" \/>\n<script type=\"application\/ld+json\" class=\"yoast-schema-graph\">{\"@context\":\"https:\/\/schema.org\",\"@graph\":[{\"@type\":\"WebPage\",\"@id\":\"https:\/\/kinaikaleidoszkop.hu\/index.php\/2023\/08\/21\/a-cmg-boviti-egyuttmukodeset-afrikai-mediumokkal\/\",\"url\":\"https:\/\/kinaikaleidoszkop.hu\/index.php\/2023\/08\/21\/a-cmg-boviti-egyuttmukodeset-afrikai-mediumokkal\/\",\"name\":\"A CMG b\u0151v\u00edti egy\u00fcttm\u0171k\u00f6d\u00e9s\u00e9t afrikai m\u00e9diumokkal - kinaikaleidoszkop.hu\",\"isPartOf\":{\"@id\":\"https:\/\/kinaikaleidoszkop.hu\/#website\"},\"primaryImageOfPage\":{\"@id\":\"https:\/\/kinaikaleidoszkop.hu\/index.php\/2023\/08\/21\/a-cmg-boviti-egyuttmukodeset-afrikai-mediumokkal\/#primaryimage\"},\"image\":{\"@id\":\"https:\/\/kinaikaleidoszkop.hu\/index.php\/2023\/08\/21\/a-cmg-boviti-egyuttmukodeset-afrikai-mediumokkal\/#primaryimage\"},\"thumbnailUrl\":\"https:\/\/kinaikaleidoszkop.hu\/wp-content\/uploads\/2023\/08\/3e70df6f070244dcb261ef0d949807d4-scaled.jpg\",\"datePublished\":\"2023-08-21T09:45:00+00:00\",\"dateModified\":\"2023-08-21T09:46:32+00:00\",\"author\":{\"@id\":\"https:\/\/kinaikaleidoszkop.hu\/#\/schema\/person\/b9e2febe742edd540c1197716ec02bf7\"},\"breadcrumb\":{\"@id\":\"https:\/\/kinaikaleidoszkop.hu\/index.php\/2023\/08\/21\/a-cmg-boviti-egyuttmukodeset-afrikai-mediumokkal\/#breadcrumb\"},\"inLanguage\":\"hu\",\"potentialAction\":[{\"@type\":\"ReadAction\",\"target\":[\"https:\/\/kinaikaleidoszkop.hu\/index.php\/2023\/08\/21\/a-cmg-boviti-egyuttmukodeset-afrikai-mediumokkal\/\"]}]},{\"@type\":\"ImageObject\",\"inLanguage\":\"hu\",\"@id\":\"https:\/\/kinaikaleidoszkop.hu\/index.php\/2023\/08\/21\/a-cmg-boviti-egyuttmukodeset-afrikai-mediumokkal\/#primaryimage\",\"url\":\"https:\/\/kinaikaleidoszkop.hu\/wp-content\/uploads\/2023\/08\/3e70df6f070244dcb261ef0d949807d4-scaled.jpg\",\"contentUrl\":\"https:\/\/kinaikaleidoszkop.hu\/wp-content\/uploads\/2023\/08\/3e70df6f070244dcb261ef0d949807d4-scaled.jpg\",\"width\":2560,\"height\":1707},{\"@type\":\"BreadcrumbList\",\"@id\":\"https:\/\/kinaikaleidoszkop.hu\/index.php\/2023\/08\/21\/a-cmg-boviti-egyuttmukodeset-afrikai-mediumokkal\/#breadcrumb\",\"itemListElement\":[{\"@type\":\"ListItem\",\"position\":1,\"name\":\"Kezd\u0151lap\",\"item\":\"https:\/\/kinaikaleidoszkop.hu\/\"},{\"@type\":\"ListItem\",\"position\":2,\"name\":\"A CMG b\u0151v\u00edti egy\u00fcttm\u0171k\u00f6d\u00e9s\u00e9t afrikai m\u00e9diumokkal\"}]},{\"@type\":\"WebSite\",\"@id\":\"https:\/\/kinaikaleidoszkop.hu\/#website\",\"url\":\"https:\/\/kinaikaleidoszkop.hu\/\",\"name\":\"kinaikaleidoszkop.hu\",\"description\":\"\",\"potentialAction\":[{\"@type\":\"SearchAction\",\"target\":{\"@type\":\"EntryPoint\",\"urlTemplate\":\"https:\/\/kinaikaleidoszkop.hu\/?s={search_term_string}\"},\"query-input\":{\"@type\":\"PropertyValueSpecification\",\"valueRequired\":true,\"valueName\":\"search_term_string\"}}],\"inLanguage\":\"hu\"},{\"@type\":\"Person\",\"@id\":\"https:\/\/kinaikaleidoszkop.hu\/#\/schema\/person\/b9e2febe742edd540c1197716ec02bf7\",\"name\":\"admin-szabolcs\",\"image\":{\"@type\":\"ImageObject\",\"inLanguage\":\"hu\",\"@id\":\"https:\/\/kinaikaleidoszkop.hu\/#\/schema\/person\/image\/\",\"url\":\"https:\/\/secure.gravatar.com\/avatar\/154f262492794df2a6cb5d5349227b18ef8f85ab462fbb32625fc42406483d21?s=96&d=mm&r=g\",\"contentUrl\":\"https:\/\/secure.gravatar.com\/avatar\/154f262492794df2a6cb5d5349227b18ef8f85ab462fbb32625fc42406483d21?s=96&d=mm&r=g\",\"caption\":\"admin-szabolcs\"},\"url\":\"https:\/\/kinaikaleidoszkop.hu\/index.php\/author\/admin-szabolcs\/\"}]}<\/script>\n<!-- \/ Yoast SEO plugin. -->","yoast_head_json":{"title":"A CMG b\u0151v\u00edti egy\u00fcttm\u0171k\u00f6d\u00e9s\u00e9t afrikai m\u00e9diumokkal - kinaikaleidoszkop.hu","robots":{"index":"index","follow":"follow","max-snippet":"max-snippet:-1","max-image-preview":"max-image-preview:large","max-video-preview":"max-video-preview:-1"},"canonical":"https:\/\/kinaikaleidoszkop.hu\/index.php\/2023\/08\/21\/a-cmg-boviti-egyuttmukodeset-afrikai-mediumokkal\/","og_locale":"hu_HU","og_type":"article","og_title":"A CMG b\u0151v\u00edti egy\u00fcttm\u0171k\u00f6d\u00e9s\u00e9t afrikai m\u00e9diumokkal - kinaikaleidoszkop.hu","og_description":"A China Media Group (CMG) t\u00f6bb afrikai m\u00e9diummal \u00edrt al\u00e1 egy\u00fcttm\u0171k\u00f6d\u00e9si szerz\u0151d\u00e9st Johannesburgban, Hszi Csin-ping k\u00ednai eln\u00f6k d\u00e9l-afrikai l\u00e1togat\u00e1sa el\u0151tt. Paul Mashatile, a d\u00e9l-afrikai ANC p\u00e1rt aleln\u00f6ke, egyben az orsz\u00e1g aleln\u00f6ke&nbsp; lev\u00e9lben \u00fcdv\u00f6z\u00f6lte a szerz\u0151d\u00e9s al\u00e1\u00edr\u00f3it, sok sikert k\u00edv\u00e1nva a CMG \u00e9s az afrikai m\u00e9diumok k\u00f6z\u00f6tti egy\u00fcttm\u0171k\u00f6d\u00e9sben, \u00e9s a k\u00e9t orsz\u00e1g k\u00f6z\u00f6tti gazdas\u00e1gi \u00e9s kultur\u00e1lis [&hellip;]","og_url":"https:\/\/kinaikaleidoszkop.hu\/index.php\/2023\/08\/21\/a-cmg-boviti-egyuttmukodeset-afrikai-mediumokkal\/","og_site_name":"kinaikaleidoszkop.hu","article_published_time":"2023-08-21T09:45:00+00:00","article_modified_time":"2023-08-21T09:46:32+00:00","og_image":[{"width":2560,"height":1707,"url":"https:\/\/kinaikaleidoszkop.hu\/wp-content\/uploads\/2023\/08\/3e70df6f070244dcb261ef0d949807d4-scaled.jpg","type":"image\/jpeg"}],"author":"admin-szabolcs","twitter_card":"summary_large_image","twitter_misc":{"Szerz\u0151:":"admin-szabolcs","Becs\u00fclt olvas\u00e1si id\u0151":"2 perc"},"schema":{"@context":"https:\/\/schema.org","@graph":[{"@type":"WebPage","@id":"https:\/\/kinaikaleidoszkop.hu\/index.php\/2023\/08\/21\/a-cmg-boviti-egyuttmukodeset-afrikai-mediumokkal\/","url":"https:\/\/kinaikaleidoszkop.hu\/index.php\/2023\/08\/21\/a-cmg-boviti-egyuttmukodeset-afrikai-mediumokkal\/","name":"A CMG b\u0151v\u00edti egy\u00fcttm\u0171k\u00f6d\u00e9s\u00e9t afrikai m\u00e9diumokkal - kinaikaleidoszkop.hu","isPartOf":{"@id":"https:\/\/kinaikaleidoszkop.hu\/#website"},"primaryImageOfPage":{"@id":"https:\/\/kinaikaleidoszkop.hu\/index.php\/2023\/08\/21\/a-cmg-boviti-egyuttmukodeset-afrikai-mediumokkal\/#primaryimage"},"image":{"@id":"https:\/\/kinaikaleidoszkop.hu\/index.php\/2023\/08\/21\/a-cmg-boviti-egyuttmukodeset-afrikai-mediumokkal\/#primaryimage"},"thumbnailUrl":"https:\/\/kinaikaleidoszkop.hu\/wp-content\/uploads\/2023\/08\/3e70df6f070244dcb261ef0d949807d4-scaled.jpg","datePublished":"2023-08-21T09:45:00+00:00","dateModified":"2023-08-21T09:46:32+00:00","author":{"@id":"https:\/\/kinaikaleidoszkop.hu\/#\/schema\/person\/b9e2febe742edd540c1197716ec02bf7"},"breadcrumb":{"@id":"https:\/\/kinaikaleidoszkop.hu\/index.php\/2023\/08\/21\/a-cmg-boviti-egyuttmukodeset-afrikai-mediumokkal\/#breadcrumb"},"inLanguage":"hu","potentialAction":[{"@type":"ReadAction","target":["https:\/\/kinaikaleidoszkop.hu\/index.php\/2023\/08\/21\/a-cmg-boviti-egyuttmukodeset-afrikai-mediumokkal\/"]}]},{"@type":"ImageObject","inLanguage":"hu","@id":"https:\/\/kinaikaleidoszkop.hu\/index.php\/2023\/08\/21\/a-cmg-boviti-egyuttmukodeset-afrikai-mediumokkal\/#primaryimage","url":"https:\/\/kinaikaleidoszkop.hu\/wp-content\/uploads\/2023\/08\/3e70df6f070244dcb261ef0d949807d4-scaled.jpg","contentUrl":"https:\/\/kinaikaleidoszkop.hu\/wp-content\/uploads\/2023\/08\/3e70df6f070244dcb261ef0d949807d4-scaled.jpg","width":2560,"height":1707},{"@type":"BreadcrumbList","@id":"https:\/\/kinaikaleidoszkop.hu\/index.php\/2023\/08\/21\/a-cmg-boviti-egyuttmukodeset-afrikai-mediumokkal\/#breadcrumb","itemListElement":[{"@type":"ListItem","position":1,"name":"Kezd\u0151lap","item":"https:\/\/kinaikaleidoszkop.hu\/"},{"@type":"ListItem","position":2,"name":"A CMG b\u0151v\u00edti egy\u00fcttm\u0171k\u00f6d\u00e9s\u00e9t afrikai m\u00e9diumokkal"}]},{"@type":"WebSite","@id":"https:\/\/kinaikaleidoszkop.hu\/#website","url":"https:\/\/kinaikaleidoszkop.hu\/","name":"kinaikaleidoszkop.hu","description":"","potentialAction":[{"@type":"SearchAction","target":{"@type":"EntryPoint","urlTemplate":"https:\/\/kinaikaleidoszkop.hu\/?s={search_term_string}"},"query-input":{"@type":"PropertyValueSpecification","valueRequired":true,"valueName":"search_term_string"}}],"inLanguage":"hu"},{"@type":"Person","@id":"https:\/\/kinaikaleidoszkop.hu\/#\/schema\/person\/b9e2febe742edd540c1197716ec02bf7","name":"admin-szabolcs","image":{"@type":"ImageObject","inLanguage":"hu","@id":"https:\/\/kinaikaleidoszkop.hu\/#\/schema\/person\/image\/","url":"https:\/\/secure.gravatar.com\/avatar\/154f262492794df2a6cb5d5349227b18ef8f85ab462fbb32625fc42406483d21?s=96&d=mm&r=g","contentUrl":"https:\/\/secure.gravatar.com\/avatar\/154f262492794df2a6cb5d5349227b18ef8f85ab462fbb32625fc42406483d21?s=96&d=mm&r=g","caption":"admin-szabolcs"},"url":"https:\/\/kinaikaleidoszkop.hu\/index.php\/author\/admin-szabolcs\/"}]}},"views":230,"distributor_meta":false,"distributor_terms":false,"distributor_media":false,"distributor_original_site_name":"kinaikaleidoszkop.hu","distributor_original_site_url":"https:\/\/kinaikaleidoszkop.hu","push-errors":false,"_links":{"self":[{"href":"https:\/\/kinaikaleidoszkop.hu\/index.php\/wp-json\/wp\/v2\/posts\/18635","targetHints":{"allow":["GET"]}}],"collection":[{"href":"https:\/\/kinaikaleidoszkop.hu\/index.php\/wp-json\/wp\/v2\/posts"}],"about":[{"href":"https:\/\/kinaikaleidoszkop.hu\/index.php\/wp-json\/wp\/v2\/types\/post"}],"author":[{"embeddable":true,"href":"https:\/\/kinaikaleidoszkop.hu\/index.php\/wp-json\/wp\/v2\/users\/2"}],"replies":[{"embeddable":true,"href":"https:\/\/kinaikaleidoszkop.hu\/index.php\/wp-json\/wp\/v2\/comments?post=18635"}],"version-history":[{"count":1,"href":"https:\/\/kinaikaleidoszkop.hu\/index.php\/wp-json\/wp\/v2\/posts\/18635\/revisions"}],"predecessor-version":[{"id":18645,"href":"https:\/\/kinaikaleidoszkop.hu\/index.php\/wp-json\/wp\/v2\/posts\/18635\/revisions\/18645"}],"wp:featuredmedia":[{"embeddable":true,"href":"https:\/\/kinaikaleidoszkop.hu\/index.php\/wp-json\/wp\/v2\/media\/18638"}],"wp:attachment":[{"href":"https:\/\/kinaikaleidoszkop.hu\/index.php\/wp-json\/wp\/v2\/media?parent=18635"}],"wp:term":[{"taxonomy":"category","embeddable":true,"href":"https:\/\/kinaikaleidoszkop.hu\/index.php\/wp-json\/wp\/v2\/categories?post=18635"},{"taxonomy":"post_tag","embeddable":true,"href":"https:\/\/kinaikaleidoszkop.hu\/index.php\/wp-json\/wp\/v2\/tags?post=18635"}],"curies":[{"name":"wp","href":"https:\/\/api.w.org\/{rel}","templated":true}]}}