{"id":18641,"date":"2023-08-21T13:15:56","date_gmt":"2023-08-21T11:15:56","guid":{"rendered":"https:\/\/kinaikaleidoszkop.hu\/?p=18641"},"modified":"2023-08-21T13:15:56","modified_gmt":"2023-08-21T11:15:56","slug":"cmg-kommentar-az-azsiai-kis-nato-elkepzeles-bukasra-van-itelve","status":"publish","type":"post","link":"https:\/\/kinaikaleidoszkop.hu\/index.php\/2023\/08\/21\/cmg-kommentar-az-azsiai-kis-nato-elkepzeles-bukasra-van-itelve\/","title":{"rendered":"CMG-komment\u00e1r: Az \u201e\u00e1zsiai kis NATO\u201d elk\u00e9pzel\u00e9s buk\u00e1sra van \u00edt\u00e9lve"},"content":{"rendered":"\n<p><strong>Augusztus 19-\u00e9n lez\u00e1rult az Egyes\u00fclt \u00c1llamok-Jap\u00e1n-D\u00e9l-Korea h\u00e1rmas els\u0151 cs\u00facs\u00e9rtekezlete az amerikai Camp Davidben. A h\u00e1rom \u00e1llam vezet\u0151je csak a sajt\u00f3t\u00e1j\u00e9koztat\u00f3n 17-szer eml\u00edtette K\u00edn\u00e1t. A cs\u00facsot k\u00f6vet\u0151en nyilv\u00e1noss\u00e1gra hozott h\u00e1rom nyilatkozat a Tajvani-szoros \u00e9s a D\u00e9l-k\u00ednai-tenger k\u00e9rd\u00e9seit \u00e9rintve aggodalmat kelt, \u00e9s arra \u00f6szt\u00f6nzi az \u00e9rintett feleket, hogy \u201ereag\u00e1ljanak a fenyeget\u00e9sekre\u201d. B\u00e1r az Egyes\u00fclt \u00c1llamok szerint ez \u201enem ir\u00e1nyul K\u00edna ellen\u201d, de ez puszt\u00e1n hazugs\u00e1g.<\/strong><\/p>\n\n\n\n<p>Camp David az amerikai \u201eudvarh\u00e1zi diplom\u00e1cia\u201d fontos helysz\u00edne. Nyilv\u00e1nval\u00f3, hogy ennek a h\u00e1romoldal\u00fa cs\u00facstal\u00e1lkoz\u00f3nak a c\u00e9lja az volt, hogy k\u00fcl\u00f6nleges diplom\u00e1ciai m\u00f3don bevonzza Jap\u00e1nt \u00e9s D\u00e9l-Kore\u00e1t, s hogy majd egy \u201emini NATO-n\u201d kereszt\u00fcl el\u0151mozd\u00edtsa az Egyes\u00fclt \u00c1llamok Indo-csendes-\u00f3ce\u00e1ni strat\u00e9gi\u00e1j\u00e1nak megval\u00f3s\u00edt\u00e1s\u00e1t.<\/p>\n\n\n<div class=\"wp-block-image\">\n<figure class=\"alignright is-resized\"><img loading=\"lazy\" decoding=\"async\" src=\"https:\/\/hirpest.hu\/wp-content\/uploads\/2023\/08\/0821Lea1.jpg\" alt=\"\" class=\"wp-image-18340\" style=\"width:450px;height:300px\" width=\"450\" height=\"300\"\/><\/figure>\n<\/div>\n\n\n<p>Az ut\u00f3bbi \u00e9vekben az Egyes\u00fclt \u00c1llamok legfontosabb versenyt\u00e1rsak\u00e9nt tekint K\u00edn\u00e1ra, amelyet igyekszik k\u00fcl\u00f6nb\u00f6z\u0151 eszk\u00f6z\u00f6kkel elszigetelni. Elemz\u0151k szerint az amerikai-jap\u00e1n-d\u00e9l-koreai cs\u00facs az amerikai strat\u00e9giai c\u00e9l megval\u00f3s\u00edt\u00e1s\u00e1nak eszk\u00f6ze. A cs\u00facson elfogadott \u00fagynevezett <em>Camp David szelleme, Camp David elve<\/em> \u00e9s a <em>T\u00e1rgyal\u00e1si meg\u00e1llapod\u00e1s <\/em>szint\u00e9n ezt bizony\u00edtja. Sheila A. Smith, az amerikai K\u00fclkapcsolatok Tan\u00e1csa (CFR) \u00e1zsiai-csendes-\u00f3ce\u00e1ni t\u00e9rs\u00e9gi \u00fcgyeknek vezet\u0151 kutat\u00f3ja \u00fagy v\u00e9lte, hogy a cs\u00facson t\u00f6bbsz\u00f6r eml\u00edtett\u00e9k a technol\u00f3giai innov\u00e1ci\u00f3t \u00e9s a glob\u00e1lis ell\u00e1t\u00e1si l\u00e1nc rugalmass\u00e1g\u00e1t, de a h\u00e1tt\u00e9rben nyilv\u00e1nval\u00f3an K\u00edn\u00e1r\u00f3l van sz\u00f3.<\/p>\n\n\n\n<p>Val\u00f3ban el\u0151seg\u00edtheti ez a cs\u00facs az \u201e\u00e1zsiai kis NATO\u201d l\u00e9trehoz\u00e1s\u00e1t? A CMG tud\u00f3s\u00edt\u00f3ja szerint semmik\u00e9ppen. A f\u0151 okok pedig a k\u00f6vetkez\u0151k: az els\u0151, a h\u00e1rom dokumentum \u2013 amelyeket elfogadtak a cs\u00facson \u2013 nem tartalmaz konkr\u00e9t terveket. A r\u00e9szvev\u0151 orsz\u00e1gok szemsz\u00f6g\u00e9b\u0151l n\u00e9zve a h\u00e1rom f\u00e9lnek k\u00fcl\u00f6nb\u00f6z\u0151 a motiv\u00e1ci\u00f3ja, \u00e9s az \u00e9rintett orsz\u00e1gok kapcsolatait konfliktusok terhelik. Jap\u00e1nnak K\u00edna a legnagyobb kereskedelmi partnere, a K\u00edn\u00e1val val\u00f3 konfront\u00e1ci\u00f3 nem \u00f6sszeegyeztethet\u0151 Jap\u00e1n \u00e9rdekeivel. T\u00f6rt\u00e9nelmi k\u00e9rd\u00e9sek miatt van ellent\u00e9t a jap\u00e1n \u00e9s a d\u00e9l-koreai n\u00e9p k\u00f6z\u00f6tt. Az Egyes\u00fclt \u00c1llamok \u00e1ltal elfogadott <em>Chip \u00e9s tudom\u00e1ny t\u00f6rv\u00e9nye<\/em>, valamint az <em>Infl\u00e1ci\u00f3cs\u00f6kkent\u00e9si t\u00f6rv\u00e9ny<\/em> pedig s\u00falyosan \u00e9rintette D\u00e9l-Korea gazdas\u00e1g\u00e1t is.<\/p>\n\n\n\n<p>B\u00e1r \u00fagy t\u0171nik, hogy a Camp David-i cs\u00facs az egy\u00fcttm\u0171k\u00f6d\u00e9sr\u0151l sz\u00f3lt, de val\u00f3j\u00e1ban v\u00e1ls\u00e1got id\u00e9zhet el\u0151 az \u00e1zsiai-csendes-\u00f3ce\u00e1ni t\u00e9rs\u00e9gben. Az <em>\u201e\u00e1zsiai kis NATO\u201d <\/em>elk\u00e9pzel\u00e9s teh\u00e1t buk\u00e1sra van \u00edt\u00e9lve, mert elt\u00e9r az \u00e1zsiai-csendes-\u00f3ce\u00e1ni orsz\u00e1gok alapvet\u0151 ig\u00e9nyeit\u0151l, vagyis a b\u00e9k\u00e9t\u0151l \u00e9s fejl\u0151d\u00e9st\u0151l.<\/p>\n\n\n\n<p><strong><em>(Ma Xiaolu \u2013 China Media Group)<\/em><\/strong><\/p>\n\n\n\n<p><strong>2023. augusztus 21.<\/strong><\/p>\n\n\n\n<p><strong>(x)<\/strong><\/p>\n","protected":false},"excerpt":{"rendered":"<p>Augusztus 19-\u00e9n lez\u00e1rult az Egyes\u00fclt \u00c1llamok-Jap\u00e1n-D\u00e9l-Korea h\u00e1rmas els\u0151 cs\u00facs\u00e9rtekezlete az amerikai Camp Davidben. A h\u00e1rom \u00e1llam vezet\u0151je csak a sajt\u00f3t\u00e1j\u00e9koztat\u00f3n 17-szer eml\u00edtette K\u00edn\u00e1t. A cs\u00facsot k\u00f6vet\u0151en nyilv\u00e1noss\u00e1gra hozott h\u00e1rom nyilatkozat a Tajvani-szoros \u00e9s a D\u00e9l-k\u00ednai-tenger k\u00e9rd\u00e9seit \u00e9rintve aggodalmat kelt, \u00e9s arra \u00f6szt\u00f6nzi az \u00e9rintett feleket, hogy \u201ereag\u00e1ljanak a fenyeget\u00e9sekre\u201d. B\u00e1r az Egyes\u00fclt \u00c1llamok szerint ez [&hellip;]<\/p>\n","protected":false},"author":2,"featured_media":18644,"comment_status":"closed","ping_status":"closed","sticky":false,"template":"","format":"standard","meta":{"footnotes":""},"categories":[45],"tags":[2893,2890,2892,2520,2891,2479,131,1318,469,691],"class_list":["post-18641","post","type-post","status-publish","format-standard","has-post-thumbnail","hentry","category-hirek","tag-azsiai-kis-nato","tag-bukas","tag-camp-david","tag-cmg-kommentar","tag-csucsertekezlet","tag-del-korea","tag-egyesult-allamok","tag-japan","tag-nyilatkozat","tag-sajtotajekoztato"],"yoast_head":"<!-- This site is optimized with the Yoast SEO plugin v23.7 - https:\/\/yoast.com\/wordpress\/plugins\/seo\/ -->\n<title>CMG-komment\u00e1r: Az \u201e\u00e1zsiai kis NATO\u201d elk\u00e9pzel\u00e9s buk\u00e1sra van \u00edt\u00e9lve - kinaikaleidoszkop.hu<\/title>\n<meta name=\"robots\" content=\"index, follow, max-snippet:-1, max-image-preview:large, max-video-preview:-1\" \/>\n<link rel=\"canonical\" href=\"https:\/\/kinaikaleidoszkop.hu\/index.php\/2023\/08\/21\/cmg-kommentar-az-azsiai-kis-nato-elkepzeles-bukasra-van-itelve\/\" \/>\n<meta property=\"og:locale\" content=\"hu_HU\" \/>\n<meta property=\"og:type\" content=\"article\" \/>\n<meta property=\"og:title\" content=\"CMG-komment\u00e1r: Az \u201e\u00e1zsiai kis NATO\u201d elk\u00e9pzel\u00e9s buk\u00e1sra van \u00edt\u00e9lve - kinaikaleidoszkop.hu\" \/>\n<meta property=\"og:description\" content=\"Augusztus 19-\u00e9n lez\u00e1rult az Egyes\u00fclt \u00c1llamok-Jap\u00e1n-D\u00e9l-Korea h\u00e1rmas els\u0151 cs\u00facs\u00e9rtekezlete az amerikai Camp Davidben. A h\u00e1rom \u00e1llam vezet\u0151je csak a sajt\u00f3t\u00e1j\u00e9koztat\u00f3n 17-szer eml\u00edtette K\u00edn\u00e1t. A cs\u00facsot k\u00f6vet\u0151en nyilv\u00e1noss\u00e1gra hozott h\u00e1rom nyilatkozat a Tajvani-szoros \u00e9s a D\u00e9l-k\u00ednai-tenger k\u00e9rd\u00e9seit \u00e9rintve aggodalmat kelt, \u00e9s arra \u00f6szt\u00f6nzi az \u00e9rintett feleket, hogy \u201ereag\u00e1ljanak a fenyeget\u00e9sekre\u201d. B\u00e1r az Egyes\u00fclt \u00c1llamok szerint ez [&hellip;]\" \/>\n<meta property=\"og:url\" content=\"https:\/\/kinaikaleidoszkop.hu\/index.php\/2023\/08\/21\/cmg-kommentar-az-azsiai-kis-nato-elkepzeles-bukasra-van-itelve\/\" \/>\n<meta property=\"og:site_name\" content=\"kinaikaleidoszkop.hu\" \/>\n<meta property=\"article:published_time\" content=\"2023-08-21T11:15:56+00:00\" \/>\n<meta property=\"og:image\" content=\"https:\/\/kinaikaleidoszkop.hu\/wp-content\/uploads\/2023\/08\/0821Lea1.jpg\" \/>\n\t<meta property=\"og:image:width\" content=\"600\" \/>\n\t<meta property=\"og:image:height\" content=\"400\" \/>\n\t<meta property=\"og:image:type\" content=\"image\/jpeg\" \/>\n<meta name=\"author\" content=\"admin-szabolcs\" \/>\n<meta name=\"twitter:card\" content=\"summary_large_image\" \/>\n<meta name=\"twitter:label1\" content=\"Szerz\u0151:\" \/>\n\t<meta name=\"twitter:data1\" content=\"admin-szabolcs\" \/>\n\t<meta name=\"twitter:label2\" content=\"Becs\u00fclt olvas\u00e1si id\u0151\" \/>\n\t<meta name=\"twitter:data2\" content=\"2 perc\" \/>\n<script type=\"application\/ld+json\" class=\"yoast-schema-graph\">{\"@context\":\"https:\/\/schema.org\",\"@graph\":[{\"@type\":\"WebPage\",\"@id\":\"https:\/\/kinaikaleidoszkop.hu\/index.php\/2023\/08\/21\/cmg-kommentar-az-azsiai-kis-nato-elkepzeles-bukasra-van-itelve\/\",\"url\":\"https:\/\/kinaikaleidoszkop.hu\/index.php\/2023\/08\/21\/cmg-kommentar-az-azsiai-kis-nato-elkepzeles-bukasra-van-itelve\/\",\"name\":\"CMG-komment\u00e1r: Az \u201e\u00e1zsiai kis NATO\u201d elk\u00e9pzel\u00e9s buk\u00e1sra van \u00edt\u00e9lve - kinaikaleidoszkop.hu\",\"isPartOf\":{\"@id\":\"https:\/\/kinaikaleidoszkop.hu\/#website\"},\"primaryImageOfPage\":{\"@id\":\"https:\/\/kinaikaleidoszkop.hu\/index.php\/2023\/08\/21\/cmg-kommentar-az-azsiai-kis-nato-elkepzeles-bukasra-van-itelve\/#primaryimage\"},\"image\":{\"@id\":\"https:\/\/kinaikaleidoszkop.hu\/index.php\/2023\/08\/21\/cmg-kommentar-az-azsiai-kis-nato-elkepzeles-bukasra-van-itelve\/#primaryimage\"},\"thumbnailUrl\":\"https:\/\/kinaikaleidoszkop.hu\/wp-content\/uploads\/2023\/08\/0821Lea1.jpg\",\"datePublished\":\"2023-08-21T11:15:56+00:00\",\"dateModified\":\"2023-08-21T11:15:56+00:00\",\"author\":{\"@id\":\"https:\/\/kinaikaleidoszkop.hu\/#\/schema\/person\/b9e2febe742edd540c1197716ec02bf7\"},\"breadcrumb\":{\"@id\":\"https:\/\/kinaikaleidoszkop.hu\/index.php\/2023\/08\/21\/cmg-kommentar-az-azsiai-kis-nato-elkepzeles-bukasra-van-itelve\/#breadcrumb\"},\"inLanguage\":\"hu\",\"potentialAction\":[{\"@type\":\"ReadAction\",\"target\":[\"https:\/\/kinaikaleidoszkop.hu\/index.php\/2023\/08\/21\/cmg-kommentar-az-azsiai-kis-nato-elkepzeles-bukasra-van-itelve\/\"]}]},{\"@type\":\"ImageObject\",\"inLanguage\":\"hu\",\"@id\":\"https:\/\/kinaikaleidoszkop.hu\/index.php\/2023\/08\/21\/cmg-kommentar-az-azsiai-kis-nato-elkepzeles-bukasra-van-itelve\/#primaryimage\",\"url\":\"https:\/\/kinaikaleidoszkop.hu\/wp-content\/uploads\/2023\/08\/0821Lea1.jpg\",\"contentUrl\":\"https:\/\/kinaikaleidoszkop.hu\/wp-content\/uploads\/2023\/08\/0821Lea1.jpg\",\"width\":600,\"height\":400},{\"@type\":\"BreadcrumbList\",\"@id\":\"https:\/\/kinaikaleidoszkop.hu\/index.php\/2023\/08\/21\/cmg-kommentar-az-azsiai-kis-nato-elkepzeles-bukasra-van-itelve\/#breadcrumb\",\"itemListElement\":[{\"@type\":\"ListItem\",\"position\":1,\"name\":\"Kezd\u0151lap\",\"item\":\"https:\/\/kinaikaleidoszkop.hu\/\"},{\"@type\":\"ListItem\",\"position\":2,\"name\":\"CMG-komment\u00e1r: Az \u201e\u00e1zsiai kis NATO\u201d elk\u00e9pzel\u00e9s buk\u00e1sra van \u00edt\u00e9lve\"}]},{\"@type\":\"WebSite\",\"@id\":\"https:\/\/kinaikaleidoszkop.hu\/#website\",\"url\":\"https:\/\/kinaikaleidoszkop.hu\/\",\"name\":\"kinaikaleidoszkop.hu\",\"description\":\"\",\"potentialAction\":[{\"@type\":\"SearchAction\",\"target\":{\"@type\":\"EntryPoint\",\"urlTemplate\":\"https:\/\/kinaikaleidoszkop.hu\/?s={search_term_string}\"},\"query-input\":{\"@type\":\"PropertyValueSpecification\",\"valueRequired\":true,\"valueName\":\"search_term_string\"}}],\"inLanguage\":\"hu\"},{\"@type\":\"Person\",\"@id\":\"https:\/\/kinaikaleidoszkop.hu\/#\/schema\/person\/b9e2febe742edd540c1197716ec02bf7\",\"name\":\"admin-szabolcs\",\"image\":{\"@type\":\"ImageObject\",\"inLanguage\":\"hu\",\"@id\":\"https:\/\/kinaikaleidoszkop.hu\/#\/schema\/person\/image\/\",\"url\":\"https:\/\/secure.gravatar.com\/avatar\/154f262492794df2a6cb5d5349227b18ef8f85ab462fbb32625fc42406483d21?s=96&d=mm&r=g\",\"contentUrl\":\"https:\/\/secure.gravatar.com\/avatar\/154f262492794df2a6cb5d5349227b18ef8f85ab462fbb32625fc42406483d21?s=96&d=mm&r=g\",\"caption\":\"admin-szabolcs\"},\"url\":\"https:\/\/kinaikaleidoszkop.hu\/index.php\/author\/admin-szabolcs\/\"}]}<\/script>\n<!-- \/ Yoast SEO plugin. -->","yoast_head_json":{"title":"CMG-komment\u00e1r: Az \u201e\u00e1zsiai kis NATO\u201d elk\u00e9pzel\u00e9s buk\u00e1sra van \u00edt\u00e9lve - kinaikaleidoszkop.hu","robots":{"index":"index","follow":"follow","max-snippet":"max-snippet:-1","max-image-preview":"max-image-preview:large","max-video-preview":"max-video-preview:-1"},"canonical":"https:\/\/kinaikaleidoszkop.hu\/index.php\/2023\/08\/21\/cmg-kommentar-az-azsiai-kis-nato-elkepzeles-bukasra-van-itelve\/","og_locale":"hu_HU","og_type":"article","og_title":"CMG-komment\u00e1r: Az \u201e\u00e1zsiai kis NATO\u201d elk\u00e9pzel\u00e9s buk\u00e1sra van \u00edt\u00e9lve - kinaikaleidoszkop.hu","og_description":"Augusztus 19-\u00e9n lez\u00e1rult az Egyes\u00fclt \u00c1llamok-Jap\u00e1n-D\u00e9l-Korea h\u00e1rmas els\u0151 cs\u00facs\u00e9rtekezlete az amerikai Camp Davidben. A h\u00e1rom \u00e1llam vezet\u0151je csak a sajt\u00f3t\u00e1j\u00e9koztat\u00f3n 17-szer eml\u00edtette K\u00edn\u00e1t. A cs\u00facsot k\u00f6vet\u0151en nyilv\u00e1noss\u00e1gra hozott h\u00e1rom nyilatkozat a Tajvani-szoros \u00e9s a D\u00e9l-k\u00ednai-tenger k\u00e9rd\u00e9seit \u00e9rintve aggodalmat kelt, \u00e9s arra \u00f6szt\u00f6nzi az \u00e9rintett feleket, hogy \u201ereag\u00e1ljanak a fenyeget\u00e9sekre\u201d. B\u00e1r az Egyes\u00fclt \u00c1llamok szerint ez [&hellip;]","og_url":"https:\/\/kinaikaleidoszkop.hu\/index.php\/2023\/08\/21\/cmg-kommentar-az-azsiai-kis-nato-elkepzeles-bukasra-van-itelve\/","og_site_name":"kinaikaleidoszkop.hu","article_published_time":"2023-08-21T11:15:56+00:00","og_image":[{"width":600,"height":400,"url":"https:\/\/kinaikaleidoszkop.hu\/wp-content\/uploads\/2023\/08\/0821Lea1.jpg","type":"image\/jpeg"}],"author":"admin-szabolcs","twitter_card":"summary_large_image","twitter_misc":{"Szerz\u0151:":"admin-szabolcs","Becs\u00fclt olvas\u00e1si id\u0151":"2 perc"},"schema":{"@context":"https:\/\/schema.org","@graph":[{"@type":"WebPage","@id":"https:\/\/kinaikaleidoszkop.hu\/index.php\/2023\/08\/21\/cmg-kommentar-az-azsiai-kis-nato-elkepzeles-bukasra-van-itelve\/","url":"https:\/\/kinaikaleidoszkop.hu\/index.php\/2023\/08\/21\/cmg-kommentar-az-azsiai-kis-nato-elkepzeles-bukasra-van-itelve\/","name":"CMG-komment\u00e1r: Az \u201e\u00e1zsiai kis NATO\u201d elk\u00e9pzel\u00e9s buk\u00e1sra van \u00edt\u00e9lve - kinaikaleidoszkop.hu","isPartOf":{"@id":"https:\/\/kinaikaleidoszkop.hu\/#website"},"primaryImageOfPage":{"@id":"https:\/\/kinaikaleidoszkop.hu\/index.php\/2023\/08\/21\/cmg-kommentar-az-azsiai-kis-nato-elkepzeles-bukasra-van-itelve\/#primaryimage"},"image":{"@id":"https:\/\/kinaikaleidoszkop.hu\/index.php\/2023\/08\/21\/cmg-kommentar-az-azsiai-kis-nato-elkepzeles-bukasra-van-itelve\/#primaryimage"},"thumbnailUrl":"https:\/\/kinaikaleidoszkop.hu\/wp-content\/uploads\/2023\/08\/0821Lea1.jpg","datePublished":"2023-08-21T11:15:56+00:00","dateModified":"2023-08-21T11:15:56+00:00","author":{"@id":"https:\/\/kinaikaleidoszkop.hu\/#\/schema\/person\/b9e2febe742edd540c1197716ec02bf7"},"breadcrumb":{"@id":"https:\/\/kinaikaleidoszkop.hu\/index.php\/2023\/08\/21\/cmg-kommentar-az-azsiai-kis-nato-elkepzeles-bukasra-van-itelve\/#breadcrumb"},"inLanguage":"hu","potentialAction":[{"@type":"ReadAction","target":["https:\/\/kinaikaleidoszkop.hu\/index.php\/2023\/08\/21\/cmg-kommentar-az-azsiai-kis-nato-elkepzeles-bukasra-van-itelve\/"]}]},{"@type":"ImageObject","inLanguage":"hu","@id":"https:\/\/kinaikaleidoszkop.hu\/index.php\/2023\/08\/21\/cmg-kommentar-az-azsiai-kis-nato-elkepzeles-bukasra-van-itelve\/#primaryimage","url":"https:\/\/kinaikaleidoszkop.hu\/wp-content\/uploads\/2023\/08\/0821Lea1.jpg","contentUrl":"https:\/\/kinaikaleidoszkop.hu\/wp-content\/uploads\/2023\/08\/0821Lea1.jpg","width":600,"height":400},{"@type":"BreadcrumbList","@id":"https:\/\/kinaikaleidoszkop.hu\/index.php\/2023\/08\/21\/cmg-kommentar-az-azsiai-kis-nato-elkepzeles-bukasra-van-itelve\/#breadcrumb","itemListElement":[{"@type":"ListItem","position":1,"name":"Kezd\u0151lap","item":"https:\/\/kinaikaleidoszkop.hu\/"},{"@type":"ListItem","position":2,"name":"CMG-komment\u00e1r: Az \u201e\u00e1zsiai kis NATO\u201d elk\u00e9pzel\u00e9s buk\u00e1sra van \u00edt\u00e9lve"}]},{"@type":"WebSite","@id":"https:\/\/kinaikaleidoszkop.hu\/#website","url":"https:\/\/kinaikaleidoszkop.hu\/","name":"kinaikaleidoszkop.hu","description":"","potentialAction":[{"@type":"SearchAction","target":{"@type":"EntryPoint","urlTemplate":"https:\/\/kinaikaleidoszkop.hu\/?s={search_term_string}"},"query-input":{"@type":"PropertyValueSpecification","valueRequired":true,"valueName":"search_term_string"}}],"inLanguage":"hu"},{"@type":"Person","@id":"https:\/\/kinaikaleidoszkop.hu\/#\/schema\/person\/b9e2febe742edd540c1197716ec02bf7","name":"admin-szabolcs","image":{"@type":"ImageObject","inLanguage":"hu","@id":"https:\/\/kinaikaleidoszkop.hu\/#\/schema\/person\/image\/","url":"https:\/\/secure.gravatar.com\/avatar\/154f262492794df2a6cb5d5349227b18ef8f85ab462fbb32625fc42406483d21?s=96&d=mm&r=g","contentUrl":"https:\/\/secure.gravatar.com\/avatar\/154f262492794df2a6cb5d5349227b18ef8f85ab462fbb32625fc42406483d21?s=96&d=mm&r=g","caption":"admin-szabolcs"},"url":"https:\/\/kinaikaleidoszkop.hu\/index.php\/author\/admin-szabolcs\/"}]}},"views":309,"distributor_meta":false,"distributor_terms":false,"distributor_media":false,"distributor_original_site_name":"kinaikaleidoszkop.hu","distributor_original_site_url":"https:\/\/kinaikaleidoszkop.hu","push-errors":false,"_links":{"self":[{"href":"https:\/\/kinaikaleidoszkop.hu\/index.php\/wp-json\/wp\/v2\/posts\/18641","targetHints":{"allow":["GET"]}}],"collection":[{"href":"https:\/\/kinaikaleidoszkop.hu\/index.php\/wp-json\/wp\/v2\/posts"}],"about":[{"href":"https:\/\/kinaikaleidoszkop.hu\/index.php\/wp-json\/wp\/v2\/types\/post"}],"author":[{"embeddable":true,"href":"https:\/\/kinaikaleidoszkop.hu\/index.php\/wp-json\/wp\/v2\/users\/2"}],"replies":[{"embeddable":true,"href":"https:\/\/kinaikaleidoszkop.hu\/index.php\/wp-json\/wp\/v2\/comments?post=18641"}],"version-history":[{"count":1,"href":"https:\/\/kinaikaleidoszkop.hu\/index.php\/wp-json\/wp\/v2\/posts\/18641\/revisions"}],"predecessor-version":[{"id":18646,"href":"https:\/\/kinaikaleidoszkop.hu\/index.php\/wp-json\/wp\/v2\/posts\/18641\/revisions\/18646"}],"wp:featuredmedia":[{"embeddable":true,"href":"https:\/\/kinaikaleidoszkop.hu\/index.php\/wp-json\/wp\/v2\/media\/18644"}],"wp:attachment":[{"href":"https:\/\/kinaikaleidoszkop.hu\/index.php\/wp-json\/wp\/v2\/media?parent=18641"}],"wp:term":[{"taxonomy":"category","embeddable":true,"href":"https:\/\/kinaikaleidoszkop.hu\/index.php\/wp-json\/wp\/v2\/categories?post=18641"},{"taxonomy":"post_tag","embeddable":true,"href":"https:\/\/kinaikaleidoszkop.hu\/index.php\/wp-json\/wp\/v2\/tags?post=18641"}],"curies":[{"name":"wp","href":"https:\/\/api.w.org\/{rel}","templated":true}]}}