{"id":18666,"date":"2023-08-23T10:07:26","date_gmt":"2023-08-23T08:07:26","guid":{"rendered":"https:\/\/kinaikaleidoszkop.hu\/?p=18666"},"modified":"2023-08-23T10:07:35","modified_gmt":"2023-08-23T08:07:35","slug":"hszi-es-ramaphosa-talalkozott-a-sajto-kepviseloivel","status":"publish","type":"post","link":"https:\/\/kinaikaleidoszkop.hu\/index.php\/2023\/08\/23\/hszi-es-ramaphosa-talalkozott-a-sajto-kepviseloivel\/","title":{"rendered":"Hszi \u00e9s Ramaphosa tal\u00e1lkozott a sajt\u00f3 k\u00e9pvisel\u0151ivel"},"content":{"rendered":"\n<p><strong>K\u00edna t\u00e1mogatja az Afrikai Uni\u00f3 csatlakoz\u00e1s\u00e1t a G20-hoz, \u00e9s t\u00e1mogatja D\u00e9l-Afrik\u00e1t abban, hogy nagyobb szerepet j\u00e1tsszon a nemzetk\u00f6zi \u00e9s region\u00e1lis \u00fcgyekben, mondta Hszi Csin-ping, a hivatalos l\u00e1togat\u00e1son D\u00e9l-Afrik\u00e1ban tart\u00f3zkod\u00f3 k\u00ednai \u00e1llameln\u00f6k.<\/strong><\/p>\n\n\n\n<p>Hszi \u00e9s Cyril Ramaphosa d\u00e9l-afrikai eln\u00f6k keddi megbesz\u00e9l\u00e9s\u00fck ut\u00e1n k\u00f6z\u00f6sen tal\u00e1lkozott a sajt\u00f3val.<\/p>\n\n\n\n<p>\u201eAz elm\u00falt 10 \u00e9vben D\u00e9l-Afrika f\u00f6ldj\u00e9n nemcsak tan\u00faja voltam a Konfucius Int\u00e9zet l\u00e9trehoz\u00e1s\u00e1nak a d\u00e9l-afrikai Durban M\u0171szaki Egyetemen, valamint a kiv\u00e1l\u00f3an megszervezett \u201cK\u00edna \u00e9v\u00e9nek\u201d, de eln\u00f6k \u00farral egy\u00fctt megnyomhattam azt a gombot is, amellyel elind\u00edtottuk a BAIC pekingi aut\u00f3gy\u00e1rt\u00f3 v\u00e1llalat d\u00e9l-afrikai \u00fczem\u00e9nek gy\u00e1rt\u00f3sor\u00e1t&#8221; &#8211; eml\u00e9keztetett Hszi Csin-ping.<\/p>\n\n\n\n<p>A k\u00e9t orsz\u00e1g el fogja m\u00e9ly\u00edteni a k\u00e9toldal\u00fa egy\u00fcttm\u0171k\u00f6d\u00e9st a villamos energia \u00e9s a tiszta energia, valamint a tudom\u00e1nyos \u00e9s technol\u00f3giai innov\u00e1ci\u00f3 ter\u00e9n, jegyezte meg Hszi.<\/p>\n\n\n\n<p>K\u00edna k\u00e9szen \u00e1ll arra, hogy t\u00f6bb min\u0151s\u00e9gi term\u00e9ket import\u00e1ljon D\u00e9l-Afrik\u00e1b\u00f3l, \u00e9s tov\u00e1bbra is \u00f6szt\u00f6n\u00f6zni fogja a k\u00ednai v\u00e1llalatokat, hogy fektessenek be, \u00e9s \u00e9p\u00edts\u00e9k \u00fczleti kapcsolataikat D\u00e9l-Afrik\u00e1ban, mondta Hszi.<\/p>\n\n\n\n<p>A k\u00ednai \u00e1llameln\u00f6k hozz\u00e1tette, hogy K\u00edna t\u00e1mogatja a d\u00e9l-afrikai korm\u00e1ny er\u0151fesz\u00edt\u00e9seit a szakk\u00e9pz\u00e9s meger\u0151s\u00edt\u00e9s\u00e9re \u00e9s a fiatalok foglalkoztat\u00e1s\u00e1nak el\u0151mozd\u00edt\u00e1s\u00e1ra.<\/p>\n\n\n\n<figure class=\"wp-block-image size-full\"><img loading=\"lazy\" decoding=\"async\" width=\"900\" height=\"587\" src=\"https:\/\/kinaikaleidoszkop.hu\/wp-content\/uploads\/2023\/08\/\u5171\u540c\u4f1a\u89c1\u8bb0\u8005.jpg\" alt=\"\" class=\"wp-image-18668\" srcset=\"https:\/\/kinaikaleidoszkop.hu\/wp-content\/uploads\/2023\/08\/\u5171\u540c\u4f1a\u89c1\u8bb0\u8005.jpg 900w, https:\/\/kinaikaleidoszkop.hu\/wp-content\/uploads\/2023\/08\/\u5171\u540c\u4f1a\u89c1\u8bb0\u8005-300x196.jpg 300w, https:\/\/kinaikaleidoszkop.hu\/wp-content\/uploads\/2023\/08\/\u5171\u540c\u4f1a\u89c1\u8bb0\u8005-768x501.jpg 768w, https:\/\/kinaikaleidoszkop.hu\/wp-content\/uploads\/2023\/08\/\u5171\u540c\u4f1a\u89c1\u8bb0\u8005-130x86.jpg 130w\" sizes=\"auto, (max-width: 900px) 100vw, 900px\" \/><\/figure>\n\n\n\n<p>Ramaphosa k\u00f6sz\u00f6net\u00e9t fejezte ki a k\u00ednai korm\u00e1nynak \u00e9s n\u00e9pnek a rasszizmus elleni k\u00fczdelemben \u00e9s a d\u00e9l-afrikai nemzeti fejl\u0151d\u00e9sben ny\u00fajtott t\u00e1mogat\u00e1s\u00e1\u00e9rt, valamint a COVID-19 elleni k\u00fczdelemben a D\u00e9l-afrikai K\u00f6zt\u00e1rsas\u00e1gnak ny\u00fajtott nagy mennyis\u00e9g\u0171 orvosi felszerel\u00e9s\u00e9rt.<\/p>\n\n\n\n<p>Meger\u0151s\u00edtette, hogy mindk\u00e9t f\u00e9l tov\u00e1bbra is szil\u00e1rdan t\u00e1mogatja egym\u00e1st az egym\u00e1s l\u00e9nyeges \u00e9rdekeit \u00e9rint\u0151 k\u00e9rd\u00e9sekben.<\/p>\n\n\n\n<p><strong>2023. 08. 23.<\/strong><\/p>\n\n\n\n<p><strong><em>(Zhou Huiwen- China Media Group)<\/em><\/strong><\/p>\n\n\n\n<p><strong><em>(x)<\/em><\/strong><\/p>\n","protected":false},"excerpt":{"rendered":"<p>K\u00edna t\u00e1mogatja az Afrikai Uni\u00f3 csatlakoz\u00e1s\u00e1t a G20-hoz, \u00e9s t\u00e1mogatja D\u00e9l-Afrik\u00e1t abban, hogy nagyobb szerepet j\u00e1tsszon a nemzetk\u00f6zi \u00e9s region\u00e1lis \u00fcgyekben, mondta Hszi Csin-ping, a hivatalos l\u00e1togat\u00e1son D\u00e9l-Afrik\u00e1ban tart\u00f3zkod\u00f3 k\u00ednai \u00e1llameln\u00f6k. Hszi \u00e9s Cyril Ramaphosa d\u00e9l-afrikai eln\u00f6k keddi megbesz\u00e9l\u00e9s\u00fck ut\u00e1n k\u00f6z\u00f6sen tal\u00e1lkozott a sajt\u00f3val. \u201eAz elm\u00falt 10 \u00e9vben D\u00e9l-Afrika f\u00f6ldj\u00e9n nemcsak tan\u00faja voltam a Konfucius [&hellip;]<\/p>\n","protected":false},"author":6,"featured_media":18668,"comment_status":"closed","ping_status":"closed","sticky":false,"template":"","format":"standard","meta":{"footnotes":""},"categories":[45],"tags":[2876,2905,2877,305,326],"class_list":["post-18666","post","type-post","status-publish","format-standard","has-post-thumbnail","hentry","category-hirek","tag-brics-csucstalalkozo","tag-cyril-ramaphosa","tag-del-afrika","tag-hszi-csin-ping","tag-kinai-allamelnok"],"yoast_head":"<!-- This site is optimized with the Yoast SEO plugin v23.7 - https:\/\/yoast.com\/wordpress\/plugins\/seo\/ -->\n<title>Hszi \u00e9s Ramaphosa tal\u00e1lkozott a sajt\u00f3 k\u00e9pvisel\u0151ivel - kinaikaleidoszkop.hu<\/title>\n<meta name=\"robots\" content=\"index, follow, max-snippet:-1, max-image-preview:large, max-video-preview:-1\" \/>\n<link rel=\"canonical\" href=\"https:\/\/kinaikaleidoszkop.hu\/index.php\/2023\/08\/23\/hszi-es-ramaphosa-talalkozott-a-sajto-kepviseloivel\/\" \/>\n<meta property=\"og:locale\" content=\"hu_HU\" \/>\n<meta property=\"og:type\" content=\"article\" \/>\n<meta property=\"og:title\" content=\"Hszi \u00e9s Ramaphosa tal\u00e1lkozott a sajt\u00f3 k\u00e9pvisel\u0151ivel - kinaikaleidoszkop.hu\" \/>\n<meta property=\"og:description\" content=\"K\u00edna t\u00e1mogatja az Afrikai Uni\u00f3 csatlakoz\u00e1s\u00e1t a G20-hoz, \u00e9s t\u00e1mogatja D\u00e9l-Afrik\u00e1t abban, hogy nagyobb szerepet j\u00e1tsszon a nemzetk\u00f6zi \u00e9s region\u00e1lis \u00fcgyekben, mondta Hszi Csin-ping, a hivatalos l\u00e1togat\u00e1son D\u00e9l-Afrik\u00e1ban tart\u00f3zkod\u00f3 k\u00ednai \u00e1llameln\u00f6k. Hszi \u00e9s Cyril Ramaphosa d\u00e9l-afrikai eln\u00f6k keddi megbesz\u00e9l\u00e9s\u00fck ut\u00e1n k\u00f6z\u00f6sen tal\u00e1lkozott a sajt\u00f3val. \u201eAz elm\u00falt 10 \u00e9vben D\u00e9l-Afrika f\u00f6ldj\u00e9n nemcsak tan\u00faja voltam a Konfucius [&hellip;]\" \/>\n<meta property=\"og:url\" content=\"https:\/\/kinaikaleidoszkop.hu\/index.php\/2023\/08\/23\/hszi-es-ramaphosa-talalkozott-a-sajto-kepviseloivel\/\" \/>\n<meta property=\"og:site_name\" content=\"kinaikaleidoszkop.hu\" \/>\n<meta property=\"article:published_time\" content=\"2023-08-23T08:07:26+00:00\" \/>\n<meta property=\"article:modified_time\" content=\"2023-08-23T08:07:35+00:00\" \/>\n<meta property=\"og:image\" content=\"https:\/\/kinaikaleidoszkop.hu\/wp-content\/uploads\/2023\/08\/\u5171\u540c\u4f1a\u89c1\u8bb0\u8005.jpg\" \/>\n\t<meta property=\"og:image:width\" content=\"900\" \/>\n\t<meta property=\"og:image:height\" content=\"587\" \/>\n\t<meta property=\"og:image:type\" content=\"image\/jpeg\" \/>\n<meta name=\"author\" content=\"admin-sebi\" \/>\n<meta name=\"twitter:card\" content=\"summary_large_image\" \/>\n<meta name=\"twitter:label1\" content=\"Szerz\u0151:\" \/>\n\t<meta name=\"twitter:data1\" content=\"admin-sebi\" \/>\n\t<meta name=\"twitter:label2\" content=\"Becs\u00fclt olvas\u00e1si id\u0151\" \/>\n\t<meta name=\"twitter:data2\" content=\"2 perc\" \/>\n<script type=\"application\/ld+json\" class=\"yoast-schema-graph\">{\"@context\":\"https:\/\/schema.org\",\"@graph\":[{\"@type\":\"WebPage\",\"@id\":\"https:\/\/kinaikaleidoszkop.hu\/index.php\/2023\/08\/23\/hszi-es-ramaphosa-talalkozott-a-sajto-kepviseloivel\/\",\"url\":\"https:\/\/kinaikaleidoszkop.hu\/index.php\/2023\/08\/23\/hszi-es-ramaphosa-talalkozott-a-sajto-kepviseloivel\/\",\"name\":\"Hszi \u00e9s Ramaphosa tal\u00e1lkozott a sajt\u00f3 k\u00e9pvisel\u0151ivel - kinaikaleidoszkop.hu\",\"isPartOf\":{\"@id\":\"https:\/\/kinaikaleidoszkop.hu\/#website\"},\"primaryImageOfPage\":{\"@id\":\"https:\/\/kinaikaleidoszkop.hu\/index.php\/2023\/08\/23\/hszi-es-ramaphosa-talalkozott-a-sajto-kepviseloivel\/#primaryimage\"},\"image\":{\"@id\":\"https:\/\/kinaikaleidoszkop.hu\/index.php\/2023\/08\/23\/hszi-es-ramaphosa-talalkozott-a-sajto-kepviseloivel\/#primaryimage\"},\"thumbnailUrl\":\"https:\/\/kinaikaleidoszkop.hu\/wp-content\/uploads\/2023\/08\/\u5171\u540c\u4f1a\u89c1\u8bb0\u8005.jpg\",\"datePublished\":\"2023-08-23T08:07:26+00:00\",\"dateModified\":\"2023-08-23T08:07:35+00:00\",\"author\":{\"@id\":\"https:\/\/kinaikaleidoszkop.hu\/#\/schema\/person\/fd215d3a8bab54daeb796ae166f99ea5\"},\"breadcrumb\":{\"@id\":\"https:\/\/kinaikaleidoszkop.hu\/index.php\/2023\/08\/23\/hszi-es-ramaphosa-talalkozott-a-sajto-kepviseloivel\/#breadcrumb\"},\"inLanguage\":\"hu\",\"potentialAction\":[{\"@type\":\"ReadAction\",\"target\":[\"https:\/\/kinaikaleidoszkop.hu\/index.php\/2023\/08\/23\/hszi-es-ramaphosa-talalkozott-a-sajto-kepviseloivel\/\"]}]},{\"@type\":\"ImageObject\",\"inLanguage\":\"hu\",\"@id\":\"https:\/\/kinaikaleidoszkop.hu\/index.php\/2023\/08\/23\/hszi-es-ramaphosa-talalkozott-a-sajto-kepviseloivel\/#primaryimage\",\"url\":\"https:\/\/kinaikaleidoszkop.hu\/wp-content\/uploads\/2023\/08\/\u5171\u540c\u4f1a\u89c1\u8bb0\u8005.jpg\",\"contentUrl\":\"https:\/\/kinaikaleidoszkop.hu\/wp-content\/uploads\/2023\/08\/\u5171\u540c\u4f1a\u89c1\u8bb0\u8005.jpg\",\"width\":900,\"height\":587},{\"@type\":\"BreadcrumbList\",\"@id\":\"https:\/\/kinaikaleidoszkop.hu\/index.php\/2023\/08\/23\/hszi-es-ramaphosa-talalkozott-a-sajto-kepviseloivel\/#breadcrumb\",\"itemListElement\":[{\"@type\":\"ListItem\",\"position\":1,\"name\":\"Kezd\u0151lap\",\"item\":\"https:\/\/kinaikaleidoszkop.hu\/\"},{\"@type\":\"ListItem\",\"position\":2,\"name\":\"Hszi \u00e9s Ramaphosa tal\u00e1lkozott a sajt\u00f3 k\u00e9pvisel\u0151ivel\"}]},{\"@type\":\"WebSite\",\"@id\":\"https:\/\/kinaikaleidoszkop.hu\/#website\",\"url\":\"https:\/\/kinaikaleidoszkop.hu\/\",\"name\":\"kinaikaleidoszkop.hu\",\"description\":\"\",\"potentialAction\":[{\"@type\":\"SearchAction\",\"target\":{\"@type\":\"EntryPoint\",\"urlTemplate\":\"https:\/\/kinaikaleidoszkop.hu\/?s={search_term_string}\"},\"query-input\":{\"@type\":\"PropertyValueSpecification\",\"valueRequired\":true,\"valueName\":\"search_term_string\"}}],\"inLanguage\":\"hu\"},{\"@type\":\"Person\",\"@id\":\"https:\/\/kinaikaleidoszkop.hu\/#\/schema\/person\/fd215d3a8bab54daeb796ae166f99ea5\",\"name\":\"admin-sebi\",\"image\":{\"@type\":\"ImageObject\",\"inLanguage\":\"hu\",\"@id\":\"https:\/\/kinaikaleidoszkop.hu\/#\/schema\/person\/image\/\",\"url\":\"https:\/\/secure.gravatar.com\/avatar\/b1498042bc4969020b4951f204f963e97c3d7d199f3790c1071adf67c61d0aa5?s=96&d=mm&r=g\",\"contentUrl\":\"https:\/\/secure.gravatar.com\/avatar\/b1498042bc4969020b4951f204f963e97c3d7d199f3790c1071adf67c61d0aa5?s=96&d=mm&r=g\",\"caption\":\"admin-sebi\"},\"url\":\"https:\/\/kinaikaleidoszkop.hu\/index.php\/author\/admin-sebi\/\"}]}<\/script>\n<!-- \/ Yoast SEO plugin. -->","yoast_head_json":{"title":"Hszi \u00e9s Ramaphosa tal\u00e1lkozott a sajt\u00f3 k\u00e9pvisel\u0151ivel - kinaikaleidoszkop.hu","robots":{"index":"index","follow":"follow","max-snippet":"max-snippet:-1","max-image-preview":"max-image-preview:large","max-video-preview":"max-video-preview:-1"},"canonical":"https:\/\/kinaikaleidoszkop.hu\/index.php\/2023\/08\/23\/hszi-es-ramaphosa-talalkozott-a-sajto-kepviseloivel\/","og_locale":"hu_HU","og_type":"article","og_title":"Hszi \u00e9s Ramaphosa tal\u00e1lkozott a sajt\u00f3 k\u00e9pvisel\u0151ivel - kinaikaleidoszkop.hu","og_description":"K\u00edna t\u00e1mogatja az Afrikai Uni\u00f3 csatlakoz\u00e1s\u00e1t a G20-hoz, \u00e9s t\u00e1mogatja D\u00e9l-Afrik\u00e1t abban, hogy nagyobb szerepet j\u00e1tsszon a nemzetk\u00f6zi \u00e9s region\u00e1lis \u00fcgyekben, mondta Hszi Csin-ping, a hivatalos l\u00e1togat\u00e1son D\u00e9l-Afrik\u00e1ban tart\u00f3zkod\u00f3 k\u00ednai \u00e1llameln\u00f6k. Hszi \u00e9s Cyril Ramaphosa d\u00e9l-afrikai eln\u00f6k keddi megbesz\u00e9l\u00e9s\u00fck ut\u00e1n k\u00f6z\u00f6sen tal\u00e1lkozott a sajt\u00f3val. \u201eAz elm\u00falt 10 \u00e9vben D\u00e9l-Afrika f\u00f6ldj\u00e9n nemcsak tan\u00faja voltam a Konfucius [&hellip;]","og_url":"https:\/\/kinaikaleidoszkop.hu\/index.php\/2023\/08\/23\/hszi-es-ramaphosa-talalkozott-a-sajto-kepviseloivel\/","og_site_name":"kinaikaleidoszkop.hu","article_published_time":"2023-08-23T08:07:26+00:00","article_modified_time":"2023-08-23T08:07:35+00:00","og_image":[{"width":900,"height":587,"url":"https:\/\/kinaikaleidoszkop.hu\/wp-content\/uploads\/2023\/08\/\u5171\u540c\u4f1a\u89c1\u8bb0\u8005.jpg","type":"image\/jpeg"}],"author":"admin-sebi","twitter_card":"summary_large_image","twitter_misc":{"Szerz\u0151:":"admin-sebi","Becs\u00fclt olvas\u00e1si id\u0151":"2 perc"},"schema":{"@context":"https:\/\/schema.org","@graph":[{"@type":"WebPage","@id":"https:\/\/kinaikaleidoszkop.hu\/index.php\/2023\/08\/23\/hszi-es-ramaphosa-talalkozott-a-sajto-kepviseloivel\/","url":"https:\/\/kinaikaleidoszkop.hu\/index.php\/2023\/08\/23\/hszi-es-ramaphosa-talalkozott-a-sajto-kepviseloivel\/","name":"Hszi \u00e9s Ramaphosa tal\u00e1lkozott a sajt\u00f3 k\u00e9pvisel\u0151ivel - kinaikaleidoszkop.hu","isPartOf":{"@id":"https:\/\/kinaikaleidoszkop.hu\/#website"},"primaryImageOfPage":{"@id":"https:\/\/kinaikaleidoszkop.hu\/index.php\/2023\/08\/23\/hszi-es-ramaphosa-talalkozott-a-sajto-kepviseloivel\/#primaryimage"},"image":{"@id":"https:\/\/kinaikaleidoszkop.hu\/index.php\/2023\/08\/23\/hszi-es-ramaphosa-talalkozott-a-sajto-kepviseloivel\/#primaryimage"},"thumbnailUrl":"https:\/\/kinaikaleidoszkop.hu\/wp-content\/uploads\/2023\/08\/\u5171\u540c\u4f1a\u89c1\u8bb0\u8005.jpg","datePublished":"2023-08-23T08:07:26+00:00","dateModified":"2023-08-23T08:07:35+00:00","author":{"@id":"https:\/\/kinaikaleidoszkop.hu\/#\/schema\/person\/fd215d3a8bab54daeb796ae166f99ea5"},"breadcrumb":{"@id":"https:\/\/kinaikaleidoszkop.hu\/index.php\/2023\/08\/23\/hszi-es-ramaphosa-talalkozott-a-sajto-kepviseloivel\/#breadcrumb"},"inLanguage":"hu","potentialAction":[{"@type":"ReadAction","target":["https:\/\/kinaikaleidoszkop.hu\/index.php\/2023\/08\/23\/hszi-es-ramaphosa-talalkozott-a-sajto-kepviseloivel\/"]}]},{"@type":"ImageObject","inLanguage":"hu","@id":"https:\/\/kinaikaleidoszkop.hu\/index.php\/2023\/08\/23\/hszi-es-ramaphosa-talalkozott-a-sajto-kepviseloivel\/#primaryimage","url":"https:\/\/kinaikaleidoszkop.hu\/wp-content\/uploads\/2023\/08\/\u5171\u540c\u4f1a\u89c1\u8bb0\u8005.jpg","contentUrl":"https:\/\/kinaikaleidoszkop.hu\/wp-content\/uploads\/2023\/08\/\u5171\u540c\u4f1a\u89c1\u8bb0\u8005.jpg","width":900,"height":587},{"@type":"BreadcrumbList","@id":"https:\/\/kinaikaleidoszkop.hu\/index.php\/2023\/08\/23\/hszi-es-ramaphosa-talalkozott-a-sajto-kepviseloivel\/#breadcrumb","itemListElement":[{"@type":"ListItem","position":1,"name":"Kezd\u0151lap","item":"https:\/\/kinaikaleidoszkop.hu\/"},{"@type":"ListItem","position":2,"name":"Hszi \u00e9s Ramaphosa tal\u00e1lkozott a sajt\u00f3 k\u00e9pvisel\u0151ivel"}]},{"@type":"WebSite","@id":"https:\/\/kinaikaleidoszkop.hu\/#website","url":"https:\/\/kinaikaleidoszkop.hu\/","name":"kinaikaleidoszkop.hu","description":"","potentialAction":[{"@type":"SearchAction","target":{"@type":"EntryPoint","urlTemplate":"https:\/\/kinaikaleidoszkop.hu\/?s={search_term_string}"},"query-input":{"@type":"PropertyValueSpecification","valueRequired":true,"valueName":"search_term_string"}}],"inLanguage":"hu"},{"@type":"Person","@id":"https:\/\/kinaikaleidoszkop.hu\/#\/schema\/person\/fd215d3a8bab54daeb796ae166f99ea5","name":"admin-sebi","image":{"@type":"ImageObject","inLanguage":"hu","@id":"https:\/\/kinaikaleidoszkop.hu\/#\/schema\/person\/image\/","url":"https:\/\/secure.gravatar.com\/avatar\/b1498042bc4969020b4951f204f963e97c3d7d199f3790c1071adf67c61d0aa5?s=96&d=mm&r=g","contentUrl":"https:\/\/secure.gravatar.com\/avatar\/b1498042bc4969020b4951f204f963e97c3d7d199f3790c1071adf67c61d0aa5?s=96&d=mm&r=g","caption":"admin-sebi"},"url":"https:\/\/kinaikaleidoszkop.hu\/index.php\/author\/admin-sebi\/"}]}},"views":240,"distributor_meta":false,"distributor_terms":false,"distributor_media":false,"distributor_original_site_name":"kinaikaleidoszkop.hu","distributor_original_site_url":"https:\/\/kinaikaleidoszkop.hu","push-errors":false,"_links":{"self":[{"href":"https:\/\/kinaikaleidoszkop.hu\/index.php\/wp-json\/wp\/v2\/posts\/18666","targetHints":{"allow":["GET"]}}],"collection":[{"href":"https:\/\/kinaikaleidoszkop.hu\/index.php\/wp-json\/wp\/v2\/posts"}],"about":[{"href":"https:\/\/kinaikaleidoszkop.hu\/index.php\/wp-json\/wp\/v2\/types\/post"}],"author":[{"embeddable":true,"href":"https:\/\/kinaikaleidoszkop.hu\/index.php\/wp-json\/wp\/v2\/users\/6"}],"replies":[{"embeddable":true,"href":"https:\/\/kinaikaleidoszkop.hu\/index.php\/wp-json\/wp\/v2\/comments?post=18666"}],"version-history":[{"count":1,"href":"https:\/\/kinaikaleidoszkop.hu\/index.php\/wp-json\/wp\/v2\/posts\/18666\/revisions"}],"predecessor-version":[{"id":18669,"href":"https:\/\/kinaikaleidoszkop.hu\/index.php\/wp-json\/wp\/v2\/posts\/18666\/revisions\/18669"}],"wp:featuredmedia":[{"embeddable":true,"href":"https:\/\/kinaikaleidoszkop.hu\/index.php\/wp-json\/wp\/v2\/media\/18668"}],"wp:attachment":[{"href":"https:\/\/kinaikaleidoszkop.hu\/index.php\/wp-json\/wp\/v2\/media?parent=18666"}],"wp:term":[{"taxonomy":"category","embeddable":true,"href":"https:\/\/kinaikaleidoszkop.hu\/index.php\/wp-json\/wp\/v2\/categories?post=18666"},{"taxonomy":"post_tag","embeddable":true,"href":"https:\/\/kinaikaleidoszkop.hu\/index.php\/wp-json\/wp\/v2\/tags?post=18666"}],"curies":[{"name":"wp","href":"https:\/\/api.w.org\/{rel}","templated":true}]}}