{"id":18678,"date":"2023-08-23T13:38:33","date_gmt":"2023-08-23T11:38:33","guid":{"rendered":"https:\/\/kinaikaleidoszkop.hu\/?p=18678"},"modified":"2023-08-23T13:40:26","modified_gmt":"2023-08-23T11:40:26","slug":"cmg-kommentar-a-nuklearis-szennyviz-oceanba-engedese-a-japan-kormany-hitelessegenek-osszeomlasahoz-vezet","status":"publish","type":"post","link":"https:\/\/kinaikaleidoszkop.hu\/index.php\/2023\/08\/23\/cmg-kommentar-a-nuklearis-szennyviz-oceanba-engedese-a-japan-kormany-hitelessegenek-osszeomlasahoz-vezet\/","title":{"rendered":"CMG-komment\u00e1r: A nukle\u00e1ris szennyv\u00edz \u00f3ce\u00e1nba enged\u00e9se a jap\u00e1n korm\u00e1ny hiteless\u00e9g\u00e9nek \u00f6sszeoml\u00e1s\u00e1hoz vezet"},"content":{"rendered":"\n<p><strong>A heves bel- \u00e9s k\u00fclf\u00f6ldi ellen\u00e1ll\u00e1st figyelmen k\u00edv\u00fcl hagyva a jap\u00e1n korm\u00e1ny kedden kihirdette, hogy augusztus 24-\u00e9t\u0151l megkezdi a nukle\u00e1ris szennyv\u00edz \u00f3ce\u00e1nba enged\u00e9s\u00e9t. A helyiek, a nemzetk\u00f6zi szervezetek, illetve a Csendes-\u00f3ce\u00e1n ment\u00e9n fekv\u0151 orsz\u00e1gok b\u00edr\u00e1lt\u00e1k a toki\u00f3i korm\u00e1nyt, \u00e9s k\u00e9rt\u00e9k, hogy vonja vissza a d\u00f6nt\u00e9st. A nemzetk\u00f6zi k\u00f6z\u00f6ss\u00e9g \u00fagy v\u00e9li, hogy a nukle\u00e1ris szennyv\u00edz \u00f3ce\u00e1nba t\u00f6rt\u00e9n\u0151 enged\u00e9se p\u00e9ld\u00e1tlan a t\u00f6rt\u00e9nelemben, \u00e9s nemcsak megs\u00e9rti a nemzetk\u00f6zi jogot, hanem helyrehozhatatlan katasztr\u00f3f\u00e1hoz is vezethet.<\/strong><\/p>\n\n\n\n<p>A jap\u00e1n korm\u00e1ny k\u00e9t \u00e9vvel ezel\u0151tt jelentette be els\u0151 \u00edzben a nukle\u00e1ris szennyv\u00edz \u00f3ce\u00e1nba enged\u00e9s\u00e9nek terv\u00e9t, az\u00f3ta a jap\u00e1n korm\u00e1nytisztvisel\u0151k t\u00f6bbsz\u00f6r elmagyar\u00e1zt\u00e1k a tervet a fukushimai lakosoknak, de furcsa m\u00f3don, amikor megk\u00e9rdezt\u00e9k, hogy milyen krit\u00e9riumokat haszn\u00e1lnak annak meghat\u00e1roz\u00e1s\u00e1ra, hogy a lakoss\u00e1g egyet\u00e9rt-e vagy sem a l\u00e9p\u00e9ssel, a tisztvisel\u0151k soha nem tudtak konkr\u00e9t v\u00e1laszt adni.<\/p>\n\n\n\n<p>\u201eNyilv\u00e1nval\u00f3, hogy mindenki ellenzi, hogy lehet, hogy a korm\u00e1ny m\u00e9gis folytatja a terv\u00e9t az egys\u00e9ges k\u00f6zv\u00e9lem\u00e9ny ellen\u00e9re? A korm\u00e1ny \u00edgy elvesz\u00edti a hiteless\u00e9g\u00e9t a n\u00e9p k\u00f6r\u00e9ben\u201d \u2013 mondta Ono Haruo 71 \u00e9ves fukushimai hal\u00e1sz.<\/p>\n\n\n\n<figure class=\"wp-block-image size-full\"><img loading=\"lazy\" decoding=\"async\" width=\"600\" height=\"422\" src=\"https:\/\/kinaikaleidoszkop.hu\/wp-content\/uploads\/2023\/08\/VCG111444603271.jpg\" alt=\"\" class=\"wp-image-18680\" srcset=\"https:\/\/kinaikaleidoszkop.hu\/wp-content\/uploads\/2023\/08\/VCG111444603271.jpg 600w, https:\/\/kinaikaleidoszkop.hu\/wp-content\/uploads\/2023\/08\/VCG111444603271-300x211.jpg 300w\" sizes=\"auto, (max-width: 600px) 100vw, 600px\" \/><\/figure>\n\n\n\n<p>A jap\u00e1n korm\u00e1ny azonban nemcsak a saj\u00e1t n\u00e9p\u00e9t pr\u00f3b\u00e1lja megt\u00e9veszteni. Az elm\u00falt k\u00e9t \u00e9vben v\u00e9dekez\u0151 lobbiz\u00e1ssal olyan k\u00e9pet v\u00e1zolt fel a vil\u00e1gnak, hogy a nukle\u00e1ris szennyv\u00edz \u00f3ce\u00e1nba enged\u00e9se \u201ebiztons\u00e1gos \u00e9s \u00e1rtalmatlan\u201d. Egyr\u00e9szt \u201ekezelt nukle\u00e1ris szennyv\u00edznek\u201d nevezi a nukle\u00e1ris szennyvizet, hogy enyh\u00edtse a vesz\u00e9ly\u00e9rzetet, m\u00e1sr\u00e9szt jelent\u0151s \u00f6sszeget fizetett illet\u00e9kes szervezeteknek az \u00f3ce\u00e1nba enged\u00e9s enged\u00e9lyez\u00e9s\u00e9vel \u00f6sszef\u00fcgg\u00e9sben. A Nemzetk\u00f6zi Atomenergia-\u00fcgyn\u00f6ks\u00e9g (IAEA) \u00e9rt\u00e9kel\u0151 besz\u00e1mol\u00f3j\u00e1nak k\u00f6zz\u00e9t\u00e9tele el\u0151tt a jap\u00e1n korm\u00e1ny p\u00e9ld\u00e1ul m\u00e1r t\u00f6bb mint 1 milli\u00f3 eur\u00f3t fizetett ki az IAEA-titk\u00e1rs\u00e1g szem\u00e9lyzet\u00e9nek. A szervezet besz\u00e1mol\u00f3ja nem tartalmazta minden r\u00e9sztvev\u0151 szak\u00e9rt\u0151 v\u00e9lem\u00e9ny\u00e9t, s a k\u00f6vetkeztet\u00e9st sem fogadt\u00e1k el egyhang\u00faan.<\/p>\n\n\n\n<p>Az ENSZ Tengerjogi Egyezm\u00e9nye szerint minden orsz\u00e1gnak k\u00f6teless\u00e9ge a tengeri k\u00f6rnyezet v\u00e9delme. Szerz\u0151d\u0151 f\u00e9lk\u00e9nt Jap\u00e1nnak felel\u0151ss\u00e9get kell v\u00e1llalnia, nem pedig \u201ekinyitnia Pandora szelenc\u00e9j\u00e9t\u201d.<\/p>\n\n\n\n<p><strong><em>2023. 08. 23.<\/em><\/strong><\/p>\n\n\n\n<p><strong>(Ma Xiaolu \u2013 China Media Group)<\/strong><\/p>\n\n\n\n<p><strong><em>(x)<\/em><\/strong><\/p>\n","protected":false},"excerpt":{"rendered":"<p>A heves bel- \u00e9s k\u00fclf\u00f6ldi ellen\u00e1ll\u00e1st figyelmen k\u00edv\u00fcl hagyva a jap\u00e1n korm\u00e1ny kedden kihirdette, hogy augusztus 24-\u00e9t\u0151l megkezdi a nukle\u00e1ris szennyv\u00edz \u00f3ce\u00e1nba enged\u00e9s\u00e9t. A helyiek, a nemzetk\u00f6zi szervezetek, illetve a Csendes-\u00f3ce\u00e1n ment\u00e9n fekv\u0151 orsz\u00e1gok b\u00edr\u00e1lt\u00e1k a toki\u00f3i korm\u00e1nyt, \u00e9s k\u00e9rt\u00e9k, hogy vonja vissza a d\u00f6nt\u00e9st. A nemzetk\u00f6zi k\u00f6z\u00f6ss\u00e9g \u00fagy v\u00e9li, hogy a nukle\u00e1ris szennyv\u00edz \u00f3ce\u00e1nba [&hellip;]<\/p>\n","protected":false},"author":6,"featured_media":18680,"comment_status":"closed","ping_status":"closed","sticky":false,"template":"","format":"standard","meta":{"footnotes":""},"categories":[45],"tags":[363,2293,2676,2481,1318,2677],"class_list":["post-18678","post","type-post","status-publish","format-standard","has-post-thumbnail","hentry","category-hirek","tag-cmg","tag-cmg-kommentarja","tag-csendes-ocean","tag-fukusima","tag-japan","tag-nuklearis-szennyviz"],"yoast_head":"<!-- This site is optimized with the Yoast SEO plugin v23.7 - https:\/\/yoast.com\/wordpress\/plugins\/seo\/ -->\n<title>CMG-komment\u00e1r: A nukle\u00e1ris szennyv\u00edz \u00f3ce\u00e1nba enged\u00e9se a jap\u00e1n korm\u00e1ny hiteless\u00e9g\u00e9nek \u00f6sszeoml\u00e1s\u00e1hoz vezet - kinaikaleidoszkop.hu<\/title>\n<meta name=\"robots\" content=\"index, follow, max-snippet:-1, max-image-preview:large, max-video-preview:-1\" \/>\n<link rel=\"canonical\" href=\"https:\/\/kinaikaleidoszkop.hu\/index.php\/2023\/08\/23\/cmg-kommentar-a-nuklearis-szennyviz-oceanba-engedese-a-japan-kormany-hitelessegenek-osszeomlasahoz-vezet\/\" \/>\n<meta property=\"og:locale\" content=\"hu_HU\" \/>\n<meta property=\"og:type\" content=\"article\" \/>\n<meta property=\"og:title\" content=\"CMG-komment\u00e1r: A nukle\u00e1ris szennyv\u00edz \u00f3ce\u00e1nba enged\u00e9se a jap\u00e1n korm\u00e1ny hiteless\u00e9g\u00e9nek \u00f6sszeoml\u00e1s\u00e1hoz vezet - kinaikaleidoszkop.hu\" \/>\n<meta property=\"og:description\" content=\"A heves bel- \u00e9s k\u00fclf\u00f6ldi ellen\u00e1ll\u00e1st figyelmen k\u00edv\u00fcl hagyva a jap\u00e1n korm\u00e1ny kedden kihirdette, hogy augusztus 24-\u00e9t\u0151l megkezdi a nukle\u00e1ris szennyv\u00edz \u00f3ce\u00e1nba enged\u00e9s\u00e9t. A helyiek, a nemzetk\u00f6zi szervezetek, illetve a Csendes-\u00f3ce\u00e1n ment\u00e9n fekv\u0151 orsz\u00e1gok b\u00edr\u00e1lt\u00e1k a toki\u00f3i korm\u00e1nyt, \u00e9s k\u00e9rt\u00e9k, hogy vonja vissza a d\u00f6nt\u00e9st. A nemzetk\u00f6zi k\u00f6z\u00f6ss\u00e9g \u00fagy v\u00e9li, hogy a nukle\u00e1ris szennyv\u00edz \u00f3ce\u00e1nba [&hellip;]\" \/>\n<meta property=\"og:url\" content=\"https:\/\/kinaikaleidoszkop.hu\/index.php\/2023\/08\/23\/cmg-kommentar-a-nuklearis-szennyviz-oceanba-engedese-a-japan-kormany-hitelessegenek-osszeomlasahoz-vezet\/\" \/>\n<meta property=\"og:site_name\" content=\"kinaikaleidoszkop.hu\" \/>\n<meta property=\"article:published_time\" content=\"2023-08-23T11:38:33+00:00\" \/>\n<meta property=\"article:modified_time\" content=\"2023-08-23T11:40:26+00:00\" \/>\n<meta property=\"og:image\" content=\"https:\/\/kinaikaleidoszkop.hu\/wp-content\/uploads\/2023\/08\/VCG111444603271.jpg\" \/>\n\t<meta property=\"og:image:width\" content=\"600\" \/>\n\t<meta property=\"og:image:height\" content=\"422\" \/>\n\t<meta property=\"og:image:type\" content=\"image\/jpeg\" \/>\n<meta name=\"author\" content=\"admin-sebi\" \/>\n<meta name=\"twitter:card\" content=\"summary_large_image\" \/>\n<meta name=\"twitter:label1\" content=\"Szerz\u0151:\" \/>\n\t<meta name=\"twitter:data1\" content=\"admin-sebi\" \/>\n\t<meta name=\"twitter:label2\" content=\"Becs\u00fclt olvas\u00e1si id\u0151\" \/>\n\t<meta name=\"twitter:data2\" content=\"2 perc\" \/>\n<script type=\"application\/ld+json\" class=\"yoast-schema-graph\">{\"@context\":\"https:\/\/schema.org\",\"@graph\":[{\"@type\":\"WebPage\",\"@id\":\"https:\/\/kinaikaleidoszkop.hu\/index.php\/2023\/08\/23\/cmg-kommentar-a-nuklearis-szennyviz-oceanba-engedese-a-japan-kormany-hitelessegenek-osszeomlasahoz-vezet\/\",\"url\":\"https:\/\/kinaikaleidoszkop.hu\/index.php\/2023\/08\/23\/cmg-kommentar-a-nuklearis-szennyviz-oceanba-engedese-a-japan-kormany-hitelessegenek-osszeomlasahoz-vezet\/\",\"name\":\"CMG-komment\u00e1r: A nukle\u00e1ris szennyv\u00edz \u00f3ce\u00e1nba enged\u00e9se a jap\u00e1n korm\u00e1ny hiteless\u00e9g\u00e9nek \u00f6sszeoml\u00e1s\u00e1hoz vezet - kinaikaleidoszkop.hu\",\"isPartOf\":{\"@id\":\"https:\/\/kinaikaleidoszkop.hu\/#website\"},\"primaryImageOfPage\":{\"@id\":\"https:\/\/kinaikaleidoszkop.hu\/index.php\/2023\/08\/23\/cmg-kommentar-a-nuklearis-szennyviz-oceanba-engedese-a-japan-kormany-hitelessegenek-osszeomlasahoz-vezet\/#primaryimage\"},\"image\":{\"@id\":\"https:\/\/kinaikaleidoszkop.hu\/index.php\/2023\/08\/23\/cmg-kommentar-a-nuklearis-szennyviz-oceanba-engedese-a-japan-kormany-hitelessegenek-osszeomlasahoz-vezet\/#primaryimage\"},\"thumbnailUrl\":\"https:\/\/kinaikaleidoszkop.hu\/wp-content\/uploads\/2023\/08\/VCG111444603271.jpg\",\"datePublished\":\"2023-08-23T11:38:33+00:00\",\"dateModified\":\"2023-08-23T11:40:26+00:00\",\"author\":{\"@id\":\"https:\/\/kinaikaleidoszkop.hu\/#\/schema\/person\/fd215d3a8bab54daeb796ae166f99ea5\"},\"breadcrumb\":{\"@id\":\"https:\/\/kinaikaleidoszkop.hu\/index.php\/2023\/08\/23\/cmg-kommentar-a-nuklearis-szennyviz-oceanba-engedese-a-japan-kormany-hitelessegenek-osszeomlasahoz-vezet\/#breadcrumb\"},\"inLanguage\":\"hu\",\"potentialAction\":[{\"@type\":\"ReadAction\",\"target\":[\"https:\/\/kinaikaleidoszkop.hu\/index.php\/2023\/08\/23\/cmg-kommentar-a-nuklearis-szennyviz-oceanba-engedese-a-japan-kormany-hitelessegenek-osszeomlasahoz-vezet\/\"]}]},{\"@type\":\"ImageObject\",\"inLanguage\":\"hu\",\"@id\":\"https:\/\/kinaikaleidoszkop.hu\/index.php\/2023\/08\/23\/cmg-kommentar-a-nuklearis-szennyviz-oceanba-engedese-a-japan-kormany-hitelessegenek-osszeomlasahoz-vezet\/#primaryimage\",\"url\":\"https:\/\/kinaikaleidoszkop.hu\/wp-content\/uploads\/2023\/08\/VCG111444603271.jpg\",\"contentUrl\":\"https:\/\/kinaikaleidoszkop.hu\/wp-content\/uploads\/2023\/08\/VCG111444603271.jpg\",\"width\":600,\"height\":422},{\"@type\":\"BreadcrumbList\",\"@id\":\"https:\/\/kinaikaleidoszkop.hu\/index.php\/2023\/08\/23\/cmg-kommentar-a-nuklearis-szennyviz-oceanba-engedese-a-japan-kormany-hitelessegenek-osszeomlasahoz-vezet\/#breadcrumb\",\"itemListElement\":[{\"@type\":\"ListItem\",\"position\":1,\"name\":\"Kezd\u0151lap\",\"item\":\"https:\/\/kinaikaleidoszkop.hu\/\"},{\"@type\":\"ListItem\",\"position\":2,\"name\":\"CMG-komment\u00e1r: A nukle\u00e1ris szennyv\u00edz \u00f3ce\u00e1nba enged\u00e9se a jap\u00e1n korm\u00e1ny hiteless\u00e9g\u00e9nek \u00f6sszeoml\u00e1s\u00e1hoz vezet\"}]},{\"@type\":\"WebSite\",\"@id\":\"https:\/\/kinaikaleidoszkop.hu\/#website\",\"url\":\"https:\/\/kinaikaleidoszkop.hu\/\",\"name\":\"kinaikaleidoszkop.hu\",\"description\":\"\",\"potentialAction\":[{\"@type\":\"SearchAction\",\"target\":{\"@type\":\"EntryPoint\",\"urlTemplate\":\"https:\/\/kinaikaleidoszkop.hu\/?s={search_term_string}\"},\"query-input\":{\"@type\":\"PropertyValueSpecification\",\"valueRequired\":true,\"valueName\":\"search_term_string\"}}],\"inLanguage\":\"hu\"},{\"@type\":\"Person\",\"@id\":\"https:\/\/kinaikaleidoszkop.hu\/#\/schema\/person\/fd215d3a8bab54daeb796ae166f99ea5\",\"name\":\"admin-sebi\",\"image\":{\"@type\":\"ImageObject\",\"inLanguage\":\"hu\",\"@id\":\"https:\/\/kinaikaleidoszkop.hu\/#\/schema\/person\/image\/\",\"url\":\"https:\/\/secure.gravatar.com\/avatar\/b1498042bc4969020b4951f204f963e97c3d7d199f3790c1071adf67c61d0aa5?s=96&d=mm&r=g\",\"contentUrl\":\"https:\/\/secure.gravatar.com\/avatar\/b1498042bc4969020b4951f204f963e97c3d7d199f3790c1071adf67c61d0aa5?s=96&d=mm&r=g\",\"caption\":\"admin-sebi\"},\"url\":\"https:\/\/kinaikaleidoszkop.hu\/index.php\/author\/admin-sebi\/\"}]}<\/script>\n<!-- \/ Yoast SEO plugin. -->","yoast_head_json":{"title":"CMG-komment\u00e1r: A nukle\u00e1ris szennyv\u00edz \u00f3ce\u00e1nba enged\u00e9se a jap\u00e1n korm\u00e1ny hiteless\u00e9g\u00e9nek \u00f6sszeoml\u00e1s\u00e1hoz vezet - kinaikaleidoszkop.hu","robots":{"index":"index","follow":"follow","max-snippet":"max-snippet:-1","max-image-preview":"max-image-preview:large","max-video-preview":"max-video-preview:-1"},"canonical":"https:\/\/kinaikaleidoszkop.hu\/index.php\/2023\/08\/23\/cmg-kommentar-a-nuklearis-szennyviz-oceanba-engedese-a-japan-kormany-hitelessegenek-osszeomlasahoz-vezet\/","og_locale":"hu_HU","og_type":"article","og_title":"CMG-komment\u00e1r: A nukle\u00e1ris szennyv\u00edz \u00f3ce\u00e1nba enged\u00e9se a jap\u00e1n korm\u00e1ny hiteless\u00e9g\u00e9nek \u00f6sszeoml\u00e1s\u00e1hoz vezet - kinaikaleidoszkop.hu","og_description":"A heves bel- \u00e9s k\u00fclf\u00f6ldi ellen\u00e1ll\u00e1st figyelmen k\u00edv\u00fcl hagyva a jap\u00e1n korm\u00e1ny kedden kihirdette, hogy augusztus 24-\u00e9t\u0151l megkezdi a nukle\u00e1ris szennyv\u00edz \u00f3ce\u00e1nba enged\u00e9s\u00e9t. A helyiek, a nemzetk\u00f6zi szervezetek, illetve a Csendes-\u00f3ce\u00e1n ment\u00e9n fekv\u0151 orsz\u00e1gok b\u00edr\u00e1lt\u00e1k a toki\u00f3i korm\u00e1nyt, \u00e9s k\u00e9rt\u00e9k, hogy vonja vissza a d\u00f6nt\u00e9st. A nemzetk\u00f6zi k\u00f6z\u00f6ss\u00e9g \u00fagy v\u00e9li, hogy a nukle\u00e1ris szennyv\u00edz \u00f3ce\u00e1nba [&hellip;]","og_url":"https:\/\/kinaikaleidoszkop.hu\/index.php\/2023\/08\/23\/cmg-kommentar-a-nuklearis-szennyviz-oceanba-engedese-a-japan-kormany-hitelessegenek-osszeomlasahoz-vezet\/","og_site_name":"kinaikaleidoszkop.hu","article_published_time":"2023-08-23T11:38:33+00:00","article_modified_time":"2023-08-23T11:40:26+00:00","og_image":[{"width":600,"height":422,"url":"https:\/\/kinaikaleidoszkop.hu\/wp-content\/uploads\/2023\/08\/VCG111444603271.jpg","type":"image\/jpeg"}],"author":"admin-sebi","twitter_card":"summary_large_image","twitter_misc":{"Szerz\u0151:":"admin-sebi","Becs\u00fclt olvas\u00e1si id\u0151":"2 perc"},"schema":{"@context":"https:\/\/schema.org","@graph":[{"@type":"WebPage","@id":"https:\/\/kinaikaleidoszkop.hu\/index.php\/2023\/08\/23\/cmg-kommentar-a-nuklearis-szennyviz-oceanba-engedese-a-japan-kormany-hitelessegenek-osszeomlasahoz-vezet\/","url":"https:\/\/kinaikaleidoszkop.hu\/index.php\/2023\/08\/23\/cmg-kommentar-a-nuklearis-szennyviz-oceanba-engedese-a-japan-kormany-hitelessegenek-osszeomlasahoz-vezet\/","name":"CMG-komment\u00e1r: A nukle\u00e1ris szennyv\u00edz \u00f3ce\u00e1nba enged\u00e9se a jap\u00e1n korm\u00e1ny hiteless\u00e9g\u00e9nek \u00f6sszeoml\u00e1s\u00e1hoz vezet - kinaikaleidoszkop.hu","isPartOf":{"@id":"https:\/\/kinaikaleidoszkop.hu\/#website"},"primaryImageOfPage":{"@id":"https:\/\/kinaikaleidoszkop.hu\/index.php\/2023\/08\/23\/cmg-kommentar-a-nuklearis-szennyviz-oceanba-engedese-a-japan-kormany-hitelessegenek-osszeomlasahoz-vezet\/#primaryimage"},"image":{"@id":"https:\/\/kinaikaleidoszkop.hu\/index.php\/2023\/08\/23\/cmg-kommentar-a-nuklearis-szennyviz-oceanba-engedese-a-japan-kormany-hitelessegenek-osszeomlasahoz-vezet\/#primaryimage"},"thumbnailUrl":"https:\/\/kinaikaleidoszkop.hu\/wp-content\/uploads\/2023\/08\/VCG111444603271.jpg","datePublished":"2023-08-23T11:38:33+00:00","dateModified":"2023-08-23T11:40:26+00:00","author":{"@id":"https:\/\/kinaikaleidoszkop.hu\/#\/schema\/person\/fd215d3a8bab54daeb796ae166f99ea5"},"breadcrumb":{"@id":"https:\/\/kinaikaleidoszkop.hu\/index.php\/2023\/08\/23\/cmg-kommentar-a-nuklearis-szennyviz-oceanba-engedese-a-japan-kormany-hitelessegenek-osszeomlasahoz-vezet\/#breadcrumb"},"inLanguage":"hu","potentialAction":[{"@type":"ReadAction","target":["https:\/\/kinaikaleidoszkop.hu\/index.php\/2023\/08\/23\/cmg-kommentar-a-nuklearis-szennyviz-oceanba-engedese-a-japan-kormany-hitelessegenek-osszeomlasahoz-vezet\/"]}]},{"@type":"ImageObject","inLanguage":"hu","@id":"https:\/\/kinaikaleidoszkop.hu\/index.php\/2023\/08\/23\/cmg-kommentar-a-nuklearis-szennyviz-oceanba-engedese-a-japan-kormany-hitelessegenek-osszeomlasahoz-vezet\/#primaryimage","url":"https:\/\/kinaikaleidoszkop.hu\/wp-content\/uploads\/2023\/08\/VCG111444603271.jpg","contentUrl":"https:\/\/kinaikaleidoszkop.hu\/wp-content\/uploads\/2023\/08\/VCG111444603271.jpg","width":600,"height":422},{"@type":"BreadcrumbList","@id":"https:\/\/kinaikaleidoszkop.hu\/index.php\/2023\/08\/23\/cmg-kommentar-a-nuklearis-szennyviz-oceanba-engedese-a-japan-kormany-hitelessegenek-osszeomlasahoz-vezet\/#breadcrumb","itemListElement":[{"@type":"ListItem","position":1,"name":"Kezd\u0151lap","item":"https:\/\/kinaikaleidoszkop.hu\/"},{"@type":"ListItem","position":2,"name":"CMG-komment\u00e1r: A nukle\u00e1ris szennyv\u00edz \u00f3ce\u00e1nba enged\u00e9se a jap\u00e1n korm\u00e1ny hiteless\u00e9g\u00e9nek \u00f6sszeoml\u00e1s\u00e1hoz vezet"}]},{"@type":"WebSite","@id":"https:\/\/kinaikaleidoszkop.hu\/#website","url":"https:\/\/kinaikaleidoszkop.hu\/","name":"kinaikaleidoszkop.hu","description":"","potentialAction":[{"@type":"SearchAction","target":{"@type":"EntryPoint","urlTemplate":"https:\/\/kinaikaleidoszkop.hu\/?s={search_term_string}"},"query-input":{"@type":"PropertyValueSpecification","valueRequired":true,"valueName":"search_term_string"}}],"inLanguage":"hu"},{"@type":"Person","@id":"https:\/\/kinaikaleidoszkop.hu\/#\/schema\/person\/fd215d3a8bab54daeb796ae166f99ea5","name":"admin-sebi","image":{"@type":"ImageObject","inLanguage":"hu","@id":"https:\/\/kinaikaleidoszkop.hu\/#\/schema\/person\/image\/","url":"https:\/\/secure.gravatar.com\/avatar\/b1498042bc4969020b4951f204f963e97c3d7d199f3790c1071adf67c61d0aa5?s=96&d=mm&r=g","contentUrl":"https:\/\/secure.gravatar.com\/avatar\/b1498042bc4969020b4951f204f963e97c3d7d199f3790c1071adf67c61d0aa5?s=96&d=mm&r=g","caption":"admin-sebi"},"url":"https:\/\/kinaikaleidoszkop.hu\/index.php\/author\/admin-sebi\/"}]}},"views":504,"distributor_meta":false,"distributor_terms":false,"distributor_media":false,"distributor_original_site_name":"kinaikaleidoszkop.hu","distributor_original_site_url":"https:\/\/kinaikaleidoszkop.hu","push-errors":false,"_links":{"self":[{"href":"https:\/\/kinaikaleidoszkop.hu\/index.php\/wp-json\/wp\/v2\/posts\/18678","targetHints":{"allow":["GET"]}}],"collection":[{"href":"https:\/\/kinaikaleidoszkop.hu\/index.php\/wp-json\/wp\/v2\/posts"}],"about":[{"href":"https:\/\/kinaikaleidoszkop.hu\/index.php\/wp-json\/wp\/v2\/types\/post"}],"author":[{"embeddable":true,"href":"https:\/\/kinaikaleidoszkop.hu\/index.php\/wp-json\/wp\/v2\/users\/6"}],"replies":[{"embeddable":true,"href":"https:\/\/kinaikaleidoszkop.hu\/index.php\/wp-json\/wp\/v2\/comments?post=18678"}],"version-history":[{"count":1,"href":"https:\/\/kinaikaleidoszkop.hu\/index.php\/wp-json\/wp\/v2\/posts\/18678\/revisions"}],"predecessor-version":[{"id":18681,"href":"https:\/\/kinaikaleidoszkop.hu\/index.php\/wp-json\/wp\/v2\/posts\/18678\/revisions\/18681"}],"wp:featuredmedia":[{"embeddable":true,"href":"https:\/\/kinaikaleidoszkop.hu\/index.php\/wp-json\/wp\/v2\/media\/18680"}],"wp:attachment":[{"href":"https:\/\/kinaikaleidoszkop.hu\/index.php\/wp-json\/wp\/v2\/media?parent=18678"}],"wp:term":[{"taxonomy":"category","embeddable":true,"href":"https:\/\/kinaikaleidoszkop.hu\/index.php\/wp-json\/wp\/v2\/categories?post=18678"},{"taxonomy":"post_tag","embeddable":true,"href":"https:\/\/kinaikaleidoszkop.hu\/index.php\/wp-json\/wp\/v2\/tags?post=18678"}],"curies":[{"name":"wp","href":"https:\/\/api.w.org\/{rel}","templated":true}]}}