{"id":18690,"date":"2023-08-24T12:52:01","date_gmt":"2023-08-24T10:52:01","guid":{"rendered":"https:\/\/kinaikaleidoszkop.hu\/?p=18690"},"modified":"2023-08-24T12:52:08","modified_gmt":"2023-08-24T10:52:08","slug":"hszi-csin-ping-talalkozott-szenegal-kuba-etiopia-es-banglades-vezetojevel","status":"publish","type":"post","link":"https:\/\/kinaikaleidoszkop.hu\/index.php\/2023\/08\/24\/hszi-csin-ping-talalkozott-szenegal-kuba-etiopia-es-banglades-vezetojevel\/","title":{"rendered":"Hszi Csin-ping tal\u00e1lkozott Szeneg\u00e1l, Kuba, Eti\u00f3pia \u00e9s Banglades vezet\u0151j\u00e9vel"},"content":{"rendered":"\n<p><strong>Helyi id\u0151 szerint augusztus 23-\u00e1n d\u00e9lut\u00e1n Hszi Csin-ping k\u00ednai \u00e1llameln\u00f6k tal\u00e1lkozott Macky Sall szeneg\u00e1li eln\u00f6kkel, Miguel D\u00edaz-Canel kubai eln\u00f6kkel, Abiy Ahmed eti\u00f3p minisztereln\u00f6kkel \u00e9s Sheikh Hasina bangladesi minisztereln\u00f6kkel a Johannesburgban tartott BRICS-cs\u00facson.<\/strong><\/p>\n\n\n\n<p>Hszi Csin-ping a szeneg\u00e1li eln\u00f6kkel tal\u00e1lkozva kifejtette, hogy K\u00edna hajland\u00f3 Szeneg\u00e1llal elm\u00e9ly\u00edteni az egy\u00fcttm\u0171k\u00f6d\u00e9seket ipari, mez\u0151gazdas\u00e1gi, infrastrukt\u00fara\u00e9p\u00edt\u00e9si \u00e9s hum\u00e1ner\u0151forr\u00e1s-fejleszt\u00e9si ter\u00fcleten, valamint k\u00e9sz k\u00f6z\u00f6sen biztos\u00edtani a t\u00f6rv\u00e9nyes fejl\u0151d\u00e9s jog\u00e1t, hogy el\u0151seg\u00edts\u00e9k a k\u00e9t orsz\u00e1g \u00e1tfog\u00f3 strat\u00e9giai egy\u00fcttm\u0171k\u00f6d\u00e9si partners\u00e9g\u00e9nek tov\u00e1bbi fejleszt\u00e9s\u00e9t. K\u00edna t\u00e1mogatja az Afrikai Uni\u00f3 csatlakoz\u00e1s\u00e1t a G20-hoz, \u00e9s tov\u00e1bbra is fenntartja az \u0151szintes\u00e9get, valamint az igazs\u00e1gos szeml\u00e9let elv\u00e9t, megosztja saj\u00e1t fejleszt\u00e9si tapasztalatait \u00e9s lehet\u0151s\u00e9geit az afrikai bar\u00e1tokkal, tov\u00e1bb\u00e1 el\u0151mozd\u00edtja a K\u00edna \u00e9s Afrika k\u00f6z\u00f6tti sorsk\u00f6z\u00f6ss\u00e9g fel\u00e9p\u00edt\u00e9s\u00e9t az \u00faj korszakban, hangs\u00falyozta Hszi.<\/p>\n\n\n\n<p>Macky Sall szeneg\u00e1li eln\u00f6k kifejtette, hogy Szeneg\u00e1l hat\u00e1rozottan ragaszkodik az \u201eegy K\u00edna\u201d elvhez, nagyra \u00e9rt\u00e9keli K\u00edna b\u00e9k\u00e9s k\u00fclpolitik\u00e1j\u00e1t, \u00e9s el k\u00edv\u00e1nja m\u00e9ly\u00edteni a k\u00e9t- \u00e9s t\u00f6bboldal\u00fa egy\u00fcttm\u0171k\u00f6d\u00e9seit K\u00edn\u00e1val.<\/p>\n\n\n\n<p>A kubai eln\u00f6kkel folytatott tal\u00e1lkoz\u00f3n Hszi Csin-ping kifejtette, hogy K\u00edna hajland\u00f3 folyamatosan elm\u00e9ly\u00edteni a k\u00f6lcs\u00f6n\u00f6s politikai bizalmat Kub\u00e1val, \u00e9s k\u00e9sz el\u0151mozd\u00edtani a k\u00e9t p\u00e1rt \u00e9s a k\u00e9t orsz\u00e1g k\u00f6z\u00f6tti k\u00fcl\u00f6nleges bar\u00e1ti kapcsolatok folyamatos fejleszt\u00e9s\u00e9t. K\u00edna nagyra \u00e9rt\u00e9keli, hogy Kuba mindig hat\u00e1rozottan t\u00e1mogatja K\u00edn\u00e1t a K\u00edna alapvet\u0151 \u00e9rdekeit \u00e9rint\u0151 k\u00e9rd\u00e9sekben, \u00e9s tov\u00e1bbra is hat\u00e1rozottan t\u00e1mogatja Kub\u00e1t orsz\u00e1ga szuverenit\u00e1s\u00e1nak megv\u00e9d\u00e9s\u00e9ben, a k\u00fclf\u00f6ldi beavatkoz\u00e1sok \u00e9s blok\u00e1dok elleni k\u00fczdelm\u00e9ben, \u00e9s mindent megtesz annak \u00e9rdek\u00e9ben, hogy t\u00e1mogassa Kuba gazdas\u00e1gi \u00e9s t\u00e1rsadalmi fejl\u0151d\u00e9s\u00e9t, hangs\u00falyozta a k\u00ednai \u00e1llameln\u00f6k. Hszi elmondta, hogy K\u00edna hajland\u00f3 egy\u00fcttm\u0171k\u00f6dni Kub\u00e1val \u00e9s a 77-ekkel a fejl\u0151d\u0151 orsz\u00e1gok k\u00f6z\u00f6s \u00e9rdekeinek \u00e9s fejl\u0151d\u00e9s\u00e9nek jobb v\u00e9delme \u00e9rdek\u00e9ben.<\/p>\n\n\n\n<p>Miguel D\u00edaz-Canel kubai eln\u00f6k kifejtette, hogy Kuba hat\u00e1rozottan t\u00e1mogatja a Hszi Csin-ping eln\u00f6k \u00e1ltal el\u0151terjesztett glob\u00e1lis fejleszt\u00e9si kezdem\u00e9nyez\u00e9st, glob\u00e1lis biztons\u00e1gi kezdem\u00e9nyez\u00e9st \u00e9s glob\u00e1lis civiliz\u00e1ci\u00f3s kezdem\u00e9nyez\u00e9st, \u00e9s hajland\u00f3 elm\u00e9ly\u00edteni az egy\u00fcttm\u0171k\u00f6d\u00e9seit K\u00edn\u00e1val az \u00d6vezet \u00e9s \u00dat k\u00f6z\u00f6s fel\u00e9p\u00edt\u00e9s\u00e9ben \u00e9s a kubai\u2013k\u00ednai sorsk\u00f6z\u00f6ss\u00e9g kialak\u00edt\u00e1s\u00e1ban.<\/p>\n\n\n\n<p>Abiy Ahmed eti\u00f3p minisztereln\u00f6kkel tal\u00e1lkozva Hszi Csin-ping hangs\u00falyozta, hogy a k\u00e9t f\u00e9lnek tov\u00e1bbra is hat\u00e1rozottan t\u00e1mogatnia kell egym\u00e1st a k\u00e9t orsz\u00e1g alapvet\u0151 \u00e9rdekeit \u00e9s f\u0151bb agg\u00e1lyait \u00e9rint\u0151 k\u00e9rd\u00e9sekben, fel kell gyors\u00edtaniuk az Addisz-Abeba\u2013Dzsibuti-vas\u00fatvonal, a z\u00f6ld fejleszt\u00e9s \u00e9s m\u00e1s egy\u00fcttm\u0171k\u00f6d\u00e9si projekteket. K\u00edna m\u00e9g t\u00f6bb k\u00ednai c\u00e9get b\u00e1tor\u00edt, hogy fektessenek be Eti\u00f3pi\u00e1ban, \u00e9s \u00fcdv\u00f6zli, hogy Eti\u00f3pia b\u0151v\u00edti a k\u00e9t orsz\u00e1g k\u00f6z\u00f6tti kereskedelmi egy\u00fcttm\u0171k\u00f6d\u00e9st az afrikai mez\u0151gazdas\u00e1gi term\u00e9kek K\u00edn\u00e1ba t\u00f6rt\u00e9n\u0151 export\u00e1l\u00e1s\u00e1nak \u201ez\u00f6ld csatorn\u00e1j\u00e1n\u201d kereszt\u00fcl, tette hozz\u00e1 a k\u00ednai \u00e1llameln\u00f6k.<\/p>\n\n\n\n<p>Abiy Ahmed kifejtette, hogy Eti\u00f3pia k\u00e9sz elm\u00e9ly\u00edteni egy\u00fcttm\u0171k\u00f6d\u00e9seit K\u00edn\u00e1val mez\u0151gazdas\u00e1gi, b\u00e1ny\u00e1szati \u00e9s m\u00e1s ter\u00fcleteken, \u00e9s rem\u00e9li, hogy csatlakozhat a BRICS-hez, hogy szorosan egy\u00fcttm\u0171k\u00f6dj\u00f6n a t\u00f6bboldal\u00fa mechanizmusokban, \u00e9s hogy jobb k\u00f6z\u00f6s j\u00f6v\u0151t teremthessenek a k\u00e9t orsz\u00e1g sz\u00e1m\u00e1ra.<\/p>\n\n\n\n<p>A bangladesi minisztereln\u00f6kkel tal\u00e1lkozva Hszi Csin-ping gratul\u00e1lt Bangladesnek a BRICS \u00daj Fejleszt\u00e9si Bankj\u00e1hoz t\u00f6rt\u00e9nt csatlakoz\u00e1s\u00e1hoz, \u00e9s kifejtette, hogy K\u00edna k\u00e9sz meger\u0151s\u00edteni a koordin\u00e1ci\u00f3t \u00e9s az egy\u00fcttm\u0171k\u00f6d\u00e9seket Bangladessel a t\u00f6bboldal\u00fa \u00fcgyekben a nemzetk\u00f6zi m\u00e9lt\u00e1nyoss\u00e1g \u00e9s igazs\u00e1goss\u00e1g, valamint a fejl\u0151d\u0151 orsz\u00e1gok k\u00f6z\u00f6s \u00e9rdekeinek v\u00e9delme \u00e9rdek\u00e9ben.<\/p>\n\n\n\n<p>Sheikh Hasina bangladesi minisztereln\u00f6k kifejtette, hogy Banglades hajland\u00f3 elm\u00e9ly\u00edteni a k\u00e9toldal\u00fa kapcsolatokat K\u00edn\u00e1val, \u00e9s k\u00e9sz meger\u0151s\u00edteni az egy\u00fcttm\u0171k\u00f6d\u00e9seket a BRICS-ben \u00e9s m\u00e1s multilater\u00e1lis mechanizmusokban.<\/p>\n\n\n\n<p><strong><em>2023. 08. 24.<\/em><\/strong><\/p>\n\n\n\n<p><strong>(Qin Liang- China Media Group)<\/strong><\/p>\n\n\n\n<p><strong><em>(x)<\/em><\/strong><\/p>\n","protected":false},"excerpt":{"rendered":"<p>Helyi id\u0151 szerint augusztus 23-\u00e1n d\u00e9lut\u00e1n Hszi Csin-ping k\u00ednai \u00e1llameln\u00f6k tal\u00e1lkozott Macky Sall szeneg\u00e1li eln\u00f6kkel, Miguel D\u00edaz-Canel kubai eln\u00f6kkel, Abiy Ahmed eti\u00f3p minisztereln\u00f6kkel \u00e9s Sheikh Hasina bangladesi minisztereln\u00f6kkel a Johannesburgban tartott BRICS-cs\u00facson. Hszi Csin-ping a szeneg\u00e1li eln\u00f6kkel tal\u00e1lkozva kifejtette, hogy K\u00edna hajland\u00f3 Szeneg\u00e1llal elm\u00e9ly\u00edteni az egy\u00fcttm\u0171k\u00f6d\u00e9seket ipari, mez\u0151gazdas\u00e1gi, infrastrukt\u00fara\u00e9p\u00edt\u00e9si \u00e9s hum\u00e1ner\u0151forr\u00e1s-fejleszt\u00e9si ter\u00fcleten, valamint k\u00e9sz k\u00f6z\u00f6sen [&hellip;]<\/p>\n","protected":false},"author":6,"featured_media":18613,"comment_status":"closed","ping_status":"closed","sticky":false,"template":"","format":"standard","meta":{"footnotes":""},"categories":[45],"tags":[2912,2911,305,326,2910,2913,595],"class_list":["post-18690","post","type-post","status-publish","format-standard","has-post-thumbnail","hentry","category-hirek","tag-banglades","tag-etiopia","tag-hszi-csin-ping","tag-kinai-allamelnok","tag-kuba","tag-szenegal","tag-talalkozo"],"yoast_head":"<!-- This site is optimized with the Yoast SEO plugin v23.7 - https:\/\/yoast.com\/wordpress\/plugins\/seo\/ -->\n<title>Hszi Csin-ping tal\u00e1lkozott Szeneg\u00e1l, Kuba, Eti\u00f3pia \u00e9s Banglades vezet\u0151j\u00e9vel - kinaikaleidoszkop.hu<\/title>\n<meta name=\"robots\" content=\"index, follow, max-snippet:-1, max-image-preview:large, max-video-preview:-1\" \/>\n<link rel=\"canonical\" href=\"https:\/\/kinaikaleidoszkop.hu\/index.php\/2023\/08\/24\/hszi-csin-ping-talalkozott-szenegal-kuba-etiopia-es-banglades-vezetojevel\/\" \/>\n<meta property=\"og:locale\" content=\"hu_HU\" \/>\n<meta property=\"og:type\" content=\"article\" \/>\n<meta property=\"og:title\" content=\"Hszi Csin-ping tal\u00e1lkozott Szeneg\u00e1l, Kuba, Eti\u00f3pia \u00e9s Banglades vezet\u0151j\u00e9vel - kinaikaleidoszkop.hu\" \/>\n<meta property=\"og:description\" content=\"Helyi id\u0151 szerint augusztus 23-\u00e1n d\u00e9lut\u00e1n Hszi Csin-ping k\u00ednai \u00e1llameln\u00f6k tal\u00e1lkozott Macky Sall szeneg\u00e1li eln\u00f6kkel, Miguel D\u00edaz-Canel kubai eln\u00f6kkel, Abiy Ahmed eti\u00f3p minisztereln\u00f6kkel \u00e9s Sheikh Hasina bangladesi minisztereln\u00f6kkel a Johannesburgban tartott BRICS-cs\u00facson. Hszi Csin-ping a szeneg\u00e1li eln\u00f6kkel tal\u00e1lkozva kifejtette, hogy K\u00edna hajland\u00f3 Szeneg\u00e1llal elm\u00e9ly\u00edteni az egy\u00fcttm\u0171k\u00f6d\u00e9seket ipari, mez\u0151gazdas\u00e1gi, infrastrukt\u00fara\u00e9p\u00edt\u00e9si \u00e9s hum\u00e1ner\u0151forr\u00e1s-fejleszt\u00e9si ter\u00fcleten, valamint k\u00e9sz k\u00f6z\u00f6sen [&hellip;]\" \/>\n<meta property=\"og:url\" content=\"https:\/\/kinaikaleidoszkop.hu\/index.php\/2023\/08\/24\/hszi-csin-ping-talalkozott-szenegal-kuba-etiopia-es-banglades-vezetojevel\/\" \/>\n<meta property=\"og:site_name\" content=\"kinaikaleidoszkop.hu\" \/>\n<meta property=\"article:published_time\" content=\"2023-08-24T10:52:01+00:00\" \/>\n<meta property=\"article:modified_time\" content=\"2023-08-24T10:52:08+00:00\" \/>\n<meta property=\"og:image\" content=\"https:\/\/kinaikaleidoszkop.hu\/wp-content\/uploads\/2023\/08\/jkjkk.png\" \/>\n\t<meta property=\"og:image:width\" content=\"1620\" \/>\n\t<meta property=\"og:image:height\" content=\"1080\" \/>\n\t<meta property=\"og:image:type\" content=\"image\/png\" \/>\n<meta name=\"author\" content=\"admin-sebi\" \/>\n<meta name=\"twitter:card\" content=\"summary_large_image\" \/>\n<meta name=\"twitter:label1\" content=\"Szerz\u0151:\" \/>\n\t<meta name=\"twitter:data1\" content=\"admin-sebi\" \/>\n\t<meta name=\"twitter:label2\" content=\"Becs\u00fclt olvas\u00e1si id\u0151\" \/>\n\t<meta name=\"twitter:data2\" content=\"3 perc\" \/>\n<script type=\"application\/ld+json\" class=\"yoast-schema-graph\">{\"@context\":\"https:\/\/schema.org\",\"@graph\":[{\"@type\":\"WebPage\",\"@id\":\"https:\/\/kinaikaleidoszkop.hu\/index.php\/2023\/08\/24\/hszi-csin-ping-talalkozott-szenegal-kuba-etiopia-es-banglades-vezetojevel\/\",\"url\":\"https:\/\/kinaikaleidoszkop.hu\/index.php\/2023\/08\/24\/hszi-csin-ping-talalkozott-szenegal-kuba-etiopia-es-banglades-vezetojevel\/\",\"name\":\"Hszi Csin-ping tal\u00e1lkozott Szeneg\u00e1l, Kuba, Eti\u00f3pia \u00e9s Banglades vezet\u0151j\u00e9vel - kinaikaleidoszkop.hu\",\"isPartOf\":{\"@id\":\"https:\/\/kinaikaleidoszkop.hu\/#website\"},\"primaryImageOfPage\":{\"@id\":\"https:\/\/kinaikaleidoszkop.hu\/index.php\/2023\/08\/24\/hszi-csin-ping-talalkozott-szenegal-kuba-etiopia-es-banglades-vezetojevel\/#primaryimage\"},\"image\":{\"@id\":\"https:\/\/kinaikaleidoszkop.hu\/index.php\/2023\/08\/24\/hszi-csin-ping-talalkozott-szenegal-kuba-etiopia-es-banglades-vezetojevel\/#primaryimage\"},\"thumbnailUrl\":\"https:\/\/kinaikaleidoszkop.hu\/wp-content\/uploads\/2023\/08\/jkjkk.png\",\"datePublished\":\"2023-08-24T10:52:01+00:00\",\"dateModified\":\"2023-08-24T10:52:08+00:00\",\"author\":{\"@id\":\"https:\/\/kinaikaleidoszkop.hu\/#\/schema\/person\/fd215d3a8bab54daeb796ae166f99ea5\"},\"breadcrumb\":{\"@id\":\"https:\/\/kinaikaleidoszkop.hu\/index.php\/2023\/08\/24\/hszi-csin-ping-talalkozott-szenegal-kuba-etiopia-es-banglades-vezetojevel\/#breadcrumb\"},\"inLanguage\":\"hu\",\"potentialAction\":[{\"@type\":\"ReadAction\",\"target\":[\"https:\/\/kinaikaleidoszkop.hu\/index.php\/2023\/08\/24\/hszi-csin-ping-talalkozott-szenegal-kuba-etiopia-es-banglades-vezetojevel\/\"]}]},{\"@type\":\"ImageObject\",\"inLanguage\":\"hu\",\"@id\":\"https:\/\/kinaikaleidoszkop.hu\/index.php\/2023\/08\/24\/hszi-csin-ping-talalkozott-szenegal-kuba-etiopia-es-banglades-vezetojevel\/#primaryimage\",\"url\":\"https:\/\/kinaikaleidoszkop.hu\/wp-content\/uploads\/2023\/08\/jkjkk.png\",\"contentUrl\":\"https:\/\/kinaikaleidoszkop.hu\/wp-content\/uploads\/2023\/08\/jkjkk.png\",\"width\":1620,\"height\":1080},{\"@type\":\"BreadcrumbList\",\"@id\":\"https:\/\/kinaikaleidoszkop.hu\/index.php\/2023\/08\/24\/hszi-csin-ping-talalkozott-szenegal-kuba-etiopia-es-banglades-vezetojevel\/#breadcrumb\",\"itemListElement\":[{\"@type\":\"ListItem\",\"position\":1,\"name\":\"Kezd\u0151lap\",\"item\":\"https:\/\/kinaikaleidoszkop.hu\/\"},{\"@type\":\"ListItem\",\"position\":2,\"name\":\"Hszi Csin-ping tal\u00e1lkozott Szeneg\u00e1l, Kuba, Eti\u00f3pia \u00e9s Banglades vezet\u0151j\u00e9vel\"}]},{\"@type\":\"WebSite\",\"@id\":\"https:\/\/kinaikaleidoszkop.hu\/#website\",\"url\":\"https:\/\/kinaikaleidoszkop.hu\/\",\"name\":\"kinaikaleidoszkop.hu\",\"description\":\"\",\"potentialAction\":[{\"@type\":\"SearchAction\",\"target\":{\"@type\":\"EntryPoint\",\"urlTemplate\":\"https:\/\/kinaikaleidoszkop.hu\/?s={search_term_string}\"},\"query-input\":{\"@type\":\"PropertyValueSpecification\",\"valueRequired\":true,\"valueName\":\"search_term_string\"}}],\"inLanguage\":\"hu\"},{\"@type\":\"Person\",\"@id\":\"https:\/\/kinaikaleidoszkop.hu\/#\/schema\/person\/fd215d3a8bab54daeb796ae166f99ea5\",\"name\":\"admin-sebi\",\"image\":{\"@type\":\"ImageObject\",\"inLanguage\":\"hu\",\"@id\":\"https:\/\/kinaikaleidoszkop.hu\/#\/schema\/person\/image\/\",\"url\":\"https:\/\/secure.gravatar.com\/avatar\/b1498042bc4969020b4951f204f963e97c3d7d199f3790c1071adf67c61d0aa5?s=96&d=mm&r=g\",\"contentUrl\":\"https:\/\/secure.gravatar.com\/avatar\/b1498042bc4969020b4951f204f963e97c3d7d199f3790c1071adf67c61d0aa5?s=96&d=mm&r=g\",\"caption\":\"admin-sebi\"},\"url\":\"https:\/\/kinaikaleidoszkop.hu\/index.php\/author\/admin-sebi\/\"}]}<\/script>\n<!-- \/ Yoast SEO plugin. -->","yoast_head_json":{"title":"Hszi Csin-ping tal\u00e1lkozott Szeneg\u00e1l, Kuba, Eti\u00f3pia \u00e9s Banglades vezet\u0151j\u00e9vel - kinaikaleidoszkop.hu","robots":{"index":"index","follow":"follow","max-snippet":"max-snippet:-1","max-image-preview":"max-image-preview:large","max-video-preview":"max-video-preview:-1"},"canonical":"https:\/\/kinaikaleidoszkop.hu\/index.php\/2023\/08\/24\/hszi-csin-ping-talalkozott-szenegal-kuba-etiopia-es-banglades-vezetojevel\/","og_locale":"hu_HU","og_type":"article","og_title":"Hszi Csin-ping tal\u00e1lkozott Szeneg\u00e1l, Kuba, Eti\u00f3pia \u00e9s Banglades vezet\u0151j\u00e9vel - kinaikaleidoszkop.hu","og_description":"Helyi id\u0151 szerint augusztus 23-\u00e1n d\u00e9lut\u00e1n Hszi Csin-ping k\u00ednai \u00e1llameln\u00f6k tal\u00e1lkozott Macky Sall szeneg\u00e1li eln\u00f6kkel, Miguel D\u00edaz-Canel kubai eln\u00f6kkel, Abiy Ahmed eti\u00f3p minisztereln\u00f6kkel \u00e9s Sheikh Hasina bangladesi minisztereln\u00f6kkel a Johannesburgban tartott BRICS-cs\u00facson. Hszi Csin-ping a szeneg\u00e1li eln\u00f6kkel tal\u00e1lkozva kifejtette, hogy K\u00edna hajland\u00f3 Szeneg\u00e1llal elm\u00e9ly\u00edteni az egy\u00fcttm\u0171k\u00f6d\u00e9seket ipari, mez\u0151gazdas\u00e1gi, infrastrukt\u00fara\u00e9p\u00edt\u00e9si \u00e9s hum\u00e1ner\u0151forr\u00e1s-fejleszt\u00e9si ter\u00fcleten, valamint k\u00e9sz k\u00f6z\u00f6sen [&hellip;]","og_url":"https:\/\/kinaikaleidoszkop.hu\/index.php\/2023\/08\/24\/hszi-csin-ping-talalkozott-szenegal-kuba-etiopia-es-banglades-vezetojevel\/","og_site_name":"kinaikaleidoszkop.hu","article_published_time":"2023-08-24T10:52:01+00:00","article_modified_time":"2023-08-24T10:52:08+00:00","og_image":[{"width":1620,"height":1080,"url":"https:\/\/kinaikaleidoszkop.hu\/wp-content\/uploads\/2023\/08\/jkjkk.png","type":"image\/png"}],"author":"admin-sebi","twitter_card":"summary_large_image","twitter_misc":{"Szerz\u0151:":"admin-sebi","Becs\u00fclt olvas\u00e1si id\u0151":"3 perc"},"schema":{"@context":"https:\/\/schema.org","@graph":[{"@type":"WebPage","@id":"https:\/\/kinaikaleidoszkop.hu\/index.php\/2023\/08\/24\/hszi-csin-ping-talalkozott-szenegal-kuba-etiopia-es-banglades-vezetojevel\/","url":"https:\/\/kinaikaleidoszkop.hu\/index.php\/2023\/08\/24\/hszi-csin-ping-talalkozott-szenegal-kuba-etiopia-es-banglades-vezetojevel\/","name":"Hszi Csin-ping tal\u00e1lkozott Szeneg\u00e1l, Kuba, Eti\u00f3pia \u00e9s Banglades vezet\u0151j\u00e9vel - kinaikaleidoszkop.hu","isPartOf":{"@id":"https:\/\/kinaikaleidoszkop.hu\/#website"},"primaryImageOfPage":{"@id":"https:\/\/kinaikaleidoszkop.hu\/index.php\/2023\/08\/24\/hszi-csin-ping-talalkozott-szenegal-kuba-etiopia-es-banglades-vezetojevel\/#primaryimage"},"image":{"@id":"https:\/\/kinaikaleidoszkop.hu\/index.php\/2023\/08\/24\/hszi-csin-ping-talalkozott-szenegal-kuba-etiopia-es-banglades-vezetojevel\/#primaryimage"},"thumbnailUrl":"https:\/\/kinaikaleidoszkop.hu\/wp-content\/uploads\/2023\/08\/jkjkk.png","datePublished":"2023-08-24T10:52:01+00:00","dateModified":"2023-08-24T10:52:08+00:00","author":{"@id":"https:\/\/kinaikaleidoszkop.hu\/#\/schema\/person\/fd215d3a8bab54daeb796ae166f99ea5"},"breadcrumb":{"@id":"https:\/\/kinaikaleidoszkop.hu\/index.php\/2023\/08\/24\/hszi-csin-ping-talalkozott-szenegal-kuba-etiopia-es-banglades-vezetojevel\/#breadcrumb"},"inLanguage":"hu","potentialAction":[{"@type":"ReadAction","target":["https:\/\/kinaikaleidoszkop.hu\/index.php\/2023\/08\/24\/hszi-csin-ping-talalkozott-szenegal-kuba-etiopia-es-banglades-vezetojevel\/"]}]},{"@type":"ImageObject","inLanguage":"hu","@id":"https:\/\/kinaikaleidoszkop.hu\/index.php\/2023\/08\/24\/hszi-csin-ping-talalkozott-szenegal-kuba-etiopia-es-banglades-vezetojevel\/#primaryimage","url":"https:\/\/kinaikaleidoszkop.hu\/wp-content\/uploads\/2023\/08\/jkjkk.png","contentUrl":"https:\/\/kinaikaleidoszkop.hu\/wp-content\/uploads\/2023\/08\/jkjkk.png","width":1620,"height":1080},{"@type":"BreadcrumbList","@id":"https:\/\/kinaikaleidoszkop.hu\/index.php\/2023\/08\/24\/hszi-csin-ping-talalkozott-szenegal-kuba-etiopia-es-banglades-vezetojevel\/#breadcrumb","itemListElement":[{"@type":"ListItem","position":1,"name":"Kezd\u0151lap","item":"https:\/\/kinaikaleidoszkop.hu\/"},{"@type":"ListItem","position":2,"name":"Hszi Csin-ping tal\u00e1lkozott Szeneg\u00e1l, Kuba, Eti\u00f3pia \u00e9s Banglades vezet\u0151j\u00e9vel"}]},{"@type":"WebSite","@id":"https:\/\/kinaikaleidoszkop.hu\/#website","url":"https:\/\/kinaikaleidoszkop.hu\/","name":"kinaikaleidoszkop.hu","description":"","potentialAction":[{"@type":"SearchAction","target":{"@type":"EntryPoint","urlTemplate":"https:\/\/kinaikaleidoszkop.hu\/?s={search_term_string}"},"query-input":{"@type":"PropertyValueSpecification","valueRequired":true,"valueName":"search_term_string"}}],"inLanguage":"hu"},{"@type":"Person","@id":"https:\/\/kinaikaleidoszkop.hu\/#\/schema\/person\/fd215d3a8bab54daeb796ae166f99ea5","name":"admin-sebi","image":{"@type":"ImageObject","inLanguage":"hu","@id":"https:\/\/kinaikaleidoszkop.hu\/#\/schema\/person\/image\/","url":"https:\/\/secure.gravatar.com\/avatar\/b1498042bc4969020b4951f204f963e97c3d7d199f3790c1071adf67c61d0aa5?s=96&d=mm&r=g","contentUrl":"https:\/\/secure.gravatar.com\/avatar\/b1498042bc4969020b4951f204f963e97c3d7d199f3790c1071adf67c61d0aa5?s=96&d=mm&r=g","caption":"admin-sebi"},"url":"https:\/\/kinaikaleidoszkop.hu\/index.php\/author\/admin-sebi\/"}]}},"views":451,"distributor_meta":false,"distributor_terms":false,"distributor_media":false,"distributor_original_site_name":"kinaikaleidoszkop.hu","distributor_original_site_url":"https:\/\/kinaikaleidoszkop.hu","push-errors":false,"_links":{"self":[{"href":"https:\/\/kinaikaleidoszkop.hu\/index.php\/wp-json\/wp\/v2\/posts\/18690","targetHints":{"allow":["GET"]}}],"collection":[{"href":"https:\/\/kinaikaleidoszkop.hu\/index.php\/wp-json\/wp\/v2\/posts"}],"about":[{"href":"https:\/\/kinaikaleidoszkop.hu\/index.php\/wp-json\/wp\/v2\/types\/post"}],"author":[{"embeddable":true,"href":"https:\/\/kinaikaleidoszkop.hu\/index.php\/wp-json\/wp\/v2\/users\/6"}],"replies":[{"embeddable":true,"href":"https:\/\/kinaikaleidoszkop.hu\/index.php\/wp-json\/wp\/v2\/comments?post=18690"}],"version-history":[{"count":1,"href":"https:\/\/kinaikaleidoszkop.hu\/index.php\/wp-json\/wp\/v2\/posts\/18690\/revisions"}],"predecessor-version":[{"id":18692,"href":"https:\/\/kinaikaleidoszkop.hu\/index.php\/wp-json\/wp\/v2\/posts\/18690\/revisions\/18692"}],"wp:featuredmedia":[{"embeddable":true,"href":"https:\/\/kinaikaleidoszkop.hu\/index.php\/wp-json\/wp\/v2\/media\/18613"}],"wp:attachment":[{"href":"https:\/\/kinaikaleidoszkop.hu\/index.php\/wp-json\/wp\/v2\/media?parent=18690"}],"wp:term":[{"taxonomy":"category","embeddable":true,"href":"https:\/\/kinaikaleidoszkop.hu\/index.php\/wp-json\/wp\/v2\/categories?post=18690"},{"taxonomy":"post_tag","embeddable":true,"href":"https:\/\/kinaikaleidoszkop.hu\/index.php\/wp-json\/wp\/v2\/tags?post=18690"}],"curies":[{"name":"wp","href":"https:\/\/api.w.org\/{rel}","templated":true}]}}