{"id":18735,"date":"2023-08-28T12:30:12","date_gmt":"2023-08-28T10:30:12","guid":{"rendered":"https:\/\/kinaikaleidoszkop.hu\/?p=18735"},"modified":"2023-08-28T12:30:13","modified_gmt":"2023-08-28T10:30:13","slug":"exkluziv-interju-evariste-ndayishimiye-burundi-elnokkel","status":"publish","type":"post","link":"https:\/\/kinaikaleidoszkop.hu\/index.php\/2023\/08\/28\/exkluziv-interju-evariste-ndayishimiye-burundi-elnokkel\/","title":{"rendered":"Exkluz\u00edv interj\u00fa \u00c9variste Ndayishimiye burundi eln\u00f6kkel"},"content":{"rendered":"\n<p><strong>Burundi \u201eAfrika sz\u00edve\u201d n\u00e9ven is ismert. Az ut\u00f3bbi \u00e9vekben az afrikai orsz\u00e1g akt\u00edvan fejl\u0151dik, bevezett\u00e9k a k\u00ednai hibrid rizs technol\u00f3gi\u00e1t \u00e9s olyan bemutat\u00f3 falut hoztak l\u00e9tre, amely a hibrid rizs technol\u00f3gi\u00e1t felhaszn\u00e1lva seg\u00edt kil\u00e1balni a szeg\u00e9nys\u00e9gb\u0151l.<\/strong><\/p>\n\n\n\n<p>J\u00falius v\u00e9g\u00e9n \u00c9variste Ndayishimiye burundi eln\u00f6k K\u00edn\u00e1ba l\u00e1togatott, melynek sor\u00e1n a helysz\u00ednen vizsg\u00e1lta meg a k\u00ednai mez\u0151gazdas\u00e1gi technol\u00f3gi\u00e1t \u00e9s traktort is vezetett. Mint elmondta, szeretn\u00e9 megtal\u00e1lni a fejleszt\u00e9si titkot, szeretn\u00e9 megtanulni a k\u00ednai jellemz\u0151ket, hogy miut\u00e1n visszat\u00e9r Burundiba, a saj\u00e1t orsz\u00e1ga helyzet\u00e9nek megfelel\u0151 fejleszt\u00e9si m\u00f3dszert tudjanak kidolgozni.<\/p>\n\n\n\n<p>\u00c9variste Ndayishimiye burundi eln\u00f6k l\u00e1togat\u00e1sa alkalm\u00e1val exkluz\u00edv interj\u00fat adott a CMG tud\u00f3s\u00edt\u00f3j\u00e1nak. Ebb\u0151l k\u00f6vetkeznek most r\u00e9szletek.<\/p>\n\n\n\n<p><strong>Wang Guan, a CMG tud\u00f3s\u00edt\u00f3ja:<\/strong><\/p>\n\n\n\n<p><em>A mez\u0151gazdas\u00e1gr\u00f3l besz\u00e9lt\u00fcnk, n\u00e9h\u00e1ny fot\u00f3 van most n\u00e1lam, amelyeket a CMG \u00fajs\u00e1g\u00edr\u00f3ja, az egyik bar\u00e1tom k\u00e9sz\u00edtett az \u00d6n orsz\u00e1g\u00e1ban. Tudom, hogy alkalmank\u00e9nt \u00d6n is ell\u00e1togat ilyen rizsf\u00f6ldekre. Nagyon meg\u00e9rintett az ezeken a k\u00e9peken l\u00e1tsz\u00f3 szolidarit\u00e1s \u00e9s testv\u00e9ris\u00e9g K\u00edna \u00e9s Burundi k\u00f6z\u00f6tt, ahogy \u00d6n mondta, eln\u00f6k \u00far, \u00e9s azt hiszem, a k\u00ednai k\u00f6z\u00f6ss\u00e9get szint\u00e9n meg\u00e9rinti mindez. Itt (a f\u00e9nyk\u00e9pekre mutatva \u2013 a szerk.) \u00e9ppen \u00e1tad egy tiszteletbeli bizony\u00edtv\u00e1nyt, leny\u0171g\u00f6znek ezek a boldog arcok, a burundiak \u00e9s a k\u00ednaiak ugyan\u00fagy nevetnek.<\/em><\/p>\n\n\n\n<p><strong>\u00c9variste Ndayishimiye, burundi eln\u00f6k:<\/strong><\/p>\n\n\n\n<p><em>Igen, igaza van! K\u00ednai szak\u00e9rt\u0151k \u00e9s burundiak egy\u00fctt dolgoztak a helysz\u00ednen, kapcsolatunk nagyon gyakorlatias volt. Burundi nagyon b\u00fcszke arra, hogy K\u00edna seg\u00edti haz\u00e1nkat. Ahogy mondtam, egy\u00fctt dolgoztunk, mindannyian szorgalmas emberek vagyunk, ez\u00e9rt egy\u00fctt haladunk el\u0151re. Ez egy egyenl\u0151 felek k\u00f6zti kapcsolat, nem pedig olyan, hogy egy nagyhatalom pr\u00e9dik\u00e1l nek\u00fcnk, \u00e9s kioktat, hogy mit kell tenn\u00fcnk. Ez k\u00f6z\u00f6s er\u0151fesz\u00edt\u00e9s volt.<\/em><\/p>\n\n\n\n<p><strong>Wang Guan, a CMG tud\u00f3s\u00edt\u00f3ja:<\/strong><\/p>\n\n\n\n<p><em>Eln\u00f6k \u00far, sz\u00e1mos nyugati gondolkod\u00f3 \u00e9s v\u00e9lem\u00e9nyform\u00e1l\u00f3 megk\u00e9rd\u0151jelezi K\u00edna v\u00e9gs\u0151 c\u00e9lj\u00e1t Afrik\u00e1ban, mondv\u00e1n, hogy K\u00edna nemcsak gazdas\u00e1gi \u00e9s p\u00e9nz\u00fcgyi, hanem geopolitikai \u00e9s politikai \u00e9rdekeket is figyelembe vesz. \u00d6n mit gondol err\u0151l a n\u00e9zetr\u0151l? \u00d6n szerint a Nyugat a saj\u00e1t uralmukon, kizs\u00e1km\u00e1nyol\u00e1sukon \u00e9s gyarmatos\u00edt\u00e1sukon kereszt\u00fcl l\u00e1tja K\u00edn\u00e1t?&nbsp;<\/em><\/p>\n\n\n\n<p><strong>\u00c9variste Ndayishimiye, burundi eln\u00f6k:<\/strong><\/p>\n\n\n\n<p><em>Ha alaposan megn\u00e9zik a k\u00ednai\u2013afrikai egy\u00fcttm\u0171k\u00f6d\u00e9st, akkor tudhatj\u00e1k, hogy K\u00edna a k\u00f6z\u00f6s j\u00f3l\u00e9t \u00e9rdek\u00e9ben folytat egy\u00fcttm\u0171k\u00f6d\u00e9st Afrik\u00e1val. Erre j\u00f3 p\u00e9lda a Hszi Csin-ping \u00e1llameln\u00f6k \u00e1ltal javasolt \u00d6vezet \u00e9s \u00dat kezdem\u00e9nyez\u00e9s, amelynek c\u00e9lja az emberis\u00e9g sorsk\u00f6z\u00f6ss\u00e9g\u00e9nek ki\u00e9p\u00edt\u00e9se. K\u00edna c\u00e9lja nem Afrika megh\u00f3d\u00edt\u00e1sa. De n\u00e9h\u00e1ny nagyhatalom saj\u00e1t v\u00e9lem\u00e9ny\u00e9t akarja r\u00e1k\u00e9nyszer\u00edteni m\u00e1sokra, meg akarja mondani az afrikai orsz\u00e1goknak, hogy mit tegyenek, be akar avatkozni m\u00e1s orsz\u00e1gok bel\u00fcgyeibe. De K\u00edna \u00f6nzetlen\u00fcl, felt\u00e9telek n\u00e9lk\u00fcl seg\u00edt.<\/em><\/p>\n\n\n\n<p><em>\u00c9n ismerem a k\u00ednai t\u00f6rt\u00e9nelmet, \u00e9s tudom, hogy K\u00edna nem akar az\u00e9rt m\u00e1s orsz\u00e1gokat gyarmatos\u00edtani, mert m\u00e1s orsz\u00e1gok egyszer gyarmatos\u00edtott\u00e1k K\u00edn\u00e1t. \u201e\u00dagy b\u00e1nsz m\u00e1sokkal, ahogy szeretn\u00e9d, hogy veled b\u00e1njanak\u201d \u2013 ez a l\u00e9nyeg. A nyugati orsz\u00e1gok l\u00e1tj\u00e1k, hogy K\u00edna egyre er\u0151s\u00f6dik \u00e9s Afrik\u00e1val szeretne egy\u00fcttm\u0171k\u00f6dni, ez\u00e9rt r\u00f6gt\u00f6n a gyarmatos\u00edt\u00f3k ideol\u00f3gi\u00e1j\u00e1val \u00e9s mentalit\u00e1s\u00e1val tekintenek K\u00edn\u00e1ra. \u201eM\u00e1sok m\u00f3dszer\u00e9vel nem \u00e9p\u00edthetj\u00fck fel saj\u00e1t csal\u00e1dunkat, a mi m\u00f3dszer\u00fcnk sem \u00e9p\u00edtheti fel m\u00e1sok csal\u00e1dj\u00e1t\u201d \u2013 ahogy mi mondjuk. Sz\u00f3val ha a k\u00fcls\u0151 er\u0151k a saj\u00e1t ideol\u00f3gi\u00e1jukat k\u00e9nyszer\u00edtik m\u00e1sokra, akkor s\u00e9rtik az akaratukat. Ink\u00e1bb keress\u00fck a k\u00f6z\u00f6s \u00e9rdekeket, fogadjuk el egym\u00e1st \u00e9s egy\u00fctt haladjunk el\u0151re.<\/em><\/p>\n\n\n\n<figure class=\"wp-block-embed is-type-video is-provider-youtube wp-block-embed-youtube wp-embed-aspect-16-9 wp-has-aspect-ratio\"><div class=\"wp-block-embed__wrapper\">\n<iframe loading=\"lazy\" title=\"Exkluz\u00edv interj\u00fa \u00c9variste Ndayishimiye burundi eln\u00f6kkel\" width=\"1320\" height=\"743\" src=\"https:\/\/www.youtube.com\/embed\/odfZbCuxdqM?feature=oembed\" frameborder=\"0\" allow=\"accelerometer; autoplay; clipboard-write; encrypted-media; gyroscope; picture-in-picture; web-share\" allowfullscreen><\/iframe>\n<\/div><\/figure>\n\n\n\n<p><strong>2023. augusztus 28.<\/strong><\/p>\n\n\n\n<p><strong><em>(China Media Group)<\/em><\/strong><\/p>\n\n\n\n<p><strong>(x)<\/strong><\/p>\n","protected":false},"excerpt":{"rendered":"<p>Burundi \u201eAfrika sz\u00edve\u201d n\u00e9ven is ismert. Az ut\u00f3bbi \u00e9vekben az afrikai orsz\u00e1g akt\u00edvan fejl\u0151dik, bevezett\u00e9k a k\u00ednai hibrid rizs technol\u00f3gi\u00e1t \u00e9s olyan bemutat\u00f3 falut hoztak l\u00e9tre, amely a hibrid rizs technol\u00f3gi\u00e1t felhaszn\u00e1lva seg\u00edt kil\u00e1balni a szeg\u00e9nys\u00e9gb\u0151l. J\u00falius v\u00e9g\u00e9n \u00c9variste Ndayishimiye burundi eln\u00f6k K\u00edn\u00e1ba l\u00e1togatott, melynek sor\u00e1n a helysz\u00ednen vizsg\u00e1lta meg a k\u00ednai mez\u0151gazdas\u00e1gi technol\u00f3gi\u00e1t \u00e9s [&hellip;]<\/p>\n","protected":false},"author":2,"featured_media":18738,"comment_status":"closed","ping_status":"closed","sticky":false,"template":"","format":"standard","meta":{"footnotes":""},"categories":[45],"tags":[2925,2920,2924,593,2922,2921,2923,508],"class_list":["post-18735","post","type-post","status-publish","format-standard","has-post-thumbnail","hentry","category-hirek","tag-burundi","tag-burundi-elnok","tag-evariste-ndayishimiye","tag-exkluziv-interju","tag-fejlesztesi-modszer","tag-hibrid-rizs","tag-kinai-afrikai-egyuttmukodes","tag-mezogazdasag"],"yoast_head":"<!-- This site is optimized with the Yoast SEO plugin v23.7 - https:\/\/yoast.com\/wordpress\/plugins\/seo\/ -->\n<title>Exkluz\u00edv interj\u00fa \u00c9variste Ndayishimiye burundi eln\u00f6kkel - kinaikaleidoszkop.hu<\/title>\n<meta name=\"robots\" content=\"index, follow, max-snippet:-1, max-image-preview:large, max-video-preview:-1\" \/>\n<link rel=\"canonical\" href=\"https:\/\/kinaikaleidoszkop.hu\/index.php\/2023\/08\/28\/exkluziv-interju-evariste-ndayishimiye-burundi-elnokkel\/\" \/>\n<meta property=\"og:locale\" content=\"hu_HU\" \/>\n<meta property=\"og:type\" content=\"article\" \/>\n<meta property=\"og:title\" content=\"Exkluz\u00edv interj\u00fa \u00c9variste Ndayishimiye burundi eln\u00f6kkel - kinaikaleidoszkop.hu\" \/>\n<meta property=\"og:description\" content=\"Burundi \u201eAfrika sz\u00edve\u201d n\u00e9ven is ismert. Az ut\u00f3bbi \u00e9vekben az afrikai orsz\u00e1g akt\u00edvan fejl\u0151dik, bevezett\u00e9k a k\u00ednai hibrid rizs technol\u00f3gi\u00e1t \u00e9s olyan bemutat\u00f3 falut hoztak l\u00e9tre, amely a hibrid rizs technol\u00f3gi\u00e1t felhaszn\u00e1lva seg\u00edt kil\u00e1balni a szeg\u00e9nys\u00e9gb\u0151l. J\u00falius v\u00e9g\u00e9n \u00c9variste Ndayishimiye burundi eln\u00f6k K\u00edn\u00e1ba l\u00e1togatott, melynek sor\u00e1n a helysz\u00ednen vizsg\u00e1lta meg a k\u00ednai mez\u0151gazdas\u00e1gi technol\u00f3gi\u00e1t \u00e9s [&hellip;]\" \/>\n<meta property=\"og:url\" content=\"https:\/\/kinaikaleidoszkop.hu\/index.php\/2023\/08\/28\/exkluziv-interju-evariste-ndayishimiye-burundi-elnokkel\/\" \/>\n<meta property=\"og:site_name\" content=\"kinaikaleidoszkop.hu\" \/>\n<meta property=\"article:published_time\" content=\"2023-08-28T10:30:12+00:00\" \/>\n<meta property=\"article:modified_time\" content=\"2023-08-28T10:30:13+00:00\" \/>\n<meta property=\"og:image\" content=\"https:\/\/kinaikaleidoszkop.hu\/wp-content\/uploads\/2023\/08\/Kepernyokep-2023-08-28-120656.png\" \/>\n\t<meta property=\"og:image:width\" content=\"1248\" \/>\n\t<meta property=\"og:image:height\" content=\"708\" \/>\n\t<meta property=\"og:image:type\" content=\"image\/png\" \/>\n<meta name=\"author\" content=\"admin-szabolcs\" \/>\n<meta name=\"twitter:card\" content=\"summary_large_image\" \/>\n<meta name=\"twitter:label1\" content=\"Szerz\u0151:\" \/>\n\t<meta name=\"twitter:data1\" content=\"admin-szabolcs\" \/>\n\t<meta name=\"twitter:label2\" content=\"Becs\u00fclt olvas\u00e1si id\u0151\" \/>\n\t<meta name=\"twitter:data2\" content=\"3 perc\" \/>\n<script type=\"application\/ld+json\" class=\"yoast-schema-graph\">{\"@context\":\"https:\/\/schema.org\",\"@graph\":[{\"@type\":\"WebPage\",\"@id\":\"https:\/\/kinaikaleidoszkop.hu\/index.php\/2023\/08\/28\/exkluziv-interju-evariste-ndayishimiye-burundi-elnokkel\/\",\"url\":\"https:\/\/kinaikaleidoszkop.hu\/index.php\/2023\/08\/28\/exkluziv-interju-evariste-ndayishimiye-burundi-elnokkel\/\",\"name\":\"Exkluz\u00edv interj\u00fa \u00c9variste Ndayishimiye burundi eln\u00f6kkel - kinaikaleidoszkop.hu\",\"isPartOf\":{\"@id\":\"https:\/\/kinaikaleidoszkop.hu\/#website\"},\"primaryImageOfPage\":{\"@id\":\"https:\/\/kinaikaleidoszkop.hu\/index.php\/2023\/08\/28\/exkluziv-interju-evariste-ndayishimiye-burundi-elnokkel\/#primaryimage\"},\"image\":{\"@id\":\"https:\/\/kinaikaleidoszkop.hu\/index.php\/2023\/08\/28\/exkluziv-interju-evariste-ndayishimiye-burundi-elnokkel\/#primaryimage\"},\"thumbnailUrl\":\"https:\/\/kinaikaleidoszkop.hu\/wp-content\/uploads\/2023\/08\/Kepernyokep-2023-08-28-120656.png\",\"datePublished\":\"2023-08-28T10:30:12+00:00\",\"dateModified\":\"2023-08-28T10:30:13+00:00\",\"author\":{\"@id\":\"https:\/\/kinaikaleidoszkop.hu\/#\/schema\/person\/b9e2febe742edd540c1197716ec02bf7\"},\"breadcrumb\":{\"@id\":\"https:\/\/kinaikaleidoszkop.hu\/index.php\/2023\/08\/28\/exkluziv-interju-evariste-ndayishimiye-burundi-elnokkel\/#breadcrumb\"},\"inLanguage\":\"hu\",\"potentialAction\":[{\"@type\":\"ReadAction\",\"target\":[\"https:\/\/kinaikaleidoszkop.hu\/index.php\/2023\/08\/28\/exkluziv-interju-evariste-ndayishimiye-burundi-elnokkel\/\"]}]},{\"@type\":\"ImageObject\",\"inLanguage\":\"hu\",\"@id\":\"https:\/\/kinaikaleidoszkop.hu\/index.php\/2023\/08\/28\/exkluziv-interju-evariste-ndayishimiye-burundi-elnokkel\/#primaryimage\",\"url\":\"https:\/\/kinaikaleidoszkop.hu\/wp-content\/uploads\/2023\/08\/Kepernyokep-2023-08-28-120656.png\",\"contentUrl\":\"https:\/\/kinaikaleidoszkop.hu\/wp-content\/uploads\/2023\/08\/Kepernyokep-2023-08-28-120656.png\",\"width\":1248,\"height\":708},{\"@type\":\"BreadcrumbList\",\"@id\":\"https:\/\/kinaikaleidoszkop.hu\/index.php\/2023\/08\/28\/exkluziv-interju-evariste-ndayishimiye-burundi-elnokkel\/#breadcrumb\",\"itemListElement\":[{\"@type\":\"ListItem\",\"position\":1,\"name\":\"Kezd\u0151lap\",\"item\":\"https:\/\/kinaikaleidoszkop.hu\/\"},{\"@type\":\"ListItem\",\"position\":2,\"name\":\"Exkluz\u00edv interj\u00fa \u00c9variste Ndayishimiye burundi eln\u00f6kkel\"}]},{\"@type\":\"WebSite\",\"@id\":\"https:\/\/kinaikaleidoszkop.hu\/#website\",\"url\":\"https:\/\/kinaikaleidoszkop.hu\/\",\"name\":\"kinaikaleidoszkop.hu\",\"description\":\"\",\"potentialAction\":[{\"@type\":\"SearchAction\",\"target\":{\"@type\":\"EntryPoint\",\"urlTemplate\":\"https:\/\/kinaikaleidoszkop.hu\/?s={search_term_string}\"},\"query-input\":{\"@type\":\"PropertyValueSpecification\",\"valueRequired\":true,\"valueName\":\"search_term_string\"}}],\"inLanguage\":\"hu\"},{\"@type\":\"Person\",\"@id\":\"https:\/\/kinaikaleidoszkop.hu\/#\/schema\/person\/b9e2febe742edd540c1197716ec02bf7\",\"name\":\"admin-szabolcs\",\"image\":{\"@type\":\"ImageObject\",\"inLanguage\":\"hu\",\"@id\":\"https:\/\/kinaikaleidoszkop.hu\/#\/schema\/person\/image\/\",\"url\":\"https:\/\/secure.gravatar.com\/avatar\/154f262492794df2a6cb5d5349227b18ef8f85ab462fbb32625fc42406483d21?s=96&d=mm&r=g\",\"contentUrl\":\"https:\/\/secure.gravatar.com\/avatar\/154f262492794df2a6cb5d5349227b18ef8f85ab462fbb32625fc42406483d21?s=96&d=mm&r=g\",\"caption\":\"admin-szabolcs\"},\"url\":\"https:\/\/kinaikaleidoszkop.hu\/index.php\/author\/admin-szabolcs\/\"}]}<\/script>\n<!-- \/ Yoast SEO plugin. -->","yoast_head_json":{"title":"Exkluz\u00edv interj\u00fa \u00c9variste Ndayishimiye burundi eln\u00f6kkel - kinaikaleidoszkop.hu","robots":{"index":"index","follow":"follow","max-snippet":"max-snippet:-1","max-image-preview":"max-image-preview:large","max-video-preview":"max-video-preview:-1"},"canonical":"https:\/\/kinaikaleidoszkop.hu\/index.php\/2023\/08\/28\/exkluziv-interju-evariste-ndayishimiye-burundi-elnokkel\/","og_locale":"hu_HU","og_type":"article","og_title":"Exkluz\u00edv interj\u00fa \u00c9variste Ndayishimiye burundi eln\u00f6kkel - kinaikaleidoszkop.hu","og_description":"Burundi \u201eAfrika sz\u00edve\u201d n\u00e9ven is ismert. Az ut\u00f3bbi \u00e9vekben az afrikai orsz\u00e1g akt\u00edvan fejl\u0151dik, bevezett\u00e9k a k\u00ednai hibrid rizs technol\u00f3gi\u00e1t \u00e9s olyan bemutat\u00f3 falut hoztak l\u00e9tre, amely a hibrid rizs technol\u00f3gi\u00e1t felhaszn\u00e1lva seg\u00edt kil\u00e1balni a szeg\u00e9nys\u00e9gb\u0151l. J\u00falius v\u00e9g\u00e9n \u00c9variste Ndayishimiye burundi eln\u00f6k K\u00edn\u00e1ba l\u00e1togatott, melynek sor\u00e1n a helysz\u00ednen vizsg\u00e1lta meg a k\u00ednai mez\u0151gazdas\u00e1gi technol\u00f3gi\u00e1t \u00e9s [&hellip;]","og_url":"https:\/\/kinaikaleidoszkop.hu\/index.php\/2023\/08\/28\/exkluziv-interju-evariste-ndayishimiye-burundi-elnokkel\/","og_site_name":"kinaikaleidoszkop.hu","article_published_time":"2023-08-28T10:30:12+00:00","article_modified_time":"2023-08-28T10:30:13+00:00","og_image":[{"width":1248,"height":708,"url":"https:\/\/kinaikaleidoszkop.hu\/wp-content\/uploads\/2023\/08\/Kepernyokep-2023-08-28-120656.png","type":"image\/png"}],"author":"admin-szabolcs","twitter_card":"summary_large_image","twitter_misc":{"Szerz\u0151:":"admin-szabolcs","Becs\u00fclt olvas\u00e1si id\u0151":"3 perc"},"schema":{"@context":"https:\/\/schema.org","@graph":[{"@type":"WebPage","@id":"https:\/\/kinaikaleidoszkop.hu\/index.php\/2023\/08\/28\/exkluziv-interju-evariste-ndayishimiye-burundi-elnokkel\/","url":"https:\/\/kinaikaleidoszkop.hu\/index.php\/2023\/08\/28\/exkluziv-interju-evariste-ndayishimiye-burundi-elnokkel\/","name":"Exkluz\u00edv interj\u00fa \u00c9variste Ndayishimiye burundi eln\u00f6kkel - kinaikaleidoszkop.hu","isPartOf":{"@id":"https:\/\/kinaikaleidoszkop.hu\/#website"},"primaryImageOfPage":{"@id":"https:\/\/kinaikaleidoszkop.hu\/index.php\/2023\/08\/28\/exkluziv-interju-evariste-ndayishimiye-burundi-elnokkel\/#primaryimage"},"image":{"@id":"https:\/\/kinaikaleidoszkop.hu\/index.php\/2023\/08\/28\/exkluziv-interju-evariste-ndayishimiye-burundi-elnokkel\/#primaryimage"},"thumbnailUrl":"https:\/\/kinaikaleidoszkop.hu\/wp-content\/uploads\/2023\/08\/Kepernyokep-2023-08-28-120656.png","datePublished":"2023-08-28T10:30:12+00:00","dateModified":"2023-08-28T10:30:13+00:00","author":{"@id":"https:\/\/kinaikaleidoszkop.hu\/#\/schema\/person\/b9e2febe742edd540c1197716ec02bf7"},"breadcrumb":{"@id":"https:\/\/kinaikaleidoszkop.hu\/index.php\/2023\/08\/28\/exkluziv-interju-evariste-ndayishimiye-burundi-elnokkel\/#breadcrumb"},"inLanguage":"hu","potentialAction":[{"@type":"ReadAction","target":["https:\/\/kinaikaleidoszkop.hu\/index.php\/2023\/08\/28\/exkluziv-interju-evariste-ndayishimiye-burundi-elnokkel\/"]}]},{"@type":"ImageObject","inLanguage":"hu","@id":"https:\/\/kinaikaleidoszkop.hu\/index.php\/2023\/08\/28\/exkluziv-interju-evariste-ndayishimiye-burundi-elnokkel\/#primaryimage","url":"https:\/\/kinaikaleidoszkop.hu\/wp-content\/uploads\/2023\/08\/Kepernyokep-2023-08-28-120656.png","contentUrl":"https:\/\/kinaikaleidoszkop.hu\/wp-content\/uploads\/2023\/08\/Kepernyokep-2023-08-28-120656.png","width":1248,"height":708},{"@type":"BreadcrumbList","@id":"https:\/\/kinaikaleidoszkop.hu\/index.php\/2023\/08\/28\/exkluziv-interju-evariste-ndayishimiye-burundi-elnokkel\/#breadcrumb","itemListElement":[{"@type":"ListItem","position":1,"name":"Kezd\u0151lap","item":"https:\/\/kinaikaleidoszkop.hu\/"},{"@type":"ListItem","position":2,"name":"Exkluz\u00edv interj\u00fa \u00c9variste Ndayishimiye burundi eln\u00f6kkel"}]},{"@type":"WebSite","@id":"https:\/\/kinaikaleidoszkop.hu\/#website","url":"https:\/\/kinaikaleidoszkop.hu\/","name":"kinaikaleidoszkop.hu","description":"","potentialAction":[{"@type":"SearchAction","target":{"@type":"EntryPoint","urlTemplate":"https:\/\/kinaikaleidoszkop.hu\/?s={search_term_string}"},"query-input":{"@type":"PropertyValueSpecification","valueRequired":true,"valueName":"search_term_string"}}],"inLanguage":"hu"},{"@type":"Person","@id":"https:\/\/kinaikaleidoszkop.hu\/#\/schema\/person\/b9e2febe742edd540c1197716ec02bf7","name":"admin-szabolcs","image":{"@type":"ImageObject","inLanguage":"hu","@id":"https:\/\/kinaikaleidoszkop.hu\/#\/schema\/person\/image\/","url":"https:\/\/secure.gravatar.com\/avatar\/154f262492794df2a6cb5d5349227b18ef8f85ab462fbb32625fc42406483d21?s=96&d=mm&r=g","contentUrl":"https:\/\/secure.gravatar.com\/avatar\/154f262492794df2a6cb5d5349227b18ef8f85ab462fbb32625fc42406483d21?s=96&d=mm&r=g","caption":"admin-szabolcs"},"url":"https:\/\/kinaikaleidoszkop.hu\/index.php\/author\/admin-szabolcs\/"}]}},"views":274,"distributor_meta":false,"distributor_terms":false,"distributor_media":false,"distributor_original_site_name":"kinaikaleidoszkop.hu","distributor_original_site_url":"https:\/\/kinaikaleidoszkop.hu","push-errors":false,"_links":{"self":[{"href":"https:\/\/kinaikaleidoszkop.hu\/index.php\/wp-json\/wp\/v2\/posts\/18735","targetHints":{"allow":["GET"]}}],"collection":[{"href":"https:\/\/kinaikaleidoszkop.hu\/index.php\/wp-json\/wp\/v2\/posts"}],"about":[{"href":"https:\/\/kinaikaleidoszkop.hu\/index.php\/wp-json\/wp\/v2\/types\/post"}],"author":[{"embeddable":true,"href":"https:\/\/kinaikaleidoszkop.hu\/index.php\/wp-json\/wp\/v2\/users\/2"}],"replies":[{"embeddable":true,"href":"https:\/\/kinaikaleidoszkop.hu\/index.php\/wp-json\/wp\/v2\/comments?post=18735"}],"version-history":[{"count":1,"href":"https:\/\/kinaikaleidoszkop.hu\/index.php\/wp-json\/wp\/v2\/posts\/18735\/revisions"}],"predecessor-version":[{"id":18739,"href":"https:\/\/kinaikaleidoszkop.hu\/index.php\/wp-json\/wp\/v2\/posts\/18735\/revisions\/18739"}],"wp:featuredmedia":[{"embeddable":true,"href":"https:\/\/kinaikaleidoszkop.hu\/index.php\/wp-json\/wp\/v2\/media\/18738"}],"wp:attachment":[{"href":"https:\/\/kinaikaleidoszkop.hu\/index.php\/wp-json\/wp\/v2\/media?parent=18735"}],"wp:term":[{"taxonomy":"category","embeddable":true,"href":"https:\/\/kinaikaleidoszkop.hu\/index.php\/wp-json\/wp\/v2\/categories?post=18735"},{"taxonomy":"post_tag","embeddable":true,"href":"https:\/\/kinaikaleidoszkop.hu\/index.php\/wp-json\/wp\/v2\/tags?post=18735"}],"curies":[{"name":"wp","href":"https:\/\/api.w.org\/{rel}","templated":true}]}}