{"id":18758,"date":"2023-08-30T14:45:00","date_gmt":"2023-08-30T12:45:00","guid":{"rendered":"https:\/\/kinaikaleidoszkop.hu\/?p=18758"},"modified":"2023-08-30T14:45:09","modified_gmt":"2023-08-30T12:45:09","slug":"cmg-kommentar-kinat-ragalmazva-japan-nem-tudja-tisztara-mosni-magat","status":"publish","type":"post","link":"https:\/\/kinaikaleidoszkop.hu\/index.php\/2023\/08\/30\/cmg-kommentar-kinat-ragalmazva-japan-nem-tudja-tisztara-mosni-magat\/","title":{"rendered":"CMG-komment\u00e1r: K\u00edn\u00e1t r\u00e1galmazva Jap\u00e1n nem tudja tiszt\u00e1ra mosni mag\u00e1t"},"content":{"rendered":"\n<p><strong>A fukusimai nukle\u00e1ris szennyv\u00edz Csendes-\u00f3ce\u00e1nba enged\u00e9se miatt a nemzetk\u00f6zi k\u00f6z\u00f6ss\u00e9g napok \u00f3ta hevesen b\u00edr\u00e1lja a jap\u00e1n korm\u00e1nyt. A jap\u00e1n f\u00e9l hib\u00e1s tett\u00e9nek kijav\u00edt\u00e1sa helyett azonban ujjal mutogat K\u00edn\u00e1ra. Sz\u00e1mos jap\u00e1n m\u00e9dium azt hirdette, hogy \u201eK\u00edn\u00e1ban forr\u00f3sodik a jap\u00e1nellenes hangulat\u201d, \u00e9s a k\u00ednaiak \u201ezaklat\u00f3 l\u00e9p\u00e9seket\u201d tesznek Jap\u00e1n ellen. Kisida Fumio jap\u00e1n minisztereln\u00f6k \u00e9s tov\u00e1bbi politikusok k\u00f6vetelt\u00e9k K\u00edn\u00e1t\u00f3l a jap\u00e1n v\u00edzi term\u00e9kek importkorl\u00e1toz\u00e1s\u00e1nak elt\u00f6rl\u00e9s\u00e9t, s\u0151t \u00fagynevezett ellenint\u00e9zked\u00e9sekkel fenyeget\u0151ztek.<\/strong><\/p>\n\n\n\n<p>Mindez a jap\u00e1n f\u00e9l \u00e1ltal gondosan megtervezett propagandah\u00e1bor\u00fa r\u00e9sze. P\u00e9ldak\u00e9nt a Jap\u00e1n \u00dajj\u00e1\u00e9p\u00edt\u00e9si \u00dcgyn\u00f6ks\u00e9g 2021-es k\u00f6lts\u00e9gvet\u00e9s\u00e9t alapul v\u00e9ve a fukusimai atombalesethez kapcsol\u00f3d\u00f3 PR-k\u00f6lts\u00e9gek jelent\u0151sen, 2 milli\u00e1rd jenre n\u0151ttek, ami n\u00e9gyszerese a 2020. \u00e9vi \u00e9rt\u00e9knek. A jap\u00e1n k\u00fcl\u00fcgyminiszt\u00e9rium 2022-es \u00e9s 2023-as k\u00f6lts\u00e9gvet\u00e9s\u00e9ben ugyancsak megjelent a radioakt\u00edv szennyv\u00edz nyilv\u00e1noss\u00e1g el\u0151tt t\u00f6rt\u00e9n\u0151 kezel\u00e9se. Azon a napon, amikor a szennyvizet elkezdt\u00e9k a tengerbe engedni, a Japan NHK k\u00f6zszolg\u00e1lati m\u0171sorszolg\u00e1ltat\u00f3 jelent\u00e9se szerint a jap\u00e1n k\u00fcl\u00fcgyminiszt\u00e9rium tervet fogalmazott meg az \u00fagynevezett \u201ehamis inform\u00e1ci\u00f3k\u201d terjeszt\u00e9s\u00e9nek kezel\u00e9s\u00e9re. Erre a c\u00e9lra k\u00f6r\u00fclbel\u00fcl 70 milli\u00e1rd jent k\u00fcl\u00f6n\u00edtettek el. A Jap\u00e1n \u00e1ltal 2020-ban kiadott nukle\u00e1ris szennyv\u00edzkezel\u00e9sre vonatkoz\u00f3 besz\u00e1mol\u00f3 szerint a kapcsol\u00f3d\u00f3 propaganda k\u00f6lts\u00e9gvet\u00e9s\u00e9nek \u00f6sszege csaknem a h\u00fasszorosa a szennyv\u00edzkibocs\u00e1t\u00e1s k\u00f6lts\u00e9gvet\u00e9s\u00e9nek.<\/p>\n\n\n\n<p>A nemzetk\u00f6zi k\u00f6z\u00f6ss\u00e9g k\u00e9ts\u00e9geit \u00e9s kifog\u00e1sait figyelmen k\u00edv\u00fcl hagyva Jap\u00e1n ragaszkodott a szennyv\u00edz tengerbe enged\u00e9s\u00e9hez, ami \u00f3ri\u00e1si, kisz\u00e1m\u00edthatatlan kock\u00e1zatot jelent a glob\u00e1lis tengeri k\u00f6rnyezetre \u00e9s valamennyi ember eg\u00e9szs\u00e9g\u00e9re. A k\u00ednai fogyaszt\u00f3k \u00e9lelmiszerbiztons\u00e1ggal kapcsolatos aggodalma nemcsak val\u00f3s, hanem er\u0151s is. Term\u00e9szetesen a k\u00ednai korm\u00e1nynak v\u00e1laszolnia kell a t\u00f6megek agg\u00e1lyaira, \u00e9s meg kell tennie a tudom\u00e1nyosan igazolhat\u00f3 \u00e9s t\u00e9nyeken alapul\u00f3 sz\u00fcks\u00e9ges ellenint\u00e9zked\u00e9seket a tengeri k\u00f6rnyezet biztons\u00e1g\u00e1nak meg\u0151rz\u00e9se \u00e9s a k\u00ednai n\u00e9p eg\u00e9szs\u00e9g\u00e9nek v\u00e9delme \u00e9rdek\u00e9ben. Ezzel egy id\u0151ben K\u00edna a t\u00f6rv\u00e9nyeknek megfelel\u0151en v\u00e9di a K\u00edn\u00e1ban tart\u00f3zkod\u00f3 k\u00fclf\u00f6ldiek biztons\u00e1g\u00e1t, t\u00f6rv\u00e9nyes jogait \u00e9s \u00e9rdekeit.<\/p>\n\n\n\n<p>K\u00edna toki\u00f3i nagyk\u00f6vets\u00e9g\u00e9t\u0151l sz\u00e1rmaz\u00f3 egyes inform\u00e1ci\u00f3k szerint a k\u00ednai nagyk\u00f6vets\u00e9g \u00e9s a konzul\u00e1tusok az ut\u00f3bbi id\u0151ben sz\u00e1mos fenyeget\u0151 telefonh\u00edv\u00e1st kaptak, ami s\u00falyosan megzavarta a k\u00fclk\u00e9pviseletek norm\u00e1lis m\u0171k\u00f6d\u00e9s\u00e9t. Err\u0151l vajon mi\u00e9rt nem sz\u00e1moltak be a jap\u00e1n politikusok \u00e9s a jap\u00e1n m\u00e9dia? Mert kider\u00fclne, hogy val\u00f3j\u00e1ban Jap\u00e1n a \u201ezaklat\u00f3\u201d.<\/p>\n\n\n\n<figure class=\"wp-block-image\"><img decoding=\"async\" src=\"https:\/\/hirpest.hu\/wp-content\/uploads\/2023\/08\/083004.jpg\" alt=\"\" class=\"wp-image-18464\"\/><\/figure>\n\n\n\n<p>Az ut\u00f3bbi \u00e9vekben Jap\u00e1n egyr\u00e9szt ragaszkodott a nukle\u00e1ris szennyv\u00edz tengerbe enged\u00e9s\u00e9hez, m\u00e1sr\u00e9szt kiterjesztette katonai erej\u00e9t \u00e9s elm\u00e9ly\u00edtette kapcsolatait az Egyes\u00fclt \u00c1llamokkal, hogy megosztotts\u00e1got \u00e9s konfront\u00e1ci\u00f3t keltsen az \u00e1zsiai-csendes-\u00f3ce\u00e1ni t\u00e9rs\u00e9gben. Jap\u00e1n viselked\u00e9se csak m\u00e9g \u00f3vatosabb\u00e1 teszi a szomsz\u00e9dos orsz\u00e1gokat \u00e9s a nemzetk\u00f6zi k\u00f6z\u00f6ss\u00e9get. Toki\u00f3nak azonnal ki kellene jav\u00edtania hib\u00e1s tetteit, \u00e9s meg kellene \u00e1ll\u00edtania a nukle\u00e1ris szennyv\u00edz tengerbe bocs\u00e1t\u00e1s\u00e1t.<\/p>\n\n\n\n<p><strong><em>\u200b(Qin Liang \u2013 China Media Group)<\/em><\/strong><\/p>\n\n\n\n<p><strong>2023. augusztus 30.<\/strong><\/p>\n\n\n\n<p><strong><em>(x)<\/em><\/strong><\/p>\n","protected":false},"excerpt":{"rendered":"<p>A fukusimai nukle\u00e1ris szennyv\u00edz Csendes-\u00f3ce\u00e1nba enged\u00e9se miatt a nemzetk\u00f6zi k\u00f6z\u00f6ss\u00e9g napok \u00f3ta hevesen b\u00edr\u00e1lja a jap\u00e1n korm\u00e1nyt. A jap\u00e1n f\u00e9l hib\u00e1s tett\u00e9nek kijav\u00edt\u00e1sa helyett azonban ujjal mutogat K\u00edn\u00e1ra. Sz\u00e1mos jap\u00e1n m\u00e9dium azt hirdette, hogy \u201eK\u00edn\u00e1ban forr\u00f3sodik a jap\u00e1nellenes hangulat\u201d, \u00e9s a k\u00ednaiak \u201ezaklat\u00f3 l\u00e9p\u00e9seket\u201d tesznek Jap\u00e1n ellen. Kisida Fumio jap\u00e1n minisztereln\u00f6k \u00e9s tov\u00e1bbi politikusok k\u00f6vetelt\u00e9k [&hellip;]<\/p>\n","protected":false},"author":2,"featured_media":18766,"comment_status":"closed","ping_status":"closed","sticky":false,"template":"","format":"standard","meta":{"footnotes":""},"categories":[45],"tags":[2520,2948,2918,1318,2949,526,1622,2677,2950],"class_list":["post-18758","post","type-post","status-publish","format-standard","has-post-thumbnail","hentry","category-hirek","tag-cmg-kommentar","tag-elelmiszerbiztonsag","tag-fukushima","tag-japan","tag-japan-kormany","tag-konfrontacio","tag-nemzetkozi-kozosseg","tag-nuklearis-szennyviz","tag-ragalmazas"],"yoast_head":"<!-- This site is optimized with the Yoast SEO plugin v23.7 - https:\/\/yoast.com\/wordpress\/plugins\/seo\/ -->\n<title>CMG-komment\u00e1r: K\u00edn\u00e1t r\u00e1galmazva Jap\u00e1n nem tudja tiszt\u00e1ra mosni mag\u00e1t - kinaikaleidoszkop.hu<\/title>\n<meta name=\"robots\" content=\"index, follow, max-snippet:-1, max-image-preview:large, max-video-preview:-1\" \/>\n<link rel=\"canonical\" href=\"https:\/\/kinaikaleidoszkop.hu\/index.php\/2023\/08\/30\/cmg-kommentar-kinat-ragalmazva-japan-nem-tudja-tisztara-mosni-magat\/\" \/>\n<meta property=\"og:locale\" content=\"hu_HU\" \/>\n<meta property=\"og:type\" content=\"article\" \/>\n<meta property=\"og:title\" content=\"CMG-komment\u00e1r: K\u00edn\u00e1t r\u00e1galmazva Jap\u00e1n nem tudja tiszt\u00e1ra mosni mag\u00e1t - kinaikaleidoszkop.hu\" \/>\n<meta property=\"og:description\" content=\"A fukusimai nukle\u00e1ris szennyv\u00edz Csendes-\u00f3ce\u00e1nba enged\u00e9se miatt a nemzetk\u00f6zi k\u00f6z\u00f6ss\u00e9g napok \u00f3ta hevesen b\u00edr\u00e1lja a jap\u00e1n korm\u00e1nyt. A jap\u00e1n f\u00e9l hib\u00e1s tett\u00e9nek kijav\u00edt\u00e1sa helyett azonban ujjal mutogat K\u00edn\u00e1ra. Sz\u00e1mos jap\u00e1n m\u00e9dium azt hirdette, hogy \u201eK\u00edn\u00e1ban forr\u00f3sodik a jap\u00e1nellenes hangulat\u201d, \u00e9s a k\u00ednaiak \u201ezaklat\u00f3 l\u00e9p\u00e9seket\u201d tesznek Jap\u00e1n ellen. Kisida Fumio jap\u00e1n minisztereln\u00f6k \u00e9s tov\u00e1bbi politikusok k\u00f6vetelt\u00e9k [&hellip;]\" \/>\n<meta property=\"og:url\" content=\"https:\/\/kinaikaleidoszkop.hu\/index.php\/2023\/08\/30\/cmg-kommentar-kinat-ragalmazva-japan-nem-tudja-tisztara-mosni-magat\/\" \/>\n<meta property=\"og:site_name\" content=\"kinaikaleidoszkop.hu\" \/>\n<meta property=\"article:published_time\" content=\"2023-08-30T12:45:00+00:00\" \/>\n<meta property=\"article:modified_time\" content=\"2023-08-30T12:45:09+00:00\" \/>\n<meta property=\"og:image\" content=\"https:\/\/kinaikaleidoszkop.hu\/wp-content\/uploads\/2023\/08\/083004.jpg\" \/>\n\t<meta property=\"og:image:width\" content=\"1046\" \/>\n\t<meta property=\"og:image:height\" content=\"543\" \/>\n\t<meta property=\"og:image:type\" content=\"image\/jpeg\" \/>\n<meta name=\"author\" content=\"admin-szabolcs\" \/>\n<meta name=\"twitter:card\" content=\"summary_large_image\" \/>\n<meta name=\"twitter:label1\" content=\"Szerz\u0151:\" \/>\n\t<meta name=\"twitter:data1\" content=\"admin-szabolcs\" \/>\n\t<meta name=\"twitter:label2\" content=\"Becs\u00fclt olvas\u00e1si id\u0151\" \/>\n\t<meta name=\"twitter:data2\" content=\"3 perc\" \/>\n<script type=\"application\/ld+json\" class=\"yoast-schema-graph\">{\"@context\":\"https:\/\/schema.org\",\"@graph\":[{\"@type\":\"WebPage\",\"@id\":\"https:\/\/kinaikaleidoszkop.hu\/index.php\/2023\/08\/30\/cmg-kommentar-kinat-ragalmazva-japan-nem-tudja-tisztara-mosni-magat\/\",\"url\":\"https:\/\/kinaikaleidoszkop.hu\/index.php\/2023\/08\/30\/cmg-kommentar-kinat-ragalmazva-japan-nem-tudja-tisztara-mosni-magat\/\",\"name\":\"CMG-komment\u00e1r: K\u00edn\u00e1t r\u00e1galmazva Jap\u00e1n nem tudja tiszt\u00e1ra mosni mag\u00e1t - kinaikaleidoszkop.hu\",\"isPartOf\":{\"@id\":\"https:\/\/kinaikaleidoszkop.hu\/#website\"},\"primaryImageOfPage\":{\"@id\":\"https:\/\/kinaikaleidoszkop.hu\/index.php\/2023\/08\/30\/cmg-kommentar-kinat-ragalmazva-japan-nem-tudja-tisztara-mosni-magat\/#primaryimage\"},\"image\":{\"@id\":\"https:\/\/kinaikaleidoszkop.hu\/index.php\/2023\/08\/30\/cmg-kommentar-kinat-ragalmazva-japan-nem-tudja-tisztara-mosni-magat\/#primaryimage\"},\"thumbnailUrl\":\"https:\/\/kinaikaleidoszkop.hu\/wp-content\/uploads\/2023\/08\/083004.jpg\",\"datePublished\":\"2023-08-30T12:45:00+00:00\",\"dateModified\":\"2023-08-30T12:45:09+00:00\",\"author\":{\"@id\":\"https:\/\/kinaikaleidoszkop.hu\/#\/schema\/person\/b9e2febe742edd540c1197716ec02bf7\"},\"breadcrumb\":{\"@id\":\"https:\/\/kinaikaleidoszkop.hu\/index.php\/2023\/08\/30\/cmg-kommentar-kinat-ragalmazva-japan-nem-tudja-tisztara-mosni-magat\/#breadcrumb\"},\"inLanguage\":\"hu\",\"potentialAction\":[{\"@type\":\"ReadAction\",\"target\":[\"https:\/\/kinaikaleidoszkop.hu\/index.php\/2023\/08\/30\/cmg-kommentar-kinat-ragalmazva-japan-nem-tudja-tisztara-mosni-magat\/\"]}]},{\"@type\":\"ImageObject\",\"inLanguage\":\"hu\",\"@id\":\"https:\/\/kinaikaleidoszkop.hu\/index.php\/2023\/08\/30\/cmg-kommentar-kinat-ragalmazva-japan-nem-tudja-tisztara-mosni-magat\/#primaryimage\",\"url\":\"https:\/\/kinaikaleidoszkop.hu\/wp-content\/uploads\/2023\/08\/083004.jpg\",\"contentUrl\":\"https:\/\/kinaikaleidoszkop.hu\/wp-content\/uploads\/2023\/08\/083004.jpg\",\"width\":1046,\"height\":543},{\"@type\":\"BreadcrumbList\",\"@id\":\"https:\/\/kinaikaleidoszkop.hu\/index.php\/2023\/08\/30\/cmg-kommentar-kinat-ragalmazva-japan-nem-tudja-tisztara-mosni-magat\/#breadcrumb\",\"itemListElement\":[{\"@type\":\"ListItem\",\"position\":1,\"name\":\"Kezd\u0151lap\",\"item\":\"https:\/\/kinaikaleidoszkop.hu\/\"},{\"@type\":\"ListItem\",\"position\":2,\"name\":\"CMG-komment\u00e1r: K\u00edn\u00e1t r\u00e1galmazva Jap\u00e1n nem tudja tiszt\u00e1ra mosni mag\u00e1t\"}]},{\"@type\":\"WebSite\",\"@id\":\"https:\/\/kinaikaleidoszkop.hu\/#website\",\"url\":\"https:\/\/kinaikaleidoszkop.hu\/\",\"name\":\"kinaikaleidoszkop.hu\",\"description\":\"\",\"potentialAction\":[{\"@type\":\"SearchAction\",\"target\":{\"@type\":\"EntryPoint\",\"urlTemplate\":\"https:\/\/kinaikaleidoszkop.hu\/?s={search_term_string}\"},\"query-input\":{\"@type\":\"PropertyValueSpecification\",\"valueRequired\":true,\"valueName\":\"search_term_string\"}}],\"inLanguage\":\"hu\"},{\"@type\":\"Person\",\"@id\":\"https:\/\/kinaikaleidoszkop.hu\/#\/schema\/person\/b9e2febe742edd540c1197716ec02bf7\",\"name\":\"admin-szabolcs\",\"image\":{\"@type\":\"ImageObject\",\"inLanguage\":\"hu\",\"@id\":\"https:\/\/kinaikaleidoszkop.hu\/#\/schema\/person\/image\/\",\"url\":\"https:\/\/secure.gravatar.com\/avatar\/154f262492794df2a6cb5d5349227b18ef8f85ab462fbb32625fc42406483d21?s=96&d=mm&r=g\",\"contentUrl\":\"https:\/\/secure.gravatar.com\/avatar\/154f262492794df2a6cb5d5349227b18ef8f85ab462fbb32625fc42406483d21?s=96&d=mm&r=g\",\"caption\":\"admin-szabolcs\"},\"url\":\"https:\/\/kinaikaleidoszkop.hu\/index.php\/author\/admin-szabolcs\/\"}]}<\/script>\n<!-- \/ Yoast SEO plugin. -->","yoast_head_json":{"title":"CMG-komment\u00e1r: K\u00edn\u00e1t r\u00e1galmazva Jap\u00e1n nem tudja tiszt\u00e1ra mosni mag\u00e1t - kinaikaleidoszkop.hu","robots":{"index":"index","follow":"follow","max-snippet":"max-snippet:-1","max-image-preview":"max-image-preview:large","max-video-preview":"max-video-preview:-1"},"canonical":"https:\/\/kinaikaleidoszkop.hu\/index.php\/2023\/08\/30\/cmg-kommentar-kinat-ragalmazva-japan-nem-tudja-tisztara-mosni-magat\/","og_locale":"hu_HU","og_type":"article","og_title":"CMG-komment\u00e1r: K\u00edn\u00e1t r\u00e1galmazva Jap\u00e1n nem tudja tiszt\u00e1ra mosni mag\u00e1t - kinaikaleidoszkop.hu","og_description":"A fukusimai nukle\u00e1ris szennyv\u00edz Csendes-\u00f3ce\u00e1nba enged\u00e9se miatt a nemzetk\u00f6zi k\u00f6z\u00f6ss\u00e9g napok \u00f3ta hevesen b\u00edr\u00e1lja a jap\u00e1n korm\u00e1nyt. A jap\u00e1n f\u00e9l hib\u00e1s tett\u00e9nek kijav\u00edt\u00e1sa helyett azonban ujjal mutogat K\u00edn\u00e1ra. Sz\u00e1mos jap\u00e1n m\u00e9dium azt hirdette, hogy \u201eK\u00edn\u00e1ban forr\u00f3sodik a jap\u00e1nellenes hangulat\u201d, \u00e9s a k\u00ednaiak \u201ezaklat\u00f3 l\u00e9p\u00e9seket\u201d tesznek Jap\u00e1n ellen. Kisida Fumio jap\u00e1n minisztereln\u00f6k \u00e9s tov\u00e1bbi politikusok k\u00f6vetelt\u00e9k [&hellip;]","og_url":"https:\/\/kinaikaleidoszkop.hu\/index.php\/2023\/08\/30\/cmg-kommentar-kinat-ragalmazva-japan-nem-tudja-tisztara-mosni-magat\/","og_site_name":"kinaikaleidoszkop.hu","article_published_time":"2023-08-30T12:45:00+00:00","article_modified_time":"2023-08-30T12:45:09+00:00","og_image":[{"width":1046,"height":543,"url":"https:\/\/kinaikaleidoszkop.hu\/wp-content\/uploads\/2023\/08\/083004.jpg","type":"image\/jpeg"}],"author":"admin-szabolcs","twitter_card":"summary_large_image","twitter_misc":{"Szerz\u0151:":"admin-szabolcs","Becs\u00fclt olvas\u00e1si id\u0151":"3 perc"},"schema":{"@context":"https:\/\/schema.org","@graph":[{"@type":"WebPage","@id":"https:\/\/kinaikaleidoszkop.hu\/index.php\/2023\/08\/30\/cmg-kommentar-kinat-ragalmazva-japan-nem-tudja-tisztara-mosni-magat\/","url":"https:\/\/kinaikaleidoszkop.hu\/index.php\/2023\/08\/30\/cmg-kommentar-kinat-ragalmazva-japan-nem-tudja-tisztara-mosni-magat\/","name":"CMG-komment\u00e1r: K\u00edn\u00e1t r\u00e1galmazva Jap\u00e1n nem tudja tiszt\u00e1ra mosni mag\u00e1t - kinaikaleidoszkop.hu","isPartOf":{"@id":"https:\/\/kinaikaleidoszkop.hu\/#website"},"primaryImageOfPage":{"@id":"https:\/\/kinaikaleidoszkop.hu\/index.php\/2023\/08\/30\/cmg-kommentar-kinat-ragalmazva-japan-nem-tudja-tisztara-mosni-magat\/#primaryimage"},"image":{"@id":"https:\/\/kinaikaleidoszkop.hu\/index.php\/2023\/08\/30\/cmg-kommentar-kinat-ragalmazva-japan-nem-tudja-tisztara-mosni-magat\/#primaryimage"},"thumbnailUrl":"https:\/\/kinaikaleidoszkop.hu\/wp-content\/uploads\/2023\/08\/083004.jpg","datePublished":"2023-08-30T12:45:00+00:00","dateModified":"2023-08-30T12:45:09+00:00","author":{"@id":"https:\/\/kinaikaleidoszkop.hu\/#\/schema\/person\/b9e2febe742edd540c1197716ec02bf7"},"breadcrumb":{"@id":"https:\/\/kinaikaleidoszkop.hu\/index.php\/2023\/08\/30\/cmg-kommentar-kinat-ragalmazva-japan-nem-tudja-tisztara-mosni-magat\/#breadcrumb"},"inLanguage":"hu","potentialAction":[{"@type":"ReadAction","target":["https:\/\/kinaikaleidoszkop.hu\/index.php\/2023\/08\/30\/cmg-kommentar-kinat-ragalmazva-japan-nem-tudja-tisztara-mosni-magat\/"]}]},{"@type":"ImageObject","inLanguage":"hu","@id":"https:\/\/kinaikaleidoszkop.hu\/index.php\/2023\/08\/30\/cmg-kommentar-kinat-ragalmazva-japan-nem-tudja-tisztara-mosni-magat\/#primaryimage","url":"https:\/\/kinaikaleidoszkop.hu\/wp-content\/uploads\/2023\/08\/083004.jpg","contentUrl":"https:\/\/kinaikaleidoszkop.hu\/wp-content\/uploads\/2023\/08\/083004.jpg","width":1046,"height":543},{"@type":"BreadcrumbList","@id":"https:\/\/kinaikaleidoszkop.hu\/index.php\/2023\/08\/30\/cmg-kommentar-kinat-ragalmazva-japan-nem-tudja-tisztara-mosni-magat\/#breadcrumb","itemListElement":[{"@type":"ListItem","position":1,"name":"Kezd\u0151lap","item":"https:\/\/kinaikaleidoszkop.hu\/"},{"@type":"ListItem","position":2,"name":"CMG-komment\u00e1r: K\u00edn\u00e1t r\u00e1galmazva Jap\u00e1n nem tudja tiszt\u00e1ra mosni mag\u00e1t"}]},{"@type":"WebSite","@id":"https:\/\/kinaikaleidoszkop.hu\/#website","url":"https:\/\/kinaikaleidoszkop.hu\/","name":"kinaikaleidoszkop.hu","description":"","potentialAction":[{"@type":"SearchAction","target":{"@type":"EntryPoint","urlTemplate":"https:\/\/kinaikaleidoszkop.hu\/?s={search_term_string}"},"query-input":{"@type":"PropertyValueSpecification","valueRequired":true,"valueName":"search_term_string"}}],"inLanguage":"hu"},{"@type":"Person","@id":"https:\/\/kinaikaleidoszkop.hu\/#\/schema\/person\/b9e2febe742edd540c1197716ec02bf7","name":"admin-szabolcs","image":{"@type":"ImageObject","inLanguage":"hu","@id":"https:\/\/kinaikaleidoszkop.hu\/#\/schema\/person\/image\/","url":"https:\/\/secure.gravatar.com\/avatar\/154f262492794df2a6cb5d5349227b18ef8f85ab462fbb32625fc42406483d21?s=96&d=mm&r=g","contentUrl":"https:\/\/secure.gravatar.com\/avatar\/154f262492794df2a6cb5d5349227b18ef8f85ab462fbb32625fc42406483d21?s=96&d=mm&r=g","caption":"admin-szabolcs"},"url":"https:\/\/kinaikaleidoszkop.hu\/index.php\/author\/admin-szabolcs\/"}]}},"views":236,"distributor_meta":false,"distributor_terms":false,"distributor_media":false,"distributor_original_site_name":"kinaikaleidoszkop.hu","distributor_original_site_url":"https:\/\/kinaikaleidoszkop.hu","push-errors":false,"_links":{"self":[{"href":"https:\/\/kinaikaleidoszkop.hu\/index.php\/wp-json\/wp\/v2\/posts\/18758","targetHints":{"allow":["GET"]}}],"collection":[{"href":"https:\/\/kinaikaleidoszkop.hu\/index.php\/wp-json\/wp\/v2\/posts"}],"about":[{"href":"https:\/\/kinaikaleidoszkop.hu\/index.php\/wp-json\/wp\/v2\/types\/post"}],"author":[{"embeddable":true,"href":"https:\/\/kinaikaleidoszkop.hu\/index.php\/wp-json\/wp\/v2\/users\/2"}],"replies":[{"embeddable":true,"href":"https:\/\/kinaikaleidoszkop.hu\/index.php\/wp-json\/wp\/v2\/comments?post=18758"}],"version-history":[{"count":1,"href":"https:\/\/kinaikaleidoszkop.hu\/index.php\/wp-json\/wp\/v2\/posts\/18758\/revisions"}],"predecessor-version":[{"id":18769,"href":"https:\/\/kinaikaleidoszkop.hu\/index.php\/wp-json\/wp\/v2\/posts\/18758\/revisions\/18769"}],"wp:featuredmedia":[{"embeddable":true,"href":"https:\/\/kinaikaleidoszkop.hu\/index.php\/wp-json\/wp\/v2\/media\/18766"}],"wp:attachment":[{"href":"https:\/\/kinaikaleidoszkop.hu\/index.php\/wp-json\/wp\/v2\/media?parent=18758"}],"wp:term":[{"taxonomy":"category","embeddable":true,"href":"https:\/\/kinaikaleidoszkop.hu\/index.php\/wp-json\/wp\/v2\/categories?post=18758"},{"taxonomy":"post_tag","embeddable":true,"href":"https:\/\/kinaikaleidoszkop.hu\/index.php\/wp-json\/wp\/v2\/tags?post=18758"}],"curies":[{"name":"wp","href":"https:\/\/api.w.org\/{rel}","templated":true}]}}