{"id":18838,"date":"2023-09-04T18:52:25","date_gmt":"2023-09-04T16:52:25","guid":{"rendered":"https:\/\/kinaikaleidoszkop.hu\/?p=18838"},"modified":"2023-09-04T18:52:26","modified_gmt":"2023-09-04T16:52:26","slug":"jovore-megjelennek-a-nemet-francia-es-brit-piacon-a-xpeng-kinai-elektromos-autok","status":"publish","type":"post","link":"https:\/\/kinaikaleidoszkop.hu\/index.php\/2023\/09\/04\/jovore-megjelennek-a-nemet-francia-es-brit-piacon-a-xpeng-kinai-elektromos-autok\/","title":{"rendered":"J\u00f6v\u0151re megjelennek a n\u00e9met, francia \u00e9s brit piacon a Xpeng k\u00ednai elektromos aut\u00f3k"},"content":{"rendered":"\n<p><strong>A Volkswagen konszern k\u00ednai egy\u00fcttm\u0171k\u00f6d\u0151 partnere, a Xpeng elektromos aut\u00f3gy\u00e1rt\u00f3 v\u00e1llalat 2024-ben vezeti be gy\u00e1rtm\u00e1nyait a n\u00e9met, a francia \u00e9s a brit piacra &#8211; jelentette be Brian Gu, az igazgat\u00f3tan\u00e1cs aleln\u00f6ke h\u00e9tf\u0151n a m\u00fcncheni IAA aut\u00f3ipari \u00e9s mobilit\u00e1si ki\u00e1ll\u00edt\u00e1son.&nbsp;<\/strong><\/p>\n\n\n\n<blockquote class=\"wp-block-quote is-layout-flow wp-block-quote-is-layout-flow\">\n<p>&#8220;Bel\u00e9p\u00e9s\u00fcnk a n\u00e9met piacra egy gondosan megtervezett strat\u00e9giai fontoss\u00e1g\u00fa l\u00e9p\u00e9s, amellyel a kontinent\u00e1lis Eur\u00f3p\u00e1ban el\u00e9rt sikereinket k\u00edv\u00e1njuk megalapozni&#8221; &#8211; fogalmazott, megjegyezve, hogy a tervezett \u00e9rt\u00e9kes\u00edt\u00e9si sz\u00e1mokr\u00f3l m\u00e9g korai lenne r\u00e9szletekbe bocs\u00e1tkozni.<br>&nbsp;&nbsp;&nbsp;&nbsp;<\/p>\n<\/blockquote>\n\n\n\n<p>Elmondta, hogy a n\u00e9met \u00e9s a francia piacokon a G9 \u00e9s a G6 SUV modellekkel, valamint a P7 nagy szed\u00e1nnal mutatkozik be a Xpeng, a G6 modellt pedig els\u0151 jobbkorm\u00e1nyos modelljek\u00e9nt vezeti be. A Xpeng Norv\u00e9gi\u00e1ban, Sv\u00e9dorsz\u00e1gban, D\u00e1ni\u00e1ban \u00e9s Hollandi\u00e1ban m\u00e1r k\u00e9pviselteti mag\u00e1t.&nbsp;<strong>Markus Schrick, a Xpeng n\u00e9metorsz\u00e1gi k\u00e9pvisel\u0151je elmondta, hogy az \u00e9rt\u00e9kes\u00edt\u00e9seket online platform mellett keresked\u0151i h\u00e1l\u00f3zatokon is ki\u00e9p\u00edten\u00e9k.&nbsp;<\/strong>Saj\u00e1t m\u00e1rk\u00e1s szalonokat azonban a Nio \u00e9s a Polestar mint\u00e1j\u00e1ra egyel\u0151re nem terveznek.&nbsp;<br>&nbsp;&nbsp;&nbsp;&nbsp;<\/p>\n\n\n\n<p>A Xpeng egy viszonylag kev\u00e9ss\u00e9 ismert k\u00ednai m\u00e1rka, tavaly 121 ezer aut\u00f3t adott el vil\u00e1gszerte. A k\u00ednai elektromos aut\u00f3piacot a BYD uralja. A Xpeng ismerts\u00e9ge azut\u00e1n ugrott meg, hogy a VW nemr\u00e9g bejelentette egy\u00fcttm\u0171k\u00f6d\u00e9s\u00e9t a c\u00e9ggel a k\u00ednai piacon a kedvez\u0151 \u00e1r\u00fa Jetta elektromos modelljeinek kifejleszt\u00e9s\u00e9ben.<br>&nbsp;&nbsp;&nbsp;&nbsp;<\/p>\n\n\n\n<p><strong>A Volkswagen konszern 650 milli\u00f3 eur\u00f3\u00e9rt \u00f6t sz\u00e1zal\u00e9kos r\u00e9szesed\u00e9st v\u00e1s\u00e1rolt a Xpengben azzal a c\u00e9llal, hogy k\u00e9t \u00e9ven bel\u00fcl k\u00e9t k\u00f6z\u00f6sen fejlesztett k\u00f6z\u00e9pkateg\u00f3ri\u00e1s elektromos modellel jelenjenek meg a k\u00ednai piacon.&nbsp;<\/strong>A wolfsburgiak viszonylag kissz\u00e1m\u00fa aut\u00f3val k\u00e9pviseltetik magukat a k\u00ednai elektromos aut\u00f3 piacon.&nbsp;<br>&nbsp;&nbsp;&nbsp;&nbsp;<\/p>\n\n\n\n<p>A Xpeng m\u00e9g mindig egy viszonylag kis besz\u00e1ll\u00edt\u00f3; tavaly a k\u00ednaiak alig 121 000 aut\u00f3t sz\u00e1ll\u00edtottak le vil\u00e1gszerte. A n\u00e9pk\u00f6zt\u00e1rsas\u00e1g meghat\u00e1roz\u00f3 szerepl\u0151je a BYD, az elektromos aut\u00f3k piacvezet\u0151je. A Volkswagen nemr\u00e9g \u00fagy d\u00f6nt\u00f6tt, hogy mintegy 700 milli\u00f3 doll\u00e1r\u00e9rt (650 milli\u00f3 eur\u00f3\u00e9rt) besz\u00e1ll a Xpengbe, \u00edgy a r\u00e9szv\u00e9nyek k\u00f6zel \u00f6t sz\u00e1zal\u00e9k\u00e1t szerezte meg. Ennek oka, hogy a VW a Xpenggel k\u00f6z\u00f6sen k\u00e9t k\u00f6z\u00e9pkateg\u00f3ri\u00e1s elektromos modellt akar kifejleszteni a k\u00e9t \u00e9ven bel\u00fcli k\u00ednai piaci bevezet\u00e9shez &#8211; a wolfsburgi v\u00e1llalat eddig csak korl\u00e1tozott sikereket \u00e9rt el elektromos aut\u00f3ival a vil\u00e1g legnagyobb aut\u00f3piac\u00e1n.&nbsp;&nbsp;&nbsp;&nbsp;<\/p>\n\n\n\n<p><strong>2023. szeptember 4.<\/strong><\/p>\n\n\n\n<p><strong><em>(MTI\/dpa)<\/em><\/strong><\/p>\n","protected":false},"excerpt":{"rendered":"<p>A Volkswagen konszern k\u00ednai egy\u00fcttm\u0171k\u00f6d\u0151 partnere, a Xpeng elektromos aut\u00f3gy\u00e1rt\u00f3 v\u00e1llalat 2024-ben vezeti be gy\u00e1rtm\u00e1nyait a n\u00e9met, a francia \u00e9s a brit piacra &#8211; jelentette be Brian Gu, az igazgat\u00f3tan\u00e1cs aleln\u00f6ke h\u00e9tf\u0151n a m\u00fcncheni IAA aut\u00f3ipari \u00e9s mobilit\u00e1si ki\u00e1ll\u00edt\u00e1son.&nbsp; &#8220;Bel\u00e9p\u00e9s\u00fcnk a n\u00e9met piacra egy gondosan megtervezett strat\u00e9giai fontoss\u00e1g\u00fa l\u00e9p\u00e9s, amellyel a kontinent\u00e1lis Eur\u00f3p\u00e1ban el\u00e9rt sikereinket [&hellip;]<\/p>\n","protected":false},"author":7,"featured_media":18840,"comment_status":"closed","ping_status":"closed","sticky":false,"template":"","format":"standard","meta":{"footnotes":""},"categories":[45,7],"tags":[1095,66,731,2985],"class_list":["post-18838","post","type-post","status-publish","format-standard","has-post-thumbnail","hentry","category-hirek","category-mind","tag-autoipar","tag-gazdasag","tag-terjeszkedes","tag-xpeng"],"yoast_head":"<!-- This site is optimized with the Yoast SEO plugin v23.7 - https:\/\/yoast.com\/wordpress\/plugins\/seo\/ -->\n<title>J\u00f6v\u0151re megjelennek a n\u00e9met, francia \u00e9s brit piacon a Xpeng k\u00ednai elektromos aut\u00f3k - kinaikaleidoszkop.hu<\/title>\n<meta name=\"robots\" content=\"index, follow, max-snippet:-1, max-image-preview:large, max-video-preview:-1\" \/>\n<link rel=\"canonical\" href=\"https:\/\/kinaikaleidoszkop.hu\/index.php\/2023\/09\/04\/jovore-megjelennek-a-nemet-francia-es-brit-piacon-a-xpeng-kinai-elektromos-autok\/\" \/>\n<meta property=\"og:locale\" content=\"hu_HU\" \/>\n<meta property=\"og:type\" content=\"article\" \/>\n<meta property=\"og:title\" content=\"J\u00f6v\u0151re megjelennek a n\u00e9met, francia \u00e9s brit piacon a Xpeng k\u00ednai elektromos aut\u00f3k - kinaikaleidoszkop.hu\" \/>\n<meta property=\"og:description\" content=\"A Volkswagen konszern k\u00ednai egy\u00fcttm\u0171k\u00f6d\u0151 partnere, a Xpeng elektromos aut\u00f3gy\u00e1rt\u00f3 v\u00e1llalat 2024-ben vezeti be gy\u00e1rtm\u00e1nyait a n\u00e9met, a francia \u00e9s a brit piacra &#8211; jelentette be Brian Gu, az igazgat\u00f3tan\u00e1cs aleln\u00f6ke h\u00e9tf\u0151n a m\u00fcncheni IAA aut\u00f3ipari \u00e9s mobilit\u00e1si ki\u00e1ll\u00edt\u00e1son.&nbsp; &#8220;Bel\u00e9p\u00e9s\u00fcnk a n\u00e9met piacra egy gondosan megtervezett strat\u00e9giai fontoss\u00e1g\u00fa l\u00e9p\u00e9s, amellyel a kontinent\u00e1lis Eur\u00f3p\u00e1ban el\u00e9rt sikereinket [&hellip;]\" \/>\n<meta property=\"og:url\" content=\"https:\/\/kinaikaleidoszkop.hu\/index.php\/2023\/09\/04\/jovore-megjelennek-a-nemet-francia-es-brit-piacon-a-xpeng-kinai-elektromos-autok\/\" \/>\n<meta property=\"og:site_name\" content=\"kinaikaleidoszkop.hu\" \/>\n<meta property=\"article:published_time\" content=\"2023-09-04T16:52:25+00:00\" \/>\n<meta property=\"article:modified_time\" content=\"2023-09-04T16:52:26+00:00\" \/>\n<meta name=\"author\" content=\"Szerk_Erik\" \/>\n<meta name=\"twitter:card\" content=\"summary_large_image\" \/>\n<meta name=\"twitter:label1\" content=\"Szerz\u0151:\" \/>\n\t<meta name=\"twitter:data1\" content=\"Szerk_Erik\" \/>\n\t<meta name=\"twitter:label2\" content=\"Becs\u00fclt olvas\u00e1si id\u0151\" \/>\n\t<meta name=\"twitter:data2\" content=\"3 perc\" \/>\n<script type=\"application\/ld+json\" class=\"yoast-schema-graph\">{\"@context\":\"https:\/\/schema.org\",\"@graph\":[{\"@type\":\"WebPage\",\"@id\":\"https:\/\/kinaikaleidoszkop.hu\/index.php\/2023\/09\/04\/jovore-megjelennek-a-nemet-francia-es-brit-piacon-a-xpeng-kinai-elektromos-autok\/\",\"url\":\"https:\/\/kinaikaleidoszkop.hu\/index.php\/2023\/09\/04\/jovore-megjelennek-a-nemet-francia-es-brit-piacon-a-xpeng-kinai-elektromos-autok\/\",\"name\":\"J\u00f6v\u0151re megjelennek a n\u00e9met, francia \u00e9s brit piacon a Xpeng k\u00ednai elektromos aut\u00f3k - kinaikaleidoszkop.hu\",\"isPartOf\":{\"@id\":\"https:\/\/kinaikaleidoszkop.hu\/#website\"},\"primaryImageOfPage\":{\"@id\":\"https:\/\/kinaikaleidoszkop.hu\/index.php\/2023\/09\/04\/jovore-megjelennek-a-nemet-francia-es-brit-piacon-a-xpeng-kinai-elektromos-autok\/#primaryimage\"},\"image\":{\"@id\":\"https:\/\/kinaikaleidoszkop.hu\/index.php\/2023\/09\/04\/jovore-megjelennek-a-nemet-francia-es-brit-piacon-a-xpeng-kinai-elektromos-autok\/#primaryimage\"},\"thumbnailUrl\":\"https:\/\/kinaikaleidoszkop.hu\/wp-content\/uploads\/2023\/09\/3-scaled-1.jpg\",\"datePublished\":\"2023-09-04T16:52:25+00:00\",\"dateModified\":\"2023-09-04T16:52:26+00:00\",\"author\":{\"@id\":\"https:\/\/kinaikaleidoszkop.hu\/#\/schema\/person\/4d69b71e7e70322713b9d9287b610556\"},\"breadcrumb\":{\"@id\":\"https:\/\/kinaikaleidoszkop.hu\/index.php\/2023\/09\/04\/jovore-megjelennek-a-nemet-francia-es-brit-piacon-a-xpeng-kinai-elektromos-autok\/#breadcrumb\"},\"inLanguage\":\"hu\",\"potentialAction\":[{\"@type\":\"ReadAction\",\"target\":[\"https:\/\/kinaikaleidoszkop.hu\/index.php\/2023\/09\/04\/jovore-megjelennek-a-nemet-francia-es-brit-piacon-a-xpeng-kinai-elektromos-autok\/\"]}]},{\"@type\":\"ImageObject\",\"inLanguage\":\"hu\",\"@id\":\"https:\/\/kinaikaleidoszkop.hu\/index.php\/2023\/09\/04\/jovore-megjelennek-a-nemet-francia-es-brit-piacon-a-xpeng-kinai-elektromos-autok\/#primaryimage\",\"url\":\"https:\/\/kinaikaleidoszkop.hu\/wp-content\/uploads\/2023\/09\/3-scaled-1.jpg\",\"contentUrl\":\"https:\/\/kinaikaleidoszkop.hu\/wp-content\/uploads\/2023\/09\/3-scaled-1.jpg\",\"width\":2560,\"height\":1706},{\"@type\":\"BreadcrumbList\",\"@id\":\"https:\/\/kinaikaleidoszkop.hu\/index.php\/2023\/09\/04\/jovore-megjelennek-a-nemet-francia-es-brit-piacon-a-xpeng-kinai-elektromos-autok\/#breadcrumb\",\"itemListElement\":[{\"@type\":\"ListItem\",\"position\":1,\"name\":\"Kezd\u0151lap\",\"item\":\"https:\/\/kinaikaleidoszkop.hu\/\"},{\"@type\":\"ListItem\",\"position\":2,\"name\":\"J\u00f6v\u0151re megjelennek a n\u00e9met, francia \u00e9s brit piacon a Xpeng k\u00ednai elektromos aut\u00f3k\"}]},{\"@type\":\"WebSite\",\"@id\":\"https:\/\/kinaikaleidoszkop.hu\/#website\",\"url\":\"https:\/\/kinaikaleidoszkop.hu\/\",\"name\":\"kinaikaleidoszkop.hu\",\"description\":\"\",\"potentialAction\":[{\"@type\":\"SearchAction\",\"target\":{\"@type\":\"EntryPoint\",\"urlTemplate\":\"https:\/\/kinaikaleidoszkop.hu\/?s={search_term_string}\"},\"query-input\":{\"@type\":\"PropertyValueSpecification\",\"valueRequired\":true,\"valueName\":\"search_term_string\"}}],\"inLanguage\":\"hu\"},{\"@type\":\"Person\",\"@id\":\"https:\/\/kinaikaleidoszkop.hu\/#\/schema\/person\/4d69b71e7e70322713b9d9287b610556\",\"name\":\"Szerk_Erik\",\"image\":{\"@type\":\"ImageObject\",\"inLanguage\":\"hu\",\"@id\":\"https:\/\/kinaikaleidoszkop.hu\/#\/schema\/person\/image\/\",\"url\":\"https:\/\/secure.gravatar.com\/avatar\/3c1e909a14c0c91d2eaef877aaacb584c667f8e7137de69653aa9561fd0e8062?s=96&d=mm&r=g\",\"contentUrl\":\"https:\/\/secure.gravatar.com\/avatar\/3c1e909a14c0c91d2eaef877aaacb584c667f8e7137de69653aa9561fd0e8062?s=96&d=mm&r=g\",\"caption\":\"Szerk_Erik\"},\"url\":\"https:\/\/kinaikaleidoszkop.hu\/index.php\/author\/szerk_erik\/\"}]}<\/script>\n<!-- \/ Yoast SEO plugin. -->","yoast_head_json":{"title":"J\u00f6v\u0151re megjelennek a n\u00e9met, francia \u00e9s brit piacon a Xpeng k\u00ednai elektromos aut\u00f3k - kinaikaleidoszkop.hu","robots":{"index":"index","follow":"follow","max-snippet":"max-snippet:-1","max-image-preview":"max-image-preview:large","max-video-preview":"max-video-preview:-1"},"canonical":"https:\/\/kinaikaleidoszkop.hu\/index.php\/2023\/09\/04\/jovore-megjelennek-a-nemet-francia-es-brit-piacon-a-xpeng-kinai-elektromos-autok\/","og_locale":"hu_HU","og_type":"article","og_title":"J\u00f6v\u0151re megjelennek a n\u00e9met, francia \u00e9s brit piacon a Xpeng k\u00ednai elektromos aut\u00f3k - kinaikaleidoszkop.hu","og_description":"A Volkswagen konszern k\u00ednai egy\u00fcttm\u0171k\u00f6d\u0151 partnere, a Xpeng elektromos aut\u00f3gy\u00e1rt\u00f3 v\u00e1llalat 2024-ben vezeti be gy\u00e1rtm\u00e1nyait a n\u00e9met, a francia \u00e9s a brit piacra &#8211; jelentette be Brian Gu, az igazgat\u00f3tan\u00e1cs aleln\u00f6ke h\u00e9tf\u0151n a m\u00fcncheni IAA aut\u00f3ipari \u00e9s mobilit\u00e1si ki\u00e1ll\u00edt\u00e1son.&nbsp; &#8220;Bel\u00e9p\u00e9s\u00fcnk a n\u00e9met piacra egy gondosan megtervezett strat\u00e9giai fontoss\u00e1g\u00fa l\u00e9p\u00e9s, amellyel a kontinent\u00e1lis Eur\u00f3p\u00e1ban el\u00e9rt sikereinket [&hellip;]","og_url":"https:\/\/kinaikaleidoszkop.hu\/index.php\/2023\/09\/04\/jovore-megjelennek-a-nemet-francia-es-brit-piacon-a-xpeng-kinai-elektromos-autok\/","og_site_name":"kinaikaleidoszkop.hu","article_published_time":"2023-09-04T16:52:25+00:00","article_modified_time":"2023-09-04T16:52:26+00:00","author":"Szerk_Erik","twitter_card":"summary_large_image","twitter_misc":{"Szerz\u0151:":"Szerk_Erik","Becs\u00fclt olvas\u00e1si id\u0151":"3 perc"},"schema":{"@context":"https:\/\/schema.org","@graph":[{"@type":"WebPage","@id":"https:\/\/kinaikaleidoszkop.hu\/index.php\/2023\/09\/04\/jovore-megjelennek-a-nemet-francia-es-brit-piacon-a-xpeng-kinai-elektromos-autok\/","url":"https:\/\/kinaikaleidoszkop.hu\/index.php\/2023\/09\/04\/jovore-megjelennek-a-nemet-francia-es-brit-piacon-a-xpeng-kinai-elektromos-autok\/","name":"J\u00f6v\u0151re megjelennek a n\u00e9met, francia \u00e9s brit piacon a Xpeng k\u00ednai elektromos aut\u00f3k - kinaikaleidoszkop.hu","isPartOf":{"@id":"https:\/\/kinaikaleidoszkop.hu\/#website"},"primaryImageOfPage":{"@id":"https:\/\/kinaikaleidoszkop.hu\/index.php\/2023\/09\/04\/jovore-megjelennek-a-nemet-francia-es-brit-piacon-a-xpeng-kinai-elektromos-autok\/#primaryimage"},"image":{"@id":"https:\/\/kinaikaleidoszkop.hu\/index.php\/2023\/09\/04\/jovore-megjelennek-a-nemet-francia-es-brit-piacon-a-xpeng-kinai-elektromos-autok\/#primaryimage"},"thumbnailUrl":"https:\/\/kinaikaleidoszkop.hu\/wp-content\/uploads\/2023\/09\/3-scaled-1.jpg","datePublished":"2023-09-04T16:52:25+00:00","dateModified":"2023-09-04T16:52:26+00:00","author":{"@id":"https:\/\/kinaikaleidoszkop.hu\/#\/schema\/person\/4d69b71e7e70322713b9d9287b610556"},"breadcrumb":{"@id":"https:\/\/kinaikaleidoszkop.hu\/index.php\/2023\/09\/04\/jovore-megjelennek-a-nemet-francia-es-brit-piacon-a-xpeng-kinai-elektromos-autok\/#breadcrumb"},"inLanguage":"hu","potentialAction":[{"@type":"ReadAction","target":["https:\/\/kinaikaleidoszkop.hu\/index.php\/2023\/09\/04\/jovore-megjelennek-a-nemet-francia-es-brit-piacon-a-xpeng-kinai-elektromos-autok\/"]}]},{"@type":"ImageObject","inLanguage":"hu","@id":"https:\/\/kinaikaleidoszkop.hu\/index.php\/2023\/09\/04\/jovore-megjelennek-a-nemet-francia-es-brit-piacon-a-xpeng-kinai-elektromos-autok\/#primaryimage","url":"https:\/\/kinaikaleidoszkop.hu\/wp-content\/uploads\/2023\/09\/3-scaled-1.jpg","contentUrl":"https:\/\/kinaikaleidoszkop.hu\/wp-content\/uploads\/2023\/09\/3-scaled-1.jpg","width":2560,"height":1706},{"@type":"BreadcrumbList","@id":"https:\/\/kinaikaleidoszkop.hu\/index.php\/2023\/09\/04\/jovore-megjelennek-a-nemet-francia-es-brit-piacon-a-xpeng-kinai-elektromos-autok\/#breadcrumb","itemListElement":[{"@type":"ListItem","position":1,"name":"Kezd\u0151lap","item":"https:\/\/kinaikaleidoszkop.hu\/"},{"@type":"ListItem","position":2,"name":"J\u00f6v\u0151re megjelennek a n\u00e9met, francia \u00e9s brit piacon a Xpeng k\u00ednai elektromos aut\u00f3k"}]},{"@type":"WebSite","@id":"https:\/\/kinaikaleidoszkop.hu\/#website","url":"https:\/\/kinaikaleidoszkop.hu\/","name":"kinaikaleidoszkop.hu","description":"","potentialAction":[{"@type":"SearchAction","target":{"@type":"EntryPoint","urlTemplate":"https:\/\/kinaikaleidoszkop.hu\/?s={search_term_string}"},"query-input":{"@type":"PropertyValueSpecification","valueRequired":true,"valueName":"search_term_string"}}],"inLanguage":"hu"},{"@type":"Person","@id":"https:\/\/kinaikaleidoszkop.hu\/#\/schema\/person\/4d69b71e7e70322713b9d9287b610556","name":"Szerk_Erik","image":{"@type":"ImageObject","inLanguage":"hu","@id":"https:\/\/kinaikaleidoszkop.hu\/#\/schema\/person\/image\/","url":"https:\/\/secure.gravatar.com\/avatar\/3c1e909a14c0c91d2eaef877aaacb584c667f8e7137de69653aa9561fd0e8062?s=96&d=mm&r=g","contentUrl":"https:\/\/secure.gravatar.com\/avatar\/3c1e909a14c0c91d2eaef877aaacb584c667f8e7137de69653aa9561fd0e8062?s=96&d=mm&r=g","caption":"Szerk_Erik"},"url":"https:\/\/kinaikaleidoszkop.hu\/index.php\/author\/szerk_erik\/"}]}},"views":282,"distributor_meta":false,"distributor_terms":false,"distributor_media":false,"distributor_original_site_name":"kinaikaleidoszkop.hu","distributor_original_site_url":"https:\/\/kinaikaleidoszkop.hu","push-errors":false,"_links":{"self":[{"href":"https:\/\/kinaikaleidoszkop.hu\/index.php\/wp-json\/wp\/v2\/posts\/18838","targetHints":{"allow":["GET"]}}],"collection":[{"href":"https:\/\/kinaikaleidoszkop.hu\/index.php\/wp-json\/wp\/v2\/posts"}],"about":[{"href":"https:\/\/kinaikaleidoszkop.hu\/index.php\/wp-json\/wp\/v2\/types\/post"}],"author":[{"embeddable":true,"href":"https:\/\/kinaikaleidoszkop.hu\/index.php\/wp-json\/wp\/v2\/users\/7"}],"replies":[{"embeddable":true,"href":"https:\/\/kinaikaleidoszkop.hu\/index.php\/wp-json\/wp\/v2\/comments?post=18838"}],"version-history":[{"count":1,"href":"https:\/\/kinaikaleidoszkop.hu\/index.php\/wp-json\/wp\/v2\/posts\/18838\/revisions"}],"predecessor-version":[{"id":18841,"href":"https:\/\/kinaikaleidoszkop.hu\/index.php\/wp-json\/wp\/v2\/posts\/18838\/revisions\/18841"}],"wp:featuredmedia":[{"embeddable":true,"href":"https:\/\/kinaikaleidoszkop.hu\/index.php\/wp-json\/wp\/v2\/media\/18840"}],"wp:attachment":[{"href":"https:\/\/kinaikaleidoszkop.hu\/index.php\/wp-json\/wp\/v2\/media?parent=18838"}],"wp:term":[{"taxonomy":"category","embeddable":true,"href":"https:\/\/kinaikaleidoszkop.hu\/index.php\/wp-json\/wp\/v2\/categories?post=18838"},{"taxonomy":"post_tag","embeddable":true,"href":"https:\/\/kinaikaleidoszkop.hu\/index.php\/wp-json\/wp\/v2\/tags?post=18838"}],"curies":[{"name":"wp","href":"https:\/\/api.w.org\/{rel}","templated":true}]}}