{"id":18864,"date":"2023-09-07T10:36:14","date_gmt":"2023-09-07T08:36:14","guid":{"rendered":"https:\/\/kinaikaleidoszkop.hu\/?p=18864"},"modified":"2023-09-07T10:36:18","modified_gmt":"2023-09-07T08:36:18","slug":"cmg-kommentar-az-amerikai-kereskedelmi-miniszter-ismet-spekulalja-a-chipek-temajat","status":"publish","type":"post","link":"https:\/\/kinaikaleidoszkop.hu\/index.php\/2023\/09\/07\/cmg-kommentar-az-amerikai-kereskedelmi-miniszter-ismet-spekulalja-a-chipek-temajat\/","title":{"rendered":"CMG-komment\u00e1r: Az amerikai kereskedelmi miniszter ism\u00e9t spekul\u00e1lja a chipek t\u00e9m\u00e1j\u00e1t"},"content":{"rendered":"\n<p><strong>\u201eNem k\u00f6t\u00fcnk kompromisszumot, \u00e9s soha nem adjuk el K\u00edn\u00e1nak a legjobb \u00e9s leger\u0151sebb f\u00e9lvezet\u0151ket\u201d \u2013 jelentette ki egy interj\u00faban Gina Raimondo, amerikai kereskedelmi miniszter, aki n\u00e9h\u00e1ny nappal kor\u00e1bban m\u00e9g K\u00edn\u00e1ban besz\u00e9lt az egy\u00fcttm\u0171k\u00f6d\u00e9sr\u0151l \u00e9s az \u201eel nem szakad\u00e1sr\u00f3l\u201d.<\/strong><\/p>\n\n\n\n<p>Amerikai sajt\u00f3 azonban nem az \u00e1ltala elmondottakra ford\u00edtotta a legnagyobb figyelmet, hanem Raimondo k\u00ednai l\u00e1togat\u00e1sa idej\u00e9n bemutatott \u00faj Huawei mobiltelefonra. A jelent\u00e9sek szerint \u201ea szankci\u00f3k nem akad\u00e1lyozt\u00e1k meg K\u00edn\u00e1t az el\u0151re lep\u00e9sben a kulcsfontoss\u00e1g\u00fa technol\u00f3gi\u00e1k ter\u00e9n\u201d, \u201ea szankci\u00f3k \u00f6szt\u00f6n\u00f6zt\u00e9k K\u00edn\u00e1t az alternat\u00edv megold\u00e1sok megteremt\u00e9s\u00e9re az amerikai technol\u00f3gi\u00e1val szemben\u201d.<\/p>\n\n\n\n<figure class=\"wp-block-image size-large\"><img loading=\"lazy\" decoding=\"async\" width=\"968\" height=\"1024\" src=\"https:\/\/kinaikaleidoszkop.hu\/wp-content\/uploads\/2023\/09\/090606-968x1024.jpg\" alt=\"\" class=\"wp-image-18866\" srcset=\"https:\/\/kinaikaleidoszkop.hu\/wp-content\/uploads\/2023\/09\/090606-968x1024.jpg 968w, https:\/\/kinaikaleidoszkop.hu\/wp-content\/uploads\/2023\/09\/090606-284x300.jpg 284w, https:\/\/kinaikaleidoszkop.hu\/wp-content\/uploads\/2023\/09\/090606-768x812.jpg 768w, https:\/\/kinaikaleidoszkop.hu\/wp-content\/uploads\/2023\/09\/090606-990x1047.jpg 990w, https:\/\/kinaikaleidoszkop.hu\/wp-content\/uploads\/2023\/09\/090606.jpg 1179w\" sizes=\"auto, (max-width: 968px) 100vw, 968px\" \/><\/figure>\n\n\n\n<p>A Boston Consulting Group strat\u00e9giai tan\u00e1csad\u00f3 c\u00e9g el\u0151rejelz\u00e9se szerint, ha az Egyes\u00fclt \u00c1llamok teljesen elszakadna K\u00edn\u00e1t\u00f3l, a f\u00e9lvezet\u0151ipara a glob\u00e1lis piaci r\u00e9szesed\u00e9s\u00e9nek 18%-\u00e1t \u00e9s bev\u00e9tel\u00e9nek 37%-\u00e1t vesz\u00edten\u00e9, illetve 15-40 ezer magas k\u00e9pzetts\u00e9get ig\u00e9nyl\u0151 munkahelyt is. Ez arra az igazs\u00e1gra ir\u00e1ny\u00edtja r\u00e1 a figyelmet, hogy ha valakik megpr\u00f3b\u00e1lj\u00e1k elz\u00e1rni m\u00e1sok \u00fatj\u00e1t, azzal v\u00e9geredm\u00e9nyben csak maguknak okoznak k\u00e1rt. Az elm\u00falt n\u00e9h\u00e1ny \u00e9vben az Egyes\u00fclt \u00c1llamok intenz\u00edv v\u00e1mh\u00e1bor\u00fakat, technol\u00f3giai h\u00e1bor\u00fakat, chiph\u00e1bor\u00fakat \u00e9s \u201eszab\u00e1lyh\u00e1bor\u00fakat\u201d ind\u00edtott K\u00edna ellen, s mindezeket a lehet\u0151 legkiterjedtebb m\u00e9rt\u00e9kben tette. Ezek azonban nem okoztak j\u00f3v\u00e1tehetetlen k\u00e1rt K\u00edna sz\u00e1m\u00e1ra. Az Ausztr\u00e1l Strat\u00e9giai Politikai Int\u00e9zet id\u00e9n kiadott besz\u00e1mol\u00f3ja szerint K\u00edna a 44 legkritikusabb, egyben felt\u00f6rekv\u0151 technol\u00f3gia k\u00f6z\u00fcl 37-ben vezet a vil\u00e1gon.<\/p>\n\n\n\n<p><strong><em>2023. 09. 07.<\/em><\/strong><\/p>\n\n\n\n<p><strong>(Qin Liang- China Media Group)<\/strong><\/p>\n\n\n\n<p><strong><em>(x)<\/em><\/strong><\/p>\n","protected":false},"excerpt":{"rendered":"<p>\u201eNem k\u00f6t\u00fcnk kompromisszumot, \u00e9s soha nem adjuk el K\u00edn\u00e1nak a legjobb \u00e9s leger\u0151sebb f\u00e9lvezet\u0151ket\u201d \u2013 jelentette ki egy interj\u00faban Gina Raimondo, amerikai kereskedelmi miniszter, aki n\u00e9h\u00e1ny nappal kor\u00e1bban m\u00e9g K\u00edn\u00e1ban besz\u00e9lt az egy\u00fcttm\u0171k\u00f6d\u00e9sr\u0151l \u00e9s az \u201eel nem szakad\u00e1sr\u00f3l\u201d. Amerikai sajt\u00f3 azonban nem az \u00e1ltala elmondottakra ford\u00edtotta a legnagyobb figyelmet, hanem Raimondo k\u00ednai l\u00e1togat\u00e1sa idej\u00e9n bemutatott [&hellip;]<\/p>\n","protected":false},"author":6,"featured_media":18866,"comment_status":"closed","ping_status":"closed","sticky":false,"template":"","format":"standard","meta":{"footnotes":""},"categories":[45],"tags":[512,363,131,66],"class_list":["post-18864","post","type-post","status-publish","format-standard","has-post-thumbnail","hentry","category-hirek","tag-china-media-group","tag-cmg","tag-egyesult-allamok","tag-gazdasag"],"yoast_head":"<!-- This site is optimized with the Yoast SEO plugin v23.7 - https:\/\/yoast.com\/wordpress\/plugins\/seo\/ -->\n<title>CMG-komment\u00e1r: Az amerikai kereskedelmi miniszter ism\u00e9t spekul\u00e1lja a chipek t\u00e9m\u00e1j\u00e1t - kinaikaleidoszkop.hu<\/title>\n<meta name=\"robots\" content=\"index, follow, max-snippet:-1, max-image-preview:large, max-video-preview:-1\" \/>\n<link rel=\"canonical\" href=\"https:\/\/kinaikaleidoszkop.hu\/index.php\/2023\/09\/07\/cmg-kommentar-az-amerikai-kereskedelmi-miniszter-ismet-spekulalja-a-chipek-temajat\/\" \/>\n<meta property=\"og:locale\" content=\"hu_HU\" \/>\n<meta property=\"og:type\" content=\"article\" \/>\n<meta property=\"og:title\" content=\"CMG-komment\u00e1r: Az amerikai kereskedelmi miniszter ism\u00e9t spekul\u00e1lja a chipek t\u00e9m\u00e1j\u00e1t - kinaikaleidoszkop.hu\" \/>\n<meta property=\"og:description\" content=\"\u201eNem k\u00f6t\u00fcnk kompromisszumot, \u00e9s soha nem adjuk el K\u00edn\u00e1nak a legjobb \u00e9s leger\u0151sebb f\u00e9lvezet\u0151ket\u201d \u2013 jelentette ki egy interj\u00faban Gina Raimondo, amerikai kereskedelmi miniszter, aki n\u00e9h\u00e1ny nappal kor\u00e1bban m\u00e9g K\u00edn\u00e1ban besz\u00e9lt az egy\u00fcttm\u0171k\u00f6d\u00e9sr\u0151l \u00e9s az \u201eel nem szakad\u00e1sr\u00f3l\u201d. Amerikai sajt\u00f3 azonban nem az \u00e1ltala elmondottakra ford\u00edtotta a legnagyobb figyelmet, hanem Raimondo k\u00ednai l\u00e1togat\u00e1sa idej\u00e9n bemutatott [&hellip;]\" \/>\n<meta property=\"og:url\" content=\"https:\/\/kinaikaleidoszkop.hu\/index.php\/2023\/09\/07\/cmg-kommentar-az-amerikai-kereskedelmi-miniszter-ismet-spekulalja-a-chipek-temajat\/\" \/>\n<meta property=\"og:site_name\" content=\"kinaikaleidoszkop.hu\" \/>\n<meta property=\"article:published_time\" content=\"2023-09-07T08:36:14+00:00\" \/>\n<meta property=\"article:modified_time\" content=\"2023-09-07T08:36:18+00:00\" \/>\n<meta property=\"og:image\" content=\"https:\/\/kinaikaleidoszkop.hu\/wp-content\/uploads\/2023\/09\/090606.jpg\" \/>\n\t<meta property=\"og:image:width\" content=\"1179\" \/>\n\t<meta property=\"og:image:height\" content=\"1247\" \/>\n\t<meta property=\"og:image:type\" content=\"image\/jpeg\" \/>\n<meta name=\"author\" content=\"admin-sebi\" \/>\n<meta name=\"twitter:card\" content=\"summary_large_image\" \/>\n<meta name=\"twitter:label1\" content=\"Szerz\u0151:\" \/>\n\t<meta name=\"twitter:data1\" content=\"admin-sebi\" \/>\n\t<meta name=\"twitter:label2\" content=\"Becs\u00fclt olvas\u00e1si id\u0151\" \/>\n\t<meta name=\"twitter:data2\" content=\"2 perc\" \/>\n<script type=\"application\/ld+json\" class=\"yoast-schema-graph\">{\"@context\":\"https:\/\/schema.org\",\"@graph\":[{\"@type\":\"WebPage\",\"@id\":\"https:\/\/kinaikaleidoszkop.hu\/index.php\/2023\/09\/07\/cmg-kommentar-az-amerikai-kereskedelmi-miniszter-ismet-spekulalja-a-chipek-temajat\/\",\"url\":\"https:\/\/kinaikaleidoszkop.hu\/index.php\/2023\/09\/07\/cmg-kommentar-az-amerikai-kereskedelmi-miniszter-ismet-spekulalja-a-chipek-temajat\/\",\"name\":\"CMG-komment\u00e1r: Az amerikai kereskedelmi miniszter ism\u00e9t spekul\u00e1lja a chipek t\u00e9m\u00e1j\u00e1t - kinaikaleidoszkop.hu\",\"isPartOf\":{\"@id\":\"https:\/\/kinaikaleidoszkop.hu\/#website\"},\"primaryImageOfPage\":{\"@id\":\"https:\/\/kinaikaleidoszkop.hu\/index.php\/2023\/09\/07\/cmg-kommentar-az-amerikai-kereskedelmi-miniszter-ismet-spekulalja-a-chipek-temajat\/#primaryimage\"},\"image\":{\"@id\":\"https:\/\/kinaikaleidoszkop.hu\/index.php\/2023\/09\/07\/cmg-kommentar-az-amerikai-kereskedelmi-miniszter-ismet-spekulalja-a-chipek-temajat\/#primaryimage\"},\"thumbnailUrl\":\"https:\/\/kinaikaleidoszkop.hu\/wp-content\/uploads\/2023\/09\/090606.jpg\",\"datePublished\":\"2023-09-07T08:36:14+00:00\",\"dateModified\":\"2023-09-07T08:36:18+00:00\",\"author\":{\"@id\":\"https:\/\/kinaikaleidoszkop.hu\/#\/schema\/person\/fd215d3a8bab54daeb796ae166f99ea5\"},\"breadcrumb\":{\"@id\":\"https:\/\/kinaikaleidoszkop.hu\/index.php\/2023\/09\/07\/cmg-kommentar-az-amerikai-kereskedelmi-miniszter-ismet-spekulalja-a-chipek-temajat\/#breadcrumb\"},\"inLanguage\":\"hu\",\"potentialAction\":[{\"@type\":\"ReadAction\",\"target\":[\"https:\/\/kinaikaleidoszkop.hu\/index.php\/2023\/09\/07\/cmg-kommentar-az-amerikai-kereskedelmi-miniszter-ismet-spekulalja-a-chipek-temajat\/\"]}]},{\"@type\":\"ImageObject\",\"inLanguage\":\"hu\",\"@id\":\"https:\/\/kinaikaleidoszkop.hu\/index.php\/2023\/09\/07\/cmg-kommentar-az-amerikai-kereskedelmi-miniszter-ismet-spekulalja-a-chipek-temajat\/#primaryimage\",\"url\":\"https:\/\/kinaikaleidoszkop.hu\/wp-content\/uploads\/2023\/09\/090606.jpg\",\"contentUrl\":\"https:\/\/kinaikaleidoszkop.hu\/wp-content\/uploads\/2023\/09\/090606.jpg\",\"width\":1179,\"height\":1247},{\"@type\":\"BreadcrumbList\",\"@id\":\"https:\/\/kinaikaleidoszkop.hu\/index.php\/2023\/09\/07\/cmg-kommentar-az-amerikai-kereskedelmi-miniszter-ismet-spekulalja-a-chipek-temajat\/#breadcrumb\",\"itemListElement\":[{\"@type\":\"ListItem\",\"position\":1,\"name\":\"Kezd\u0151lap\",\"item\":\"https:\/\/kinaikaleidoszkop.hu\/\"},{\"@type\":\"ListItem\",\"position\":2,\"name\":\"CMG-komment\u00e1r: Az amerikai kereskedelmi miniszter ism\u00e9t spekul\u00e1lja a chipek t\u00e9m\u00e1j\u00e1t\"}]},{\"@type\":\"WebSite\",\"@id\":\"https:\/\/kinaikaleidoszkop.hu\/#website\",\"url\":\"https:\/\/kinaikaleidoszkop.hu\/\",\"name\":\"kinaikaleidoszkop.hu\",\"description\":\"\",\"potentialAction\":[{\"@type\":\"SearchAction\",\"target\":{\"@type\":\"EntryPoint\",\"urlTemplate\":\"https:\/\/kinaikaleidoszkop.hu\/?s={search_term_string}\"},\"query-input\":{\"@type\":\"PropertyValueSpecification\",\"valueRequired\":true,\"valueName\":\"search_term_string\"}}],\"inLanguage\":\"hu\"},{\"@type\":\"Person\",\"@id\":\"https:\/\/kinaikaleidoszkop.hu\/#\/schema\/person\/fd215d3a8bab54daeb796ae166f99ea5\",\"name\":\"admin-sebi\",\"image\":{\"@type\":\"ImageObject\",\"inLanguage\":\"hu\",\"@id\":\"https:\/\/kinaikaleidoszkop.hu\/#\/schema\/person\/image\/\",\"url\":\"https:\/\/secure.gravatar.com\/avatar\/b1498042bc4969020b4951f204f963e97c3d7d199f3790c1071adf67c61d0aa5?s=96&d=mm&r=g\",\"contentUrl\":\"https:\/\/secure.gravatar.com\/avatar\/b1498042bc4969020b4951f204f963e97c3d7d199f3790c1071adf67c61d0aa5?s=96&d=mm&r=g\",\"caption\":\"admin-sebi\"},\"url\":\"https:\/\/kinaikaleidoszkop.hu\/index.php\/author\/admin-sebi\/\"}]}<\/script>\n<!-- \/ Yoast SEO plugin. -->","yoast_head_json":{"title":"CMG-komment\u00e1r: Az amerikai kereskedelmi miniszter ism\u00e9t spekul\u00e1lja a chipek t\u00e9m\u00e1j\u00e1t - kinaikaleidoszkop.hu","robots":{"index":"index","follow":"follow","max-snippet":"max-snippet:-1","max-image-preview":"max-image-preview:large","max-video-preview":"max-video-preview:-1"},"canonical":"https:\/\/kinaikaleidoszkop.hu\/index.php\/2023\/09\/07\/cmg-kommentar-az-amerikai-kereskedelmi-miniszter-ismet-spekulalja-a-chipek-temajat\/","og_locale":"hu_HU","og_type":"article","og_title":"CMG-komment\u00e1r: Az amerikai kereskedelmi miniszter ism\u00e9t spekul\u00e1lja a chipek t\u00e9m\u00e1j\u00e1t - kinaikaleidoszkop.hu","og_description":"\u201eNem k\u00f6t\u00fcnk kompromisszumot, \u00e9s soha nem adjuk el K\u00edn\u00e1nak a legjobb \u00e9s leger\u0151sebb f\u00e9lvezet\u0151ket\u201d \u2013 jelentette ki egy interj\u00faban Gina Raimondo, amerikai kereskedelmi miniszter, aki n\u00e9h\u00e1ny nappal kor\u00e1bban m\u00e9g K\u00edn\u00e1ban besz\u00e9lt az egy\u00fcttm\u0171k\u00f6d\u00e9sr\u0151l \u00e9s az \u201eel nem szakad\u00e1sr\u00f3l\u201d. Amerikai sajt\u00f3 azonban nem az \u00e1ltala elmondottakra ford\u00edtotta a legnagyobb figyelmet, hanem Raimondo k\u00ednai l\u00e1togat\u00e1sa idej\u00e9n bemutatott [&hellip;]","og_url":"https:\/\/kinaikaleidoszkop.hu\/index.php\/2023\/09\/07\/cmg-kommentar-az-amerikai-kereskedelmi-miniszter-ismet-spekulalja-a-chipek-temajat\/","og_site_name":"kinaikaleidoszkop.hu","article_published_time":"2023-09-07T08:36:14+00:00","article_modified_time":"2023-09-07T08:36:18+00:00","og_image":[{"width":1179,"height":1247,"url":"https:\/\/kinaikaleidoszkop.hu\/wp-content\/uploads\/2023\/09\/090606.jpg","type":"image\/jpeg"}],"author":"admin-sebi","twitter_card":"summary_large_image","twitter_misc":{"Szerz\u0151:":"admin-sebi","Becs\u00fclt olvas\u00e1si id\u0151":"2 perc"},"schema":{"@context":"https:\/\/schema.org","@graph":[{"@type":"WebPage","@id":"https:\/\/kinaikaleidoszkop.hu\/index.php\/2023\/09\/07\/cmg-kommentar-az-amerikai-kereskedelmi-miniszter-ismet-spekulalja-a-chipek-temajat\/","url":"https:\/\/kinaikaleidoszkop.hu\/index.php\/2023\/09\/07\/cmg-kommentar-az-amerikai-kereskedelmi-miniszter-ismet-spekulalja-a-chipek-temajat\/","name":"CMG-komment\u00e1r: Az amerikai kereskedelmi miniszter ism\u00e9t spekul\u00e1lja a chipek t\u00e9m\u00e1j\u00e1t - kinaikaleidoszkop.hu","isPartOf":{"@id":"https:\/\/kinaikaleidoszkop.hu\/#website"},"primaryImageOfPage":{"@id":"https:\/\/kinaikaleidoszkop.hu\/index.php\/2023\/09\/07\/cmg-kommentar-az-amerikai-kereskedelmi-miniszter-ismet-spekulalja-a-chipek-temajat\/#primaryimage"},"image":{"@id":"https:\/\/kinaikaleidoszkop.hu\/index.php\/2023\/09\/07\/cmg-kommentar-az-amerikai-kereskedelmi-miniszter-ismet-spekulalja-a-chipek-temajat\/#primaryimage"},"thumbnailUrl":"https:\/\/kinaikaleidoszkop.hu\/wp-content\/uploads\/2023\/09\/090606.jpg","datePublished":"2023-09-07T08:36:14+00:00","dateModified":"2023-09-07T08:36:18+00:00","author":{"@id":"https:\/\/kinaikaleidoszkop.hu\/#\/schema\/person\/fd215d3a8bab54daeb796ae166f99ea5"},"breadcrumb":{"@id":"https:\/\/kinaikaleidoszkop.hu\/index.php\/2023\/09\/07\/cmg-kommentar-az-amerikai-kereskedelmi-miniszter-ismet-spekulalja-a-chipek-temajat\/#breadcrumb"},"inLanguage":"hu","potentialAction":[{"@type":"ReadAction","target":["https:\/\/kinaikaleidoszkop.hu\/index.php\/2023\/09\/07\/cmg-kommentar-az-amerikai-kereskedelmi-miniszter-ismet-spekulalja-a-chipek-temajat\/"]}]},{"@type":"ImageObject","inLanguage":"hu","@id":"https:\/\/kinaikaleidoszkop.hu\/index.php\/2023\/09\/07\/cmg-kommentar-az-amerikai-kereskedelmi-miniszter-ismet-spekulalja-a-chipek-temajat\/#primaryimage","url":"https:\/\/kinaikaleidoszkop.hu\/wp-content\/uploads\/2023\/09\/090606.jpg","contentUrl":"https:\/\/kinaikaleidoszkop.hu\/wp-content\/uploads\/2023\/09\/090606.jpg","width":1179,"height":1247},{"@type":"BreadcrumbList","@id":"https:\/\/kinaikaleidoszkop.hu\/index.php\/2023\/09\/07\/cmg-kommentar-az-amerikai-kereskedelmi-miniszter-ismet-spekulalja-a-chipek-temajat\/#breadcrumb","itemListElement":[{"@type":"ListItem","position":1,"name":"Kezd\u0151lap","item":"https:\/\/kinaikaleidoszkop.hu\/"},{"@type":"ListItem","position":2,"name":"CMG-komment\u00e1r: Az amerikai kereskedelmi miniszter ism\u00e9t spekul\u00e1lja a chipek t\u00e9m\u00e1j\u00e1t"}]},{"@type":"WebSite","@id":"https:\/\/kinaikaleidoszkop.hu\/#website","url":"https:\/\/kinaikaleidoszkop.hu\/","name":"kinaikaleidoszkop.hu","description":"","potentialAction":[{"@type":"SearchAction","target":{"@type":"EntryPoint","urlTemplate":"https:\/\/kinaikaleidoszkop.hu\/?s={search_term_string}"},"query-input":{"@type":"PropertyValueSpecification","valueRequired":true,"valueName":"search_term_string"}}],"inLanguage":"hu"},{"@type":"Person","@id":"https:\/\/kinaikaleidoszkop.hu\/#\/schema\/person\/fd215d3a8bab54daeb796ae166f99ea5","name":"admin-sebi","image":{"@type":"ImageObject","inLanguage":"hu","@id":"https:\/\/kinaikaleidoszkop.hu\/#\/schema\/person\/image\/","url":"https:\/\/secure.gravatar.com\/avatar\/b1498042bc4969020b4951f204f963e97c3d7d199f3790c1071adf67c61d0aa5?s=96&d=mm&r=g","contentUrl":"https:\/\/secure.gravatar.com\/avatar\/b1498042bc4969020b4951f204f963e97c3d7d199f3790c1071adf67c61d0aa5?s=96&d=mm&r=g","caption":"admin-sebi"},"url":"https:\/\/kinaikaleidoszkop.hu\/index.php\/author\/admin-sebi\/"}]}},"views":229,"distributor_meta":false,"distributor_terms":false,"distributor_media":false,"distributor_original_site_name":"kinaikaleidoszkop.hu","distributor_original_site_url":"https:\/\/kinaikaleidoszkop.hu","push-errors":false,"_links":{"self":[{"href":"https:\/\/kinaikaleidoszkop.hu\/index.php\/wp-json\/wp\/v2\/posts\/18864","targetHints":{"allow":["GET"]}}],"collection":[{"href":"https:\/\/kinaikaleidoszkop.hu\/index.php\/wp-json\/wp\/v2\/posts"}],"about":[{"href":"https:\/\/kinaikaleidoszkop.hu\/index.php\/wp-json\/wp\/v2\/types\/post"}],"author":[{"embeddable":true,"href":"https:\/\/kinaikaleidoszkop.hu\/index.php\/wp-json\/wp\/v2\/users\/6"}],"replies":[{"embeddable":true,"href":"https:\/\/kinaikaleidoszkop.hu\/index.php\/wp-json\/wp\/v2\/comments?post=18864"}],"version-history":[{"count":1,"href":"https:\/\/kinaikaleidoszkop.hu\/index.php\/wp-json\/wp\/v2\/posts\/18864\/revisions"}],"predecessor-version":[{"id":18867,"href":"https:\/\/kinaikaleidoszkop.hu\/index.php\/wp-json\/wp\/v2\/posts\/18864\/revisions\/18867"}],"wp:featuredmedia":[{"embeddable":true,"href":"https:\/\/kinaikaleidoszkop.hu\/index.php\/wp-json\/wp\/v2\/media\/18866"}],"wp:attachment":[{"href":"https:\/\/kinaikaleidoszkop.hu\/index.php\/wp-json\/wp\/v2\/media?parent=18864"}],"wp:term":[{"taxonomy":"category","embeddable":true,"href":"https:\/\/kinaikaleidoszkop.hu\/index.php\/wp-json\/wp\/v2\/categories?post=18864"},{"taxonomy":"post_tag","embeddable":true,"href":"https:\/\/kinaikaleidoszkop.hu\/index.php\/wp-json\/wp\/v2\/tags?post=18864"}],"curies":[{"name":"wp","href":"https:\/\/api.w.org\/{rel}","templated":true}]}}