{"id":18872,"date":"2023-09-07T13:49:04","date_gmt":"2023-09-07T11:49:04","guid":{"rendered":"https:\/\/kinaikaleidoszkop.hu\/?p=18872"},"modified":"2023-09-07T13:49:10","modified_gmt":"2023-09-07T11:49:10","slug":"kinai-miniszterelnok-a-jakarta-bandung-nagysebessegu-vasut-sikeres-peldaja-a-regionalis-egyuttmukodeseknek","status":"publish","type":"post","link":"https:\/\/kinaikaleidoszkop.hu\/index.php\/2023\/09\/07\/kinai-miniszterelnok-a-jakarta-bandung-nagysebessegu-vasut-sikeres-peldaja-a-regionalis-egyuttmukodeseknek\/","title":{"rendered":"K\u00ednai minisztereln\u00f6k: A Jakarta\u2013Bandung nagysebess\u00e9g\u0171 vas\u00fat sikeres p\u00e9ld\u00e1ja a region\u00e1lis egy\u00fcttm\u0171k\u00f6d\u00e9seknek"},"content":{"rendered":"\n<p><strong>&nbsp;\u201eA Jakarta\u2013Bandung nagysebes\u00e9g\u0171 vas\u00fat sikeres p\u00e9ld\u00e1ja a r\u00e9gi\u00f3s fejl\u0151d\u0151 orsz\u00e1gok k\u00f6z\u00f6s er\u0151fesz\u00edt\u00e9seinek a moderniz\u00e1ci\u00f3 el\u00e9r\u00e9se \u00e9rdek\u00e9ben\u201d \u2013 mondta az Indon\u00e9zi\u00e1ba l\u00e1togat\u00f3 Li Qiang k\u00ednai minisztereln\u00f6k szeptember 6-\u00e1n d\u00e9lut\u00e1n, amikor a Jakarta \u00e9s Bandung k\u00f6z\u00f6tt k\u00f6zleked\u0151 vonaton pr\u00f3b\u00e1lt szerezni mag\u00e1nak \u00e9lm\u00e9nyt.<\/strong><\/p>\n\n\n\n<figure class=\"wp-block-image size-full\"><img loading=\"lazy\" decoding=\"async\" width=\"1000\" height=\"655\" src=\"https:\/\/kinaikaleidoszkop.hu\/wp-content\/uploads\/2023\/09\/0907Lea1.jpg\" alt=\"\" class=\"wp-image-18874\" srcset=\"https:\/\/kinaikaleidoszkop.hu\/wp-content\/uploads\/2023\/09\/0907Lea1.jpg 1000w, https:\/\/kinaikaleidoszkop.hu\/wp-content\/uploads\/2023\/09\/0907Lea1-300x197.jpg 300w, https:\/\/kinaikaleidoszkop.hu\/wp-content\/uploads\/2023\/09\/0907Lea1-768x503.jpg 768w, https:\/\/kinaikaleidoszkop.hu\/wp-content\/uploads\/2023\/09\/0907Lea1-130x86.jpg 130w, https:\/\/kinaikaleidoszkop.hu\/wp-content\/uploads\/2023\/09\/0907Lea1-990x648.jpg 990w\" sizes=\"auto, (max-width: 1000px) 100vw, 1000px\" \/><\/figure>\n\n\n\n<p>Li a Halim \u00e1llom\u00e1sn\u00e1l meghallgatta a vas\u00fat\u00e9p\u00edt\u00e9sr\u0151l sz\u00f3l\u00f3 jelent\u00e9st \u00e9s elismer\u00e9s\u00e9t fejezte ki a k\u00e9t orsz\u00e1g \u00e9p\u00edt\u0151inek a kem\u00e9ny munk\u00e1juk\u00e9rt. A k\u00ednai minisztereln\u00f6k elmondta, hogy a Jakarta\u2013Bandung-vas\u00fat az els\u0151 d\u00e9lkelet-\u00e1zsiai nagysebess\u00e9g\u0171 vas\u00fatk\u00e9nt az \u00d6vezet \u00e9s \u00dat egy\u00fcttm\u0171k\u00f6d\u00e9s z\u00e1szl\u00f3shaj\u00f3projektje K\u00edna \u00e9s Indon\u00e9zia sz\u00e1m\u00e1ra, amelyet a k\u00ednai \u00e9s az indon\u00e9z eln\u00f6k szem\u00e9lyesen t\u00e1mogatott. Ez\u00e9rt Li Qaing azt rem\u00e9li, hogy gondosan felk\u00e9sz\u00fclnek a nagysebess\u00e9g\u0171 vas\u00fat magas sz\u00ednvonal\u00fa m\u0171k\u00f6dtet\u00e9s\u00e9re, hogy er\u0151s \u00e9s tart\u00f3s lend\u00fcletet adjon Indon\u00e9zia \u00e9s a r\u00e9gi\u00f3 korszer\u0171s\u00edt\u00e9s\u00e9nek.<\/p>\n\n\n\n<p>Li szerint a nagysebess\u00e9g\u0171 vas\u00fat az integr\u00e1ci\u00f3, a nyitotts\u00e1g \u00e9s a k\u00f6z\u00f6s j\u00f3l\u00e9t fel\u00e9 vezet\u0151 \u00fat, amely nemcsak ler\u00f6vid\u00edti a v\u00e1rosok k\u00f6z\u00f6tti t\u00e1vols\u00e1got, hanem el\u0151seg\u00edti az ipari szerkezet optimaliz\u00e1l\u00e1s\u00e1t \u00e9s korszer\u0171s\u00edt\u00e9s\u00e9t, valamint a gazdas\u00e1gi fejl\u0151d\u00e9st a vas\u00fat ment\u00e9n. K\u00edna k\u00e9sz megosztani fejlett szakmai ismereteit Indon\u00e9zi\u00e1val, tov\u00e1bb\u00e1 k\u00e9sz egy\u00fctt dolgozni az ipar\u00e1gak fejleszt\u00e9se \u00e9s a v\u00e1rosok nagysebess\u00e9g\u0171 vas\u00fat r\u00e9v\u00e9n t\u00f6rt\u00e9n\u0151 fellend\u00edt\u00e9se \u00e9rdek\u00e9ben a szigetorsz\u00e1gban, hangs\u00falyozta a minisztereln\u00f6k.<\/p>\n\n\n\n<p>A Jakarta\u2013Bandung nagysebess\u00e9g\u0171 vas\u00fat hossza 142 kilom\u00e9ter, a legnagyobb sebess\u00e9ge 350 km\/h. A projekt teljesen k\u00ednai nagysebess\u00e9g\u0171 vas\u00fat rendszerrel \u00e9s technol\u00f3gi\u00e1val val\u00f3sult meg.<\/p>\n\n\n\n<p><strong><em>2023. 09. 07.<\/em><\/strong><\/p>\n\n\n\n<p><strong>(Ma Xiaolu \u2013 China Media Group)<\/strong><\/p>\n\n\n\n<p><strong><em>(x)<\/em><\/strong><\/p>\n","protected":false},"excerpt":{"rendered":"<p>&nbsp;\u201eA Jakarta\u2013Bandung nagysebes\u00e9g\u0171 vas\u00fat sikeres p\u00e9ld\u00e1ja a r\u00e9gi\u00f3s fejl\u0151d\u0151 orsz\u00e1gok k\u00f6z\u00f6s er\u0151fesz\u00edt\u00e9seinek a moderniz\u00e1ci\u00f3 el\u00e9r\u00e9se \u00e9rdek\u00e9ben\u201d \u2013 mondta az Indon\u00e9zi\u00e1ba l\u00e1togat\u00f3 Li Qiang k\u00ednai minisztereln\u00f6k szeptember 6-\u00e1n d\u00e9lut\u00e1n, amikor a Jakarta \u00e9s Bandung k\u00f6z\u00f6tt k\u00f6zleked\u0151 vonaton pr\u00f3b\u00e1lt szerezni mag\u00e1nak \u00e9lm\u00e9nyt. Li a Halim \u00e1llom\u00e1sn\u00e1l meghallgatta a vas\u00fat\u00e9p\u00edt\u00e9sr\u0151l sz\u00f3l\u00f3 jelent\u00e9st \u00e9s elismer\u00e9s\u00e9t fejezte ki a k\u00e9t [&hellip;]<\/p>\n","protected":false},"author":6,"featured_media":18874,"comment_status":"closed","ping_status":"closed","sticky":false,"template":"","format":"standard","meta":{"footnotes":""},"categories":[45],"tags":[273,66,2244,1155,2245,689],"class_list":["post-18872","post","type-post","status-publish","format-standard","has-post-thumbnail","hentry","category-hirek","tag-egyuttmukodes","tag-gazdasag","tag-gyorsvasut","tag-indonezia","tag-jakarta","tag-kinai-miniszterelnok"],"yoast_head":"<!-- This site is optimized with the Yoast SEO plugin v23.7 - https:\/\/yoast.com\/wordpress\/plugins\/seo\/ -->\n<title>K\u00ednai minisztereln\u00f6k: A Jakarta\u2013Bandung nagysebess\u00e9g\u0171 vas\u00fat sikeres p\u00e9ld\u00e1ja a region\u00e1lis egy\u00fcttm\u0171k\u00f6d\u00e9seknek - kinaikaleidoszkop.hu<\/title>\n<meta name=\"robots\" content=\"index, follow, max-snippet:-1, max-image-preview:large, max-video-preview:-1\" \/>\n<link rel=\"canonical\" href=\"https:\/\/kinaikaleidoszkop.hu\/index.php\/2023\/09\/07\/kinai-miniszterelnok-a-jakarta-bandung-nagysebessegu-vasut-sikeres-peldaja-a-regionalis-egyuttmukodeseknek\/\" \/>\n<meta property=\"og:locale\" content=\"hu_HU\" \/>\n<meta property=\"og:type\" content=\"article\" \/>\n<meta property=\"og:title\" content=\"K\u00ednai minisztereln\u00f6k: A Jakarta\u2013Bandung nagysebess\u00e9g\u0171 vas\u00fat sikeres p\u00e9ld\u00e1ja a region\u00e1lis egy\u00fcttm\u0171k\u00f6d\u00e9seknek - kinaikaleidoszkop.hu\" \/>\n<meta property=\"og:description\" content=\"&nbsp;\u201eA Jakarta\u2013Bandung nagysebes\u00e9g\u0171 vas\u00fat sikeres p\u00e9ld\u00e1ja a r\u00e9gi\u00f3s fejl\u0151d\u0151 orsz\u00e1gok k\u00f6z\u00f6s er\u0151fesz\u00edt\u00e9seinek a moderniz\u00e1ci\u00f3 el\u00e9r\u00e9se \u00e9rdek\u00e9ben\u201d \u2013 mondta az Indon\u00e9zi\u00e1ba l\u00e1togat\u00f3 Li Qiang k\u00ednai minisztereln\u00f6k szeptember 6-\u00e1n d\u00e9lut\u00e1n, amikor a Jakarta \u00e9s Bandung k\u00f6z\u00f6tt k\u00f6zleked\u0151 vonaton pr\u00f3b\u00e1lt szerezni mag\u00e1nak \u00e9lm\u00e9nyt. Li a Halim \u00e1llom\u00e1sn\u00e1l meghallgatta a vas\u00fat\u00e9p\u00edt\u00e9sr\u0151l sz\u00f3l\u00f3 jelent\u00e9st \u00e9s elismer\u00e9s\u00e9t fejezte ki a k\u00e9t [&hellip;]\" \/>\n<meta property=\"og:url\" content=\"https:\/\/kinaikaleidoszkop.hu\/index.php\/2023\/09\/07\/kinai-miniszterelnok-a-jakarta-bandung-nagysebessegu-vasut-sikeres-peldaja-a-regionalis-egyuttmukodeseknek\/\" \/>\n<meta property=\"og:site_name\" content=\"kinaikaleidoszkop.hu\" \/>\n<meta property=\"article:published_time\" content=\"2023-09-07T11:49:04+00:00\" \/>\n<meta property=\"article:modified_time\" content=\"2023-09-07T11:49:10+00:00\" \/>\n<meta property=\"og:image\" content=\"https:\/\/kinaikaleidoszkop.hu\/wp-content\/uploads\/2023\/09\/0907Lea1.jpg\" \/>\n\t<meta property=\"og:image:width\" content=\"1000\" \/>\n\t<meta property=\"og:image:height\" content=\"655\" \/>\n\t<meta property=\"og:image:type\" content=\"image\/jpeg\" \/>\n<meta name=\"author\" content=\"admin-sebi\" \/>\n<meta name=\"twitter:card\" content=\"summary_large_image\" \/>\n<meta name=\"twitter:label1\" content=\"Szerz\u0151:\" \/>\n\t<meta name=\"twitter:data1\" content=\"admin-sebi\" \/>\n\t<meta name=\"twitter:label2\" content=\"Becs\u00fclt olvas\u00e1si id\u0151\" \/>\n\t<meta name=\"twitter:data2\" content=\"2 perc\" \/>\n<script type=\"application\/ld+json\" class=\"yoast-schema-graph\">{\"@context\":\"https:\/\/schema.org\",\"@graph\":[{\"@type\":\"WebPage\",\"@id\":\"https:\/\/kinaikaleidoszkop.hu\/index.php\/2023\/09\/07\/kinai-miniszterelnok-a-jakarta-bandung-nagysebessegu-vasut-sikeres-peldaja-a-regionalis-egyuttmukodeseknek\/\",\"url\":\"https:\/\/kinaikaleidoszkop.hu\/index.php\/2023\/09\/07\/kinai-miniszterelnok-a-jakarta-bandung-nagysebessegu-vasut-sikeres-peldaja-a-regionalis-egyuttmukodeseknek\/\",\"name\":\"K\u00ednai minisztereln\u00f6k: A Jakarta\u2013Bandung nagysebess\u00e9g\u0171 vas\u00fat sikeres p\u00e9ld\u00e1ja a region\u00e1lis egy\u00fcttm\u0171k\u00f6d\u00e9seknek - kinaikaleidoszkop.hu\",\"isPartOf\":{\"@id\":\"https:\/\/kinaikaleidoszkop.hu\/#website\"},\"primaryImageOfPage\":{\"@id\":\"https:\/\/kinaikaleidoszkop.hu\/index.php\/2023\/09\/07\/kinai-miniszterelnok-a-jakarta-bandung-nagysebessegu-vasut-sikeres-peldaja-a-regionalis-egyuttmukodeseknek\/#primaryimage\"},\"image\":{\"@id\":\"https:\/\/kinaikaleidoszkop.hu\/index.php\/2023\/09\/07\/kinai-miniszterelnok-a-jakarta-bandung-nagysebessegu-vasut-sikeres-peldaja-a-regionalis-egyuttmukodeseknek\/#primaryimage\"},\"thumbnailUrl\":\"https:\/\/kinaikaleidoszkop.hu\/wp-content\/uploads\/2023\/09\/0907Lea1.jpg\",\"datePublished\":\"2023-09-07T11:49:04+00:00\",\"dateModified\":\"2023-09-07T11:49:10+00:00\",\"author\":{\"@id\":\"https:\/\/kinaikaleidoszkop.hu\/#\/schema\/person\/fd215d3a8bab54daeb796ae166f99ea5\"},\"breadcrumb\":{\"@id\":\"https:\/\/kinaikaleidoszkop.hu\/index.php\/2023\/09\/07\/kinai-miniszterelnok-a-jakarta-bandung-nagysebessegu-vasut-sikeres-peldaja-a-regionalis-egyuttmukodeseknek\/#breadcrumb\"},\"inLanguage\":\"hu\",\"potentialAction\":[{\"@type\":\"ReadAction\",\"target\":[\"https:\/\/kinaikaleidoszkop.hu\/index.php\/2023\/09\/07\/kinai-miniszterelnok-a-jakarta-bandung-nagysebessegu-vasut-sikeres-peldaja-a-regionalis-egyuttmukodeseknek\/\"]}]},{\"@type\":\"ImageObject\",\"inLanguage\":\"hu\",\"@id\":\"https:\/\/kinaikaleidoszkop.hu\/index.php\/2023\/09\/07\/kinai-miniszterelnok-a-jakarta-bandung-nagysebessegu-vasut-sikeres-peldaja-a-regionalis-egyuttmukodeseknek\/#primaryimage\",\"url\":\"https:\/\/kinaikaleidoszkop.hu\/wp-content\/uploads\/2023\/09\/0907Lea1.jpg\",\"contentUrl\":\"https:\/\/kinaikaleidoszkop.hu\/wp-content\/uploads\/2023\/09\/0907Lea1.jpg\",\"width\":1000,\"height\":655},{\"@type\":\"BreadcrumbList\",\"@id\":\"https:\/\/kinaikaleidoszkop.hu\/index.php\/2023\/09\/07\/kinai-miniszterelnok-a-jakarta-bandung-nagysebessegu-vasut-sikeres-peldaja-a-regionalis-egyuttmukodeseknek\/#breadcrumb\",\"itemListElement\":[{\"@type\":\"ListItem\",\"position\":1,\"name\":\"Kezd\u0151lap\",\"item\":\"https:\/\/kinaikaleidoszkop.hu\/\"},{\"@type\":\"ListItem\",\"position\":2,\"name\":\"K\u00ednai minisztereln\u00f6k: A Jakarta\u2013Bandung nagysebess\u00e9g\u0171 vas\u00fat sikeres p\u00e9ld\u00e1ja a region\u00e1lis egy\u00fcttm\u0171k\u00f6d\u00e9seknek\"}]},{\"@type\":\"WebSite\",\"@id\":\"https:\/\/kinaikaleidoszkop.hu\/#website\",\"url\":\"https:\/\/kinaikaleidoszkop.hu\/\",\"name\":\"kinaikaleidoszkop.hu\",\"description\":\"\",\"potentialAction\":[{\"@type\":\"SearchAction\",\"target\":{\"@type\":\"EntryPoint\",\"urlTemplate\":\"https:\/\/kinaikaleidoszkop.hu\/?s={search_term_string}\"},\"query-input\":{\"@type\":\"PropertyValueSpecification\",\"valueRequired\":true,\"valueName\":\"search_term_string\"}}],\"inLanguage\":\"hu\"},{\"@type\":\"Person\",\"@id\":\"https:\/\/kinaikaleidoszkop.hu\/#\/schema\/person\/fd215d3a8bab54daeb796ae166f99ea5\",\"name\":\"admin-sebi\",\"image\":{\"@type\":\"ImageObject\",\"inLanguage\":\"hu\",\"@id\":\"https:\/\/kinaikaleidoszkop.hu\/#\/schema\/person\/image\/\",\"url\":\"https:\/\/secure.gravatar.com\/avatar\/b1498042bc4969020b4951f204f963e97c3d7d199f3790c1071adf67c61d0aa5?s=96&d=mm&r=g\",\"contentUrl\":\"https:\/\/secure.gravatar.com\/avatar\/b1498042bc4969020b4951f204f963e97c3d7d199f3790c1071adf67c61d0aa5?s=96&d=mm&r=g\",\"caption\":\"admin-sebi\"},\"url\":\"https:\/\/kinaikaleidoszkop.hu\/index.php\/author\/admin-sebi\/\"}]}<\/script>\n<!-- \/ Yoast SEO plugin. -->","yoast_head_json":{"title":"K\u00ednai minisztereln\u00f6k: A Jakarta\u2013Bandung nagysebess\u00e9g\u0171 vas\u00fat sikeres p\u00e9ld\u00e1ja a region\u00e1lis egy\u00fcttm\u0171k\u00f6d\u00e9seknek - kinaikaleidoszkop.hu","robots":{"index":"index","follow":"follow","max-snippet":"max-snippet:-1","max-image-preview":"max-image-preview:large","max-video-preview":"max-video-preview:-1"},"canonical":"https:\/\/kinaikaleidoszkop.hu\/index.php\/2023\/09\/07\/kinai-miniszterelnok-a-jakarta-bandung-nagysebessegu-vasut-sikeres-peldaja-a-regionalis-egyuttmukodeseknek\/","og_locale":"hu_HU","og_type":"article","og_title":"K\u00ednai minisztereln\u00f6k: A Jakarta\u2013Bandung nagysebess\u00e9g\u0171 vas\u00fat sikeres p\u00e9ld\u00e1ja a region\u00e1lis egy\u00fcttm\u0171k\u00f6d\u00e9seknek - kinaikaleidoszkop.hu","og_description":"&nbsp;\u201eA Jakarta\u2013Bandung nagysebes\u00e9g\u0171 vas\u00fat sikeres p\u00e9ld\u00e1ja a r\u00e9gi\u00f3s fejl\u0151d\u0151 orsz\u00e1gok k\u00f6z\u00f6s er\u0151fesz\u00edt\u00e9seinek a moderniz\u00e1ci\u00f3 el\u00e9r\u00e9se \u00e9rdek\u00e9ben\u201d \u2013 mondta az Indon\u00e9zi\u00e1ba l\u00e1togat\u00f3 Li Qiang k\u00ednai minisztereln\u00f6k szeptember 6-\u00e1n d\u00e9lut\u00e1n, amikor a Jakarta \u00e9s Bandung k\u00f6z\u00f6tt k\u00f6zleked\u0151 vonaton pr\u00f3b\u00e1lt szerezni mag\u00e1nak \u00e9lm\u00e9nyt. Li a Halim \u00e1llom\u00e1sn\u00e1l meghallgatta a vas\u00fat\u00e9p\u00edt\u00e9sr\u0151l sz\u00f3l\u00f3 jelent\u00e9st \u00e9s elismer\u00e9s\u00e9t fejezte ki a k\u00e9t [&hellip;]","og_url":"https:\/\/kinaikaleidoszkop.hu\/index.php\/2023\/09\/07\/kinai-miniszterelnok-a-jakarta-bandung-nagysebessegu-vasut-sikeres-peldaja-a-regionalis-egyuttmukodeseknek\/","og_site_name":"kinaikaleidoszkop.hu","article_published_time":"2023-09-07T11:49:04+00:00","article_modified_time":"2023-09-07T11:49:10+00:00","og_image":[{"width":1000,"height":655,"url":"https:\/\/kinaikaleidoszkop.hu\/wp-content\/uploads\/2023\/09\/0907Lea1.jpg","type":"image\/jpeg"}],"author":"admin-sebi","twitter_card":"summary_large_image","twitter_misc":{"Szerz\u0151:":"admin-sebi","Becs\u00fclt olvas\u00e1si id\u0151":"2 perc"},"schema":{"@context":"https:\/\/schema.org","@graph":[{"@type":"WebPage","@id":"https:\/\/kinaikaleidoszkop.hu\/index.php\/2023\/09\/07\/kinai-miniszterelnok-a-jakarta-bandung-nagysebessegu-vasut-sikeres-peldaja-a-regionalis-egyuttmukodeseknek\/","url":"https:\/\/kinaikaleidoszkop.hu\/index.php\/2023\/09\/07\/kinai-miniszterelnok-a-jakarta-bandung-nagysebessegu-vasut-sikeres-peldaja-a-regionalis-egyuttmukodeseknek\/","name":"K\u00ednai minisztereln\u00f6k: A Jakarta\u2013Bandung nagysebess\u00e9g\u0171 vas\u00fat sikeres p\u00e9ld\u00e1ja a region\u00e1lis egy\u00fcttm\u0171k\u00f6d\u00e9seknek - kinaikaleidoszkop.hu","isPartOf":{"@id":"https:\/\/kinaikaleidoszkop.hu\/#website"},"primaryImageOfPage":{"@id":"https:\/\/kinaikaleidoszkop.hu\/index.php\/2023\/09\/07\/kinai-miniszterelnok-a-jakarta-bandung-nagysebessegu-vasut-sikeres-peldaja-a-regionalis-egyuttmukodeseknek\/#primaryimage"},"image":{"@id":"https:\/\/kinaikaleidoszkop.hu\/index.php\/2023\/09\/07\/kinai-miniszterelnok-a-jakarta-bandung-nagysebessegu-vasut-sikeres-peldaja-a-regionalis-egyuttmukodeseknek\/#primaryimage"},"thumbnailUrl":"https:\/\/kinaikaleidoszkop.hu\/wp-content\/uploads\/2023\/09\/0907Lea1.jpg","datePublished":"2023-09-07T11:49:04+00:00","dateModified":"2023-09-07T11:49:10+00:00","author":{"@id":"https:\/\/kinaikaleidoszkop.hu\/#\/schema\/person\/fd215d3a8bab54daeb796ae166f99ea5"},"breadcrumb":{"@id":"https:\/\/kinaikaleidoszkop.hu\/index.php\/2023\/09\/07\/kinai-miniszterelnok-a-jakarta-bandung-nagysebessegu-vasut-sikeres-peldaja-a-regionalis-egyuttmukodeseknek\/#breadcrumb"},"inLanguage":"hu","potentialAction":[{"@type":"ReadAction","target":["https:\/\/kinaikaleidoszkop.hu\/index.php\/2023\/09\/07\/kinai-miniszterelnok-a-jakarta-bandung-nagysebessegu-vasut-sikeres-peldaja-a-regionalis-egyuttmukodeseknek\/"]}]},{"@type":"ImageObject","inLanguage":"hu","@id":"https:\/\/kinaikaleidoszkop.hu\/index.php\/2023\/09\/07\/kinai-miniszterelnok-a-jakarta-bandung-nagysebessegu-vasut-sikeres-peldaja-a-regionalis-egyuttmukodeseknek\/#primaryimage","url":"https:\/\/kinaikaleidoszkop.hu\/wp-content\/uploads\/2023\/09\/0907Lea1.jpg","contentUrl":"https:\/\/kinaikaleidoszkop.hu\/wp-content\/uploads\/2023\/09\/0907Lea1.jpg","width":1000,"height":655},{"@type":"BreadcrumbList","@id":"https:\/\/kinaikaleidoszkop.hu\/index.php\/2023\/09\/07\/kinai-miniszterelnok-a-jakarta-bandung-nagysebessegu-vasut-sikeres-peldaja-a-regionalis-egyuttmukodeseknek\/#breadcrumb","itemListElement":[{"@type":"ListItem","position":1,"name":"Kezd\u0151lap","item":"https:\/\/kinaikaleidoszkop.hu\/"},{"@type":"ListItem","position":2,"name":"K\u00ednai minisztereln\u00f6k: A Jakarta\u2013Bandung nagysebess\u00e9g\u0171 vas\u00fat sikeres p\u00e9ld\u00e1ja a region\u00e1lis egy\u00fcttm\u0171k\u00f6d\u00e9seknek"}]},{"@type":"WebSite","@id":"https:\/\/kinaikaleidoszkop.hu\/#website","url":"https:\/\/kinaikaleidoszkop.hu\/","name":"kinaikaleidoszkop.hu","description":"","potentialAction":[{"@type":"SearchAction","target":{"@type":"EntryPoint","urlTemplate":"https:\/\/kinaikaleidoszkop.hu\/?s={search_term_string}"},"query-input":{"@type":"PropertyValueSpecification","valueRequired":true,"valueName":"search_term_string"}}],"inLanguage":"hu"},{"@type":"Person","@id":"https:\/\/kinaikaleidoszkop.hu\/#\/schema\/person\/fd215d3a8bab54daeb796ae166f99ea5","name":"admin-sebi","image":{"@type":"ImageObject","inLanguage":"hu","@id":"https:\/\/kinaikaleidoszkop.hu\/#\/schema\/person\/image\/","url":"https:\/\/secure.gravatar.com\/avatar\/b1498042bc4969020b4951f204f963e97c3d7d199f3790c1071adf67c61d0aa5?s=96&d=mm&r=g","contentUrl":"https:\/\/secure.gravatar.com\/avatar\/b1498042bc4969020b4951f204f963e97c3d7d199f3790c1071adf67c61d0aa5?s=96&d=mm&r=g","caption":"admin-sebi"},"url":"https:\/\/kinaikaleidoszkop.hu\/index.php\/author\/admin-sebi\/"}]}},"views":327,"distributor_meta":false,"distributor_terms":false,"distributor_media":false,"distributor_original_site_name":"kinaikaleidoszkop.hu","distributor_original_site_url":"https:\/\/kinaikaleidoszkop.hu","push-errors":false,"_links":{"self":[{"href":"https:\/\/kinaikaleidoszkop.hu\/index.php\/wp-json\/wp\/v2\/posts\/18872","targetHints":{"allow":["GET"]}}],"collection":[{"href":"https:\/\/kinaikaleidoszkop.hu\/index.php\/wp-json\/wp\/v2\/posts"}],"about":[{"href":"https:\/\/kinaikaleidoszkop.hu\/index.php\/wp-json\/wp\/v2\/types\/post"}],"author":[{"embeddable":true,"href":"https:\/\/kinaikaleidoszkop.hu\/index.php\/wp-json\/wp\/v2\/users\/6"}],"replies":[{"embeddable":true,"href":"https:\/\/kinaikaleidoszkop.hu\/index.php\/wp-json\/wp\/v2\/comments?post=18872"}],"version-history":[{"count":1,"href":"https:\/\/kinaikaleidoszkop.hu\/index.php\/wp-json\/wp\/v2\/posts\/18872\/revisions"}],"predecessor-version":[{"id":18875,"href":"https:\/\/kinaikaleidoszkop.hu\/index.php\/wp-json\/wp\/v2\/posts\/18872\/revisions\/18875"}],"wp:featuredmedia":[{"embeddable":true,"href":"https:\/\/kinaikaleidoszkop.hu\/index.php\/wp-json\/wp\/v2\/media\/18874"}],"wp:attachment":[{"href":"https:\/\/kinaikaleidoszkop.hu\/index.php\/wp-json\/wp\/v2\/media?parent=18872"}],"wp:term":[{"taxonomy":"category","embeddable":true,"href":"https:\/\/kinaikaleidoszkop.hu\/index.php\/wp-json\/wp\/v2\/categories?post=18872"},{"taxonomy":"post_tag","embeddable":true,"href":"https:\/\/kinaikaleidoszkop.hu\/index.php\/wp-json\/wp\/v2\/tags?post=18872"}],"curies":[{"name":"wp","href":"https:\/\/api.w.org\/{rel}","templated":true}]}}