{"id":18877,"date":"2023-09-08T09:19:50","date_gmt":"2023-09-08T07:19:50","guid":{"rendered":"https:\/\/kinaikaleidoszkop.hu\/?p=18877"},"modified":"2023-09-08T09:22:28","modified_gmt":"2023-09-08T07:22:28","slug":"milyen-elonyokkel-jar-a-kina-es-magyarorszag-kozotti-kozvetlen-jaratok-mukodtetese","status":"publish","type":"post","link":"https:\/\/kinaikaleidoszkop.hu\/index.php\/2023\/09\/08\/milyen-elonyokkel-jar-a-kina-es-magyarorszag-kozotti-kozvetlen-jaratok-mukodtetese\/","title":{"rendered":"Milyen el\u0151ny\u00f6kkel j\u00e1r a K\u00edna \u00e9s Magyarorsz\u00e1g k\u00f6z\u00f6tti k\u00f6zvetlen j\u00e1ratok m\u0171k\u00f6dtet\u00e9se?"},"content":{"rendered":"\n<p><strong>Ha Magyarorsz\u00e1gr\u00f3l \u00e9s K\u00edn\u00e1r\u00f3l besz\u00e9l\u00fcnk, akkor mennyire jelent\u0151s a k\u00f6zt\u00fck lev\u0151 l\u00e9gi forgalom? M\u00e1jusban olyan l\u00e9gi sz\u00e1ll\u00edt\u00e1si meg\u00e1llapod\u00e1st k\u00f6t\u00f6tt K\u00edna \u00e9s Magyarorsz\u00e1g, amely 42-re n\u00f6veli a k\u00e9t orsz\u00e1g k\u00f6zti k\u00f6zvetlen j\u00e1ratok sz\u00e1m\u00e1t. Ez mennyire a diplom\u00e1ciai t\u00e1rgyal\u00e1sok eredm\u00e9nye?<\/strong><\/p>\n\n\n\n<p>Varga G. G\u00e1bor magyar rep\u00fcl\u00e9s\u00fcgyi szak\u00e9rt\u0151 t\u00f6bbek k\u00f6z\u00f6tt ezekre is v\u00e1laszol a CMG-nek adott interj\u00faj\u00e1ban!\u3000\u3000\u3000\u3000<\/p>\n\n\n\n<figure class=\"wp-block-embed is-type-video is-provider-youtube wp-block-embed-youtube wp-embed-aspect-16-9 wp-has-aspect-ratio\"><div class=\"wp-block-embed__wrapper\">\n<iframe loading=\"lazy\" title=\"Milyen el\u0151ny\u00f6kkel j\u00e1r a K\u00edna \u00e9s Magyarorsz\u00e1g k\u00f6z\u00f6tti k\u00f6zvetlen j\u00e1ratok m\u0171k\u00f6dtet\u00e9se?\" width=\"1320\" height=\"743\" src=\"https:\/\/www.youtube.com\/embed\/wUYKhR-e6tI?feature=oembed\" frameborder=\"0\" allow=\"accelerometer; autoplay; clipboard-write; encrypted-media; gyroscope; picture-in-picture; web-share\" allowfullscreen><\/iframe>\n<\/div><\/figure>\n\n\n\n<p><strong><em>2023. 09. 08.<\/em><\/strong><\/p>\n\n\n\n<p><strong>(An Xin- China Media Group)<\/strong><\/p>\n\n\n\n<p><strong><em>(x)<\/em><\/strong><\/p>\n","protected":false},"excerpt":{"rendered":"<p>Ha Magyarorsz\u00e1gr\u00f3l \u00e9s K\u00edn\u00e1r\u00f3l besz\u00e9l\u00fcnk, akkor mennyire jelent\u0151s a k\u00f6zt\u00fck lev\u0151 l\u00e9gi forgalom? M\u00e1jusban olyan l\u00e9gi sz\u00e1ll\u00edt\u00e1si meg\u00e1llapod\u00e1st k\u00f6t\u00f6tt K\u00edna \u00e9s Magyarorsz\u00e1g, amely 42-re n\u00f6veli a k\u00e9t orsz\u00e1g k\u00f6zti k\u00f6zvetlen j\u00e1ratok sz\u00e1m\u00e1t. Ez mennyire a diplom\u00e1ciai t\u00e1rgyal\u00e1sok eredm\u00e9nye? Varga G. G\u00e1bor magyar rep\u00fcl\u00e9s\u00fcgyi szak\u00e9rt\u0151 t\u00f6bbek k\u00f6z\u00f6tt ezekre is v\u00e1laszol a CMG-nek adott interj\u00faj\u00e1ban!\u3000\u3000\u3000\u3000 2023. 09. [&hellip;]<\/p>\n","protected":false},"author":6,"featured_media":18879,"comment_status":"closed","ping_status":"closed","sticky":false,"template":"","format":"standard","meta":{"footnotes":""},"categories":[45],"tags":[273,66,2995,2996,419,2994],"class_list":["post-18877","post","type-post","status-publish","format-standard","has-post-thumbnail","hentry","category-hirek","tag-egyuttmukodes","tag-gazdasag","tag-kozvetlen-repulojarat","tag-legi-kozlekedes","tag-magyarorszag","tag-repulojarat"],"yoast_head":"<!-- This site is optimized with the Yoast SEO plugin v23.7 - https:\/\/yoast.com\/wordpress\/plugins\/seo\/ -->\n<title>Milyen el\u0151ny\u00f6kkel j\u00e1r a K\u00edna \u00e9s Magyarorsz\u00e1g k\u00f6z\u00f6tti k\u00f6zvetlen j\u00e1ratok m\u0171k\u00f6dtet\u00e9se? - kinaikaleidoszkop.hu<\/title>\n<meta name=\"robots\" content=\"index, follow, max-snippet:-1, max-image-preview:large, max-video-preview:-1\" \/>\n<link rel=\"canonical\" href=\"https:\/\/kinaikaleidoszkop.hu\/index.php\/2023\/09\/08\/milyen-elonyokkel-jar-a-kina-es-magyarorszag-kozotti-kozvetlen-jaratok-mukodtetese\/\" \/>\n<meta property=\"og:locale\" content=\"hu_HU\" \/>\n<meta property=\"og:type\" content=\"article\" \/>\n<meta property=\"og:title\" content=\"Milyen el\u0151ny\u00f6kkel j\u00e1r a K\u00edna \u00e9s Magyarorsz\u00e1g k\u00f6z\u00f6tti k\u00f6zvetlen j\u00e1ratok m\u0171k\u00f6dtet\u00e9se? - kinaikaleidoszkop.hu\" \/>\n<meta property=\"og:description\" content=\"Ha Magyarorsz\u00e1gr\u00f3l \u00e9s K\u00edn\u00e1r\u00f3l besz\u00e9l\u00fcnk, akkor mennyire jelent\u0151s a k\u00f6zt\u00fck lev\u0151 l\u00e9gi forgalom? M\u00e1jusban olyan l\u00e9gi sz\u00e1ll\u00edt\u00e1si meg\u00e1llapod\u00e1st k\u00f6t\u00f6tt K\u00edna \u00e9s Magyarorsz\u00e1g, amely 42-re n\u00f6veli a k\u00e9t orsz\u00e1g k\u00f6zti k\u00f6zvetlen j\u00e1ratok sz\u00e1m\u00e1t. Ez mennyire a diplom\u00e1ciai t\u00e1rgyal\u00e1sok eredm\u00e9nye? Varga G. G\u00e1bor magyar rep\u00fcl\u00e9s\u00fcgyi szak\u00e9rt\u0151 t\u00f6bbek k\u00f6z\u00f6tt ezekre is v\u00e1laszol a CMG-nek adott interj\u00faj\u00e1ban!\u3000\u3000\u3000\u3000 2023. 09. [&hellip;]\" \/>\n<meta property=\"og:url\" content=\"https:\/\/kinaikaleidoszkop.hu\/index.php\/2023\/09\/08\/milyen-elonyokkel-jar-a-kina-es-magyarorszag-kozotti-kozvetlen-jaratok-mukodtetese\/\" \/>\n<meta property=\"og:site_name\" content=\"kinaikaleidoszkop.hu\" \/>\n<meta property=\"article:published_time\" content=\"2023-09-08T07:19:50+00:00\" \/>\n<meta property=\"article:modified_time\" content=\"2023-09-08T07:22:28+00:00\" \/>\n<meta property=\"og:image\" content=\"https:\/\/kinaikaleidoszkop.hu\/wp-content\/uploads\/2023\/09\/Kepernyokep-2023-09-08-091213.jpg\" \/>\n\t<meta property=\"og:image:width\" content=\"1521\" \/>\n\t<meta property=\"og:image:height\" content=\"774\" \/>\n\t<meta property=\"og:image:type\" content=\"image\/jpeg\" \/>\n<meta name=\"author\" content=\"admin-sebi\" \/>\n<meta name=\"twitter:card\" content=\"summary_large_image\" \/>\n<meta name=\"twitter:label1\" content=\"Szerz\u0151:\" \/>\n\t<meta name=\"twitter:data1\" content=\"admin-sebi\" \/>\n<script type=\"application\/ld+json\" class=\"yoast-schema-graph\">{\"@context\":\"https:\/\/schema.org\",\"@graph\":[{\"@type\":\"WebPage\",\"@id\":\"https:\/\/kinaikaleidoszkop.hu\/index.php\/2023\/09\/08\/milyen-elonyokkel-jar-a-kina-es-magyarorszag-kozotti-kozvetlen-jaratok-mukodtetese\/\",\"url\":\"https:\/\/kinaikaleidoszkop.hu\/index.php\/2023\/09\/08\/milyen-elonyokkel-jar-a-kina-es-magyarorszag-kozotti-kozvetlen-jaratok-mukodtetese\/\",\"name\":\"Milyen el\u0151ny\u00f6kkel j\u00e1r a K\u00edna \u00e9s Magyarorsz\u00e1g k\u00f6z\u00f6tti k\u00f6zvetlen j\u00e1ratok m\u0171k\u00f6dtet\u00e9se? - kinaikaleidoszkop.hu\",\"isPartOf\":{\"@id\":\"https:\/\/kinaikaleidoszkop.hu\/#website\"},\"primaryImageOfPage\":{\"@id\":\"https:\/\/kinaikaleidoszkop.hu\/index.php\/2023\/09\/08\/milyen-elonyokkel-jar-a-kina-es-magyarorszag-kozotti-kozvetlen-jaratok-mukodtetese\/#primaryimage\"},\"image\":{\"@id\":\"https:\/\/kinaikaleidoszkop.hu\/index.php\/2023\/09\/08\/milyen-elonyokkel-jar-a-kina-es-magyarorszag-kozotti-kozvetlen-jaratok-mukodtetese\/#primaryimage\"},\"thumbnailUrl\":\"https:\/\/kinaikaleidoszkop.hu\/wp-content\/uploads\/2023\/09\/Kepernyokep-2023-09-08-091213.jpg\",\"datePublished\":\"2023-09-08T07:19:50+00:00\",\"dateModified\":\"2023-09-08T07:22:28+00:00\",\"author\":{\"@id\":\"https:\/\/kinaikaleidoszkop.hu\/#\/schema\/person\/fd215d3a8bab54daeb796ae166f99ea5\"},\"breadcrumb\":{\"@id\":\"https:\/\/kinaikaleidoszkop.hu\/index.php\/2023\/09\/08\/milyen-elonyokkel-jar-a-kina-es-magyarorszag-kozotti-kozvetlen-jaratok-mukodtetese\/#breadcrumb\"},\"inLanguage\":\"hu\",\"potentialAction\":[{\"@type\":\"ReadAction\",\"target\":[\"https:\/\/kinaikaleidoszkop.hu\/index.php\/2023\/09\/08\/milyen-elonyokkel-jar-a-kina-es-magyarorszag-kozotti-kozvetlen-jaratok-mukodtetese\/\"]}]},{\"@type\":\"ImageObject\",\"inLanguage\":\"hu\",\"@id\":\"https:\/\/kinaikaleidoszkop.hu\/index.php\/2023\/09\/08\/milyen-elonyokkel-jar-a-kina-es-magyarorszag-kozotti-kozvetlen-jaratok-mukodtetese\/#primaryimage\",\"url\":\"https:\/\/kinaikaleidoszkop.hu\/wp-content\/uploads\/2023\/09\/Kepernyokep-2023-09-08-091213.jpg\",\"contentUrl\":\"https:\/\/kinaikaleidoszkop.hu\/wp-content\/uploads\/2023\/09\/Kepernyokep-2023-09-08-091213.jpg\",\"width\":1521,\"height\":774},{\"@type\":\"BreadcrumbList\",\"@id\":\"https:\/\/kinaikaleidoszkop.hu\/index.php\/2023\/09\/08\/milyen-elonyokkel-jar-a-kina-es-magyarorszag-kozotti-kozvetlen-jaratok-mukodtetese\/#breadcrumb\",\"itemListElement\":[{\"@type\":\"ListItem\",\"position\":1,\"name\":\"Kezd\u0151lap\",\"item\":\"https:\/\/kinaikaleidoszkop.hu\/\"},{\"@type\":\"ListItem\",\"position\":2,\"name\":\"Milyen el\u0151ny\u00f6kkel j\u00e1r a K\u00edna \u00e9s Magyarorsz\u00e1g k\u00f6z\u00f6tti k\u00f6zvetlen j\u00e1ratok m\u0171k\u00f6dtet\u00e9se?\"}]},{\"@type\":\"WebSite\",\"@id\":\"https:\/\/kinaikaleidoszkop.hu\/#website\",\"url\":\"https:\/\/kinaikaleidoszkop.hu\/\",\"name\":\"kinaikaleidoszkop.hu\",\"description\":\"\",\"potentialAction\":[{\"@type\":\"SearchAction\",\"target\":{\"@type\":\"EntryPoint\",\"urlTemplate\":\"https:\/\/kinaikaleidoszkop.hu\/?s={search_term_string}\"},\"query-input\":{\"@type\":\"PropertyValueSpecification\",\"valueRequired\":true,\"valueName\":\"search_term_string\"}}],\"inLanguage\":\"hu\"},{\"@type\":\"Person\",\"@id\":\"https:\/\/kinaikaleidoszkop.hu\/#\/schema\/person\/fd215d3a8bab54daeb796ae166f99ea5\",\"name\":\"admin-sebi\",\"image\":{\"@type\":\"ImageObject\",\"inLanguage\":\"hu\",\"@id\":\"https:\/\/kinaikaleidoszkop.hu\/#\/schema\/person\/image\/\",\"url\":\"https:\/\/secure.gravatar.com\/avatar\/b1498042bc4969020b4951f204f963e97c3d7d199f3790c1071adf67c61d0aa5?s=96&d=mm&r=g\",\"contentUrl\":\"https:\/\/secure.gravatar.com\/avatar\/b1498042bc4969020b4951f204f963e97c3d7d199f3790c1071adf67c61d0aa5?s=96&d=mm&r=g\",\"caption\":\"admin-sebi\"},\"url\":\"https:\/\/kinaikaleidoszkop.hu\/index.php\/author\/admin-sebi\/\"}]}<\/script>\n<!-- \/ Yoast SEO plugin. -->","yoast_head_json":{"title":"Milyen el\u0151ny\u00f6kkel j\u00e1r a K\u00edna \u00e9s Magyarorsz\u00e1g k\u00f6z\u00f6tti k\u00f6zvetlen j\u00e1ratok m\u0171k\u00f6dtet\u00e9se? - kinaikaleidoszkop.hu","robots":{"index":"index","follow":"follow","max-snippet":"max-snippet:-1","max-image-preview":"max-image-preview:large","max-video-preview":"max-video-preview:-1"},"canonical":"https:\/\/kinaikaleidoszkop.hu\/index.php\/2023\/09\/08\/milyen-elonyokkel-jar-a-kina-es-magyarorszag-kozotti-kozvetlen-jaratok-mukodtetese\/","og_locale":"hu_HU","og_type":"article","og_title":"Milyen el\u0151ny\u00f6kkel j\u00e1r a K\u00edna \u00e9s Magyarorsz\u00e1g k\u00f6z\u00f6tti k\u00f6zvetlen j\u00e1ratok m\u0171k\u00f6dtet\u00e9se? - kinaikaleidoszkop.hu","og_description":"Ha Magyarorsz\u00e1gr\u00f3l \u00e9s K\u00edn\u00e1r\u00f3l besz\u00e9l\u00fcnk, akkor mennyire jelent\u0151s a k\u00f6zt\u00fck lev\u0151 l\u00e9gi forgalom? M\u00e1jusban olyan l\u00e9gi sz\u00e1ll\u00edt\u00e1si meg\u00e1llapod\u00e1st k\u00f6t\u00f6tt K\u00edna \u00e9s Magyarorsz\u00e1g, amely 42-re n\u00f6veli a k\u00e9t orsz\u00e1g k\u00f6zti k\u00f6zvetlen j\u00e1ratok sz\u00e1m\u00e1t. Ez mennyire a diplom\u00e1ciai t\u00e1rgyal\u00e1sok eredm\u00e9nye? Varga G. G\u00e1bor magyar rep\u00fcl\u00e9s\u00fcgyi szak\u00e9rt\u0151 t\u00f6bbek k\u00f6z\u00f6tt ezekre is v\u00e1laszol a CMG-nek adott interj\u00faj\u00e1ban!\u3000\u3000\u3000\u3000 2023. 09. [&hellip;]","og_url":"https:\/\/kinaikaleidoszkop.hu\/index.php\/2023\/09\/08\/milyen-elonyokkel-jar-a-kina-es-magyarorszag-kozotti-kozvetlen-jaratok-mukodtetese\/","og_site_name":"kinaikaleidoszkop.hu","article_published_time":"2023-09-08T07:19:50+00:00","article_modified_time":"2023-09-08T07:22:28+00:00","og_image":[{"width":1521,"height":774,"url":"https:\/\/kinaikaleidoszkop.hu\/wp-content\/uploads\/2023\/09\/Kepernyokep-2023-09-08-091213.jpg","type":"image\/jpeg"}],"author":"admin-sebi","twitter_card":"summary_large_image","twitter_misc":{"Szerz\u0151:":"admin-sebi"},"schema":{"@context":"https:\/\/schema.org","@graph":[{"@type":"WebPage","@id":"https:\/\/kinaikaleidoszkop.hu\/index.php\/2023\/09\/08\/milyen-elonyokkel-jar-a-kina-es-magyarorszag-kozotti-kozvetlen-jaratok-mukodtetese\/","url":"https:\/\/kinaikaleidoszkop.hu\/index.php\/2023\/09\/08\/milyen-elonyokkel-jar-a-kina-es-magyarorszag-kozotti-kozvetlen-jaratok-mukodtetese\/","name":"Milyen el\u0151ny\u00f6kkel j\u00e1r a K\u00edna \u00e9s Magyarorsz\u00e1g k\u00f6z\u00f6tti k\u00f6zvetlen j\u00e1ratok m\u0171k\u00f6dtet\u00e9se? - kinaikaleidoszkop.hu","isPartOf":{"@id":"https:\/\/kinaikaleidoszkop.hu\/#website"},"primaryImageOfPage":{"@id":"https:\/\/kinaikaleidoszkop.hu\/index.php\/2023\/09\/08\/milyen-elonyokkel-jar-a-kina-es-magyarorszag-kozotti-kozvetlen-jaratok-mukodtetese\/#primaryimage"},"image":{"@id":"https:\/\/kinaikaleidoszkop.hu\/index.php\/2023\/09\/08\/milyen-elonyokkel-jar-a-kina-es-magyarorszag-kozotti-kozvetlen-jaratok-mukodtetese\/#primaryimage"},"thumbnailUrl":"https:\/\/kinaikaleidoszkop.hu\/wp-content\/uploads\/2023\/09\/Kepernyokep-2023-09-08-091213.jpg","datePublished":"2023-09-08T07:19:50+00:00","dateModified":"2023-09-08T07:22:28+00:00","author":{"@id":"https:\/\/kinaikaleidoszkop.hu\/#\/schema\/person\/fd215d3a8bab54daeb796ae166f99ea5"},"breadcrumb":{"@id":"https:\/\/kinaikaleidoszkop.hu\/index.php\/2023\/09\/08\/milyen-elonyokkel-jar-a-kina-es-magyarorszag-kozotti-kozvetlen-jaratok-mukodtetese\/#breadcrumb"},"inLanguage":"hu","potentialAction":[{"@type":"ReadAction","target":["https:\/\/kinaikaleidoszkop.hu\/index.php\/2023\/09\/08\/milyen-elonyokkel-jar-a-kina-es-magyarorszag-kozotti-kozvetlen-jaratok-mukodtetese\/"]}]},{"@type":"ImageObject","inLanguage":"hu","@id":"https:\/\/kinaikaleidoszkop.hu\/index.php\/2023\/09\/08\/milyen-elonyokkel-jar-a-kina-es-magyarorszag-kozotti-kozvetlen-jaratok-mukodtetese\/#primaryimage","url":"https:\/\/kinaikaleidoszkop.hu\/wp-content\/uploads\/2023\/09\/Kepernyokep-2023-09-08-091213.jpg","contentUrl":"https:\/\/kinaikaleidoszkop.hu\/wp-content\/uploads\/2023\/09\/Kepernyokep-2023-09-08-091213.jpg","width":1521,"height":774},{"@type":"BreadcrumbList","@id":"https:\/\/kinaikaleidoszkop.hu\/index.php\/2023\/09\/08\/milyen-elonyokkel-jar-a-kina-es-magyarorszag-kozotti-kozvetlen-jaratok-mukodtetese\/#breadcrumb","itemListElement":[{"@type":"ListItem","position":1,"name":"Kezd\u0151lap","item":"https:\/\/kinaikaleidoszkop.hu\/"},{"@type":"ListItem","position":2,"name":"Milyen el\u0151ny\u00f6kkel j\u00e1r a K\u00edna \u00e9s Magyarorsz\u00e1g k\u00f6z\u00f6tti k\u00f6zvetlen j\u00e1ratok m\u0171k\u00f6dtet\u00e9se?"}]},{"@type":"WebSite","@id":"https:\/\/kinaikaleidoszkop.hu\/#website","url":"https:\/\/kinaikaleidoszkop.hu\/","name":"kinaikaleidoszkop.hu","description":"","potentialAction":[{"@type":"SearchAction","target":{"@type":"EntryPoint","urlTemplate":"https:\/\/kinaikaleidoszkop.hu\/?s={search_term_string}"},"query-input":{"@type":"PropertyValueSpecification","valueRequired":true,"valueName":"search_term_string"}}],"inLanguage":"hu"},{"@type":"Person","@id":"https:\/\/kinaikaleidoszkop.hu\/#\/schema\/person\/fd215d3a8bab54daeb796ae166f99ea5","name":"admin-sebi","image":{"@type":"ImageObject","inLanguage":"hu","@id":"https:\/\/kinaikaleidoszkop.hu\/#\/schema\/person\/image\/","url":"https:\/\/secure.gravatar.com\/avatar\/b1498042bc4969020b4951f204f963e97c3d7d199f3790c1071adf67c61d0aa5?s=96&d=mm&r=g","contentUrl":"https:\/\/secure.gravatar.com\/avatar\/b1498042bc4969020b4951f204f963e97c3d7d199f3790c1071adf67c61d0aa5?s=96&d=mm&r=g","caption":"admin-sebi"},"url":"https:\/\/kinaikaleidoszkop.hu\/index.php\/author\/admin-sebi\/"}]}},"views":244,"distributor_meta":false,"distributor_terms":false,"distributor_media":false,"distributor_original_site_name":"kinaikaleidoszkop.hu","distributor_original_site_url":"https:\/\/kinaikaleidoszkop.hu","push-errors":false,"_links":{"self":[{"href":"https:\/\/kinaikaleidoszkop.hu\/index.php\/wp-json\/wp\/v2\/posts\/18877","targetHints":{"allow":["GET"]}}],"collection":[{"href":"https:\/\/kinaikaleidoszkop.hu\/index.php\/wp-json\/wp\/v2\/posts"}],"about":[{"href":"https:\/\/kinaikaleidoszkop.hu\/index.php\/wp-json\/wp\/v2\/types\/post"}],"author":[{"embeddable":true,"href":"https:\/\/kinaikaleidoszkop.hu\/index.php\/wp-json\/wp\/v2\/users\/6"}],"replies":[{"embeddable":true,"href":"https:\/\/kinaikaleidoszkop.hu\/index.php\/wp-json\/wp\/v2\/comments?post=18877"}],"version-history":[{"count":2,"href":"https:\/\/kinaikaleidoszkop.hu\/index.php\/wp-json\/wp\/v2\/posts\/18877\/revisions"}],"predecessor-version":[{"id":18881,"href":"https:\/\/kinaikaleidoszkop.hu\/index.php\/wp-json\/wp\/v2\/posts\/18877\/revisions\/18881"}],"wp:featuredmedia":[{"embeddable":true,"href":"https:\/\/kinaikaleidoszkop.hu\/index.php\/wp-json\/wp\/v2\/media\/18879"}],"wp:attachment":[{"href":"https:\/\/kinaikaleidoszkop.hu\/index.php\/wp-json\/wp\/v2\/media?parent=18877"}],"wp:term":[{"taxonomy":"category","embeddable":true,"href":"https:\/\/kinaikaleidoszkop.hu\/index.php\/wp-json\/wp\/v2\/categories?post=18877"},{"taxonomy":"post_tag","embeddable":true,"href":"https:\/\/kinaikaleidoszkop.hu\/index.php\/wp-json\/wp\/v2\/tags?post=18877"}],"curies":[{"name":"wp","href":"https:\/\/api.w.org\/{rel}","templated":true}]}}