{"id":18897,"date":"2023-09-08T15:51:16","date_gmt":"2023-09-08T13:51:16","guid":{"rendered":"https:\/\/kinaikaleidoszkop.hu\/?p=18897"},"modified":"2023-09-08T16:09:22","modified_gmt":"2023-09-08T14:09:22","slug":"kinai-irasjelek-es-civilizacio-kiallitas-video","status":"publish","type":"post","link":"https:\/\/kinaikaleidoszkop.hu\/index.php\/2023\/09\/08\/kinai-irasjelek-es-civilizacio-kiallitas-video\/","title":{"rendered":"K\u00ednai \u00edr\u00e1sjelek \u00e9s civiliz\u00e1ci\u00f3 ki\u00e1ll\u00edt\u00e1s &#8211; vide\u00f3"},"content":{"rendered":"\n<p><strong>A ki\u00e1ll\u00edt\u00e1s kapcs\u00e1n Gerencs\u00e9r Judittal, az Orsz\u00e1gos Sz\u00e9ch\u00e9nyi K\u00f6nyvt\u00e1r f\u0151igazgat\u00f3-helyettes\u00e9vel k\u00e9sz\u00fclt besz\u00e9lget\u00e9s.<\/strong><\/p>\n\n\n\n<figure class=\"wp-block-embed is-type-video is-provider-youtube wp-block-embed-youtube wp-embed-aspect-16-9 wp-has-aspect-ratio\"><div class=\"wp-block-embed__wrapper\">\n<iframe loading=\"lazy\" title=\"CENTRUM TV | K\u00ednai \u00edr\u00e1sjelek \u00e9s civiliz\u00e1ci\u00f3 ki\u00e1ll\u00edt\u00e1s\" width=\"1320\" height=\"743\" src=\"https:\/\/www.youtube.com\/embed\/f1bFgBhykmo?feature=oembed\" frameborder=\"0\" allow=\"accelerometer; autoplay; clipboard-write; encrypted-media; gyroscope; picture-in-picture; web-share\" allowfullscreen><\/iframe>\n<\/div><\/figure>\n\n\n\n<p><strong><em>2023. 09. 08.<\/em><\/strong><\/p>\n","protected":false},"excerpt":{"rendered":"<p>A ki\u00e1ll\u00edt\u00e1s kapcs\u00e1n Gerencs\u00e9r Judittal, az Orsz\u00e1gos Sz\u00e9ch\u00e9nyi K\u00f6nyvt\u00e1r f\u0151igazgat\u00f3-helyettes\u00e9vel k\u00e9sz\u00fclt besz\u00e9lget\u00e9s. 2023. 09. 08.<\/p>\n","protected":false},"author":6,"featured_media":18899,"comment_status":"closed","ping_status":"closed","sticky":false,"template":"","format":"standard","meta":{"footnotes":""},"categories":[91,63],"tags":[127,3010,3011,1036],"class_list":["post-18897","post","type-post","status-publish","format-standard","has-post-thumbnail","hentry","category-kepek-videok","category-kultura","tag-kiallitas","tag-kinai-irasjelek","tag-orszagos-szechenyi-konyvtar","tag-video-2"],"yoast_head":"<!-- This site is optimized with the Yoast SEO plugin v23.7 - https:\/\/yoast.com\/wordpress\/plugins\/seo\/ -->\n<title>K\u00ednai \u00edr\u00e1sjelek \u00e9s civiliz\u00e1ci\u00f3 ki\u00e1ll\u00edt\u00e1s - vide\u00f3 - kinaikaleidoszkop.hu<\/title>\n<meta name=\"robots\" content=\"index, follow, max-snippet:-1, max-image-preview:large, max-video-preview:-1\" \/>\n<link rel=\"canonical\" href=\"https:\/\/kinaikaleidoszkop.hu\/index.php\/2023\/09\/08\/kinai-irasjelek-es-civilizacio-kiallitas-video\/\" \/>\n<meta property=\"og:locale\" content=\"hu_HU\" \/>\n<meta property=\"og:type\" content=\"article\" \/>\n<meta property=\"og:title\" content=\"K\u00ednai \u00edr\u00e1sjelek \u00e9s civiliz\u00e1ci\u00f3 ki\u00e1ll\u00edt\u00e1s - vide\u00f3 - kinaikaleidoszkop.hu\" \/>\n<meta property=\"og:description\" content=\"A ki\u00e1ll\u00edt\u00e1s kapcs\u00e1n Gerencs\u00e9r Judittal, az Orsz\u00e1gos Sz\u00e9ch\u00e9nyi K\u00f6nyvt\u00e1r f\u0151igazgat\u00f3-helyettes\u00e9vel k\u00e9sz\u00fclt besz\u00e9lget\u00e9s. 2023. 09. 08.\" \/>\n<meta property=\"og:url\" content=\"https:\/\/kinaikaleidoszkop.hu\/index.php\/2023\/09\/08\/kinai-irasjelek-es-civilizacio-kiallitas-video\/\" \/>\n<meta property=\"og:site_name\" content=\"kinaikaleidoszkop.hu\" \/>\n<meta property=\"article:published_time\" content=\"2023-09-08T13:51:16+00:00\" \/>\n<meta property=\"article:modified_time\" content=\"2023-09-08T14:09:22+00:00\" \/>\n<meta property=\"og:image\" content=\"https:\/\/kinaikaleidoszkop.hu\/wp-content\/uploads\/2023\/09\/irasjel.png\" \/>\n\t<meta property=\"og:image:width\" content=\"1163\" \/>\n\t<meta property=\"og:image:height\" content=\"700\" \/>\n\t<meta property=\"og:image:type\" content=\"image\/png\" \/>\n<meta name=\"author\" content=\"admin-sebi\" \/>\n<meta name=\"twitter:card\" content=\"summary_large_image\" \/>\n<meta name=\"twitter:label1\" content=\"Szerz\u0151:\" \/>\n\t<meta name=\"twitter:data1\" content=\"admin-sebi\" \/>\n\t<meta name=\"twitter:label2\" content=\"Becs\u00fclt olvas\u00e1si id\u0151\" \/>\n\t<meta name=\"twitter:data2\" content=\"1 perc\" \/>\n<script type=\"application\/ld+json\" class=\"yoast-schema-graph\">{\"@context\":\"https:\/\/schema.org\",\"@graph\":[{\"@type\":\"WebPage\",\"@id\":\"https:\/\/kinaikaleidoszkop.hu\/index.php\/2023\/09\/08\/kinai-irasjelek-es-civilizacio-kiallitas-video\/\",\"url\":\"https:\/\/kinaikaleidoszkop.hu\/index.php\/2023\/09\/08\/kinai-irasjelek-es-civilizacio-kiallitas-video\/\",\"name\":\"K\u00ednai \u00edr\u00e1sjelek \u00e9s civiliz\u00e1ci\u00f3 ki\u00e1ll\u00edt\u00e1s - vide\u00f3 - kinaikaleidoszkop.hu\",\"isPartOf\":{\"@id\":\"https:\/\/kinaikaleidoszkop.hu\/#website\"},\"primaryImageOfPage\":{\"@id\":\"https:\/\/kinaikaleidoszkop.hu\/index.php\/2023\/09\/08\/kinai-irasjelek-es-civilizacio-kiallitas-video\/#primaryimage\"},\"image\":{\"@id\":\"https:\/\/kinaikaleidoszkop.hu\/index.php\/2023\/09\/08\/kinai-irasjelek-es-civilizacio-kiallitas-video\/#primaryimage\"},\"thumbnailUrl\":\"https:\/\/kinaikaleidoszkop.hu\/wp-content\/uploads\/2023\/09\/irasjel.png\",\"datePublished\":\"2023-09-08T13:51:16+00:00\",\"dateModified\":\"2023-09-08T14:09:22+00:00\",\"author\":{\"@id\":\"https:\/\/kinaikaleidoszkop.hu\/#\/schema\/person\/fd215d3a8bab54daeb796ae166f99ea5\"},\"breadcrumb\":{\"@id\":\"https:\/\/kinaikaleidoszkop.hu\/index.php\/2023\/09\/08\/kinai-irasjelek-es-civilizacio-kiallitas-video\/#breadcrumb\"},\"inLanguage\":\"hu\",\"potentialAction\":[{\"@type\":\"ReadAction\",\"target\":[\"https:\/\/kinaikaleidoszkop.hu\/index.php\/2023\/09\/08\/kinai-irasjelek-es-civilizacio-kiallitas-video\/\"]}]},{\"@type\":\"ImageObject\",\"inLanguage\":\"hu\",\"@id\":\"https:\/\/kinaikaleidoszkop.hu\/index.php\/2023\/09\/08\/kinai-irasjelek-es-civilizacio-kiallitas-video\/#primaryimage\",\"url\":\"https:\/\/kinaikaleidoszkop.hu\/wp-content\/uploads\/2023\/09\/irasjel.png\",\"contentUrl\":\"https:\/\/kinaikaleidoszkop.hu\/wp-content\/uploads\/2023\/09\/irasjel.png\",\"width\":1163,\"height\":700},{\"@type\":\"BreadcrumbList\",\"@id\":\"https:\/\/kinaikaleidoszkop.hu\/index.php\/2023\/09\/08\/kinai-irasjelek-es-civilizacio-kiallitas-video\/#breadcrumb\",\"itemListElement\":[{\"@type\":\"ListItem\",\"position\":1,\"name\":\"Kezd\u0151lap\",\"item\":\"https:\/\/kinaikaleidoszkop.hu\/\"},{\"@type\":\"ListItem\",\"position\":2,\"name\":\"K\u00ednai \u00edr\u00e1sjelek \u00e9s civiliz\u00e1ci\u00f3 ki\u00e1ll\u00edt\u00e1s &#8211; vide\u00f3\"}]},{\"@type\":\"WebSite\",\"@id\":\"https:\/\/kinaikaleidoszkop.hu\/#website\",\"url\":\"https:\/\/kinaikaleidoszkop.hu\/\",\"name\":\"kinaikaleidoszkop.hu\",\"description\":\"\",\"potentialAction\":[{\"@type\":\"SearchAction\",\"target\":{\"@type\":\"EntryPoint\",\"urlTemplate\":\"https:\/\/kinaikaleidoszkop.hu\/?s={search_term_string}\"},\"query-input\":{\"@type\":\"PropertyValueSpecification\",\"valueRequired\":true,\"valueName\":\"search_term_string\"}}],\"inLanguage\":\"hu\"},{\"@type\":\"Person\",\"@id\":\"https:\/\/kinaikaleidoszkop.hu\/#\/schema\/person\/fd215d3a8bab54daeb796ae166f99ea5\",\"name\":\"admin-sebi\",\"image\":{\"@type\":\"ImageObject\",\"inLanguage\":\"hu\",\"@id\":\"https:\/\/kinaikaleidoszkop.hu\/#\/schema\/person\/image\/\",\"url\":\"https:\/\/secure.gravatar.com\/avatar\/b1498042bc4969020b4951f204f963e97c3d7d199f3790c1071adf67c61d0aa5?s=96&d=mm&r=g\",\"contentUrl\":\"https:\/\/secure.gravatar.com\/avatar\/b1498042bc4969020b4951f204f963e97c3d7d199f3790c1071adf67c61d0aa5?s=96&d=mm&r=g\",\"caption\":\"admin-sebi\"},\"url\":\"https:\/\/kinaikaleidoszkop.hu\/index.php\/author\/admin-sebi\/\"}]}<\/script>\n<!-- \/ Yoast SEO plugin. -->","yoast_head_json":{"title":"K\u00ednai \u00edr\u00e1sjelek \u00e9s civiliz\u00e1ci\u00f3 ki\u00e1ll\u00edt\u00e1s - vide\u00f3 - kinaikaleidoszkop.hu","robots":{"index":"index","follow":"follow","max-snippet":"max-snippet:-1","max-image-preview":"max-image-preview:large","max-video-preview":"max-video-preview:-1"},"canonical":"https:\/\/kinaikaleidoszkop.hu\/index.php\/2023\/09\/08\/kinai-irasjelek-es-civilizacio-kiallitas-video\/","og_locale":"hu_HU","og_type":"article","og_title":"K\u00ednai \u00edr\u00e1sjelek \u00e9s civiliz\u00e1ci\u00f3 ki\u00e1ll\u00edt\u00e1s - vide\u00f3 - kinaikaleidoszkop.hu","og_description":"A ki\u00e1ll\u00edt\u00e1s kapcs\u00e1n Gerencs\u00e9r Judittal, az Orsz\u00e1gos Sz\u00e9ch\u00e9nyi K\u00f6nyvt\u00e1r f\u0151igazgat\u00f3-helyettes\u00e9vel k\u00e9sz\u00fclt besz\u00e9lget\u00e9s. 2023. 09. 08.","og_url":"https:\/\/kinaikaleidoszkop.hu\/index.php\/2023\/09\/08\/kinai-irasjelek-es-civilizacio-kiallitas-video\/","og_site_name":"kinaikaleidoszkop.hu","article_published_time":"2023-09-08T13:51:16+00:00","article_modified_time":"2023-09-08T14:09:22+00:00","og_image":[{"width":1163,"height":700,"url":"https:\/\/kinaikaleidoszkop.hu\/wp-content\/uploads\/2023\/09\/irasjel.png","type":"image\/png"}],"author":"admin-sebi","twitter_card":"summary_large_image","twitter_misc":{"Szerz\u0151:":"admin-sebi","Becs\u00fclt olvas\u00e1si id\u0151":"1 perc"},"schema":{"@context":"https:\/\/schema.org","@graph":[{"@type":"WebPage","@id":"https:\/\/kinaikaleidoszkop.hu\/index.php\/2023\/09\/08\/kinai-irasjelek-es-civilizacio-kiallitas-video\/","url":"https:\/\/kinaikaleidoszkop.hu\/index.php\/2023\/09\/08\/kinai-irasjelek-es-civilizacio-kiallitas-video\/","name":"K\u00ednai \u00edr\u00e1sjelek \u00e9s civiliz\u00e1ci\u00f3 ki\u00e1ll\u00edt\u00e1s - vide\u00f3 - kinaikaleidoszkop.hu","isPartOf":{"@id":"https:\/\/kinaikaleidoszkop.hu\/#website"},"primaryImageOfPage":{"@id":"https:\/\/kinaikaleidoszkop.hu\/index.php\/2023\/09\/08\/kinai-irasjelek-es-civilizacio-kiallitas-video\/#primaryimage"},"image":{"@id":"https:\/\/kinaikaleidoszkop.hu\/index.php\/2023\/09\/08\/kinai-irasjelek-es-civilizacio-kiallitas-video\/#primaryimage"},"thumbnailUrl":"https:\/\/kinaikaleidoszkop.hu\/wp-content\/uploads\/2023\/09\/irasjel.png","datePublished":"2023-09-08T13:51:16+00:00","dateModified":"2023-09-08T14:09:22+00:00","author":{"@id":"https:\/\/kinaikaleidoszkop.hu\/#\/schema\/person\/fd215d3a8bab54daeb796ae166f99ea5"},"breadcrumb":{"@id":"https:\/\/kinaikaleidoszkop.hu\/index.php\/2023\/09\/08\/kinai-irasjelek-es-civilizacio-kiallitas-video\/#breadcrumb"},"inLanguage":"hu","potentialAction":[{"@type":"ReadAction","target":["https:\/\/kinaikaleidoszkop.hu\/index.php\/2023\/09\/08\/kinai-irasjelek-es-civilizacio-kiallitas-video\/"]}]},{"@type":"ImageObject","inLanguage":"hu","@id":"https:\/\/kinaikaleidoszkop.hu\/index.php\/2023\/09\/08\/kinai-irasjelek-es-civilizacio-kiallitas-video\/#primaryimage","url":"https:\/\/kinaikaleidoszkop.hu\/wp-content\/uploads\/2023\/09\/irasjel.png","contentUrl":"https:\/\/kinaikaleidoszkop.hu\/wp-content\/uploads\/2023\/09\/irasjel.png","width":1163,"height":700},{"@type":"BreadcrumbList","@id":"https:\/\/kinaikaleidoszkop.hu\/index.php\/2023\/09\/08\/kinai-irasjelek-es-civilizacio-kiallitas-video\/#breadcrumb","itemListElement":[{"@type":"ListItem","position":1,"name":"Kezd\u0151lap","item":"https:\/\/kinaikaleidoszkop.hu\/"},{"@type":"ListItem","position":2,"name":"K\u00ednai \u00edr\u00e1sjelek \u00e9s civiliz\u00e1ci\u00f3 ki\u00e1ll\u00edt\u00e1s &#8211; vide\u00f3"}]},{"@type":"WebSite","@id":"https:\/\/kinaikaleidoszkop.hu\/#website","url":"https:\/\/kinaikaleidoszkop.hu\/","name":"kinaikaleidoszkop.hu","description":"","potentialAction":[{"@type":"SearchAction","target":{"@type":"EntryPoint","urlTemplate":"https:\/\/kinaikaleidoszkop.hu\/?s={search_term_string}"},"query-input":{"@type":"PropertyValueSpecification","valueRequired":true,"valueName":"search_term_string"}}],"inLanguage":"hu"},{"@type":"Person","@id":"https:\/\/kinaikaleidoszkop.hu\/#\/schema\/person\/fd215d3a8bab54daeb796ae166f99ea5","name":"admin-sebi","image":{"@type":"ImageObject","inLanguage":"hu","@id":"https:\/\/kinaikaleidoszkop.hu\/#\/schema\/person\/image\/","url":"https:\/\/secure.gravatar.com\/avatar\/b1498042bc4969020b4951f204f963e97c3d7d199f3790c1071adf67c61d0aa5?s=96&d=mm&r=g","contentUrl":"https:\/\/secure.gravatar.com\/avatar\/b1498042bc4969020b4951f204f963e97c3d7d199f3790c1071adf67c61d0aa5?s=96&d=mm&r=g","caption":"admin-sebi"},"url":"https:\/\/kinaikaleidoszkop.hu\/index.php\/author\/admin-sebi\/"}]}},"views":296,"distributor_meta":false,"distributor_terms":false,"distributor_media":false,"distributor_original_site_name":"kinaikaleidoszkop.hu","distributor_original_site_url":"https:\/\/kinaikaleidoszkop.hu","push-errors":false,"_links":{"self":[{"href":"https:\/\/kinaikaleidoszkop.hu\/index.php\/wp-json\/wp\/v2\/posts\/18897","targetHints":{"allow":["GET"]}}],"collection":[{"href":"https:\/\/kinaikaleidoszkop.hu\/index.php\/wp-json\/wp\/v2\/posts"}],"about":[{"href":"https:\/\/kinaikaleidoszkop.hu\/index.php\/wp-json\/wp\/v2\/types\/post"}],"author":[{"embeddable":true,"href":"https:\/\/kinaikaleidoszkop.hu\/index.php\/wp-json\/wp\/v2\/users\/6"}],"replies":[{"embeddable":true,"href":"https:\/\/kinaikaleidoszkop.hu\/index.php\/wp-json\/wp\/v2\/comments?post=18897"}],"version-history":[{"count":3,"href":"https:\/\/kinaikaleidoszkop.hu\/index.php\/wp-json\/wp\/v2\/posts\/18897\/revisions"}],"predecessor-version":[{"id":18903,"href":"https:\/\/kinaikaleidoszkop.hu\/index.php\/wp-json\/wp\/v2\/posts\/18897\/revisions\/18903"}],"wp:featuredmedia":[{"embeddable":true,"href":"https:\/\/kinaikaleidoszkop.hu\/index.php\/wp-json\/wp\/v2\/media\/18899"}],"wp:attachment":[{"href":"https:\/\/kinaikaleidoszkop.hu\/index.php\/wp-json\/wp\/v2\/media?parent=18897"}],"wp:term":[{"taxonomy":"category","embeddable":true,"href":"https:\/\/kinaikaleidoszkop.hu\/index.php\/wp-json\/wp\/v2\/categories?post=18897"},{"taxonomy":"post_tag","embeddable":true,"href":"https:\/\/kinaikaleidoszkop.hu\/index.php\/wp-json\/wp\/v2\/tags?post=18897"}],"curies":[{"name":"wp","href":"https:\/\/api.w.org\/{rel}","templated":true}]}}