{"id":18923,"date":"2023-09-12T13:03:30","date_gmt":"2023-09-12T11:03:30","guid":{"rendered":"https:\/\/kinaikaleidoszkop.hu\/?p=18923"},"modified":"2023-09-12T13:03:31","modified_gmt":"2023-09-12T11:03:31","slug":"kuldetesenek-befejeztevel-a-tianzhou-5-teherurhajo-visszatert-a-fold-legkorebe","status":"publish","type":"post","link":"https:\/\/kinaikaleidoszkop.hu\/index.php\/2023\/09\/12\/kuldetesenek-befejeztevel-a-tianzhou-5-teherurhajo-visszatert-a-fold-legkorebe\/","title":{"rendered":"K\u00fcldet\u00e9s\u00e9nek befejezt\u00e9vel a Tianzhou-5 teher\u0171rhaj\u00f3 visszat\u00e9rt a F\u00f6ld l\u00e9gk\u00f6r\u00e9be"},"content":{"rendered":"\n<p><strong>A Tianzhou-5 k\u00ednai teher\u0171rhaj\u00f3 pekingi id\u0151 szerint kedd reggel 9:13-kor ellen\u0151rz\u00f6tt m\u00f3don bel\u00e9pett a F\u00f6ld l\u00e9gk\u00f6r\u00e9be a K\u00ednai Emberes \u0170r\u00fcgyn\u00f6ks\u00e9g (CMSA) t\u00e1j\u00e9koztat\u00e1sa szerint.<\/strong><\/p>\n\n\n<div class=\"wp-block-image\">\n<figure class=\"alignright is-resized\"><img loading=\"lazy\" decoding=\"async\" src=\"https:\/\/hirpest.hu\/wp-content\/uploads\/2023\/09\/t\u5929\u821f.png\" alt=\"\" class=\"wp-image-18613\" style=\"width:403px;height:227px\" width=\"403\" height=\"227\"\/><\/figure>\n<\/div>\n\n\n<p>Az \u0171rhaj\u00f3 alkatr\u00e9szeinek nagy r\u00e9sze el\u00e9gett a l\u00e9gk\u00f6rbe t\u00f6rt\u00e9n\u0151 bel\u00e9p\u00e9s sor\u00e1n. A kisebb mennyis\u00e9g\u0171 roncs biztons\u00e1gos m\u00f3don a Csendes-\u00f3ce\u00e1n d\u00e9li r\u00e9sz\u00e9nek el\u0151re meghat\u00e1rozott v\u00edzter\u00fclet\u00e9be hullott. A teher\u0171rhaj\u00f3t 2022. november 22-\u00e9n bocs\u00e1tott\u00e1k fel a Hainan tartom\u00e1nyi Wenchang \u0170rk\u00f6zpontb\u00f3l.<\/p>\n\n\n\n<p>A Tianzhou-5 h\u00e9tf\u0151n 16:46-kor v\u00e1lt le a kering\u0151 Tiangong k\u00ednai \u0171r\u00e1llom\u00e1sr\u00f3l \u00e9s v\u00e1ltott \u00f6n\u00e1ll\u00f3 rep\u00fcl\u00e9sre.<\/p>\n\n\n\n<p>Az \u0170r\u00fcgyn\u00f6ks\u00e9g t\u00e1j\u00e9koztat\u00e1sa szerint a Tianzhou-5 teher\u0171rhaj\u00f3 k\u00f6zrem\u0171k\u00f6d\u00e9s\u00e9vel elind\u00edtott sz\u00e1mos \u0171rprojekt z\u00f6kken\u0151mentesen halad. A teher\u0171rhaj\u00f3 fontos tapasztalatokat gy\u0171jt\u00f6tt az \u0171r\u00e1llom\u00e1s \u00fczemeltet\u00e9s\u00e9vel kapcsolatosan.<\/p>\n\n\n\n<p>A projektek k\u00f6z\u00e9 tartozik a \u201eMaka\u00f3i Student Science Satellite 1\u201d nev\u0171 m\u0171hold, amelyet december 18-\u00e1n \u00e1ll\u00edtott\u00e1k p\u00e1ly\u00e1ra \u00e9s a teher\u0171rhaj\u00f3 sz\u00e1ll\u00edtott. A m\u0171hold stabilan m\u0171k\u00f6dik, \u0171ralap\u00fa tudom\u00e1nyos gyakorlati platformk\u00e9nt szolg\u00e1l az amat\u0151r r\u00e1di\u00f3rajong\u00f3k sz\u00e1m\u00e1ra szerte a vil\u00e1gon, egy\u00fattal hat\u00e9konyabb\u00e1 tette az egy\u00fcttm\u0171k\u00f6d\u00e9st \u00e9s cser\u00e9ket K\u00edna \u00e9s Maka\u00f3 k\u00f6z\u00f6tt az \u0171rtudom\u00e1ny n\u00e9pszer\u0171s\u00edt\u00e9se \u00e9s oktat\u00e1sa ter\u00e9n \u2013 jegyezte meg az \u0171r\u00fcgyn\u00f6ks\u00e9g.<\/p>\n\n\n\n<p><strong><em>(Zhou Huiwen \u2013 China Media Group)<\/em><\/strong><\/p>\n\n\n\n<p><strong>2023. szeptember 12.<\/strong><\/p>\n\n\n\n<p><strong><em>(x)<\/em><\/strong><\/p>\n","protected":false},"excerpt":{"rendered":"<p>A Tianzhou-5 k\u00ednai teher\u0171rhaj\u00f3 pekingi id\u0151 szerint kedd reggel 9:13-kor ellen\u0151rz\u00f6tt m\u00f3don bel\u00e9pett a F\u00f6ld l\u00e9gk\u00f6r\u00e9be a K\u00ednai Emberes \u0170r\u00fcgyn\u00f6ks\u00e9g (CMSA) t\u00e1j\u00e9koztat\u00e1sa szerint. Az \u0171rhaj\u00f3 alkatr\u00e9szeinek nagy r\u00e9sze el\u00e9gett a l\u00e9gk\u00f6rbe t\u00f6rt\u00e9n\u0151 bel\u00e9p\u00e9s sor\u00e1n. A kisebb mennyis\u00e9g\u0171 roncs biztons\u00e1gos m\u00f3don a Csendes-\u00f3ce\u00e1n d\u00e9li r\u00e9sz\u00e9nek el\u0151re meghat\u00e1rozott v\u00edzter\u00fclet\u00e9be hullott. A teher\u0171rhaj\u00f3t 2022. november 22-\u00e9n bocs\u00e1tott\u00e1k fel [&hellip;]<\/p>\n","protected":false},"author":2,"featured_media":18926,"comment_status":"closed","ping_status":"closed","sticky":false,"template":"","format":"standard","meta":{"footnotes":""},"categories":[45],"tags":[1782,3022,1056,3020,3021,1151,3023],"class_list":["post-18923","post","type-post","status-publish","format-standard","has-post-thumbnail","hentry","category-hirek","tag-kuldetes","tag-legkor","tag-makao","tag-roncs","tag-tianzhou-5-teherurhajo","tag-urallomas","tag-wenchang-urkozpont"],"yoast_head":"<!-- This site is optimized with the Yoast SEO plugin v23.7 - https:\/\/yoast.com\/wordpress\/plugins\/seo\/ -->\n<title>K\u00fcldet\u00e9s\u00e9nek befejezt\u00e9vel a Tianzhou-5 teher\u0171rhaj\u00f3 visszat\u00e9rt a F\u00f6ld l\u00e9gk\u00f6r\u00e9be - kinaikaleidoszkop.hu<\/title>\n<meta name=\"robots\" content=\"index, follow, max-snippet:-1, max-image-preview:large, max-video-preview:-1\" \/>\n<link rel=\"canonical\" href=\"https:\/\/kinaikaleidoszkop.hu\/index.php\/2023\/09\/12\/kuldetesenek-befejeztevel-a-tianzhou-5-teherurhajo-visszatert-a-fold-legkorebe\/\" \/>\n<meta property=\"og:locale\" content=\"hu_HU\" \/>\n<meta property=\"og:type\" content=\"article\" \/>\n<meta property=\"og:title\" content=\"K\u00fcldet\u00e9s\u00e9nek befejezt\u00e9vel a Tianzhou-5 teher\u0171rhaj\u00f3 visszat\u00e9rt a F\u00f6ld l\u00e9gk\u00f6r\u00e9be - kinaikaleidoszkop.hu\" \/>\n<meta property=\"og:description\" content=\"A Tianzhou-5 k\u00ednai teher\u0171rhaj\u00f3 pekingi id\u0151 szerint kedd reggel 9:13-kor ellen\u0151rz\u00f6tt m\u00f3don bel\u00e9pett a F\u00f6ld l\u00e9gk\u00f6r\u00e9be a K\u00ednai Emberes \u0170r\u00fcgyn\u00f6ks\u00e9g (CMSA) t\u00e1j\u00e9koztat\u00e1sa szerint. Az \u0171rhaj\u00f3 alkatr\u00e9szeinek nagy r\u00e9sze el\u00e9gett a l\u00e9gk\u00f6rbe t\u00f6rt\u00e9n\u0151 bel\u00e9p\u00e9s sor\u00e1n. A kisebb mennyis\u00e9g\u0171 roncs biztons\u00e1gos m\u00f3don a Csendes-\u00f3ce\u00e1n d\u00e9li r\u00e9sz\u00e9nek el\u0151re meghat\u00e1rozott v\u00edzter\u00fclet\u00e9be hullott. A teher\u0171rhaj\u00f3t 2022. november 22-\u00e9n bocs\u00e1tott\u00e1k fel [&hellip;]\" \/>\n<meta property=\"og:url\" content=\"https:\/\/kinaikaleidoszkop.hu\/index.php\/2023\/09\/12\/kuldetesenek-befejeztevel-a-tianzhou-5-teherurhajo-visszatert-a-fold-legkorebe\/\" \/>\n<meta property=\"og:site_name\" content=\"kinaikaleidoszkop.hu\" \/>\n<meta property=\"article:published_time\" content=\"2023-09-12T11:03:30+00:00\" \/>\n<meta property=\"article:modified_time\" content=\"2023-09-12T11:03:31+00:00\" \/>\n<meta property=\"og:image\" content=\"https:\/\/kinaikaleidoszkop.hu\/wp-content\/uploads\/2023\/09\/t\u5929\u821f.png\" \/>\n\t<meta property=\"og:image:width\" content=\"600\" \/>\n\t<meta property=\"og:image:height\" content=\"338\" \/>\n\t<meta property=\"og:image:type\" content=\"image\/png\" \/>\n<meta name=\"author\" content=\"admin-szabolcs\" \/>\n<meta name=\"twitter:card\" content=\"summary_large_image\" \/>\n<meta name=\"twitter:label1\" content=\"Szerz\u0151:\" \/>\n\t<meta name=\"twitter:data1\" content=\"admin-szabolcs\" \/>\n\t<meta name=\"twitter:label2\" content=\"Becs\u00fclt olvas\u00e1si id\u0151\" \/>\n\t<meta name=\"twitter:data2\" content=\"2 perc\" \/>\n<script type=\"application\/ld+json\" class=\"yoast-schema-graph\">{\"@context\":\"https:\/\/schema.org\",\"@graph\":[{\"@type\":\"WebPage\",\"@id\":\"https:\/\/kinaikaleidoszkop.hu\/index.php\/2023\/09\/12\/kuldetesenek-befejeztevel-a-tianzhou-5-teherurhajo-visszatert-a-fold-legkorebe\/\",\"url\":\"https:\/\/kinaikaleidoszkop.hu\/index.php\/2023\/09\/12\/kuldetesenek-befejeztevel-a-tianzhou-5-teherurhajo-visszatert-a-fold-legkorebe\/\",\"name\":\"K\u00fcldet\u00e9s\u00e9nek befejezt\u00e9vel a Tianzhou-5 teher\u0171rhaj\u00f3 visszat\u00e9rt a F\u00f6ld l\u00e9gk\u00f6r\u00e9be - kinaikaleidoszkop.hu\",\"isPartOf\":{\"@id\":\"https:\/\/kinaikaleidoszkop.hu\/#website\"},\"primaryImageOfPage\":{\"@id\":\"https:\/\/kinaikaleidoszkop.hu\/index.php\/2023\/09\/12\/kuldetesenek-befejeztevel-a-tianzhou-5-teherurhajo-visszatert-a-fold-legkorebe\/#primaryimage\"},\"image\":{\"@id\":\"https:\/\/kinaikaleidoszkop.hu\/index.php\/2023\/09\/12\/kuldetesenek-befejeztevel-a-tianzhou-5-teherurhajo-visszatert-a-fold-legkorebe\/#primaryimage\"},\"thumbnailUrl\":\"https:\/\/kinaikaleidoszkop.hu\/wp-content\/uploads\/2023\/09\/t\u5929\u821f.png\",\"datePublished\":\"2023-09-12T11:03:30+00:00\",\"dateModified\":\"2023-09-12T11:03:31+00:00\",\"author\":{\"@id\":\"https:\/\/kinaikaleidoszkop.hu\/#\/schema\/person\/b9e2febe742edd540c1197716ec02bf7\"},\"breadcrumb\":{\"@id\":\"https:\/\/kinaikaleidoszkop.hu\/index.php\/2023\/09\/12\/kuldetesenek-befejeztevel-a-tianzhou-5-teherurhajo-visszatert-a-fold-legkorebe\/#breadcrumb\"},\"inLanguage\":\"hu\",\"potentialAction\":[{\"@type\":\"ReadAction\",\"target\":[\"https:\/\/kinaikaleidoszkop.hu\/index.php\/2023\/09\/12\/kuldetesenek-befejeztevel-a-tianzhou-5-teherurhajo-visszatert-a-fold-legkorebe\/\"]}]},{\"@type\":\"ImageObject\",\"inLanguage\":\"hu\",\"@id\":\"https:\/\/kinaikaleidoszkop.hu\/index.php\/2023\/09\/12\/kuldetesenek-befejeztevel-a-tianzhou-5-teherurhajo-visszatert-a-fold-legkorebe\/#primaryimage\",\"url\":\"https:\/\/kinaikaleidoszkop.hu\/wp-content\/uploads\/2023\/09\/t\u5929\u821f.png\",\"contentUrl\":\"https:\/\/kinaikaleidoszkop.hu\/wp-content\/uploads\/2023\/09\/t\u5929\u821f.png\",\"width\":600,\"height\":338},{\"@type\":\"BreadcrumbList\",\"@id\":\"https:\/\/kinaikaleidoszkop.hu\/index.php\/2023\/09\/12\/kuldetesenek-befejeztevel-a-tianzhou-5-teherurhajo-visszatert-a-fold-legkorebe\/#breadcrumb\",\"itemListElement\":[{\"@type\":\"ListItem\",\"position\":1,\"name\":\"Kezd\u0151lap\",\"item\":\"https:\/\/kinaikaleidoszkop.hu\/\"},{\"@type\":\"ListItem\",\"position\":2,\"name\":\"K\u00fcldet\u00e9s\u00e9nek befejezt\u00e9vel a Tianzhou-5 teher\u0171rhaj\u00f3 visszat\u00e9rt a F\u00f6ld l\u00e9gk\u00f6r\u00e9be\"}]},{\"@type\":\"WebSite\",\"@id\":\"https:\/\/kinaikaleidoszkop.hu\/#website\",\"url\":\"https:\/\/kinaikaleidoszkop.hu\/\",\"name\":\"kinaikaleidoszkop.hu\",\"description\":\"\",\"potentialAction\":[{\"@type\":\"SearchAction\",\"target\":{\"@type\":\"EntryPoint\",\"urlTemplate\":\"https:\/\/kinaikaleidoszkop.hu\/?s={search_term_string}\"},\"query-input\":{\"@type\":\"PropertyValueSpecification\",\"valueRequired\":true,\"valueName\":\"search_term_string\"}}],\"inLanguage\":\"hu\"},{\"@type\":\"Person\",\"@id\":\"https:\/\/kinaikaleidoszkop.hu\/#\/schema\/person\/b9e2febe742edd540c1197716ec02bf7\",\"name\":\"admin-szabolcs\",\"image\":{\"@type\":\"ImageObject\",\"inLanguage\":\"hu\",\"@id\":\"https:\/\/kinaikaleidoszkop.hu\/#\/schema\/person\/image\/\",\"url\":\"https:\/\/secure.gravatar.com\/avatar\/154f262492794df2a6cb5d5349227b18ef8f85ab462fbb32625fc42406483d21?s=96&d=mm&r=g\",\"contentUrl\":\"https:\/\/secure.gravatar.com\/avatar\/154f262492794df2a6cb5d5349227b18ef8f85ab462fbb32625fc42406483d21?s=96&d=mm&r=g\",\"caption\":\"admin-szabolcs\"},\"url\":\"https:\/\/kinaikaleidoszkop.hu\/index.php\/author\/admin-szabolcs\/\"}]}<\/script>\n<!-- \/ Yoast SEO plugin. -->","yoast_head_json":{"title":"K\u00fcldet\u00e9s\u00e9nek befejezt\u00e9vel a Tianzhou-5 teher\u0171rhaj\u00f3 visszat\u00e9rt a F\u00f6ld l\u00e9gk\u00f6r\u00e9be - kinaikaleidoszkop.hu","robots":{"index":"index","follow":"follow","max-snippet":"max-snippet:-1","max-image-preview":"max-image-preview:large","max-video-preview":"max-video-preview:-1"},"canonical":"https:\/\/kinaikaleidoszkop.hu\/index.php\/2023\/09\/12\/kuldetesenek-befejeztevel-a-tianzhou-5-teherurhajo-visszatert-a-fold-legkorebe\/","og_locale":"hu_HU","og_type":"article","og_title":"K\u00fcldet\u00e9s\u00e9nek befejezt\u00e9vel a Tianzhou-5 teher\u0171rhaj\u00f3 visszat\u00e9rt a F\u00f6ld l\u00e9gk\u00f6r\u00e9be - kinaikaleidoszkop.hu","og_description":"A Tianzhou-5 k\u00ednai teher\u0171rhaj\u00f3 pekingi id\u0151 szerint kedd reggel 9:13-kor ellen\u0151rz\u00f6tt m\u00f3don bel\u00e9pett a F\u00f6ld l\u00e9gk\u00f6r\u00e9be a K\u00ednai Emberes \u0170r\u00fcgyn\u00f6ks\u00e9g (CMSA) t\u00e1j\u00e9koztat\u00e1sa szerint. Az \u0171rhaj\u00f3 alkatr\u00e9szeinek nagy r\u00e9sze el\u00e9gett a l\u00e9gk\u00f6rbe t\u00f6rt\u00e9n\u0151 bel\u00e9p\u00e9s sor\u00e1n. A kisebb mennyis\u00e9g\u0171 roncs biztons\u00e1gos m\u00f3don a Csendes-\u00f3ce\u00e1n d\u00e9li r\u00e9sz\u00e9nek el\u0151re meghat\u00e1rozott v\u00edzter\u00fclet\u00e9be hullott. A teher\u0171rhaj\u00f3t 2022. november 22-\u00e9n bocs\u00e1tott\u00e1k fel [&hellip;]","og_url":"https:\/\/kinaikaleidoszkop.hu\/index.php\/2023\/09\/12\/kuldetesenek-befejeztevel-a-tianzhou-5-teherurhajo-visszatert-a-fold-legkorebe\/","og_site_name":"kinaikaleidoszkop.hu","article_published_time":"2023-09-12T11:03:30+00:00","article_modified_time":"2023-09-12T11:03:31+00:00","og_image":[{"width":600,"height":338,"url":"https:\/\/kinaikaleidoszkop.hu\/wp-content\/uploads\/2023\/09\/t\u5929\u821f.png","type":"image\/png"}],"author":"admin-szabolcs","twitter_card":"summary_large_image","twitter_misc":{"Szerz\u0151:":"admin-szabolcs","Becs\u00fclt olvas\u00e1si id\u0151":"2 perc"},"schema":{"@context":"https:\/\/schema.org","@graph":[{"@type":"WebPage","@id":"https:\/\/kinaikaleidoszkop.hu\/index.php\/2023\/09\/12\/kuldetesenek-befejeztevel-a-tianzhou-5-teherurhajo-visszatert-a-fold-legkorebe\/","url":"https:\/\/kinaikaleidoszkop.hu\/index.php\/2023\/09\/12\/kuldetesenek-befejeztevel-a-tianzhou-5-teherurhajo-visszatert-a-fold-legkorebe\/","name":"K\u00fcldet\u00e9s\u00e9nek befejezt\u00e9vel a Tianzhou-5 teher\u0171rhaj\u00f3 visszat\u00e9rt a F\u00f6ld l\u00e9gk\u00f6r\u00e9be - kinaikaleidoszkop.hu","isPartOf":{"@id":"https:\/\/kinaikaleidoszkop.hu\/#website"},"primaryImageOfPage":{"@id":"https:\/\/kinaikaleidoszkop.hu\/index.php\/2023\/09\/12\/kuldetesenek-befejeztevel-a-tianzhou-5-teherurhajo-visszatert-a-fold-legkorebe\/#primaryimage"},"image":{"@id":"https:\/\/kinaikaleidoszkop.hu\/index.php\/2023\/09\/12\/kuldetesenek-befejeztevel-a-tianzhou-5-teherurhajo-visszatert-a-fold-legkorebe\/#primaryimage"},"thumbnailUrl":"https:\/\/kinaikaleidoszkop.hu\/wp-content\/uploads\/2023\/09\/t\u5929\u821f.png","datePublished":"2023-09-12T11:03:30+00:00","dateModified":"2023-09-12T11:03:31+00:00","author":{"@id":"https:\/\/kinaikaleidoszkop.hu\/#\/schema\/person\/b9e2febe742edd540c1197716ec02bf7"},"breadcrumb":{"@id":"https:\/\/kinaikaleidoszkop.hu\/index.php\/2023\/09\/12\/kuldetesenek-befejeztevel-a-tianzhou-5-teherurhajo-visszatert-a-fold-legkorebe\/#breadcrumb"},"inLanguage":"hu","potentialAction":[{"@type":"ReadAction","target":["https:\/\/kinaikaleidoszkop.hu\/index.php\/2023\/09\/12\/kuldetesenek-befejeztevel-a-tianzhou-5-teherurhajo-visszatert-a-fold-legkorebe\/"]}]},{"@type":"ImageObject","inLanguage":"hu","@id":"https:\/\/kinaikaleidoszkop.hu\/index.php\/2023\/09\/12\/kuldetesenek-befejeztevel-a-tianzhou-5-teherurhajo-visszatert-a-fold-legkorebe\/#primaryimage","url":"https:\/\/kinaikaleidoszkop.hu\/wp-content\/uploads\/2023\/09\/t\u5929\u821f.png","contentUrl":"https:\/\/kinaikaleidoszkop.hu\/wp-content\/uploads\/2023\/09\/t\u5929\u821f.png","width":600,"height":338},{"@type":"BreadcrumbList","@id":"https:\/\/kinaikaleidoszkop.hu\/index.php\/2023\/09\/12\/kuldetesenek-befejeztevel-a-tianzhou-5-teherurhajo-visszatert-a-fold-legkorebe\/#breadcrumb","itemListElement":[{"@type":"ListItem","position":1,"name":"Kezd\u0151lap","item":"https:\/\/kinaikaleidoszkop.hu\/"},{"@type":"ListItem","position":2,"name":"K\u00fcldet\u00e9s\u00e9nek befejezt\u00e9vel a Tianzhou-5 teher\u0171rhaj\u00f3 visszat\u00e9rt a F\u00f6ld l\u00e9gk\u00f6r\u00e9be"}]},{"@type":"WebSite","@id":"https:\/\/kinaikaleidoszkop.hu\/#website","url":"https:\/\/kinaikaleidoszkop.hu\/","name":"kinaikaleidoszkop.hu","description":"","potentialAction":[{"@type":"SearchAction","target":{"@type":"EntryPoint","urlTemplate":"https:\/\/kinaikaleidoszkop.hu\/?s={search_term_string}"},"query-input":{"@type":"PropertyValueSpecification","valueRequired":true,"valueName":"search_term_string"}}],"inLanguage":"hu"},{"@type":"Person","@id":"https:\/\/kinaikaleidoszkop.hu\/#\/schema\/person\/b9e2febe742edd540c1197716ec02bf7","name":"admin-szabolcs","image":{"@type":"ImageObject","inLanguage":"hu","@id":"https:\/\/kinaikaleidoszkop.hu\/#\/schema\/person\/image\/","url":"https:\/\/secure.gravatar.com\/avatar\/154f262492794df2a6cb5d5349227b18ef8f85ab462fbb32625fc42406483d21?s=96&d=mm&r=g","contentUrl":"https:\/\/secure.gravatar.com\/avatar\/154f262492794df2a6cb5d5349227b18ef8f85ab462fbb32625fc42406483d21?s=96&d=mm&r=g","caption":"admin-szabolcs"},"url":"https:\/\/kinaikaleidoszkop.hu\/index.php\/author\/admin-szabolcs\/"}]}},"views":243,"distributor_meta":false,"distributor_terms":false,"distributor_media":false,"distributor_original_site_name":"kinaikaleidoszkop.hu","distributor_original_site_url":"https:\/\/kinaikaleidoszkop.hu","push-errors":false,"_links":{"self":[{"href":"https:\/\/kinaikaleidoszkop.hu\/index.php\/wp-json\/wp\/v2\/posts\/18923","targetHints":{"allow":["GET"]}}],"collection":[{"href":"https:\/\/kinaikaleidoszkop.hu\/index.php\/wp-json\/wp\/v2\/posts"}],"about":[{"href":"https:\/\/kinaikaleidoszkop.hu\/index.php\/wp-json\/wp\/v2\/types\/post"}],"author":[{"embeddable":true,"href":"https:\/\/kinaikaleidoszkop.hu\/index.php\/wp-json\/wp\/v2\/users\/2"}],"replies":[{"embeddable":true,"href":"https:\/\/kinaikaleidoszkop.hu\/index.php\/wp-json\/wp\/v2\/comments?post=18923"}],"version-history":[{"count":1,"href":"https:\/\/kinaikaleidoszkop.hu\/index.php\/wp-json\/wp\/v2\/posts\/18923\/revisions"}],"predecessor-version":[{"id":18927,"href":"https:\/\/kinaikaleidoszkop.hu\/index.php\/wp-json\/wp\/v2\/posts\/18923\/revisions\/18927"}],"wp:featuredmedia":[{"embeddable":true,"href":"https:\/\/kinaikaleidoszkop.hu\/index.php\/wp-json\/wp\/v2\/media\/18926"}],"wp:attachment":[{"href":"https:\/\/kinaikaleidoszkop.hu\/index.php\/wp-json\/wp\/v2\/media?parent=18923"}],"wp:term":[{"taxonomy":"category","embeddable":true,"href":"https:\/\/kinaikaleidoszkop.hu\/index.php\/wp-json\/wp\/v2\/categories?post=18923"},{"taxonomy":"post_tag","embeddable":true,"href":"https:\/\/kinaikaleidoszkop.hu\/index.php\/wp-json\/wp\/v2\/tags?post=18923"}],"curies":[{"name":"wp","href":"https:\/\/api.w.org\/{rel}","templated":true}]}}