{"id":18933,"date":"2023-09-13T11:07:55","date_gmt":"2023-09-13T09:07:55","guid":{"rendered":"https:\/\/kinaikaleidoszkop.hu\/?p=18933"},"modified":"2023-09-13T11:07:56","modified_gmt":"2023-09-13T09:07:56","slug":"cmg-kommentar-az-afrikai-unio-g20-csatlakozasa-mit-hozhat-a-vilagnak","status":"publish","type":"post","link":"https:\/\/kinaikaleidoszkop.hu\/index.php\/2023\/09\/13\/cmg-kommentar-az-afrikai-unio-g20-csatlakozasa-mit-hozhat-a-vilagnak\/","title":{"rendered":"CMG-komment\u00e1r: Az Afrikai Uni\u00f3 G20-csatlakoz\u00e1sa mit hozhat a vil\u00e1gnak?"},"content":{"rendered":"\n<p class=\"wp-block-paragraph\"><strong>Vas\u00e1rnap \u00dajdelhiben v\u00e9get \u00e9rt a 18. G20-cs\u00facstal\u00e1lkoz\u00f3. A cs\u00facs egyik legfontosabb eredm\u00e9nye az Afrikai Uni\u00f3 G20-hoz csatlakoz\u00e1sa, ami v\u00e9get vet annak az eddig fenn\u00e1ll\u00f3 helyzetnek, hogy D\u00e9l-Afrika az afrikai kontinens egyetlen tagja a G20-ak k\u00f6zt. Az Afrikai Uni\u00f3 a G20 m\u00e1sodik region\u00e1lis szervezete az EU-t k\u00f6vet\u0151en.<\/strong><\/p>\n\n\n<div class=\"wp-block-image\">\n<figure class=\"alignright is-resized\"><img loading=\"lazy\" decoding=\"async\" src=\"https:\/\/hirpest.hu\/wp-content\/uploads\/2023\/09\/0912Lea1.jpg\" alt=\"\" class=\"wp-image-18623\" style=\"width:479px;height:319px\" width=\"479\" height=\"319\"\/><\/figure>\n<\/div>\n\n\n<p class=\"wp-block-paragraph\">K\u00fcls\u0151 k\u00f6rnyezetb\u0151l szeml\u00e9lve az afrikai gazdas\u00e1g egyre nagyobb m\u00e9rt\u00e9kben integr\u00e1l\u00f3dik a vil\u00e1ggazdas\u00e1gba, \u00e9s a glob\u00e1lis \u00fcgyekben is \u00e9szrevehet\u0151en n\u00f6vekedett Afrika \u00e9rintetts\u00e9ge.<\/p>\n\n\n\n<p class=\"wp-block-paragraph\">Az afrikai orsz\u00e1gok j\u00f3 bar\u00e1tjak\u00e9nt K\u00edna mindig t\u00e1mogatta az afrikai orsz\u00e1gokat \u00e9s az Afrikai Uni\u00f3t, hogy nagyobb szerepet j\u00e1tsszanak a nemzetk\u00f6zi \u00e9s region\u00e1lis \u00fcgyekben. Az ENSZ BT reformj\u00e1val kapcsolatban K\u00edna t\u00e1mogatja, hogy el\u0151sz\u00f6r Afrika k\u00f6vetel\u00e9seivel foglalkozzanak. Egyes szak\u00e9rt\u0151k kifejtett\u00e9k v\u00e9lem\u00e9ny\u00fcket ezzel kapcsolatban a CMG-nek, szerint\u00fck K\u00edna egyr\u00e9szt az\u00e9rt t\u00e1mogatja az Afrikai Uni\u00f3 G20-csatlakoz\u00e1s\u00e1t, mert K\u00edna \u00e9s Afrika hossz\u00fa m\u00faltra visszany\u00fal\u00f3 k\u00f6lcs\u00f6n\u00f6s politikai bizalmat tart fenn, \u00e9s j\u00f3 partnerei egym\u00e1snak a fejl\u0151d\u00e9s \u00fatj\u00e1n, m\u00e1sr\u00e9szt az\u00e9rt, mert Afrika fontos szerepl\u0151je a nemzetk\u00f6zi \u00fcgyeknek, illetve a nemzetk\u00f6zi m\u00e9lt\u00e1nyoss\u00e1g \u00e9s igazs\u00e1goss\u00e1g v\u00e9delm\u00e9nek. Az Afrikai Uni\u00f3 csatlakoz\u00e1sa a val\u00f3di multilateralizmus gy\u0151zelme.<\/p>\n\n\n\n<p class=\"wp-block-paragraph\"><em><strong>Az 55 orsz\u00e1gb\u00f3l \u00e1ll\u00f3, 1,4 milli\u00e1rdos lakoss\u00e1got k\u00e9pvisel\u0151 Afrikai Uni\u00f3 G20-csatlakoz\u00e1sa vajon mit hozhat Afrik\u00e1nak \u00e9s a vil\u00e1gnak?<\/strong><\/em><\/p>\n\n\n\n<p class=\"wp-block-paragraph\">Afrika eg\u00e9sze hozz\u00e1f\u00e9rhet a vil\u00e1g legfontosabb gazdas\u00e1gaival val\u00f3 koordin\u00e1ci\u00f3hoz a makroszint\u0171 p\u00e9nz\u00fcgyi politik\u00e1kban, ami seg\u00edthet az afrikai orsz\u00e1goknak az emelked\u0151 ad\u00f3ss\u00e1gkock\u00e1zat, a kl\u00edmav\u00e1ltoz\u00e1s \u00e9s a gabonabiztons\u00e1g kezel\u00e9s\u00e9ben.<\/p>\n\n\n\n<p class=\"wp-block-paragraph\">Mivel Afrika hatalmas er\u0151forr\u00e1sokkal, lakoss\u00e1ggal \u00e9s piaccal rendelkezik, miut\u00e1n integr\u00e1l\u00f3dott a glob\u00e1lis gazdas\u00e1gba, nagyobb fejl\u0151d\u00e9si potenci\u00e1l rejlik benne.<\/p>\n\n\n\n<p class=\"wp-block-paragraph\">T\u00e1gabb n\u00e9z\u0151pontb\u00f3l az Afrikai Uni\u00f3 G20-csatlakoz\u00e1sa n\u00f6velheti a fejl\u0151d\u0151 orsz\u00e1gok felsz\u00f3lal\u00e1si jog\u00e1t a nemzetk\u00f6zi \u00fcgyekben, a val\u00f3di multilateralizmus megval\u00f3s\u00edt\u00e1sa pedig visszatarthatja a hegemonizmust \u00e9s a hatalmi politik\u00e1t.<\/p>\n\n\n\n<p class=\"wp-block-paragraph\"><strong><em>(Ma Xiaolu \u2013 China Media Group)<\/em><\/strong><\/p>\n\n\n\n<p class=\"wp-block-paragraph\"><strong>2023. szeptember 13.<\/strong><\/p>\n\n\n\n<p class=\"wp-block-paragraph\"><strong><em>(x)<\/em><\/strong><\/p>\n","protected":false},"excerpt":{"rendered":"<p>Vas\u00e1rnap \u00dajdelhiben v\u00e9get \u00e9rt a 18. G20-cs\u00facstal\u00e1lkoz\u00f3. A cs\u00facs egyik legfontosabb eredm\u00e9nye az Afrikai Uni\u00f3 G20-hoz csatlakoz\u00e1sa, ami v\u00e9get vet annak az eddig fenn\u00e1ll\u00f3 helyzetnek, hogy D\u00e9l-Afrika az afrikai kontinens egyetlen tagja a G20-ak k\u00f6zt. Az Afrikai Uni\u00f3 a G20 m\u00e1sodik region\u00e1lis szervezete az EU-t k\u00f6vet\u0151en. K\u00fcls\u0151 k\u00f6rnyezetb\u0151l szeml\u00e9lve az afrikai gazdas\u00e1g egyre nagyobb m\u00e9rt\u00e9kben [&hellip;]<\/p>\n","protected":false},"author":2,"featured_media":18936,"comment_status":"closed","ping_status":"closed","sticky":false,"template":"","format":"standard","meta":{"footnotes":""},"categories":[45],"tags":[2487,1433,2520,3029,1717,376,408,2984],"class_list":["post-18933","post","type-post","status-publish","format-standard","has-post-thumbnail","hentry","category-hirek","tag-afrika","tag-afrikai-unio","tag-cmg-kommentar","tag-g20-csatlakozas","tag-g20-csucstalalkozo-2","tag-klimavaltozas","tag-multilateralizmus","tag-ujdelhi"],"yoast_head":"<!-- This site is optimized with the Yoast SEO plugin v23.7 - https:\/\/yoast.com\/wordpress\/plugins\/seo\/ -->\n<title>CMG-komment\u00e1r: Az Afrikai Uni\u00f3 G20-csatlakoz\u00e1sa mit hozhat a vil\u00e1gnak? - kinaikaleidoszkop.hu<\/title>\n<meta name=\"robots\" content=\"index, follow, max-snippet:-1, max-image-preview:large, max-video-preview:-1\" \/>\n<link rel=\"canonical\" href=\"https:\/\/kinaikaleidoszkop.hu\/index.php\/2023\/09\/13\/cmg-kommentar-az-afrikai-unio-g20-csatlakozasa-mit-hozhat-a-vilagnak\/\" \/>\n<meta property=\"og:locale\" content=\"hu_HU\" \/>\n<meta property=\"og:type\" content=\"article\" \/>\n<meta property=\"og:title\" content=\"CMG-komment\u00e1r: Az Afrikai Uni\u00f3 G20-csatlakoz\u00e1sa mit hozhat a vil\u00e1gnak? - kinaikaleidoszkop.hu\" \/>\n<meta property=\"og:description\" content=\"Vas\u00e1rnap \u00dajdelhiben v\u00e9get \u00e9rt a 18. G20-cs\u00facstal\u00e1lkoz\u00f3. A cs\u00facs egyik legfontosabb eredm\u00e9nye az Afrikai Uni\u00f3 G20-hoz csatlakoz\u00e1sa, ami v\u00e9get vet annak az eddig fenn\u00e1ll\u00f3 helyzetnek, hogy D\u00e9l-Afrika az afrikai kontinens egyetlen tagja a G20-ak k\u00f6zt. Az Afrikai Uni\u00f3 a G20 m\u00e1sodik region\u00e1lis szervezete az EU-t k\u00f6vet\u0151en. K\u00fcls\u0151 k\u00f6rnyezetb\u0151l szeml\u00e9lve az afrikai gazdas\u00e1g egyre nagyobb m\u00e9rt\u00e9kben [&hellip;]\" \/>\n<meta property=\"og:url\" content=\"https:\/\/kinaikaleidoszkop.hu\/index.php\/2023\/09\/13\/cmg-kommentar-az-afrikai-unio-g20-csatlakozasa-mit-hozhat-a-vilagnak\/\" \/>\n<meta property=\"og:site_name\" content=\"kinaikaleidoszkop.hu\" \/>\n<meta property=\"article:published_time\" content=\"2023-09-13T09:07:55+00:00\" \/>\n<meta property=\"article:modified_time\" content=\"2023-09-13T09:07:56+00:00\" \/>\n<meta property=\"og:image\" content=\"https:\/\/kinaikaleidoszkop.hu\/wp-content\/uploads\/2023\/09\/0912Lea1.jpg\" \/>\n\t<meta property=\"og:image:width\" content=\"600\" \/>\n\t<meta property=\"og:image:height\" content=\"400\" \/>\n\t<meta property=\"og:image:type\" content=\"image\/jpeg\" \/>\n<meta name=\"author\" content=\"admin-szabolcs\" \/>\n<meta name=\"twitter:card\" content=\"summary_large_image\" \/>\n<meta name=\"twitter:label1\" content=\"Szerz\u0151:\" \/>\n\t<meta name=\"twitter:data1\" content=\"admin-szabolcs\" \/>\n\t<meta name=\"twitter:label2\" content=\"Becs\u00fclt olvas\u00e1si id\u0151\" \/>\n\t<meta name=\"twitter:data2\" content=\"2 perc\" \/>\n<script type=\"application\/ld+json\" class=\"yoast-schema-graph\">{\"@context\":\"https:\/\/schema.org\",\"@graph\":[{\"@type\":\"WebPage\",\"@id\":\"https:\/\/kinaikaleidoszkop.hu\/index.php\/2023\/09\/13\/cmg-kommentar-az-afrikai-unio-g20-csatlakozasa-mit-hozhat-a-vilagnak\/\",\"url\":\"https:\/\/kinaikaleidoszkop.hu\/index.php\/2023\/09\/13\/cmg-kommentar-az-afrikai-unio-g20-csatlakozasa-mit-hozhat-a-vilagnak\/\",\"name\":\"CMG-komment\u00e1r: Az Afrikai Uni\u00f3 G20-csatlakoz\u00e1sa mit hozhat a vil\u00e1gnak? - kinaikaleidoszkop.hu\",\"isPartOf\":{\"@id\":\"https:\/\/kinaikaleidoszkop.hu\/#website\"},\"primaryImageOfPage\":{\"@id\":\"https:\/\/kinaikaleidoszkop.hu\/index.php\/2023\/09\/13\/cmg-kommentar-az-afrikai-unio-g20-csatlakozasa-mit-hozhat-a-vilagnak\/#primaryimage\"},\"image\":{\"@id\":\"https:\/\/kinaikaleidoszkop.hu\/index.php\/2023\/09\/13\/cmg-kommentar-az-afrikai-unio-g20-csatlakozasa-mit-hozhat-a-vilagnak\/#primaryimage\"},\"thumbnailUrl\":\"https:\/\/kinaikaleidoszkop.hu\/wp-content\/uploads\/2023\/09\/0912Lea1.jpg\",\"datePublished\":\"2023-09-13T09:07:55+00:00\",\"dateModified\":\"2023-09-13T09:07:56+00:00\",\"author\":{\"@id\":\"https:\/\/kinaikaleidoszkop.hu\/#\/schema\/person\/b9e2febe742edd540c1197716ec02bf7\"},\"breadcrumb\":{\"@id\":\"https:\/\/kinaikaleidoszkop.hu\/index.php\/2023\/09\/13\/cmg-kommentar-az-afrikai-unio-g20-csatlakozasa-mit-hozhat-a-vilagnak\/#breadcrumb\"},\"inLanguage\":\"hu\",\"potentialAction\":[{\"@type\":\"ReadAction\",\"target\":[\"https:\/\/kinaikaleidoszkop.hu\/index.php\/2023\/09\/13\/cmg-kommentar-az-afrikai-unio-g20-csatlakozasa-mit-hozhat-a-vilagnak\/\"]}]},{\"@type\":\"ImageObject\",\"inLanguage\":\"hu\",\"@id\":\"https:\/\/kinaikaleidoszkop.hu\/index.php\/2023\/09\/13\/cmg-kommentar-az-afrikai-unio-g20-csatlakozasa-mit-hozhat-a-vilagnak\/#primaryimage\",\"url\":\"https:\/\/kinaikaleidoszkop.hu\/wp-content\/uploads\/2023\/09\/0912Lea1.jpg\",\"contentUrl\":\"https:\/\/kinaikaleidoszkop.hu\/wp-content\/uploads\/2023\/09\/0912Lea1.jpg\",\"width\":600,\"height\":400},{\"@type\":\"BreadcrumbList\",\"@id\":\"https:\/\/kinaikaleidoszkop.hu\/index.php\/2023\/09\/13\/cmg-kommentar-az-afrikai-unio-g20-csatlakozasa-mit-hozhat-a-vilagnak\/#breadcrumb\",\"itemListElement\":[{\"@type\":\"ListItem\",\"position\":1,\"name\":\"Kezd\u0151lap\",\"item\":\"https:\/\/kinaikaleidoszkop.hu\/\"},{\"@type\":\"ListItem\",\"position\":2,\"name\":\"CMG-komment\u00e1r: Az Afrikai Uni\u00f3 G20-csatlakoz\u00e1sa mit hozhat a vil\u00e1gnak?\"}]},{\"@type\":\"WebSite\",\"@id\":\"https:\/\/kinaikaleidoszkop.hu\/#website\",\"url\":\"https:\/\/kinaikaleidoszkop.hu\/\",\"name\":\"kinaikaleidoszkop.hu\",\"description\":\"\",\"potentialAction\":[{\"@type\":\"SearchAction\",\"target\":{\"@type\":\"EntryPoint\",\"urlTemplate\":\"https:\/\/kinaikaleidoszkop.hu\/?s={search_term_string}\"},\"query-input\":{\"@type\":\"PropertyValueSpecification\",\"valueRequired\":true,\"valueName\":\"search_term_string\"}}],\"inLanguage\":\"hu\"},{\"@type\":\"Person\",\"@id\":\"https:\/\/kinaikaleidoszkop.hu\/#\/schema\/person\/b9e2febe742edd540c1197716ec02bf7\",\"name\":\"admin-szabolcs\",\"image\":{\"@type\":\"ImageObject\",\"inLanguage\":\"hu\",\"@id\":\"https:\/\/kinaikaleidoszkop.hu\/#\/schema\/person\/image\/\",\"url\":\"https:\/\/secure.gravatar.com\/avatar\/154f262492794df2a6cb5d5349227b18ef8f85ab462fbb32625fc42406483d21?s=96&d=mm&r=g\",\"contentUrl\":\"https:\/\/secure.gravatar.com\/avatar\/154f262492794df2a6cb5d5349227b18ef8f85ab462fbb32625fc42406483d21?s=96&d=mm&r=g\",\"caption\":\"admin-szabolcs\"},\"url\":\"https:\/\/kinaikaleidoszkop.hu\/index.php\/author\/admin-szabolcs\/\"}]}<\/script>\n<!-- \/ Yoast SEO plugin. -->","yoast_head_json":{"title":"CMG-komment\u00e1r: Az Afrikai Uni\u00f3 G20-csatlakoz\u00e1sa mit hozhat a vil\u00e1gnak? - kinaikaleidoszkop.hu","robots":{"index":"index","follow":"follow","max-snippet":"max-snippet:-1","max-image-preview":"max-image-preview:large","max-video-preview":"max-video-preview:-1"},"canonical":"https:\/\/kinaikaleidoszkop.hu\/index.php\/2023\/09\/13\/cmg-kommentar-az-afrikai-unio-g20-csatlakozasa-mit-hozhat-a-vilagnak\/","og_locale":"hu_HU","og_type":"article","og_title":"CMG-komment\u00e1r: Az Afrikai Uni\u00f3 G20-csatlakoz\u00e1sa mit hozhat a vil\u00e1gnak? - kinaikaleidoszkop.hu","og_description":"Vas\u00e1rnap \u00dajdelhiben v\u00e9get \u00e9rt a 18. G20-cs\u00facstal\u00e1lkoz\u00f3. A cs\u00facs egyik legfontosabb eredm\u00e9nye az Afrikai Uni\u00f3 G20-hoz csatlakoz\u00e1sa, ami v\u00e9get vet annak az eddig fenn\u00e1ll\u00f3 helyzetnek, hogy D\u00e9l-Afrika az afrikai kontinens egyetlen tagja a G20-ak k\u00f6zt. Az Afrikai Uni\u00f3 a G20 m\u00e1sodik region\u00e1lis szervezete az EU-t k\u00f6vet\u0151en. K\u00fcls\u0151 k\u00f6rnyezetb\u0151l szeml\u00e9lve az afrikai gazdas\u00e1g egyre nagyobb m\u00e9rt\u00e9kben [&hellip;]","og_url":"https:\/\/kinaikaleidoszkop.hu\/index.php\/2023\/09\/13\/cmg-kommentar-az-afrikai-unio-g20-csatlakozasa-mit-hozhat-a-vilagnak\/","og_site_name":"kinaikaleidoszkop.hu","article_published_time":"2023-09-13T09:07:55+00:00","article_modified_time":"2023-09-13T09:07:56+00:00","og_image":[{"width":600,"height":400,"url":"https:\/\/kinaikaleidoszkop.hu\/wp-content\/uploads\/2023\/09\/0912Lea1.jpg","type":"image\/jpeg"}],"author":"admin-szabolcs","twitter_card":"summary_large_image","twitter_misc":{"Szerz\u0151:":"admin-szabolcs","Becs\u00fclt olvas\u00e1si id\u0151":"2 perc"},"schema":{"@context":"https:\/\/schema.org","@graph":[{"@type":"WebPage","@id":"https:\/\/kinaikaleidoszkop.hu\/index.php\/2023\/09\/13\/cmg-kommentar-az-afrikai-unio-g20-csatlakozasa-mit-hozhat-a-vilagnak\/","url":"https:\/\/kinaikaleidoszkop.hu\/index.php\/2023\/09\/13\/cmg-kommentar-az-afrikai-unio-g20-csatlakozasa-mit-hozhat-a-vilagnak\/","name":"CMG-komment\u00e1r: Az Afrikai Uni\u00f3 G20-csatlakoz\u00e1sa mit hozhat a vil\u00e1gnak? - kinaikaleidoszkop.hu","isPartOf":{"@id":"https:\/\/kinaikaleidoszkop.hu\/#website"},"primaryImageOfPage":{"@id":"https:\/\/kinaikaleidoszkop.hu\/index.php\/2023\/09\/13\/cmg-kommentar-az-afrikai-unio-g20-csatlakozasa-mit-hozhat-a-vilagnak\/#primaryimage"},"image":{"@id":"https:\/\/kinaikaleidoszkop.hu\/index.php\/2023\/09\/13\/cmg-kommentar-az-afrikai-unio-g20-csatlakozasa-mit-hozhat-a-vilagnak\/#primaryimage"},"thumbnailUrl":"https:\/\/kinaikaleidoszkop.hu\/wp-content\/uploads\/2023\/09\/0912Lea1.jpg","datePublished":"2023-09-13T09:07:55+00:00","dateModified":"2023-09-13T09:07:56+00:00","author":{"@id":"https:\/\/kinaikaleidoszkop.hu\/#\/schema\/person\/b9e2febe742edd540c1197716ec02bf7"},"breadcrumb":{"@id":"https:\/\/kinaikaleidoszkop.hu\/index.php\/2023\/09\/13\/cmg-kommentar-az-afrikai-unio-g20-csatlakozasa-mit-hozhat-a-vilagnak\/#breadcrumb"},"inLanguage":"hu","potentialAction":[{"@type":"ReadAction","target":["https:\/\/kinaikaleidoszkop.hu\/index.php\/2023\/09\/13\/cmg-kommentar-az-afrikai-unio-g20-csatlakozasa-mit-hozhat-a-vilagnak\/"]}]},{"@type":"ImageObject","inLanguage":"hu","@id":"https:\/\/kinaikaleidoszkop.hu\/index.php\/2023\/09\/13\/cmg-kommentar-az-afrikai-unio-g20-csatlakozasa-mit-hozhat-a-vilagnak\/#primaryimage","url":"https:\/\/kinaikaleidoszkop.hu\/wp-content\/uploads\/2023\/09\/0912Lea1.jpg","contentUrl":"https:\/\/kinaikaleidoszkop.hu\/wp-content\/uploads\/2023\/09\/0912Lea1.jpg","width":600,"height":400},{"@type":"BreadcrumbList","@id":"https:\/\/kinaikaleidoszkop.hu\/index.php\/2023\/09\/13\/cmg-kommentar-az-afrikai-unio-g20-csatlakozasa-mit-hozhat-a-vilagnak\/#breadcrumb","itemListElement":[{"@type":"ListItem","position":1,"name":"Kezd\u0151lap","item":"https:\/\/kinaikaleidoszkop.hu\/"},{"@type":"ListItem","position":2,"name":"CMG-komment\u00e1r: Az Afrikai Uni\u00f3 G20-csatlakoz\u00e1sa mit hozhat a vil\u00e1gnak?"}]},{"@type":"WebSite","@id":"https:\/\/kinaikaleidoszkop.hu\/#website","url":"https:\/\/kinaikaleidoszkop.hu\/","name":"kinaikaleidoszkop.hu","description":"","potentialAction":[{"@type":"SearchAction","target":{"@type":"EntryPoint","urlTemplate":"https:\/\/kinaikaleidoszkop.hu\/?s={search_term_string}"},"query-input":{"@type":"PropertyValueSpecification","valueRequired":true,"valueName":"search_term_string"}}],"inLanguage":"hu"},{"@type":"Person","@id":"https:\/\/kinaikaleidoszkop.hu\/#\/schema\/person\/b9e2febe742edd540c1197716ec02bf7","name":"admin-szabolcs","image":{"@type":"ImageObject","inLanguage":"hu","@id":"https:\/\/kinaikaleidoszkop.hu\/#\/schema\/person\/image\/","url":"https:\/\/secure.gravatar.com\/avatar\/154f262492794df2a6cb5d5349227b18ef8f85ab462fbb32625fc42406483d21?s=96&d=mm&r=g","contentUrl":"https:\/\/secure.gravatar.com\/avatar\/154f262492794df2a6cb5d5349227b18ef8f85ab462fbb32625fc42406483d21?s=96&d=mm&r=g","caption":"admin-szabolcs"},"url":"https:\/\/kinaikaleidoszkop.hu\/index.php\/author\/admin-szabolcs\/"}]}},"views":248,"distributor_meta":false,"distributor_terms":false,"distributor_media":false,"distributor_original_site_name":"kinaikaleidoszkop.hu","distributor_original_site_url":"https:\/\/kinaikaleidoszkop.hu","push-errors":false,"_links":{"self":[{"href":"https:\/\/kinaikaleidoszkop.hu\/index.php\/wp-json\/wp\/v2\/posts\/18933","targetHints":{"allow":["GET"]}}],"collection":[{"href":"https:\/\/kinaikaleidoszkop.hu\/index.php\/wp-json\/wp\/v2\/posts"}],"about":[{"href":"https:\/\/kinaikaleidoszkop.hu\/index.php\/wp-json\/wp\/v2\/types\/post"}],"author":[{"embeddable":true,"href":"https:\/\/kinaikaleidoszkop.hu\/index.php\/wp-json\/wp\/v2\/users\/2"}],"replies":[{"embeddable":true,"href":"https:\/\/kinaikaleidoszkop.hu\/index.php\/wp-json\/wp\/v2\/comments?post=18933"}],"version-history":[{"count":1,"href":"https:\/\/kinaikaleidoszkop.hu\/index.php\/wp-json\/wp\/v2\/posts\/18933\/revisions"}],"predecessor-version":[{"id":18940,"href":"https:\/\/kinaikaleidoszkop.hu\/index.php\/wp-json\/wp\/v2\/posts\/18933\/revisions\/18940"}],"wp:featuredmedia":[{"embeddable":true,"href":"https:\/\/kinaikaleidoszkop.hu\/index.php\/wp-json\/wp\/v2\/media\/18936"}],"wp:attachment":[{"href":"https:\/\/kinaikaleidoszkop.hu\/index.php\/wp-json\/wp\/v2\/media?parent=18933"}],"wp:term":[{"taxonomy":"category","embeddable":true,"href":"https:\/\/kinaikaleidoszkop.hu\/index.php\/wp-json\/wp\/v2\/categories?post=18933"},{"taxonomy":"post_tag","embeddable":true,"href":"https:\/\/kinaikaleidoszkop.hu\/index.php\/wp-json\/wp\/v2\/tags?post=18933"}],"curies":[{"name":"wp","href":"https:\/\/api.w.org\/{rel}","templated":true}]}}