{"id":19170,"date":"2023-09-28T11:16:22","date_gmt":"2023-09-28T09:16:22","guid":{"rendered":"https:\/\/kinaikaleidoszkop.hu\/?p=19170"},"modified":"2023-09-28T11:16:22","modified_gmt":"2023-09-28T09:16:22","slug":"cmg-kommentar-az-azsiai-jatekok-a-nyitott-lelkes-es-modern-kinat-mutatja-be-azsia-es-a-vilag-szamara","status":"publish","type":"post","link":"https:\/\/kinaikaleidoszkop.hu\/index.php\/2023\/09\/28\/cmg-kommentar-az-azsiai-jatekok-a-nyitott-lelkes-es-modern-kinat-mutatja-be-azsia-es-a-vilag-szamara\/","title":{"rendered":"CMG-komment\u00e1r: Az \u00c1zsiai J\u00e1t\u00e9kok a nyitott, lelkes \u00e9s modern K\u00edn\u00e1t mutatja be \u00c1zsia \u00e9s a vil\u00e1g sz\u00e1m\u00e1ra"},"content":{"rendered":"<p><strong>Szeptember 23-\u00e1n este a kelet-k\u00ednai Zhejiang tartom\u00e1ny Hangzhou v\u00e1ros\u00e1ban megny\u00edlt a 19. \u00c1zsiai J\u00e1t\u00e9kok. A megnyit\u00f3 \u00fcnneps\u00e9g k\u00f6zponti eleme a v\u00edz volt, amely azt fejezi ki, hogy K\u00edna, \u00c1zsia \u00e9s a vil\u00e1g egym\u00e1sba olvadva hull\u00e1mk\u00e9nt vet\u0151dik el\u0151re az \u00faj korszak \u00e9l\u00e9n.<\/strong><\/p>\n<p>Az 1990-es pekingi \u00e9s a 2010-es guangzhoui \u00c1zsiai J\u00e1t\u00e9kok ut\u00e1n ez a harmadik alkalom, hogy K\u00edna ad otthont a f\u00f6ldr\u00e9sz fontos sportesem\u00e9ny\u00e9nek. Az \u00c1zsia Olimpiai Tan\u00e1csnak mind a 45 tagja \u00e9s t\u00f6bb mint 12 ezer sportol\u00f3 jelentette be r\u00e9szv\u00e9tel\u00e9t az esem\u00e9nyen. A j\u00e1t\u00e9kok 40 sport\u00e1ga az eg\u00e9sz \u00e1zsiai r\u00e9gi\u00f3 sport kult\u00far\u00e1j\u00e1t lefedi.<\/p>\n<p><img loading=\"lazy\" decoding=\"async\" class=\"alignnone size-full wp-image-18893\" src=\"https:\/\/hirpest.hu\/wp-content\/uploads\/2023\/09\/092506.jpg\" alt=\"\" width=\"2000\" height=\"1099\" \/><\/p>\n<p>\u201eA legnagyobb m\u00e9ret\u0171, a legt\u00f6bb sport\u00e1gat k\u00e9pvisel\u0151 \u00e9s a legsz\u00e9lesebb k\u00f6r\u0171 lefedetts\u00e9get biztos\u00edt\u00f3\u201d hangzhoui \u00c1zsiai J\u00e1t\u00e9kok K\u00edna er\u0151s vonzerej\u00e9t, valamint az \u00e1zsiai t\u00f6megek \u00e1ltal az \u00c1zsiai J\u00e1t\u00e9kok ir\u00e1nt megmutatkoz\u00f3 lelkes v\u00e1rakoz\u00e1s\u00e1t \u00e9s szil\u00e1rd t\u00e1mogat\u00e1s\u00e1t t\u00fckr\u00f6zi.<\/p>\n<p>Az elm\u00falt n\u00e9h\u00e1ny \u00e9vtizedben \u00e1ltal\u00e1noss\u00e1gban stabil gyorsas\u00e1ggal n\u00f6vekedett az \u00e1zsiai gazdas\u00e1g, amely jelenleg a vil\u00e1ggazdas\u00e1g t\u00f6bb mint 40%-\u00e1t teszi ki. A Nemzetk\u00f6zi Valutaalap el\u0151rejelz\u00e9se szerint 2023-ban \u00c1zsia t\u00f6bb mint 70%-kal j\u00e1rul hozz\u00e1 a glob\u00e1lis gazdas\u00e1gi n\u00f6veked\u00e9shez. Az \u201e\u00e1zsiai csoda\u201d teremt\u00e9s\u00e9nek tan\u00faja, r\u00e9sztvev\u0151je \u00e9s t\u00e1mogat\u00f3ja is egyben az \u00c1zsiai J\u00e1t\u00e9kok.<\/p>\n<p>Azzal szembes\u00fclve, hogy a r\u00e9gi\u00f3n k\u00edv\u00fcli orsz\u00e1gok a hidegh\u00e1bor\u00fas mentalit\u00e1ssal konfliktusokat sz\u00edtanak \u00e9s gerjesztenek \u00c1zsi\u00e1ban, megs\u00e9rtve \u00c1zsia b\u00e9k\u00e9j\u00e9t \u00e9s stabilit\u00e1s\u00e1t, az \u00e1zsiai n\u00e9pek rem\u00e9lik, hogy a sporton, vagyis az emberis\u00e9g k\u00f6z\u00f6s nyelv\u00e9n kereszt\u00fcl k\u00f6zvet\u00edthetik a b\u00e9k\u00e9re val\u00f3 felsz\u00f3l\u00edt\u00e1st, a t\u00e1borok k\u00f6z\u00f6tti konfront\u00e1ci\u00f3t elutas\u00edtva meg\u0151rizhetik otthonuk nyugalm\u00e1t.<\/p>\n<p><em><strong>2023. 09. 28.<\/strong><\/em><\/p>\n<p><strong>(Qin Liang-China Media Group)<\/strong><\/p>\n<p><em><strong>(x)<\/strong><\/em><\/p>\n","protected":false},"excerpt":{"rendered":"<p>Szeptember 23-\u00e1n este a kelet-k\u00ednai Zhejiang tartom\u00e1ny Hangzhou v\u00e1ros\u00e1ban megny\u00edlt a 19. \u00c1zsiai J\u00e1t\u00e9kok. A megnyit\u00f3 \u00fcnneps\u00e9g k\u00f6zponti eleme a v\u00edz volt, amely azt fejezi ki, hogy K\u00edna, \u00c1zsia \u00e9s a vil\u00e1g egym\u00e1sba olvadva hull\u00e1mk\u00e9nt vet\u0151dik el\u0151re az \u00faj korszak \u00e9l\u00e9n. Az 1990-es pekingi \u00e9s a 2010-es guangzhoui \u00c1zsiai J\u00e1t\u00e9kok ut\u00e1n ez a harmadik alkalom, [&hellip;]<\/p>\n","protected":false},"author":6,"featured_media":19172,"comment_status":"open","ping_status":"open","sticky":false,"template":"","format":"standard","meta":{"footnotes":""},"categories":[45],"tags":[160,3104,363,2293,2357],"class_list":["post-19170","post","type-post","status-publish","format-standard","has-post-thumbnail","hentry","category-hirek","tag-azsia","tag-azsiai-jatekok","tag-cmg","tag-cmg-kommentarja","tag-sport"],"yoast_head":"<!-- This site is optimized with the Yoast SEO plugin v23.7 - https:\/\/yoast.com\/wordpress\/plugins\/seo\/ -->\n<title>CMG-komment\u00e1r: Az \u00c1zsiai J\u00e1t\u00e9kok a nyitott, lelkes \u00e9s modern K\u00edn\u00e1t mutatja be \u00c1zsia \u00e9s a vil\u00e1g sz\u00e1m\u00e1ra - kinaikaleidoszkop.hu<\/title>\n<meta name=\"robots\" content=\"index, follow, max-snippet:-1, max-image-preview:large, max-video-preview:-1\" \/>\n<link rel=\"canonical\" href=\"https:\/\/kinaikaleidoszkop.hu\/index.php\/2023\/09\/28\/cmg-kommentar-az-azsiai-jatekok-a-nyitott-lelkes-es-modern-kinat-mutatja-be-azsia-es-a-vilag-szamara\/\" \/>\n<meta property=\"og:locale\" content=\"hu_HU\" \/>\n<meta property=\"og:type\" content=\"article\" \/>\n<meta property=\"og:title\" content=\"CMG-komment\u00e1r: Az \u00c1zsiai J\u00e1t\u00e9kok a nyitott, lelkes \u00e9s modern K\u00edn\u00e1t mutatja be \u00c1zsia \u00e9s a vil\u00e1g sz\u00e1m\u00e1ra - kinaikaleidoszkop.hu\" \/>\n<meta property=\"og:description\" content=\"Szeptember 23-\u00e1n este a kelet-k\u00ednai Zhejiang tartom\u00e1ny Hangzhou v\u00e1ros\u00e1ban megny\u00edlt a 19. \u00c1zsiai J\u00e1t\u00e9kok. A megnyit\u00f3 \u00fcnneps\u00e9g k\u00f6zponti eleme a v\u00edz volt, amely azt fejezi ki, hogy K\u00edna, \u00c1zsia \u00e9s a vil\u00e1g egym\u00e1sba olvadva hull\u00e1mk\u00e9nt vet\u0151dik el\u0151re az \u00faj korszak \u00e9l\u00e9n. Az 1990-es pekingi \u00e9s a 2010-es guangzhoui \u00c1zsiai J\u00e1t\u00e9kok ut\u00e1n ez a harmadik alkalom, [&hellip;]\" \/>\n<meta property=\"og:url\" content=\"https:\/\/kinaikaleidoszkop.hu\/index.php\/2023\/09\/28\/cmg-kommentar-az-azsiai-jatekok-a-nyitott-lelkes-es-modern-kinat-mutatja-be-azsia-es-a-vilag-szamara\/\" \/>\n<meta property=\"og:site_name\" content=\"kinaikaleidoszkop.hu\" \/>\n<meta property=\"article:published_time\" content=\"2023-09-28T09:16:22+00:00\" \/>\n<meta property=\"og:image\" content=\"https:\/\/kinaikaleidoszkop.hu\/wp-content\/uploads\/2023\/09\/092506.jpg\" \/>\n\t<meta property=\"og:image:width\" content=\"2000\" \/>\n\t<meta property=\"og:image:height\" content=\"1099\" \/>\n\t<meta property=\"og:image:type\" content=\"image\/jpeg\" \/>\n<meta name=\"author\" content=\"admin-sebi\" \/>\n<meta name=\"twitter:card\" content=\"summary_large_image\" \/>\n<meta name=\"twitter:label1\" content=\"Szerz\u0151:\" \/>\n\t<meta name=\"twitter:data1\" content=\"admin-sebi\" \/>\n\t<meta name=\"twitter:label2\" content=\"Becs\u00fclt olvas\u00e1si id\u0151\" \/>\n\t<meta name=\"twitter:data2\" content=\"2 perc\" \/>\n<script type=\"application\/ld+json\" class=\"yoast-schema-graph\">{\"@context\":\"https:\/\/schema.org\",\"@graph\":[{\"@type\":\"WebPage\",\"@id\":\"https:\/\/kinaikaleidoszkop.hu\/index.php\/2023\/09\/28\/cmg-kommentar-az-azsiai-jatekok-a-nyitott-lelkes-es-modern-kinat-mutatja-be-azsia-es-a-vilag-szamara\/\",\"url\":\"https:\/\/kinaikaleidoszkop.hu\/index.php\/2023\/09\/28\/cmg-kommentar-az-azsiai-jatekok-a-nyitott-lelkes-es-modern-kinat-mutatja-be-azsia-es-a-vilag-szamara\/\",\"name\":\"CMG-komment\u00e1r: Az \u00c1zsiai J\u00e1t\u00e9kok a nyitott, lelkes \u00e9s modern K\u00edn\u00e1t mutatja be \u00c1zsia \u00e9s a vil\u00e1g sz\u00e1m\u00e1ra - kinaikaleidoszkop.hu\",\"isPartOf\":{\"@id\":\"https:\/\/kinaikaleidoszkop.hu\/#website\"},\"primaryImageOfPage\":{\"@id\":\"https:\/\/kinaikaleidoszkop.hu\/index.php\/2023\/09\/28\/cmg-kommentar-az-azsiai-jatekok-a-nyitott-lelkes-es-modern-kinat-mutatja-be-azsia-es-a-vilag-szamara\/#primaryimage\"},\"image\":{\"@id\":\"https:\/\/kinaikaleidoszkop.hu\/index.php\/2023\/09\/28\/cmg-kommentar-az-azsiai-jatekok-a-nyitott-lelkes-es-modern-kinat-mutatja-be-azsia-es-a-vilag-szamara\/#primaryimage\"},\"thumbnailUrl\":\"https:\/\/kinaikaleidoszkop.hu\/wp-content\/uploads\/2023\/09\/092506.jpg\",\"datePublished\":\"2023-09-28T09:16:22+00:00\",\"dateModified\":\"2023-09-28T09:16:22+00:00\",\"author\":{\"@id\":\"https:\/\/kinaikaleidoszkop.hu\/#\/schema\/person\/fd215d3a8bab54daeb796ae166f99ea5\"},\"breadcrumb\":{\"@id\":\"https:\/\/kinaikaleidoszkop.hu\/index.php\/2023\/09\/28\/cmg-kommentar-az-azsiai-jatekok-a-nyitott-lelkes-es-modern-kinat-mutatja-be-azsia-es-a-vilag-szamara\/#breadcrumb\"},\"inLanguage\":\"hu\",\"potentialAction\":[{\"@type\":\"ReadAction\",\"target\":[\"https:\/\/kinaikaleidoszkop.hu\/index.php\/2023\/09\/28\/cmg-kommentar-az-azsiai-jatekok-a-nyitott-lelkes-es-modern-kinat-mutatja-be-azsia-es-a-vilag-szamara\/\"]}]},{\"@type\":\"ImageObject\",\"inLanguage\":\"hu\",\"@id\":\"https:\/\/kinaikaleidoszkop.hu\/index.php\/2023\/09\/28\/cmg-kommentar-az-azsiai-jatekok-a-nyitott-lelkes-es-modern-kinat-mutatja-be-azsia-es-a-vilag-szamara\/#primaryimage\",\"url\":\"https:\/\/kinaikaleidoszkop.hu\/wp-content\/uploads\/2023\/09\/092506.jpg\",\"contentUrl\":\"https:\/\/kinaikaleidoszkop.hu\/wp-content\/uploads\/2023\/09\/092506.jpg\",\"width\":2000,\"height\":1099},{\"@type\":\"BreadcrumbList\",\"@id\":\"https:\/\/kinaikaleidoszkop.hu\/index.php\/2023\/09\/28\/cmg-kommentar-az-azsiai-jatekok-a-nyitott-lelkes-es-modern-kinat-mutatja-be-azsia-es-a-vilag-szamara\/#breadcrumb\",\"itemListElement\":[{\"@type\":\"ListItem\",\"position\":1,\"name\":\"Kezd\u0151lap\",\"item\":\"https:\/\/kinaikaleidoszkop.hu\/\"},{\"@type\":\"ListItem\",\"position\":2,\"name\":\"CMG-komment\u00e1r: Az \u00c1zsiai J\u00e1t\u00e9kok a nyitott, lelkes \u00e9s modern K\u00edn\u00e1t mutatja be \u00c1zsia \u00e9s a vil\u00e1g sz\u00e1m\u00e1ra\"}]},{\"@type\":\"WebSite\",\"@id\":\"https:\/\/kinaikaleidoszkop.hu\/#website\",\"url\":\"https:\/\/kinaikaleidoszkop.hu\/\",\"name\":\"kinaikaleidoszkop.hu\",\"description\":\"\",\"potentialAction\":[{\"@type\":\"SearchAction\",\"target\":{\"@type\":\"EntryPoint\",\"urlTemplate\":\"https:\/\/kinaikaleidoszkop.hu\/?s={search_term_string}\"},\"query-input\":{\"@type\":\"PropertyValueSpecification\",\"valueRequired\":true,\"valueName\":\"search_term_string\"}}],\"inLanguage\":\"hu\"},{\"@type\":\"Person\",\"@id\":\"https:\/\/kinaikaleidoszkop.hu\/#\/schema\/person\/fd215d3a8bab54daeb796ae166f99ea5\",\"name\":\"admin-sebi\",\"image\":{\"@type\":\"ImageObject\",\"inLanguage\":\"hu\",\"@id\":\"https:\/\/kinaikaleidoszkop.hu\/#\/schema\/person\/image\/\",\"url\":\"https:\/\/secure.gravatar.com\/avatar\/b1498042bc4969020b4951f204f963e97c3d7d199f3790c1071adf67c61d0aa5?s=96&d=mm&r=g\",\"contentUrl\":\"https:\/\/secure.gravatar.com\/avatar\/b1498042bc4969020b4951f204f963e97c3d7d199f3790c1071adf67c61d0aa5?s=96&d=mm&r=g\",\"caption\":\"admin-sebi\"},\"url\":\"https:\/\/kinaikaleidoszkop.hu\/index.php\/author\/admin-sebi\/\"}]}<\/script>\n<!-- \/ Yoast SEO plugin. -->","yoast_head_json":{"title":"CMG-komment\u00e1r: Az \u00c1zsiai J\u00e1t\u00e9kok a nyitott, lelkes \u00e9s modern K\u00edn\u00e1t mutatja be \u00c1zsia \u00e9s a vil\u00e1g sz\u00e1m\u00e1ra - kinaikaleidoszkop.hu","robots":{"index":"index","follow":"follow","max-snippet":"max-snippet:-1","max-image-preview":"max-image-preview:large","max-video-preview":"max-video-preview:-1"},"canonical":"https:\/\/kinaikaleidoszkop.hu\/index.php\/2023\/09\/28\/cmg-kommentar-az-azsiai-jatekok-a-nyitott-lelkes-es-modern-kinat-mutatja-be-azsia-es-a-vilag-szamara\/","og_locale":"hu_HU","og_type":"article","og_title":"CMG-komment\u00e1r: Az \u00c1zsiai J\u00e1t\u00e9kok a nyitott, lelkes \u00e9s modern K\u00edn\u00e1t mutatja be \u00c1zsia \u00e9s a vil\u00e1g sz\u00e1m\u00e1ra - kinaikaleidoszkop.hu","og_description":"Szeptember 23-\u00e1n este a kelet-k\u00ednai Zhejiang tartom\u00e1ny Hangzhou v\u00e1ros\u00e1ban megny\u00edlt a 19. \u00c1zsiai J\u00e1t\u00e9kok. A megnyit\u00f3 \u00fcnneps\u00e9g k\u00f6zponti eleme a v\u00edz volt, amely azt fejezi ki, hogy K\u00edna, \u00c1zsia \u00e9s a vil\u00e1g egym\u00e1sba olvadva hull\u00e1mk\u00e9nt vet\u0151dik el\u0151re az \u00faj korszak \u00e9l\u00e9n. Az 1990-es pekingi \u00e9s a 2010-es guangzhoui \u00c1zsiai J\u00e1t\u00e9kok ut\u00e1n ez a harmadik alkalom, [&hellip;]","og_url":"https:\/\/kinaikaleidoszkop.hu\/index.php\/2023\/09\/28\/cmg-kommentar-az-azsiai-jatekok-a-nyitott-lelkes-es-modern-kinat-mutatja-be-azsia-es-a-vilag-szamara\/","og_site_name":"kinaikaleidoszkop.hu","article_published_time":"2023-09-28T09:16:22+00:00","og_image":[{"width":2000,"height":1099,"url":"https:\/\/kinaikaleidoszkop.hu\/wp-content\/uploads\/2023\/09\/092506.jpg","type":"image\/jpeg"}],"author":"admin-sebi","twitter_card":"summary_large_image","twitter_misc":{"Szerz\u0151:":"admin-sebi","Becs\u00fclt olvas\u00e1si id\u0151":"2 perc"},"schema":{"@context":"https:\/\/schema.org","@graph":[{"@type":"WebPage","@id":"https:\/\/kinaikaleidoszkop.hu\/index.php\/2023\/09\/28\/cmg-kommentar-az-azsiai-jatekok-a-nyitott-lelkes-es-modern-kinat-mutatja-be-azsia-es-a-vilag-szamara\/","url":"https:\/\/kinaikaleidoszkop.hu\/index.php\/2023\/09\/28\/cmg-kommentar-az-azsiai-jatekok-a-nyitott-lelkes-es-modern-kinat-mutatja-be-azsia-es-a-vilag-szamara\/","name":"CMG-komment\u00e1r: Az \u00c1zsiai J\u00e1t\u00e9kok a nyitott, lelkes \u00e9s modern K\u00edn\u00e1t mutatja be \u00c1zsia \u00e9s a vil\u00e1g sz\u00e1m\u00e1ra - kinaikaleidoszkop.hu","isPartOf":{"@id":"https:\/\/kinaikaleidoszkop.hu\/#website"},"primaryImageOfPage":{"@id":"https:\/\/kinaikaleidoszkop.hu\/index.php\/2023\/09\/28\/cmg-kommentar-az-azsiai-jatekok-a-nyitott-lelkes-es-modern-kinat-mutatja-be-azsia-es-a-vilag-szamara\/#primaryimage"},"image":{"@id":"https:\/\/kinaikaleidoszkop.hu\/index.php\/2023\/09\/28\/cmg-kommentar-az-azsiai-jatekok-a-nyitott-lelkes-es-modern-kinat-mutatja-be-azsia-es-a-vilag-szamara\/#primaryimage"},"thumbnailUrl":"https:\/\/kinaikaleidoszkop.hu\/wp-content\/uploads\/2023\/09\/092506.jpg","datePublished":"2023-09-28T09:16:22+00:00","dateModified":"2023-09-28T09:16:22+00:00","author":{"@id":"https:\/\/kinaikaleidoszkop.hu\/#\/schema\/person\/fd215d3a8bab54daeb796ae166f99ea5"},"breadcrumb":{"@id":"https:\/\/kinaikaleidoszkop.hu\/index.php\/2023\/09\/28\/cmg-kommentar-az-azsiai-jatekok-a-nyitott-lelkes-es-modern-kinat-mutatja-be-azsia-es-a-vilag-szamara\/#breadcrumb"},"inLanguage":"hu","potentialAction":[{"@type":"ReadAction","target":["https:\/\/kinaikaleidoszkop.hu\/index.php\/2023\/09\/28\/cmg-kommentar-az-azsiai-jatekok-a-nyitott-lelkes-es-modern-kinat-mutatja-be-azsia-es-a-vilag-szamara\/"]}]},{"@type":"ImageObject","inLanguage":"hu","@id":"https:\/\/kinaikaleidoszkop.hu\/index.php\/2023\/09\/28\/cmg-kommentar-az-azsiai-jatekok-a-nyitott-lelkes-es-modern-kinat-mutatja-be-azsia-es-a-vilag-szamara\/#primaryimage","url":"https:\/\/kinaikaleidoszkop.hu\/wp-content\/uploads\/2023\/09\/092506.jpg","contentUrl":"https:\/\/kinaikaleidoszkop.hu\/wp-content\/uploads\/2023\/09\/092506.jpg","width":2000,"height":1099},{"@type":"BreadcrumbList","@id":"https:\/\/kinaikaleidoszkop.hu\/index.php\/2023\/09\/28\/cmg-kommentar-az-azsiai-jatekok-a-nyitott-lelkes-es-modern-kinat-mutatja-be-azsia-es-a-vilag-szamara\/#breadcrumb","itemListElement":[{"@type":"ListItem","position":1,"name":"Kezd\u0151lap","item":"https:\/\/kinaikaleidoszkop.hu\/"},{"@type":"ListItem","position":2,"name":"CMG-komment\u00e1r: Az \u00c1zsiai J\u00e1t\u00e9kok a nyitott, lelkes \u00e9s modern K\u00edn\u00e1t mutatja be \u00c1zsia \u00e9s a vil\u00e1g sz\u00e1m\u00e1ra"}]},{"@type":"WebSite","@id":"https:\/\/kinaikaleidoszkop.hu\/#website","url":"https:\/\/kinaikaleidoszkop.hu\/","name":"kinaikaleidoszkop.hu","description":"","potentialAction":[{"@type":"SearchAction","target":{"@type":"EntryPoint","urlTemplate":"https:\/\/kinaikaleidoszkop.hu\/?s={search_term_string}"},"query-input":{"@type":"PropertyValueSpecification","valueRequired":true,"valueName":"search_term_string"}}],"inLanguage":"hu"},{"@type":"Person","@id":"https:\/\/kinaikaleidoszkop.hu\/#\/schema\/person\/fd215d3a8bab54daeb796ae166f99ea5","name":"admin-sebi","image":{"@type":"ImageObject","inLanguage":"hu","@id":"https:\/\/kinaikaleidoszkop.hu\/#\/schema\/person\/image\/","url":"https:\/\/secure.gravatar.com\/avatar\/b1498042bc4969020b4951f204f963e97c3d7d199f3790c1071adf67c61d0aa5?s=96&d=mm&r=g","contentUrl":"https:\/\/secure.gravatar.com\/avatar\/b1498042bc4969020b4951f204f963e97c3d7d199f3790c1071adf67c61d0aa5?s=96&d=mm&r=g","caption":"admin-sebi"},"url":"https:\/\/kinaikaleidoszkop.hu\/index.php\/author\/admin-sebi\/"}]}},"views":438,"distributor_meta":false,"distributor_terms":false,"distributor_media":false,"distributor_original_site_name":"kinaikaleidoszkop.hu","distributor_original_site_url":"https:\/\/kinaikaleidoszkop.hu","push-errors":false,"_links":{"self":[{"href":"https:\/\/kinaikaleidoszkop.hu\/index.php\/wp-json\/wp\/v2\/posts\/19170","targetHints":{"allow":["GET"]}}],"collection":[{"href":"https:\/\/kinaikaleidoszkop.hu\/index.php\/wp-json\/wp\/v2\/posts"}],"about":[{"href":"https:\/\/kinaikaleidoszkop.hu\/index.php\/wp-json\/wp\/v2\/types\/post"}],"author":[{"embeddable":true,"href":"https:\/\/kinaikaleidoszkop.hu\/index.php\/wp-json\/wp\/v2\/users\/6"}],"replies":[{"embeddable":true,"href":"https:\/\/kinaikaleidoszkop.hu\/index.php\/wp-json\/wp\/v2\/comments?post=19170"}],"version-history":[{"count":1,"href":"https:\/\/kinaikaleidoszkop.hu\/index.php\/wp-json\/wp\/v2\/posts\/19170\/revisions"}],"predecessor-version":[{"id":19173,"href":"https:\/\/kinaikaleidoszkop.hu\/index.php\/wp-json\/wp\/v2\/posts\/19170\/revisions\/19173"}],"wp:featuredmedia":[{"embeddable":true,"href":"https:\/\/kinaikaleidoszkop.hu\/index.php\/wp-json\/wp\/v2\/media\/19172"}],"wp:attachment":[{"href":"https:\/\/kinaikaleidoszkop.hu\/index.php\/wp-json\/wp\/v2\/media?parent=19170"}],"wp:term":[{"taxonomy":"category","embeddable":true,"href":"https:\/\/kinaikaleidoszkop.hu\/index.php\/wp-json\/wp\/v2\/categories?post=19170"},{"taxonomy":"post_tag","embeddable":true,"href":"https:\/\/kinaikaleidoszkop.hu\/index.php\/wp-json\/wp\/v2\/tags?post=19170"}],"curies":[{"name":"wp","href":"https:\/\/api.w.org\/{rel}","templated":true}]}}