{"id":19216,"date":"2023-10-02T10:26:26","date_gmt":"2023-10-02T08:26:26","guid":{"rendered":"https:\/\/kinaikaleidoszkop.hu\/?p=19216"},"modified":"2023-10-02T10:26:33","modified_gmt":"2023-10-02T08:26:33","slug":"a-kkp-kb-politikai-bizottsaga-az-ellenorzes-hatekonysaganak-noveleset-tartja-szuksegesnek","status":"publish","type":"post","link":"https:\/\/kinaikaleidoszkop.hu\/index.php\/2023\/10\/02\/a-kkp-kb-politikai-bizottsaga-az-ellenorzes-hatekonysaganak-noveleset-tartja-szuksegesnek\/","title":{"rendered":"A KKP KB Politikai Bizotts\u00e1ga az ellen\u0151rz\u00e9s hat\u00e9konys\u00e1g\u00e1nak n\u00f6vel\u00e9s\u00e9t tartja sz\u00fcks\u00e9gesnek"},"content":{"rendered":"\n<p><strong>A K\u00ednai Kommunista P\u00e1rt K\u00f6zponti Bizotts\u00e1g\u00e1nak Politikai Bizotts\u00e1ga szeptember 27-i \u00fcl\u00e9s\u00e9n fel\u00fclvizsg\u00e1lt\u00e1k a 20. KKP KB ellen\u0151rz\u00e9s\u00e9nek helyzet\u00e9t. Az \u00fcl\u00e9sen Hszi Csin-ping p\u00e1rtf\u0151titk\u00e1r, \u00e1llameln\u00f6k eln\u00f6k\u00f6lt.<\/strong><\/p>\n\n\n\n<p>Az \u00fcl\u00e9sen elhangzott, hogy a KKP KB PB nagyon fontosnak tartja az ellen\u0151rz\u00e9s munk\u00e1j\u00e1t, amelyet a meg\u00fajul\u00e1s r\u00e9sz\u00e9nek tekint, \u00e9s P\u00e1rt \u00e1ltali korm\u00e1nyz\u00e1s szigor\u00fa eszk\u00f6z\u00e9nek tart. A 20. KKP KB az els\u0151 ellen\u0151rz\u00e9si peri\u00f3dusa sor\u00e1n az igazs\u00e1goss\u00e1got szem el\u0151tt tartva, prec\u00edzen el\u0151mozd\u00edtotta a politikai fel\u00fcgyeletet. A gyakorlat azt bizony\u00edtotta, hogy az ellen\u0151rz\u00e9s hat\u00e9kony m\u00f3dszer a probl\u00e9m\u00e1k felt\u00e1r\u00e1s\u00e1ra \u00e9s megold\u00e1s\u00e1ra.<\/p>\n\n\n\n<figure class=\"wp-block-image size-full\"><img loading=\"lazy\" decoding=\"async\" width=\"1024\" height=\"683\" src=\"https:\/\/kinaikaleidoszkop.hu\/wp-content\/uploads\/2023\/10\/1001CMGA-KKP-KB-Politikai-Bizottsaga-az-ellenorzes-hatekonysaganak-noveleset-tartja-szuksegesnek.jpg\" alt=\"\" class=\"wp-image-19218\" srcset=\"https:\/\/kinaikaleidoszkop.hu\/wp-content\/uploads\/2023\/10\/1001CMGA-KKP-KB-Politikai-Bizottsaga-az-ellenorzes-hatekonysaganak-noveleset-tartja-szuksegesnek.jpg 1024w, https:\/\/kinaikaleidoszkop.hu\/wp-content\/uploads\/2023\/10\/1001CMGA-KKP-KB-Politikai-Bizottsaga-az-ellenorzes-hatekonysaganak-noveleset-tartja-szuksegesnek-300x200.jpg 300w, https:\/\/kinaikaleidoszkop.hu\/wp-content\/uploads\/2023\/10\/1001CMGA-KKP-KB-Politikai-Bizottsaga-az-ellenorzes-hatekonysaganak-noveleset-tartja-szuksegesnek-768x512.jpg 768w, https:\/\/kinaikaleidoszkop.hu\/wp-content\/uploads\/2023\/10\/1001CMGA-KKP-KB-Politikai-Bizottsaga-az-ellenorzes-hatekonysaganak-noveleset-tartja-szuksegesnek-414x276.jpg 414w, https:\/\/kinaikaleidoszkop.hu\/wp-content\/uploads\/2023\/10\/1001CMGA-KKP-KB-Politikai-Bizottsaga-az-ellenorzes-hatekonysaganak-noveleset-tartja-szuksegesnek-470x313.jpg 470w, https:\/\/kinaikaleidoszkop.hu\/wp-content\/uploads\/2023\/10\/1001CMGA-KKP-KB-Politikai-Bizottsaga-az-ellenorzes-hatekonysaganak-noveleset-tartja-szuksegesnek-640x426.jpg 640w, https:\/\/kinaikaleidoszkop.hu\/wp-content\/uploads\/2023\/10\/1001CMGA-KKP-KB-Politikai-Bizottsaga-az-ellenorzes-hatekonysaganak-noveleset-tartja-szuksegesnek-130x86.jpg 130w, https:\/\/kinaikaleidoszkop.hu\/wp-content\/uploads\/2023\/10\/1001CMGA-KKP-KB-Politikai-Bizottsaga-az-ellenorzes-hatekonysaganak-noveleset-tartja-szuksegesnek-187x124.jpg 187w, https:\/\/kinaikaleidoszkop.hu\/wp-content\/uploads\/2023\/10\/1001CMGA-KKP-KB-Politikai-Bizottsaga-az-ellenorzes-hatekonysaganak-noveleset-tartja-szuksegesnek-990x660.jpg 990w\" sizes=\"auto, (max-width: 1024px) 100vw, 1024px\" \/><\/figure>\n\n\n\n<p>Az \u00fcl\u00e9sen elhangzottak szerint a p\u00e1rt\u00e9p\u00edt\u00e9s meger\u0151s\u00f6d\u00f6tt az \u00e1llami tulajdon\u00fa v\u00e1llalatokban, a p\u00e9nz\u00fcgyi \u00e9s a sport int\u00e9zm\u00e9nyekben. Az ellen\u0151rz\u00e9s\u00e9rt felel\u0151s\u00f6k szerint a szigor\u00fa korm\u00e1nyz\u00e1st magasabb szintre kell emelni, a felel\u0151ss\u00e9get v\u00e1llalva jav\u00edtani kell annak sz\u00ednvonal\u00e1n.<\/p>\n\n\n\n<p>Az \u00fcl\u00e9sen kihangs\u00falyozt\u00e1k, hogy az ellen\u0151rz\u00e9s j\u00f3 lehet\u0151s\u00e9g a P\u00e1rt \u00e1tfog\u00f3 befoly\u00e1s\u00e1nak n\u00f6vel\u00e9s\u00e9re. S\u00fcrgett\u00e9k, hogy a magasabb politikai poz\u00edci\u00f3kban felel\u0151sen teljes\u00edts\u00e9k a P\u00e1rt \u00e1ltal meghat\u00e1rozott k\u00f6telezetts\u00e9geket, folyamatosan er\u0151s\u00edts\u00e9k az \u00e1llami tulajdon\u00fa v\u00e1llalatok versenyk\u00e9pess\u00e9g\u00e9t, \u00e9s konszolid\u00e1lj\u00e1k a k\u00ednai st\u00edlus\u00fa szocializmus alapj\u00e1t. A p\u00e9nz\u00fcgyi \u00e1gazatnak jobban kell szolg\u00e1lnia a re\u00e1lgazdas\u00e1got, \u00e9s el\u0151 kell mozd\u00edtania a magas sz\u00ednvonal\u00fa fejleszt\u00e9st. Az \u00fcl\u00e9sen m\u00e9g a biztons\u00e1g\u00f3l \u00e9s a korrupci\u00f3 elleni k\u00fczdelem fontoss\u00e1g\u00e1r\u00f3l is sz\u00f3 esett. Az ellen\u0151rz\u00e9s \u00e1ltal el\u00e9rt eredm\u00e9nyeket felhaszn\u00e1lva a j\u00f6v\u0151ben el kell m\u00e9ly\u00edteni a reformot, t\u00f6k\u00e9letes\u00edteni kell a rendszert, \u00e9s megold\u00e1st kell tal\u00e1lni a probl\u00e9m\u00e1k eredet\u00e9re, hangzott el az \u00fcl\u00e9sen.<\/p>\n\n\n\n<p><strong><em>2023. 10. 02.<\/em><\/strong><\/p>\n\n\n\n<p><strong>(Wang Yuzhe \u2013 China Media Group)<\/strong><\/p>\n\n\n\n<p><strong><em>(x)<\/em><\/strong><\/p>\n","protected":false},"excerpt":{"rendered":"<p>A K\u00ednai Kommunista P\u00e1rt K\u00f6zponti Bizotts\u00e1g\u00e1nak Politikai Bizotts\u00e1ga szeptember 27-i \u00fcl\u00e9s\u00e9n fel\u00fclvizsg\u00e1lt\u00e1k a 20. KKP KB ellen\u0151rz\u00e9s\u00e9nek helyzet\u00e9t. Az \u00fcl\u00e9sen Hszi Csin-ping p\u00e1rtf\u0151titk\u00e1r, \u00e1llameln\u00f6k eln\u00f6k\u00f6lt. Az \u00fcl\u00e9sen elhangzott, hogy a KKP KB PB nagyon fontosnak tartja az ellen\u0151rz\u00e9s munk\u00e1j\u00e1t, amelyet a meg\u00fajul\u00e1s r\u00e9sz\u00e9nek tekint, \u00e9s P\u00e1rt \u00e1ltali korm\u00e1nyz\u00e1s szigor\u00fa eszk\u00f6z\u00e9nek tart. A 20. KKP KB [&hellip;]<\/p>\n","protected":false},"author":6,"featured_media":19218,"comment_status":"closed","ping_status":"closed","sticky":false,"template":"","format":"standard","meta":{"footnotes":""},"categories":[45],"tags":[305,326,270,898],"class_list":["post-19216","post","type-post","status-publish","format-standard","has-post-thumbnail","hentry","category-hirek","tag-hszi-csin-ping","tag-kinai-allamelnok","tag-kinai-kommunista-part","tag-kkp-kozponti-bizottsaga"],"yoast_head":"<!-- This site is optimized with the Yoast SEO plugin v23.7 - https:\/\/yoast.com\/wordpress\/plugins\/seo\/ -->\n<title>A KKP KB Politikai Bizotts\u00e1ga az ellen\u0151rz\u00e9s hat\u00e9konys\u00e1g\u00e1nak n\u00f6vel\u00e9s\u00e9t tartja sz\u00fcks\u00e9gesnek - kinaikaleidoszkop.hu<\/title>\n<meta name=\"robots\" content=\"index, follow, max-snippet:-1, max-image-preview:large, max-video-preview:-1\" \/>\n<link rel=\"canonical\" href=\"https:\/\/kinaikaleidoszkop.hu\/index.php\/2023\/10\/02\/a-kkp-kb-politikai-bizottsaga-az-ellenorzes-hatekonysaganak-noveleset-tartja-szuksegesnek\/\" \/>\n<meta property=\"og:locale\" content=\"hu_HU\" \/>\n<meta property=\"og:type\" content=\"article\" \/>\n<meta property=\"og:title\" content=\"A KKP KB Politikai Bizotts\u00e1ga az ellen\u0151rz\u00e9s hat\u00e9konys\u00e1g\u00e1nak n\u00f6vel\u00e9s\u00e9t tartja sz\u00fcks\u00e9gesnek - kinaikaleidoszkop.hu\" \/>\n<meta property=\"og:description\" content=\"A K\u00ednai Kommunista P\u00e1rt K\u00f6zponti Bizotts\u00e1g\u00e1nak Politikai Bizotts\u00e1ga szeptember 27-i \u00fcl\u00e9s\u00e9n fel\u00fclvizsg\u00e1lt\u00e1k a 20. KKP KB ellen\u0151rz\u00e9s\u00e9nek helyzet\u00e9t. Az \u00fcl\u00e9sen Hszi Csin-ping p\u00e1rtf\u0151titk\u00e1r, \u00e1llameln\u00f6k eln\u00f6k\u00f6lt. Az \u00fcl\u00e9sen elhangzott, hogy a KKP KB PB nagyon fontosnak tartja az ellen\u0151rz\u00e9s munk\u00e1j\u00e1t, amelyet a meg\u00fajul\u00e1s r\u00e9sz\u00e9nek tekint, \u00e9s P\u00e1rt \u00e1ltali korm\u00e1nyz\u00e1s szigor\u00fa eszk\u00f6z\u00e9nek tart. A 20. KKP KB [&hellip;]\" \/>\n<meta property=\"og:url\" content=\"https:\/\/kinaikaleidoszkop.hu\/index.php\/2023\/10\/02\/a-kkp-kb-politikai-bizottsaga-az-ellenorzes-hatekonysaganak-noveleset-tartja-szuksegesnek\/\" \/>\n<meta property=\"og:site_name\" content=\"kinaikaleidoszkop.hu\" \/>\n<meta property=\"article:published_time\" content=\"2023-10-02T08:26:26+00:00\" \/>\n<meta property=\"article:modified_time\" content=\"2023-10-02T08:26:33+00:00\" \/>\n<meta property=\"og:image\" content=\"https:\/\/kinaikaleidoszkop.hu\/wp-content\/uploads\/2023\/10\/1001CMGA-KKP-KB-Politikai-Bizottsaga-az-ellenorzes-hatekonysaganak-noveleset-tartja-szuksegesnek.jpg\" \/>\n\t<meta property=\"og:image:width\" content=\"1024\" \/>\n\t<meta property=\"og:image:height\" content=\"683\" \/>\n\t<meta property=\"og:image:type\" content=\"image\/jpeg\" \/>\n<meta name=\"author\" content=\"admin-sebi\" \/>\n<meta name=\"twitter:card\" content=\"summary_large_image\" \/>\n<meta name=\"twitter:label1\" content=\"Szerz\u0151:\" \/>\n\t<meta name=\"twitter:data1\" content=\"admin-sebi\" \/>\n\t<meta name=\"twitter:label2\" content=\"Becs\u00fclt olvas\u00e1si id\u0151\" \/>\n\t<meta name=\"twitter:data2\" content=\"2 perc\" \/>\n<script type=\"application\/ld+json\" class=\"yoast-schema-graph\">{\"@context\":\"https:\/\/schema.org\",\"@graph\":[{\"@type\":\"WebPage\",\"@id\":\"https:\/\/kinaikaleidoszkop.hu\/index.php\/2023\/10\/02\/a-kkp-kb-politikai-bizottsaga-az-ellenorzes-hatekonysaganak-noveleset-tartja-szuksegesnek\/\",\"url\":\"https:\/\/kinaikaleidoszkop.hu\/index.php\/2023\/10\/02\/a-kkp-kb-politikai-bizottsaga-az-ellenorzes-hatekonysaganak-noveleset-tartja-szuksegesnek\/\",\"name\":\"A KKP KB Politikai Bizotts\u00e1ga az ellen\u0151rz\u00e9s hat\u00e9konys\u00e1g\u00e1nak n\u00f6vel\u00e9s\u00e9t tartja sz\u00fcks\u00e9gesnek - kinaikaleidoszkop.hu\",\"isPartOf\":{\"@id\":\"https:\/\/kinaikaleidoszkop.hu\/#website\"},\"primaryImageOfPage\":{\"@id\":\"https:\/\/kinaikaleidoszkop.hu\/index.php\/2023\/10\/02\/a-kkp-kb-politikai-bizottsaga-az-ellenorzes-hatekonysaganak-noveleset-tartja-szuksegesnek\/#primaryimage\"},\"image\":{\"@id\":\"https:\/\/kinaikaleidoszkop.hu\/index.php\/2023\/10\/02\/a-kkp-kb-politikai-bizottsaga-az-ellenorzes-hatekonysaganak-noveleset-tartja-szuksegesnek\/#primaryimage\"},\"thumbnailUrl\":\"https:\/\/kinaikaleidoszkop.hu\/wp-content\/uploads\/2023\/10\/1001CMGA-KKP-KB-Politikai-Bizottsaga-az-ellenorzes-hatekonysaganak-noveleset-tartja-szuksegesnek.jpg\",\"datePublished\":\"2023-10-02T08:26:26+00:00\",\"dateModified\":\"2023-10-02T08:26:33+00:00\",\"author\":{\"@id\":\"https:\/\/kinaikaleidoszkop.hu\/#\/schema\/person\/fd215d3a8bab54daeb796ae166f99ea5\"},\"breadcrumb\":{\"@id\":\"https:\/\/kinaikaleidoszkop.hu\/index.php\/2023\/10\/02\/a-kkp-kb-politikai-bizottsaga-az-ellenorzes-hatekonysaganak-noveleset-tartja-szuksegesnek\/#breadcrumb\"},\"inLanguage\":\"hu\",\"potentialAction\":[{\"@type\":\"ReadAction\",\"target\":[\"https:\/\/kinaikaleidoszkop.hu\/index.php\/2023\/10\/02\/a-kkp-kb-politikai-bizottsaga-az-ellenorzes-hatekonysaganak-noveleset-tartja-szuksegesnek\/\"]}]},{\"@type\":\"ImageObject\",\"inLanguage\":\"hu\",\"@id\":\"https:\/\/kinaikaleidoszkop.hu\/index.php\/2023\/10\/02\/a-kkp-kb-politikai-bizottsaga-az-ellenorzes-hatekonysaganak-noveleset-tartja-szuksegesnek\/#primaryimage\",\"url\":\"https:\/\/kinaikaleidoszkop.hu\/wp-content\/uploads\/2023\/10\/1001CMGA-KKP-KB-Politikai-Bizottsaga-az-ellenorzes-hatekonysaganak-noveleset-tartja-szuksegesnek.jpg\",\"contentUrl\":\"https:\/\/kinaikaleidoszkop.hu\/wp-content\/uploads\/2023\/10\/1001CMGA-KKP-KB-Politikai-Bizottsaga-az-ellenorzes-hatekonysaganak-noveleset-tartja-szuksegesnek.jpg\",\"width\":1024,\"height\":683},{\"@type\":\"BreadcrumbList\",\"@id\":\"https:\/\/kinaikaleidoszkop.hu\/index.php\/2023\/10\/02\/a-kkp-kb-politikai-bizottsaga-az-ellenorzes-hatekonysaganak-noveleset-tartja-szuksegesnek\/#breadcrumb\",\"itemListElement\":[{\"@type\":\"ListItem\",\"position\":1,\"name\":\"Kezd\u0151lap\",\"item\":\"https:\/\/kinaikaleidoszkop.hu\/\"},{\"@type\":\"ListItem\",\"position\":2,\"name\":\"A KKP KB Politikai Bizotts\u00e1ga az ellen\u0151rz\u00e9s hat\u00e9konys\u00e1g\u00e1nak n\u00f6vel\u00e9s\u00e9t tartja sz\u00fcks\u00e9gesnek\"}]},{\"@type\":\"WebSite\",\"@id\":\"https:\/\/kinaikaleidoszkop.hu\/#website\",\"url\":\"https:\/\/kinaikaleidoszkop.hu\/\",\"name\":\"kinaikaleidoszkop.hu\",\"description\":\"\",\"potentialAction\":[{\"@type\":\"SearchAction\",\"target\":{\"@type\":\"EntryPoint\",\"urlTemplate\":\"https:\/\/kinaikaleidoszkop.hu\/?s={search_term_string}\"},\"query-input\":{\"@type\":\"PropertyValueSpecification\",\"valueRequired\":true,\"valueName\":\"search_term_string\"}}],\"inLanguage\":\"hu\"},{\"@type\":\"Person\",\"@id\":\"https:\/\/kinaikaleidoszkop.hu\/#\/schema\/person\/fd215d3a8bab54daeb796ae166f99ea5\",\"name\":\"admin-sebi\",\"image\":{\"@type\":\"ImageObject\",\"inLanguage\":\"hu\",\"@id\":\"https:\/\/kinaikaleidoszkop.hu\/#\/schema\/person\/image\/\",\"url\":\"https:\/\/secure.gravatar.com\/avatar\/b1498042bc4969020b4951f204f963e97c3d7d199f3790c1071adf67c61d0aa5?s=96&d=mm&r=g\",\"contentUrl\":\"https:\/\/secure.gravatar.com\/avatar\/b1498042bc4969020b4951f204f963e97c3d7d199f3790c1071adf67c61d0aa5?s=96&d=mm&r=g\",\"caption\":\"admin-sebi\"},\"url\":\"https:\/\/kinaikaleidoszkop.hu\/index.php\/author\/admin-sebi\/\"}]}<\/script>\n<!-- \/ Yoast SEO plugin. -->","yoast_head_json":{"title":"A KKP KB Politikai Bizotts\u00e1ga az ellen\u0151rz\u00e9s hat\u00e9konys\u00e1g\u00e1nak n\u00f6vel\u00e9s\u00e9t tartja sz\u00fcks\u00e9gesnek - kinaikaleidoszkop.hu","robots":{"index":"index","follow":"follow","max-snippet":"max-snippet:-1","max-image-preview":"max-image-preview:large","max-video-preview":"max-video-preview:-1"},"canonical":"https:\/\/kinaikaleidoszkop.hu\/index.php\/2023\/10\/02\/a-kkp-kb-politikai-bizottsaga-az-ellenorzes-hatekonysaganak-noveleset-tartja-szuksegesnek\/","og_locale":"hu_HU","og_type":"article","og_title":"A KKP KB Politikai Bizotts\u00e1ga az ellen\u0151rz\u00e9s hat\u00e9konys\u00e1g\u00e1nak n\u00f6vel\u00e9s\u00e9t tartja sz\u00fcks\u00e9gesnek - kinaikaleidoszkop.hu","og_description":"A K\u00ednai Kommunista P\u00e1rt K\u00f6zponti Bizotts\u00e1g\u00e1nak Politikai Bizotts\u00e1ga szeptember 27-i \u00fcl\u00e9s\u00e9n fel\u00fclvizsg\u00e1lt\u00e1k a 20. KKP KB ellen\u0151rz\u00e9s\u00e9nek helyzet\u00e9t. Az \u00fcl\u00e9sen Hszi Csin-ping p\u00e1rtf\u0151titk\u00e1r, \u00e1llameln\u00f6k eln\u00f6k\u00f6lt. Az \u00fcl\u00e9sen elhangzott, hogy a KKP KB PB nagyon fontosnak tartja az ellen\u0151rz\u00e9s munk\u00e1j\u00e1t, amelyet a meg\u00fajul\u00e1s r\u00e9sz\u00e9nek tekint, \u00e9s P\u00e1rt \u00e1ltali korm\u00e1nyz\u00e1s szigor\u00fa eszk\u00f6z\u00e9nek tart. A 20. KKP KB [&hellip;]","og_url":"https:\/\/kinaikaleidoszkop.hu\/index.php\/2023\/10\/02\/a-kkp-kb-politikai-bizottsaga-az-ellenorzes-hatekonysaganak-noveleset-tartja-szuksegesnek\/","og_site_name":"kinaikaleidoszkop.hu","article_published_time":"2023-10-02T08:26:26+00:00","article_modified_time":"2023-10-02T08:26:33+00:00","og_image":[{"width":1024,"height":683,"url":"https:\/\/kinaikaleidoszkop.hu\/wp-content\/uploads\/2023\/10\/1001CMGA-KKP-KB-Politikai-Bizottsaga-az-ellenorzes-hatekonysaganak-noveleset-tartja-szuksegesnek.jpg","type":"image\/jpeg"}],"author":"admin-sebi","twitter_card":"summary_large_image","twitter_misc":{"Szerz\u0151:":"admin-sebi","Becs\u00fclt olvas\u00e1si id\u0151":"2 perc"},"schema":{"@context":"https:\/\/schema.org","@graph":[{"@type":"WebPage","@id":"https:\/\/kinaikaleidoszkop.hu\/index.php\/2023\/10\/02\/a-kkp-kb-politikai-bizottsaga-az-ellenorzes-hatekonysaganak-noveleset-tartja-szuksegesnek\/","url":"https:\/\/kinaikaleidoszkop.hu\/index.php\/2023\/10\/02\/a-kkp-kb-politikai-bizottsaga-az-ellenorzes-hatekonysaganak-noveleset-tartja-szuksegesnek\/","name":"A KKP KB Politikai Bizotts\u00e1ga az ellen\u0151rz\u00e9s hat\u00e9konys\u00e1g\u00e1nak n\u00f6vel\u00e9s\u00e9t tartja sz\u00fcks\u00e9gesnek - kinaikaleidoszkop.hu","isPartOf":{"@id":"https:\/\/kinaikaleidoszkop.hu\/#website"},"primaryImageOfPage":{"@id":"https:\/\/kinaikaleidoszkop.hu\/index.php\/2023\/10\/02\/a-kkp-kb-politikai-bizottsaga-az-ellenorzes-hatekonysaganak-noveleset-tartja-szuksegesnek\/#primaryimage"},"image":{"@id":"https:\/\/kinaikaleidoszkop.hu\/index.php\/2023\/10\/02\/a-kkp-kb-politikai-bizottsaga-az-ellenorzes-hatekonysaganak-noveleset-tartja-szuksegesnek\/#primaryimage"},"thumbnailUrl":"https:\/\/kinaikaleidoszkop.hu\/wp-content\/uploads\/2023\/10\/1001CMGA-KKP-KB-Politikai-Bizottsaga-az-ellenorzes-hatekonysaganak-noveleset-tartja-szuksegesnek.jpg","datePublished":"2023-10-02T08:26:26+00:00","dateModified":"2023-10-02T08:26:33+00:00","author":{"@id":"https:\/\/kinaikaleidoszkop.hu\/#\/schema\/person\/fd215d3a8bab54daeb796ae166f99ea5"},"breadcrumb":{"@id":"https:\/\/kinaikaleidoszkop.hu\/index.php\/2023\/10\/02\/a-kkp-kb-politikai-bizottsaga-az-ellenorzes-hatekonysaganak-noveleset-tartja-szuksegesnek\/#breadcrumb"},"inLanguage":"hu","potentialAction":[{"@type":"ReadAction","target":["https:\/\/kinaikaleidoszkop.hu\/index.php\/2023\/10\/02\/a-kkp-kb-politikai-bizottsaga-az-ellenorzes-hatekonysaganak-noveleset-tartja-szuksegesnek\/"]}]},{"@type":"ImageObject","inLanguage":"hu","@id":"https:\/\/kinaikaleidoszkop.hu\/index.php\/2023\/10\/02\/a-kkp-kb-politikai-bizottsaga-az-ellenorzes-hatekonysaganak-noveleset-tartja-szuksegesnek\/#primaryimage","url":"https:\/\/kinaikaleidoszkop.hu\/wp-content\/uploads\/2023\/10\/1001CMGA-KKP-KB-Politikai-Bizottsaga-az-ellenorzes-hatekonysaganak-noveleset-tartja-szuksegesnek.jpg","contentUrl":"https:\/\/kinaikaleidoszkop.hu\/wp-content\/uploads\/2023\/10\/1001CMGA-KKP-KB-Politikai-Bizottsaga-az-ellenorzes-hatekonysaganak-noveleset-tartja-szuksegesnek.jpg","width":1024,"height":683},{"@type":"BreadcrumbList","@id":"https:\/\/kinaikaleidoszkop.hu\/index.php\/2023\/10\/02\/a-kkp-kb-politikai-bizottsaga-az-ellenorzes-hatekonysaganak-noveleset-tartja-szuksegesnek\/#breadcrumb","itemListElement":[{"@type":"ListItem","position":1,"name":"Kezd\u0151lap","item":"https:\/\/kinaikaleidoszkop.hu\/"},{"@type":"ListItem","position":2,"name":"A KKP KB Politikai Bizotts\u00e1ga az ellen\u0151rz\u00e9s hat\u00e9konys\u00e1g\u00e1nak n\u00f6vel\u00e9s\u00e9t tartja sz\u00fcks\u00e9gesnek"}]},{"@type":"WebSite","@id":"https:\/\/kinaikaleidoszkop.hu\/#website","url":"https:\/\/kinaikaleidoszkop.hu\/","name":"kinaikaleidoszkop.hu","description":"","potentialAction":[{"@type":"SearchAction","target":{"@type":"EntryPoint","urlTemplate":"https:\/\/kinaikaleidoszkop.hu\/?s={search_term_string}"},"query-input":{"@type":"PropertyValueSpecification","valueRequired":true,"valueName":"search_term_string"}}],"inLanguage":"hu"},{"@type":"Person","@id":"https:\/\/kinaikaleidoszkop.hu\/#\/schema\/person\/fd215d3a8bab54daeb796ae166f99ea5","name":"admin-sebi","image":{"@type":"ImageObject","inLanguage":"hu","@id":"https:\/\/kinaikaleidoszkop.hu\/#\/schema\/person\/image\/","url":"https:\/\/secure.gravatar.com\/avatar\/b1498042bc4969020b4951f204f963e97c3d7d199f3790c1071adf67c61d0aa5?s=96&d=mm&r=g","contentUrl":"https:\/\/secure.gravatar.com\/avatar\/b1498042bc4969020b4951f204f963e97c3d7d199f3790c1071adf67c61d0aa5?s=96&d=mm&r=g","caption":"admin-sebi"},"url":"https:\/\/kinaikaleidoszkop.hu\/index.php\/author\/admin-sebi\/"}]}},"views":262,"distributor_meta":false,"distributor_terms":false,"distributor_media":false,"distributor_original_site_name":"kinaikaleidoszkop.hu","distributor_original_site_url":"https:\/\/kinaikaleidoszkop.hu","push-errors":false,"_links":{"self":[{"href":"https:\/\/kinaikaleidoszkop.hu\/index.php\/wp-json\/wp\/v2\/posts\/19216","targetHints":{"allow":["GET"]}}],"collection":[{"href":"https:\/\/kinaikaleidoszkop.hu\/index.php\/wp-json\/wp\/v2\/posts"}],"about":[{"href":"https:\/\/kinaikaleidoszkop.hu\/index.php\/wp-json\/wp\/v2\/types\/post"}],"author":[{"embeddable":true,"href":"https:\/\/kinaikaleidoszkop.hu\/index.php\/wp-json\/wp\/v2\/users\/6"}],"replies":[{"embeddable":true,"href":"https:\/\/kinaikaleidoszkop.hu\/index.php\/wp-json\/wp\/v2\/comments?post=19216"}],"version-history":[{"count":1,"href":"https:\/\/kinaikaleidoszkop.hu\/index.php\/wp-json\/wp\/v2\/posts\/19216\/revisions"}],"predecessor-version":[{"id":19219,"href":"https:\/\/kinaikaleidoszkop.hu\/index.php\/wp-json\/wp\/v2\/posts\/19216\/revisions\/19219"}],"wp:featuredmedia":[{"embeddable":true,"href":"https:\/\/kinaikaleidoszkop.hu\/index.php\/wp-json\/wp\/v2\/media\/19218"}],"wp:attachment":[{"href":"https:\/\/kinaikaleidoszkop.hu\/index.php\/wp-json\/wp\/v2\/media?parent=19216"}],"wp:term":[{"taxonomy":"category","embeddable":true,"href":"https:\/\/kinaikaleidoszkop.hu\/index.php\/wp-json\/wp\/v2\/categories?post=19216"},{"taxonomy":"post_tag","embeddable":true,"href":"https:\/\/kinaikaleidoszkop.hu\/index.php\/wp-json\/wp\/v2\/tags?post=19216"}],"curies":[{"name":"wp","href":"https:\/\/api.w.org\/{rel}","templated":true}]}}