{"id":19230,"date":"2023-10-02T14:00:00","date_gmt":"2023-10-02T12:00:00","guid":{"rendered":"https:\/\/kinaikaleidoszkop.hu\/?p=19230"},"modified":"2023-10-02T14:24:52","modified_gmt":"2023-10-02T12:24:52","slug":"kinai-dokumentumfilm-fesztival-az-ensz-latin-amerika-es-karib-terseg-gazdasagi-bizottsaganak-szekhelyen","status":"publish","type":"post","link":"https:\/\/kinaikaleidoszkop.hu\/index.php\/2023\/10\/02\/kinai-dokumentumfilm-fesztival-az-ensz-latin-amerika-es-karib-terseg-gazdasagi-bizottsaganak-szekhelyen\/","title":{"rendered":"K\u00ednai Dokumentumfilm-fesztiv\u00e1l az ENSZ Latin-Amerika \u00e9s Karib-t\u00e9rs\u00e9g Gazdas\u00e1gi Bizotts\u00e1g\u00e1nak sz\u00e9khely\u00e9n"},"content":{"rendered":"\n<p><strong>Az \u201e\u00d6vezet \u00e9s \u00dat\u201d kezdem\u00e9nyez\u00e9s el\u0151terjeszt\u00e9s\u00e9nek 10. \u00e9vfordul\u00f3ja alkalm\u00e1b\u00f3l szeptember 25-\u00e9n a China Media Group \u00e9s az ENSZ Latin-Amerika \u00e9s Karib-t\u00e9rs\u00e9g Gazdas\u00e1gi Bizotts\u00e1ga (CEPAL) k\u00f6z\u00f6sen szervezte meg a 2023-as K\u00ednai Dokumentumfilm-fesztiv\u00e1lt a chilei Santiag\u00f3ban l\u00e9v\u0151 sz\u00e9khely\u00e9n. A filmfesztiv\u00e1l c\u00e9lja, hogy dokumentumfilmeken kereszt\u00fcl megismertess\u00e9k a vil\u00e1g n\u00e9peit az emberis\u00e9g sorsk\u00f6z\u00f6ss\u00e9g\u00e9nek koncepci\u00f3j\u00e1val, valamint az \u201e\u00d6vezet \u00e9s \u00dat\u201d k\u00f6z\u00f6s \u00e9p\u00edt\u00e9s\u00e9nek t\u00f6rt\u00e9net\u00e9vel.<\/strong><\/p>\n\n\n\n<figure class=\"wp-block-image\"><img decoding=\"async\" src=\"https:\/\/hirpest.hu\/wp-content\/uploads\/2023\/10\/Kinai-Dokumentumfilm-fesztival11-1-1024x575.jpg\" alt=\"\" class=\"wp-image-18958\"\/><\/figure>\n\n\n\n<p>A CMG CGTN <em>\u00c9p\u00edts\u00fck meg az \u00e1lmok k\u00e9k tenger\u00e9t<\/em> c. dokumentumfilmje ezen a fesztiv\u00e1lon deb\u00fct\u00e1lt. A dokumentumfilmet K\u00edn\u00e1ban \u00e9s \u00f6t latin-amerikai orsz\u00e1gban forgatt\u00e1k. A film egy-egy t\u00f6rt\u00e9neten kereszt\u00fcl mutatja be a k\u00e9t f\u00e9l k\u00f6z\u00f6tti egy\u00fcttm\u0171k\u00f6d\u00e9seket. K\u00f6zel sz\u00e1z vend\u00e9g jelent meg a fesztiv\u00e1lon, m\u00e1sok mellett Chile \u00e9s a CEPAL tisztvisel\u0151i, valamint a latin-amerikai orsz\u00e1gok chilei nagyk\u00f6vetei.<\/p>\n\n\n\n<p>Shen Haixiong, a CMG eln\u00f6ke elmondta, hogy a Hszi Csin-ping k\u00ednai \u00e1llameln\u00f6k \u00e1ltal el\u0151terjesztett \u201e\u00d6vezet \u00e9s \u00dat\u201d kezdem\u00e9nyez\u00e9s kitart a t\u00e1rgyal\u00e1s, a k\u00f6z\u00f6s \u00e9p\u00edt\u00e9s \u00e9s a megoszt\u00e1s elve mellett. Az \u201e\u00d6vezet \u00e9s \u00dat\u201d sz\u00e1mos projektet t\u00e1mogatott a kereskedelem, a befektet\u00e9sek, az ipari egy\u00fcttm\u0171k\u00f6d\u00e9sek \u00e9s a kultur\u00e1lis cserekapcsolatok ter\u00fclet\u00e9n, amelyek K\u00edna \u00e9s Latin-Amerika n\u00e9peinek jav\u00e1t szolg\u00e1lj\u00e1k. A CMG k\u00e9sz a nemzetk\u00f6zi bar\u00e1taival egy\u00fctt t\u00e1j\u00e9koztatni az emberi sorsk\u00f6z\u00f6ss\u00e9g koncepci\u00f3j\u00e1r\u00f3l, \u00e9s k\u00e9sz \u00faj fejezeteket \u00edrni az \u201e\u00d6vezet \u00e9s \u00dat\u201d egy\u00fcttm\u0171k\u00f6d\u00e9sekben a dokumentumfilmeken kereszt\u00fcl.<\/p>\n\n\n\n<p><strong><em>(Ma Xiaolu \u2013 China Media Group)<\/em><\/strong><\/p>\n\n\n\n<p><strong>2023. okt\u00f3ber 2.<\/strong><\/p>\n\n\n\n<p><strong><em>(x)<\/em><\/strong><\/p>\n","protected":false},"excerpt":{"rendered":"<p>Az \u201e\u00d6vezet \u00e9s \u00dat\u201d kezdem\u00e9nyez\u00e9s el\u0151terjeszt\u00e9s\u00e9nek 10. \u00e9vfordul\u00f3ja alkalm\u00e1b\u00f3l szeptember 25-\u00e9n a China Media Group \u00e9s az ENSZ Latin-Amerika \u00e9s Karib-t\u00e9rs\u00e9g Gazdas\u00e1gi Bizotts\u00e1ga (CEPAL) k\u00f6z\u00f6sen szervezte meg a 2023-as K\u00ednai Dokumentumfilm-fesztiv\u00e1lt a chilei Santiag\u00f3ban l\u00e9v\u0151 sz\u00e9khely\u00e9n. A filmfesztiv\u00e1l c\u00e9lja, hogy dokumentumfilmeken kereszt\u00fcl megismertess\u00e9k a vil\u00e1g n\u00e9peit az emberis\u00e9g sorsk\u00f6z\u00f6ss\u00e9g\u00e9nek koncepci\u00f3j\u00e1val, valamint az \u201e\u00d6vezet \u00e9s \u00dat\u201d [&hellip;]<\/p>\n","protected":false},"author":2,"featured_media":19239,"comment_status":"closed","ping_status":"closed","sticky":false,"template":"","format":"standard","meta":{"footnotes":""},"categories":[45],"tags":[3130,512,273,3128,292,3129,415,444],"class_list":["post-19230","post","type-post","status-publish","format-standard","has-post-thumbnail","hentry","category-hirek","tag-chile","tag-china-media-group","tag-egyuttmukodes","tag-ensz-latin-amerika-es-karib-terseg-gazdasagi-bizottsaga","tag-evfordulo","tag-kinai-dokumentumfilm-fesztival","tag-ovezet-es-ut-kezdemenyezes","tag-shen-haixiong"],"yoast_head":"<!-- This site is optimized with the Yoast SEO plugin v23.7 - https:\/\/yoast.com\/wordpress\/plugins\/seo\/ -->\n<title>K\u00ednai Dokumentumfilm-fesztiv\u00e1l az ENSZ Latin-Amerika \u00e9s Karib-t\u00e9rs\u00e9g Gazdas\u00e1gi Bizotts\u00e1g\u00e1nak sz\u00e9khely\u00e9n - kinaikaleidoszkop.hu<\/title>\n<meta name=\"robots\" content=\"index, follow, max-snippet:-1, max-image-preview:large, max-video-preview:-1\" \/>\n<link rel=\"canonical\" href=\"https:\/\/kinaikaleidoszkop.hu\/index.php\/2023\/10\/02\/kinai-dokumentumfilm-fesztival-az-ensz-latin-amerika-es-karib-terseg-gazdasagi-bizottsaganak-szekhelyen\/\" \/>\n<meta property=\"og:locale\" content=\"hu_HU\" \/>\n<meta property=\"og:type\" content=\"article\" \/>\n<meta property=\"og:title\" content=\"K\u00ednai Dokumentumfilm-fesztiv\u00e1l az ENSZ Latin-Amerika \u00e9s Karib-t\u00e9rs\u00e9g Gazdas\u00e1gi Bizotts\u00e1g\u00e1nak sz\u00e9khely\u00e9n - kinaikaleidoszkop.hu\" \/>\n<meta property=\"og:description\" content=\"Az \u201e\u00d6vezet \u00e9s \u00dat\u201d kezdem\u00e9nyez\u00e9s el\u0151terjeszt\u00e9s\u00e9nek 10. \u00e9vfordul\u00f3ja alkalm\u00e1b\u00f3l szeptember 25-\u00e9n a China Media Group \u00e9s az ENSZ Latin-Amerika \u00e9s Karib-t\u00e9rs\u00e9g Gazdas\u00e1gi Bizotts\u00e1ga (CEPAL) k\u00f6z\u00f6sen szervezte meg a 2023-as K\u00ednai Dokumentumfilm-fesztiv\u00e1lt a chilei Santiag\u00f3ban l\u00e9v\u0151 sz\u00e9khely\u00e9n. A filmfesztiv\u00e1l c\u00e9lja, hogy dokumentumfilmeken kereszt\u00fcl megismertess\u00e9k a vil\u00e1g n\u00e9peit az emberis\u00e9g sorsk\u00f6z\u00f6ss\u00e9g\u00e9nek koncepci\u00f3j\u00e1val, valamint az \u201e\u00d6vezet \u00e9s \u00dat\u201d [&hellip;]\" \/>\n<meta property=\"og:url\" content=\"https:\/\/kinaikaleidoszkop.hu\/index.php\/2023\/10\/02\/kinai-dokumentumfilm-fesztival-az-ensz-latin-amerika-es-karib-terseg-gazdasagi-bizottsaganak-szekhelyen\/\" \/>\n<meta property=\"og:site_name\" content=\"kinaikaleidoszkop.hu\" \/>\n<meta property=\"article:published_time\" content=\"2023-10-02T12:00:00+00:00\" \/>\n<meta property=\"article:modified_time\" content=\"2023-10-02T12:24:52+00:00\" \/>\n<meta property=\"og:image\" content=\"https:\/\/kinaikaleidoszkop.hu\/wp-content\/uploads\/2023\/10\/Kinai-Dokumentumfilm-fesztival11-scaled.jpg\" \/>\n\t<meta property=\"og:image:width\" content=\"2560\" \/>\n\t<meta property=\"og:image:height\" content=\"1438\" \/>\n\t<meta property=\"og:image:type\" content=\"image\/jpeg\" \/>\n<meta name=\"author\" content=\"admin-szabolcs\" \/>\n<meta name=\"twitter:card\" content=\"summary_large_image\" \/>\n<meta name=\"twitter:label1\" content=\"Szerz\u0151:\" \/>\n\t<meta name=\"twitter:data1\" content=\"admin-szabolcs\" \/>\n\t<meta name=\"twitter:label2\" content=\"Becs\u00fclt olvas\u00e1si id\u0151\" \/>\n\t<meta name=\"twitter:data2\" content=\"2 perc\" \/>\n<script type=\"application\/ld+json\" class=\"yoast-schema-graph\">{\"@context\":\"https:\/\/schema.org\",\"@graph\":[{\"@type\":\"WebPage\",\"@id\":\"https:\/\/kinaikaleidoszkop.hu\/index.php\/2023\/10\/02\/kinai-dokumentumfilm-fesztival-az-ensz-latin-amerika-es-karib-terseg-gazdasagi-bizottsaganak-szekhelyen\/\",\"url\":\"https:\/\/kinaikaleidoszkop.hu\/index.php\/2023\/10\/02\/kinai-dokumentumfilm-fesztival-az-ensz-latin-amerika-es-karib-terseg-gazdasagi-bizottsaganak-szekhelyen\/\",\"name\":\"K\u00ednai Dokumentumfilm-fesztiv\u00e1l az ENSZ Latin-Amerika \u00e9s Karib-t\u00e9rs\u00e9g Gazdas\u00e1gi Bizotts\u00e1g\u00e1nak sz\u00e9khely\u00e9n - kinaikaleidoszkop.hu\",\"isPartOf\":{\"@id\":\"https:\/\/kinaikaleidoszkop.hu\/#website\"},\"primaryImageOfPage\":{\"@id\":\"https:\/\/kinaikaleidoszkop.hu\/index.php\/2023\/10\/02\/kinai-dokumentumfilm-fesztival-az-ensz-latin-amerika-es-karib-terseg-gazdasagi-bizottsaganak-szekhelyen\/#primaryimage\"},\"image\":{\"@id\":\"https:\/\/kinaikaleidoszkop.hu\/index.php\/2023\/10\/02\/kinai-dokumentumfilm-fesztival-az-ensz-latin-amerika-es-karib-terseg-gazdasagi-bizottsaganak-szekhelyen\/#primaryimage\"},\"thumbnailUrl\":\"https:\/\/kinaikaleidoszkop.hu\/wp-content\/uploads\/2023\/10\/Kinai-Dokumentumfilm-fesztival11-scaled.jpg\",\"datePublished\":\"2023-10-02T12:00:00+00:00\",\"dateModified\":\"2023-10-02T12:24:52+00:00\",\"author\":{\"@id\":\"https:\/\/kinaikaleidoszkop.hu\/#\/schema\/person\/b9e2febe742edd540c1197716ec02bf7\"},\"breadcrumb\":{\"@id\":\"https:\/\/kinaikaleidoszkop.hu\/index.php\/2023\/10\/02\/kinai-dokumentumfilm-fesztival-az-ensz-latin-amerika-es-karib-terseg-gazdasagi-bizottsaganak-szekhelyen\/#breadcrumb\"},\"inLanguage\":\"hu\",\"potentialAction\":[{\"@type\":\"ReadAction\",\"target\":[\"https:\/\/kinaikaleidoszkop.hu\/index.php\/2023\/10\/02\/kinai-dokumentumfilm-fesztival-az-ensz-latin-amerika-es-karib-terseg-gazdasagi-bizottsaganak-szekhelyen\/\"]}]},{\"@type\":\"ImageObject\",\"inLanguage\":\"hu\",\"@id\":\"https:\/\/kinaikaleidoszkop.hu\/index.php\/2023\/10\/02\/kinai-dokumentumfilm-fesztival-az-ensz-latin-amerika-es-karib-terseg-gazdasagi-bizottsaganak-szekhelyen\/#primaryimage\",\"url\":\"https:\/\/kinaikaleidoszkop.hu\/wp-content\/uploads\/2023\/10\/Kinai-Dokumentumfilm-fesztival11-scaled.jpg\",\"contentUrl\":\"https:\/\/kinaikaleidoszkop.hu\/wp-content\/uploads\/2023\/10\/Kinai-Dokumentumfilm-fesztival11-scaled.jpg\",\"width\":2560,\"height\":1438},{\"@type\":\"BreadcrumbList\",\"@id\":\"https:\/\/kinaikaleidoszkop.hu\/index.php\/2023\/10\/02\/kinai-dokumentumfilm-fesztival-az-ensz-latin-amerika-es-karib-terseg-gazdasagi-bizottsaganak-szekhelyen\/#breadcrumb\",\"itemListElement\":[{\"@type\":\"ListItem\",\"position\":1,\"name\":\"Kezd\u0151lap\",\"item\":\"https:\/\/kinaikaleidoszkop.hu\/\"},{\"@type\":\"ListItem\",\"position\":2,\"name\":\"K\u00ednai Dokumentumfilm-fesztiv\u00e1l az ENSZ Latin-Amerika \u00e9s Karib-t\u00e9rs\u00e9g Gazdas\u00e1gi Bizotts\u00e1g\u00e1nak sz\u00e9khely\u00e9n\"}]},{\"@type\":\"WebSite\",\"@id\":\"https:\/\/kinaikaleidoszkop.hu\/#website\",\"url\":\"https:\/\/kinaikaleidoszkop.hu\/\",\"name\":\"kinaikaleidoszkop.hu\",\"description\":\"\",\"potentialAction\":[{\"@type\":\"SearchAction\",\"target\":{\"@type\":\"EntryPoint\",\"urlTemplate\":\"https:\/\/kinaikaleidoszkop.hu\/?s={search_term_string}\"},\"query-input\":{\"@type\":\"PropertyValueSpecification\",\"valueRequired\":true,\"valueName\":\"search_term_string\"}}],\"inLanguage\":\"hu\"},{\"@type\":\"Person\",\"@id\":\"https:\/\/kinaikaleidoszkop.hu\/#\/schema\/person\/b9e2febe742edd540c1197716ec02bf7\",\"name\":\"admin-szabolcs\",\"image\":{\"@type\":\"ImageObject\",\"inLanguage\":\"hu\",\"@id\":\"https:\/\/kinaikaleidoszkop.hu\/#\/schema\/person\/image\/\",\"url\":\"https:\/\/secure.gravatar.com\/avatar\/154f262492794df2a6cb5d5349227b18ef8f85ab462fbb32625fc42406483d21?s=96&d=mm&r=g\",\"contentUrl\":\"https:\/\/secure.gravatar.com\/avatar\/154f262492794df2a6cb5d5349227b18ef8f85ab462fbb32625fc42406483d21?s=96&d=mm&r=g\",\"caption\":\"admin-szabolcs\"},\"url\":\"https:\/\/kinaikaleidoszkop.hu\/index.php\/author\/admin-szabolcs\/\"}]}<\/script>\n<!-- \/ Yoast SEO plugin. -->","yoast_head_json":{"title":"K\u00ednai Dokumentumfilm-fesztiv\u00e1l az ENSZ Latin-Amerika \u00e9s Karib-t\u00e9rs\u00e9g Gazdas\u00e1gi Bizotts\u00e1g\u00e1nak sz\u00e9khely\u00e9n - kinaikaleidoszkop.hu","robots":{"index":"index","follow":"follow","max-snippet":"max-snippet:-1","max-image-preview":"max-image-preview:large","max-video-preview":"max-video-preview:-1"},"canonical":"https:\/\/kinaikaleidoszkop.hu\/index.php\/2023\/10\/02\/kinai-dokumentumfilm-fesztival-az-ensz-latin-amerika-es-karib-terseg-gazdasagi-bizottsaganak-szekhelyen\/","og_locale":"hu_HU","og_type":"article","og_title":"K\u00ednai Dokumentumfilm-fesztiv\u00e1l az ENSZ Latin-Amerika \u00e9s Karib-t\u00e9rs\u00e9g Gazdas\u00e1gi Bizotts\u00e1g\u00e1nak sz\u00e9khely\u00e9n - kinaikaleidoszkop.hu","og_description":"Az \u201e\u00d6vezet \u00e9s \u00dat\u201d kezdem\u00e9nyez\u00e9s el\u0151terjeszt\u00e9s\u00e9nek 10. \u00e9vfordul\u00f3ja alkalm\u00e1b\u00f3l szeptember 25-\u00e9n a China Media Group \u00e9s az ENSZ Latin-Amerika \u00e9s Karib-t\u00e9rs\u00e9g Gazdas\u00e1gi Bizotts\u00e1ga (CEPAL) k\u00f6z\u00f6sen szervezte meg a 2023-as K\u00ednai Dokumentumfilm-fesztiv\u00e1lt a chilei Santiag\u00f3ban l\u00e9v\u0151 sz\u00e9khely\u00e9n. A filmfesztiv\u00e1l c\u00e9lja, hogy dokumentumfilmeken kereszt\u00fcl megismertess\u00e9k a vil\u00e1g n\u00e9peit az emberis\u00e9g sorsk\u00f6z\u00f6ss\u00e9g\u00e9nek koncepci\u00f3j\u00e1val, valamint az \u201e\u00d6vezet \u00e9s \u00dat\u201d [&hellip;]","og_url":"https:\/\/kinaikaleidoszkop.hu\/index.php\/2023\/10\/02\/kinai-dokumentumfilm-fesztival-az-ensz-latin-amerika-es-karib-terseg-gazdasagi-bizottsaganak-szekhelyen\/","og_site_name":"kinaikaleidoszkop.hu","article_published_time":"2023-10-02T12:00:00+00:00","article_modified_time":"2023-10-02T12:24:52+00:00","og_image":[{"width":2560,"height":1438,"url":"https:\/\/kinaikaleidoszkop.hu\/wp-content\/uploads\/2023\/10\/Kinai-Dokumentumfilm-fesztival11-scaled.jpg","type":"image\/jpeg"}],"author":"admin-szabolcs","twitter_card":"summary_large_image","twitter_misc":{"Szerz\u0151:":"admin-szabolcs","Becs\u00fclt olvas\u00e1si id\u0151":"2 perc"},"schema":{"@context":"https:\/\/schema.org","@graph":[{"@type":"WebPage","@id":"https:\/\/kinaikaleidoszkop.hu\/index.php\/2023\/10\/02\/kinai-dokumentumfilm-fesztival-az-ensz-latin-amerika-es-karib-terseg-gazdasagi-bizottsaganak-szekhelyen\/","url":"https:\/\/kinaikaleidoszkop.hu\/index.php\/2023\/10\/02\/kinai-dokumentumfilm-fesztival-az-ensz-latin-amerika-es-karib-terseg-gazdasagi-bizottsaganak-szekhelyen\/","name":"K\u00ednai Dokumentumfilm-fesztiv\u00e1l az ENSZ Latin-Amerika \u00e9s Karib-t\u00e9rs\u00e9g Gazdas\u00e1gi Bizotts\u00e1g\u00e1nak sz\u00e9khely\u00e9n - kinaikaleidoszkop.hu","isPartOf":{"@id":"https:\/\/kinaikaleidoszkop.hu\/#website"},"primaryImageOfPage":{"@id":"https:\/\/kinaikaleidoszkop.hu\/index.php\/2023\/10\/02\/kinai-dokumentumfilm-fesztival-az-ensz-latin-amerika-es-karib-terseg-gazdasagi-bizottsaganak-szekhelyen\/#primaryimage"},"image":{"@id":"https:\/\/kinaikaleidoszkop.hu\/index.php\/2023\/10\/02\/kinai-dokumentumfilm-fesztival-az-ensz-latin-amerika-es-karib-terseg-gazdasagi-bizottsaganak-szekhelyen\/#primaryimage"},"thumbnailUrl":"https:\/\/kinaikaleidoszkop.hu\/wp-content\/uploads\/2023\/10\/Kinai-Dokumentumfilm-fesztival11-scaled.jpg","datePublished":"2023-10-02T12:00:00+00:00","dateModified":"2023-10-02T12:24:52+00:00","author":{"@id":"https:\/\/kinaikaleidoszkop.hu\/#\/schema\/person\/b9e2febe742edd540c1197716ec02bf7"},"breadcrumb":{"@id":"https:\/\/kinaikaleidoszkop.hu\/index.php\/2023\/10\/02\/kinai-dokumentumfilm-fesztival-az-ensz-latin-amerika-es-karib-terseg-gazdasagi-bizottsaganak-szekhelyen\/#breadcrumb"},"inLanguage":"hu","potentialAction":[{"@type":"ReadAction","target":["https:\/\/kinaikaleidoszkop.hu\/index.php\/2023\/10\/02\/kinai-dokumentumfilm-fesztival-az-ensz-latin-amerika-es-karib-terseg-gazdasagi-bizottsaganak-szekhelyen\/"]}]},{"@type":"ImageObject","inLanguage":"hu","@id":"https:\/\/kinaikaleidoszkop.hu\/index.php\/2023\/10\/02\/kinai-dokumentumfilm-fesztival-az-ensz-latin-amerika-es-karib-terseg-gazdasagi-bizottsaganak-szekhelyen\/#primaryimage","url":"https:\/\/kinaikaleidoszkop.hu\/wp-content\/uploads\/2023\/10\/Kinai-Dokumentumfilm-fesztival11-scaled.jpg","contentUrl":"https:\/\/kinaikaleidoszkop.hu\/wp-content\/uploads\/2023\/10\/Kinai-Dokumentumfilm-fesztival11-scaled.jpg","width":2560,"height":1438},{"@type":"BreadcrumbList","@id":"https:\/\/kinaikaleidoszkop.hu\/index.php\/2023\/10\/02\/kinai-dokumentumfilm-fesztival-az-ensz-latin-amerika-es-karib-terseg-gazdasagi-bizottsaganak-szekhelyen\/#breadcrumb","itemListElement":[{"@type":"ListItem","position":1,"name":"Kezd\u0151lap","item":"https:\/\/kinaikaleidoszkop.hu\/"},{"@type":"ListItem","position":2,"name":"K\u00ednai Dokumentumfilm-fesztiv\u00e1l az ENSZ Latin-Amerika \u00e9s Karib-t\u00e9rs\u00e9g Gazdas\u00e1gi Bizotts\u00e1g\u00e1nak sz\u00e9khely\u00e9n"}]},{"@type":"WebSite","@id":"https:\/\/kinaikaleidoszkop.hu\/#website","url":"https:\/\/kinaikaleidoszkop.hu\/","name":"kinaikaleidoszkop.hu","description":"","potentialAction":[{"@type":"SearchAction","target":{"@type":"EntryPoint","urlTemplate":"https:\/\/kinaikaleidoszkop.hu\/?s={search_term_string}"},"query-input":{"@type":"PropertyValueSpecification","valueRequired":true,"valueName":"search_term_string"}}],"inLanguage":"hu"},{"@type":"Person","@id":"https:\/\/kinaikaleidoszkop.hu\/#\/schema\/person\/b9e2febe742edd540c1197716ec02bf7","name":"admin-szabolcs","image":{"@type":"ImageObject","inLanguage":"hu","@id":"https:\/\/kinaikaleidoszkop.hu\/#\/schema\/person\/image\/","url":"https:\/\/secure.gravatar.com\/avatar\/154f262492794df2a6cb5d5349227b18ef8f85ab462fbb32625fc42406483d21?s=96&d=mm&r=g","contentUrl":"https:\/\/secure.gravatar.com\/avatar\/154f262492794df2a6cb5d5349227b18ef8f85ab462fbb32625fc42406483d21?s=96&d=mm&r=g","caption":"admin-szabolcs"},"url":"https:\/\/kinaikaleidoszkop.hu\/index.php\/author\/admin-szabolcs\/"}]}},"views":231,"distributor_meta":false,"distributor_terms":false,"distributor_media":false,"distributor_original_site_name":"kinaikaleidoszkop.hu","distributor_original_site_url":"https:\/\/kinaikaleidoszkop.hu","push-errors":false,"_links":{"self":[{"href":"https:\/\/kinaikaleidoszkop.hu\/index.php\/wp-json\/wp\/v2\/posts\/19230","targetHints":{"allow":["GET"]}}],"collection":[{"href":"https:\/\/kinaikaleidoszkop.hu\/index.php\/wp-json\/wp\/v2\/posts"}],"about":[{"href":"https:\/\/kinaikaleidoszkop.hu\/index.php\/wp-json\/wp\/v2\/types\/post"}],"author":[{"embeddable":true,"href":"https:\/\/kinaikaleidoszkop.hu\/index.php\/wp-json\/wp\/v2\/users\/2"}],"replies":[{"embeddable":true,"href":"https:\/\/kinaikaleidoszkop.hu\/index.php\/wp-json\/wp\/v2\/comments?post=19230"}],"version-history":[{"count":1,"href":"https:\/\/kinaikaleidoszkop.hu\/index.php\/wp-json\/wp\/v2\/posts\/19230\/revisions"}],"predecessor-version":[{"id":19242,"href":"https:\/\/kinaikaleidoszkop.hu\/index.php\/wp-json\/wp\/v2\/posts\/19230\/revisions\/19242"}],"wp:featuredmedia":[{"embeddable":true,"href":"https:\/\/kinaikaleidoszkop.hu\/index.php\/wp-json\/wp\/v2\/media\/19239"}],"wp:attachment":[{"href":"https:\/\/kinaikaleidoszkop.hu\/index.php\/wp-json\/wp\/v2\/media?parent=19230"}],"wp:term":[{"taxonomy":"category","embeddable":true,"href":"https:\/\/kinaikaleidoszkop.hu\/index.php\/wp-json\/wp\/v2\/categories?post=19230"},{"taxonomy":"post_tag","embeddable":true,"href":"https:\/\/kinaikaleidoszkop.hu\/index.php\/wp-json\/wp\/v2\/tags?post=19230"}],"curies":[{"name":"wp","href":"https:\/\/api.w.org\/{rel}","templated":true}]}}