{"id":19248,"date":"2023-10-03T09:30:00","date_gmt":"2023-10-03T07:30:00","guid":{"rendered":"https:\/\/kinaikaleidoszkop.hu\/?p=19248"},"modified":"2023-10-03T10:14:42","modified_gmt":"2023-10-03T08:14:42","slug":"fellendult-a-kinai-magyar-turizmus-es-kereskedelem-interju-nemethviktoriaval","status":"publish","type":"post","link":"https:\/\/kinaikaleidoszkop.hu\/index.php\/2023\/10\/03\/fellendult-a-kinai-magyar-turizmus-es-kereskedelem-interju-nemethviktoriaval\/","title":{"rendered":"Fellend\u00fclt a k\u00ednai-magyar turizmus \u00e9s kereskedelem &#8211; Interj\u00fa N\u00e9meth Vikt\u00f3ri\u00e1val"},"content":{"rendered":"\n<p><strong><strong>Magyarorsz\u00e1g els\u0151 eur\u00f3pai orsz\u00e1gk\u00e9nt \u00edrta al\u00e1 a korm\u00e1nyk\u00f6zi egy\u00fcttm\u0171k\u00f6d\u00e9si meg\u00e1llapod\u00e1st K\u00edn\u00e1val az \u201e\u00d6vezet \u00e9s \u00dat\u201d k\u00f6z\u00f6s fejleszt\u00e9s\u00e9r\u0151l, aminek k\u00f6sz\u00f6nhet\u0151en az elm\u00falt 10 \u00e9vben a kezdem\u00e9nyez\u00e9s lehet\u0151s\u00e9get adott a magyarorsz\u00e1gi infrastrukt\u00fara ki\u00e9p\u00edt\u00e9s\u00e9re sz\u00e1razf\u00f6ld\u00f6n \u00e9s l\u00e9gvonalban egyar\u00e1nt. Mindez a kereskedelem \u00e9s a turizmus fellend\u00fcl\u00e9s\u00e9t hozta mag\u00e1val, aminek m\u00e9g a koronav\u00edrus sem tudott v\u00e9g\u00e9rv\u00e9nyesen g\u00e1tat szabni.<\/strong><\/strong><\/p>\n\n\n\n<p>A t\u00e9m\u00e1ban N\u00e9meth Vikt\u00f3ria gazdas\u00e1gi elemz\u0151vel k\u00e9sz\u00fclt besz\u00e9lget\u00e9s.<\/p>\n\n\n\n<figure class=\"wp-block-embed is-type-video is-provider-youtube wp-block-embed-youtube wp-embed-aspect-16-9 wp-has-aspect-ratio\"><div class=\"wp-block-embed__wrapper\">\n<iframe loading=\"lazy\" title=\"Fellend\u00fclt a k\u00ednai-magyar turizmus \u00e9s kereskedelem - Interj\u00fa N\u00e9meth Vikt\u00f3ri\u00e1val\" width=\"1320\" height=\"743\" src=\"https:\/\/www.youtube.com\/embed\/APVMSVsVXfU?list=PLK36PJf69TPKUhFVULl-OvkUQSDOvyRle\" frameborder=\"0\" allow=\"accelerometer; autoplay; clipboard-write; encrypted-media; gyroscope; picture-in-picture; web-share\" allowfullscreen><\/iframe>\n<\/div><\/figure>\n\n\n\n<p><strong><em>2023. 10. 03.<\/em><\/strong><\/p>\n","protected":false},"excerpt":{"rendered":"<p>Magyarorsz\u00e1g els\u0151 eur\u00f3pai orsz\u00e1gk\u00e9nt \u00edrta al\u00e1 a korm\u00e1nyk\u00f6zi egy\u00fcttm\u0171k\u00f6d\u00e9si meg\u00e1llapod\u00e1st K\u00edn\u00e1val az \u201e\u00d6vezet \u00e9s \u00dat\u201d k\u00f6z\u00f6s fejleszt\u00e9s\u00e9r\u0151l, aminek k\u00f6sz\u00f6nhet\u0151en az elm\u00falt 10 \u00e9vben a kezdem\u00e9nyez\u00e9s lehet\u0151s\u00e9get adott a magyarorsz\u00e1gi infrastrukt\u00fara ki\u00e9p\u00edt\u00e9s\u00e9re sz\u00e1razf\u00f6ld\u00f6n \u00e9s l\u00e9gvonalban egyar\u00e1nt. Mindez a kereskedelem \u00e9s a turizmus fellend\u00fcl\u00e9s\u00e9t hozta mag\u00e1val, aminek m\u00e9g a koronav\u00edrus sem tudott v\u00e9g\u00e9rv\u00e9nyesen g\u00e1tat szabni. A t\u00e9m\u00e1ban [&hellip;]<\/p>\n","protected":false},"author":6,"featured_media":19250,"comment_status":"closed","ping_status":"closed","sticky":false,"template":"","format":"standard","meta":{"footnotes":""},"categories":[91,7],"tags":[2182,1387,66,1501,419,3132,3131,415,1329],"class_list":["post-19248","post","type-post","status-publish","format-standard","has-post-thumbnail","hentry","category-kepek-videok","category-mind","tag-egyuttmukodesi-megallapodas","tag-elemzes","tag-gazdasag","tag-kereskedelem","tag-magyarorszag","tag-ovezet-es-ut-2","tag-ovezet-es-ut-egyuttmukodes","tag-ovezet-es-ut-kezdemenyezes","tag-turizmus"],"yoast_head":"<!-- This site is optimized with the Yoast SEO plugin v23.7 - https:\/\/yoast.com\/wordpress\/plugins\/seo\/ -->\n<title>Fellend\u00fclt a k\u00ednai-magyar turizmus \u00e9s kereskedelem - Interj\u00fa N\u00e9meth Vikt\u00f3ri\u00e1val - kinaikaleidoszkop.hu<\/title>\n<meta name=\"robots\" content=\"index, follow, max-snippet:-1, max-image-preview:large, max-video-preview:-1\" \/>\n<link rel=\"canonical\" href=\"https:\/\/kinaikaleidoszkop.hu\/index.php\/2023\/10\/03\/fellendult-a-kinai-magyar-turizmus-es-kereskedelem-interju-nemethviktoriaval\/\" \/>\n<meta property=\"og:locale\" content=\"hu_HU\" \/>\n<meta property=\"og:type\" content=\"article\" \/>\n<meta property=\"og:title\" content=\"Fellend\u00fclt a k\u00ednai-magyar turizmus \u00e9s kereskedelem - Interj\u00fa N\u00e9meth Vikt\u00f3ri\u00e1val - kinaikaleidoszkop.hu\" \/>\n<meta property=\"og:description\" content=\"Magyarorsz\u00e1g els\u0151 eur\u00f3pai orsz\u00e1gk\u00e9nt \u00edrta al\u00e1 a korm\u00e1nyk\u00f6zi egy\u00fcttm\u0171k\u00f6d\u00e9si meg\u00e1llapod\u00e1st K\u00edn\u00e1val az \u201e\u00d6vezet \u00e9s \u00dat\u201d k\u00f6z\u00f6s fejleszt\u00e9s\u00e9r\u0151l, aminek k\u00f6sz\u00f6nhet\u0151en az elm\u00falt 10 \u00e9vben a kezdem\u00e9nyez\u00e9s lehet\u0151s\u00e9get adott a magyarorsz\u00e1gi infrastrukt\u00fara ki\u00e9p\u00edt\u00e9s\u00e9re sz\u00e1razf\u00f6ld\u00f6n \u00e9s l\u00e9gvonalban egyar\u00e1nt. Mindez a kereskedelem \u00e9s a turizmus fellend\u00fcl\u00e9s\u00e9t hozta mag\u00e1val, aminek m\u00e9g a koronav\u00edrus sem tudott v\u00e9g\u00e9rv\u00e9nyesen g\u00e1tat szabni. A t\u00e9m\u00e1ban [&hellip;]\" \/>\n<meta property=\"og:url\" content=\"https:\/\/kinaikaleidoszkop.hu\/index.php\/2023\/10\/03\/fellendult-a-kinai-magyar-turizmus-es-kereskedelem-interju-nemethviktoriaval\/\" \/>\n<meta property=\"og:site_name\" content=\"kinaikaleidoszkop.hu\" \/>\n<meta property=\"article:published_time\" content=\"2023-10-03T07:30:00+00:00\" \/>\n<meta property=\"article:modified_time\" content=\"2023-10-03T08:14:42+00:00\" \/>\n<meta property=\"og:image\" content=\"https:\/\/kinaikaleidoszkop.hu\/wp-content\/uploads\/2023\/10\/nemeth_viktoria.jpg\" \/>\n\t<meta property=\"og:image:width\" content=\"1267\" \/>\n\t<meta property=\"og:image:height\" content=\"703\" \/>\n\t<meta property=\"og:image:type\" content=\"image\/jpeg\" \/>\n<meta name=\"author\" content=\"admin-sebi\" \/>\n<meta name=\"twitter:card\" content=\"summary_large_image\" \/>\n<meta name=\"twitter:label1\" content=\"Szerz\u0151:\" \/>\n\t<meta name=\"twitter:data1\" content=\"admin-sebi\" \/>\n\t<meta name=\"twitter:label2\" content=\"Becs\u00fclt olvas\u00e1si id\u0151\" \/>\n\t<meta name=\"twitter:data2\" content=\"1 perc\" \/>\n<script type=\"application\/ld+json\" class=\"yoast-schema-graph\">{\"@context\":\"https:\/\/schema.org\",\"@graph\":[{\"@type\":\"WebPage\",\"@id\":\"https:\/\/kinaikaleidoszkop.hu\/index.php\/2023\/10\/03\/fellendult-a-kinai-magyar-turizmus-es-kereskedelem-interju-nemethviktoriaval\/\",\"url\":\"https:\/\/kinaikaleidoszkop.hu\/index.php\/2023\/10\/03\/fellendult-a-kinai-magyar-turizmus-es-kereskedelem-interju-nemethviktoriaval\/\",\"name\":\"Fellend\u00fclt a k\u00ednai-magyar turizmus \u00e9s kereskedelem - Interj\u00fa N\u00e9meth Vikt\u00f3ri\u00e1val - kinaikaleidoszkop.hu\",\"isPartOf\":{\"@id\":\"https:\/\/kinaikaleidoszkop.hu\/#website\"},\"primaryImageOfPage\":{\"@id\":\"https:\/\/kinaikaleidoszkop.hu\/index.php\/2023\/10\/03\/fellendult-a-kinai-magyar-turizmus-es-kereskedelem-interju-nemethviktoriaval\/#primaryimage\"},\"image\":{\"@id\":\"https:\/\/kinaikaleidoszkop.hu\/index.php\/2023\/10\/03\/fellendult-a-kinai-magyar-turizmus-es-kereskedelem-interju-nemethviktoriaval\/#primaryimage\"},\"thumbnailUrl\":\"https:\/\/kinaikaleidoszkop.hu\/wp-content\/uploads\/2023\/10\/nemeth_viktoria.jpg\",\"datePublished\":\"2023-10-03T07:30:00+00:00\",\"dateModified\":\"2023-10-03T08:14:42+00:00\",\"author\":{\"@id\":\"https:\/\/kinaikaleidoszkop.hu\/#\/schema\/person\/fd215d3a8bab54daeb796ae166f99ea5\"},\"breadcrumb\":{\"@id\":\"https:\/\/kinaikaleidoszkop.hu\/index.php\/2023\/10\/03\/fellendult-a-kinai-magyar-turizmus-es-kereskedelem-interju-nemethviktoriaval\/#breadcrumb\"},\"inLanguage\":\"hu\",\"potentialAction\":[{\"@type\":\"ReadAction\",\"target\":[\"https:\/\/kinaikaleidoszkop.hu\/index.php\/2023\/10\/03\/fellendult-a-kinai-magyar-turizmus-es-kereskedelem-interju-nemethviktoriaval\/\"]}]},{\"@type\":\"ImageObject\",\"inLanguage\":\"hu\",\"@id\":\"https:\/\/kinaikaleidoszkop.hu\/index.php\/2023\/10\/03\/fellendult-a-kinai-magyar-turizmus-es-kereskedelem-interju-nemethviktoriaval\/#primaryimage\",\"url\":\"https:\/\/kinaikaleidoszkop.hu\/wp-content\/uploads\/2023\/10\/nemeth_viktoria.jpg\",\"contentUrl\":\"https:\/\/kinaikaleidoszkop.hu\/wp-content\/uploads\/2023\/10\/nemeth_viktoria.jpg\",\"width\":1267,\"height\":703},{\"@type\":\"BreadcrumbList\",\"@id\":\"https:\/\/kinaikaleidoszkop.hu\/index.php\/2023\/10\/03\/fellendult-a-kinai-magyar-turizmus-es-kereskedelem-interju-nemethviktoriaval\/#breadcrumb\",\"itemListElement\":[{\"@type\":\"ListItem\",\"position\":1,\"name\":\"Kezd\u0151lap\",\"item\":\"https:\/\/kinaikaleidoszkop.hu\/\"},{\"@type\":\"ListItem\",\"position\":2,\"name\":\"Fellend\u00fclt a k\u00ednai-magyar turizmus \u00e9s kereskedelem &#8211; Interj\u00fa N\u00e9meth Vikt\u00f3ri\u00e1val\"}]},{\"@type\":\"WebSite\",\"@id\":\"https:\/\/kinaikaleidoszkop.hu\/#website\",\"url\":\"https:\/\/kinaikaleidoszkop.hu\/\",\"name\":\"kinaikaleidoszkop.hu\",\"description\":\"\",\"potentialAction\":[{\"@type\":\"SearchAction\",\"target\":{\"@type\":\"EntryPoint\",\"urlTemplate\":\"https:\/\/kinaikaleidoszkop.hu\/?s={search_term_string}\"},\"query-input\":{\"@type\":\"PropertyValueSpecification\",\"valueRequired\":true,\"valueName\":\"search_term_string\"}}],\"inLanguage\":\"hu\"},{\"@type\":\"Person\",\"@id\":\"https:\/\/kinaikaleidoszkop.hu\/#\/schema\/person\/fd215d3a8bab54daeb796ae166f99ea5\",\"name\":\"admin-sebi\",\"image\":{\"@type\":\"ImageObject\",\"inLanguage\":\"hu\",\"@id\":\"https:\/\/kinaikaleidoszkop.hu\/#\/schema\/person\/image\/\",\"url\":\"https:\/\/secure.gravatar.com\/avatar\/b1498042bc4969020b4951f204f963e97c3d7d199f3790c1071adf67c61d0aa5?s=96&d=mm&r=g\",\"contentUrl\":\"https:\/\/secure.gravatar.com\/avatar\/b1498042bc4969020b4951f204f963e97c3d7d199f3790c1071adf67c61d0aa5?s=96&d=mm&r=g\",\"caption\":\"admin-sebi\"},\"url\":\"https:\/\/kinaikaleidoszkop.hu\/index.php\/author\/admin-sebi\/\"}]}<\/script>\n<!-- \/ Yoast SEO plugin. -->","yoast_head_json":{"title":"Fellend\u00fclt a k\u00ednai-magyar turizmus \u00e9s kereskedelem - Interj\u00fa N\u00e9meth Vikt\u00f3ri\u00e1val - kinaikaleidoszkop.hu","robots":{"index":"index","follow":"follow","max-snippet":"max-snippet:-1","max-image-preview":"max-image-preview:large","max-video-preview":"max-video-preview:-1"},"canonical":"https:\/\/kinaikaleidoszkop.hu\/index.php\/2023\/10\/03\/fellendult-a-kinai-magyar-turizmus-es-kereskedelem-interju-nemethviktoriaval\/","og_locale":"hu_HU","og_type":"article","og_title":"Fellend\u00fclt a k\u00ednai-magyar turizmus \u00e9s kereskedelem - Interj\u00fa N\u00e9meth Vikt\u00f3ri\u00e1val - kinaikaleidoszkop.hu","og_description":"Magyarorsz\u00e1g els\u0151 eur\u00f3pai orsz\u00e1gk\u00e9nt \u00edrta al\u00e1 a korm\u00e1nyk\u00f6zi egy\u00fcttm\u0171k\u00f6d\u00e9si meg\u00e1llapod\u00e1st K\u00edn\u00e1val az \u201e\u00d6vezet \u00e9s \u00dat\u201d k\u00f6z\u00f6s fejleszt\u00e9s\u00e9r\u0151l, aminek k\u00f6sz\u00f6nhet\u0151en az elm\u00falt 10 \u00e9vben a kezdem\u00e9nyez\u00e9s lehet\u0151s\u00e9get adott a magyarorsz\u00e1gi infrastrukt\u00fara ki\u00e9p\u00edt\u00e9s\u00e9re sz\u00e1razf\u00f6ld\u00f6n \u00e9s l\u00e9gvonalban egyar\u00e1nt. Mindez a kereskedelem \u00e9s a turizmus fellend\u00fcl\u00e9s\u00e9t hozta mag\u00e1val, aminek m\u00e9g a koronav\u00edrus sem tudott v\u00e9g\u00e9rv\u00e9nyesen g\u00e1tat szabni. A t\u00e9m\u00e1ban [&hellip;]","og_url":"https:\/\/kinaikaleidoszkop.hu\/index.php\/2023\/10\/03\/fellendult-a-kinai-magyar-turizmus-es-kereskedelem-interju-nemethviktoriaval\/","og_site_name":"kinaikaleidoszkop.hu","article_published_time":"2023-10-03T07:30:00+00:00","article_modified_time":"2023-10-03T08:14:42+00:00","og_image":[{"width":1267,"height":703,"url":"https:\/\/kinaikaleidoszkop.hu\/wp-content\/uploads\/2023\/10\/nemeth_viktoria.jpg","type":"image\/jpeg"}],"author":"admin-sebi","twitter_card":"summary_large_image","twitter_misc":{"Szerz\u0151:":"admin-sebi","Becs\u00fclt olvas\u00e1si id\u0151":"1 perc"},"schema":{"@context":"https:\/\/schema.org","@graph":[{"@type":"WebPage","@id":"https:\/\/kinaikaleidoszkop.hu\/index.php\/2023\/10\/03\/fellendult-a-kinai-magyar-turizmus-es-kereskedelem-interju-nemethviktoriaval\/","url":"https:\/\/kinaikaleidoszkop.hu\/index.php\/2023\/10\/03\/fellendult-a-kinai-magyar-turizmus-es-kereskedelem-interju-nemethviktoriaval\/","name":"Fellend\u00fclt a k\u00ednai-magyar turizmus \u00e9s kereskedelem - Interj\u00fa N\u00e9meth Vikt\u00f3ri\u00e1val - kinaikaleidoszkop.hu","isPartOf":{"@id":"https:\/\/kinaikaleidoszkop.hu\/#website"},"primaryImageOfPage":{"@id":"https:\/\/kinaikaleidoszkop.hu\/index.php\/2023\/10\/03\/fellendult-a-kinai-magyar-turizmus-es-kereskedelem-interju-nemethviktoriaval\/#primaryimage"},"image":{"@id":"https:\/\/kinaikaleidoszkop.hu\/index.php\/2023\/10\/03\/fellendult-a-kinai-magyar-turizmus-es-kereskedelem-interju-nemethviktoriaval\/#primaryimage"},"thumbnailUrl":"https:\/\/kinaikaleidoszkop.hu\/wp-content\/uploads\/2023\/10\/nemeth_viktoria.jpg","datePublished":"2023-10-03T07:30:00+00:00","dateModified":"2023-10-03T08:14:42+00:00","author":{"@id":"https:\/\/kinaikaleidoszkop.hu\/#\/schema\/person\/fd215d3a8bab54daeb796ae166f99ea5"},"breadcrumb":{"@id":"https:\/\/kinaikaleidoszkop.hu\/index.php\/2023\/10\/03\/fellendult-a-kinai-magyar-turizmus-es-kereskedelem-interju-nemethviktoriaval\/#breadcrumb"},"inLanguage":"hu","potentialAction":[{"@type":"ReadAction","target":["https:\/\/kinaikaleidoszkop.hu\/index.php\/2023\/10\/03\/fellendult-a-kinai-magyar-turizmus-es-kereskedelem-interju-nemethviktoriaval\/"]}]},{"@type":"ImageObject","inLanguage":"hu","@id":"https:\/\/kinaikaleidoszkop.hu\/index.php\/2023\/10\/03\/fellendult-a-kinai-magyar-turizmus-es-kereskedelem-interju-nemethviktoriaval\/#primaryimage","url":"https:\/\/kinaikaleidoszkop.hu\/wp-content\/uploads\/2023\/10\/nemeth_viktoria.jpg","contentUrl":"https:\/\/kinaikaleidoszkop.hu\/wp-content\/uploads\/2023\/10\/nemeth_viktoria.jpg","width":1267,"height":703},{"@type":"BreadcrumbList","@id":"https:\/\/kinaikaleidoszkop.hu\/index.php\/2023\/10\/03\/fellendult-a-kinai-magyar-turizmus-es-kereskedelem-interju-nemethviktoriaval\/#breadcrumb","itemListElement":[{"@type":"ListItem","position":1,"name":"Kezd\u0151lap","item":"https:\/\/kinaikaleidoszkop.hu\/"},{"@type":"ListItem","position":2,"name":"Fellend\u00fclt a k\u00ednai-magyar turizmus \u00e9s kereskedelem &#8211; Interj\u00fa N\u00e9meth Vikt\u00f3ri\u00e1val"}]},{"@type":"WebSite","@id":"https:\/\/kinaikaleidoszkop.hu\/#website","url":"https:\/\/kinaikaleidoszkop.hu\/","name":"kinaikaleidoszkop.hu","description":"","potentialAction":[{"@type":"SearchAction","target":{"@type":"EntryPoint","urlTemplate":"https:\/\/kinaikaleidoszkop.hu\/?s={search_term_string}"},"query-input":{"@type":"PropertyValueSpecification","valueRequired":true,"valueName":"search_term_string"}}],"inLanguage":"hu"},{"@type":"Person","@id":"https:\/\/kinaikaleidoszkop.hu\/#\/schema\/person\/fd215d3a8bab54daeb796ae166f99ea5","name":"admin-sebi","image":{"@type":"ImageObject","inLanguage":"hu","@id":"https:\/\/kinaikaleidoszkop.hu\/#\/schema\/person\/image\/","url":"https:\/\/secure.gravatar.com\/avatar\/b1498042bc4969020b4951f204f963e97c3d7d199f3790c1071adf67c61d0aa5?s=96&d=mm&r=g","contentUrl":"https:\/\/secure.gravatar.com\/avatar\/b1498042bc4969020b4951f204f963e97c3d7d199f3790c1071adf67c61d0aa5?s=96&d=mm&r=g","caption":"admin-sebi"},"url":"https:\/\/kinaikaleidoszkop.hu\/index.php\/author\/admin-sebi\/"}]}},"views":386,"distributor_meta":false,"distributor_terms":false,"distributor_media":false,"distributor_original_site_name":"kinaikaleidoszkop.hu","distributor_original_site_url":"https:\/\/kinaikaleidoszkop.hu","push-errors":false,"_links":{"self":[{"href":"https:\/\/kinaikaleidoszkop.hu\/index.php\/wp-json\/wp\/v2\/posts\/19248","targetHints":{"allow":["GET"]}}],"collection":[{"href":"https:\/\/kinaikaleidoszkop.hu\/index.php\/wp-json\/wp\/v2\/posts"}],"about":[{"href":"https:\/\/kinaikaleidoszkop.hu\/index.php\/wp-json\/wp\/v2\/types\/post"}],"author":[{"embeddable":true,"href":"https:\/\/kinaikaleidoszkop.hu\/index.php\/wp-json\/wp\/v2\/users\/6"}],"replies":[{"embeddable":true,"href":"https:\/\/kinaikaleidoszkop.hu\/index.php\/wp-json\/wp\/v2\/comments?post=19248"}],"version-history":[{"count":3,"href":"https:\/\/kinaikaleidoszkop.hu\/index.php\/wp-json\/wp\/v2\/posts\/19248\/revisions"}],"predecessor-version":[{"id":19269,"href":"https:\/\/kinaikaleidoszkop.hu\/index.php\/wp-json\/wp\/v2\/posts\/19248\/revisions\/19269"}],"wp:featuredmedia":[{"embeddable":true,"href":"https:\/\/kinaikaleidoszkop.hu\/index.php\/wp-json\/wp\/v2\/media\/19250"}],"wp:attachment":[{"href":"https:\/\/kinaikaleidoszkop.hu\/index.php\/wp-json\/wp\/v2\/media?parent=19248"}],"wp:term":[{"taxonomy":"category","embeddable":true,"href":"https:\/\/kinaikaleidoszkop.hu\/index.php\/wp-json\/wp\/v2\/categories?post=19248"},{"taxonomy":"post_tag","embeddable":true,"href":"https:\/\/kinaikaleidoszkop.hu\/index.php\/wp-json\/wp\/v2\/tags?post=19248"}],"curies":[{"name":"wp","href":"https:\/\/api.w.org\/{rel}","templated":true}]}}