{"id":19295,"date":"2023-10-08T14:00:07","date_gmt":"2023-10-08T12:00:07","guid":{"rendered":"https:\/\/kinaikaleidoszkop.hu\/?p=19295"},"modified":"2023-10-08T14:00:08","modified_gmt":"2023-10-08T12:00:08","slug":"sziriai-elnok-az-egyesult-allamok-osszejatszott-a-terroristakkal-hogy-kifosszak-sziriat","status":"publish","type":"post","link":"https:\/\/kinaikaleidoszkop.hu\/index.php\/2023\/10\/08\/sziriai-elnok-az-egyesult-allamok-osszejatszott-a-terroristakkal-hogy-kifosszak-sziriat\/","title":{"rendered":"Sz\u00edriai eln\u00f6k: Az Egyes\u00fclt \u00c1llamok \u00f6sszej\u00e1tszott a terrorist\u00e1kkal, hogy kifossz\u00e1k Sz\u00edri\u00e1t"},"content":{"rendered":"\n<p><strong>A China Media Group <em>\u201eVezet\u0151k besz\u00e9lgetnek\u201d<\/em> c\u00edm\u0171 m\u0171sor\u00e1nak leg\u00fajabb epiz\u00f3dja egy Bashar al-Assad sz\u00edriai eln\u00f6kkel k\u00e9sz\u00fclt interj\u00fat sug\u00e1rzott. Az eln\u00f6k szerint az Egyes\u00fclt \u00c1llamok \u00f6sszej\u00e1tszott a terrorist\u00e1kkal, hogy kifossz\u00e1k Sz\u00edri\u00e1t.<\/strong><\/p>\n\n\n\n<p><strong>Zou Yun m\u0171sorvezet\u0151:<\/strong><\/p>\n\n\n\n<p><em>\u201eEln\u00f6k \u00far, Sz\u00edri\u00e1ban nagyon s\u00falyos \u00e1ramhi\u00e1ny van, \u00e9s a probl\u00e9m\u00e1t okoz\u00f3 f\u0151 t\u00e9nyez\u0151 az \u00fczemanyaghi\u00e1ny. Val\u00f3j\u00e1ban Sz\u00edria nagyon gazdag k\u0151olajban, k\u00fcl\u00f6n\u00f6sen sok olajmez\u0151 tal\u00e1lhat\u00f3 Hassakehban \u00e9s Deir Ezzorban. Ez a probl\u00e9ma k\u00f6zvetlen\u00fcl kapcsol\u00f3dik az amerikai hadsereg olajlop\u00e1s\u00e1hoz?\u201d<\/em><\/p>\n\n\n\n<p><strong>Bashar al-Assad sz\u00edriai eln\u00f6k:<\/strong><\/p>\n\n\n\n<p><em>\u201eIgen. \u00c9szakkelet-Sz\u00edri\u00e1ban a terrorist\u00e1k \u00e1ltal ellen\u0151rz\u00f6tt \u00f6sszes olajk\u00fat az Egyes\u00fclt \u00c1llamok ellen\u0151rz\u00e9se alatt \u00e1ll. Teh\u00e1t nemcsak egyszer\u0171 lop\u00e1sr\u00f3l van sz\u00f3, hanem terrorist\u00e1kkal is \u00f6sszej\u00e1tszik az USA. A vil\u00e1g szuperhatalma \u00f6sszej\u00e1tszik terrorist\u00e1kkal \u2013 ez a val\u00f3s helyzet Sz\u00edri\u00e1ban. \u00cdgy elvesztett\u00fcnk olajk\u00e9szleteket \u00e9s b\u00fazaterm\u0151 ter\u00fcleteket. \u00c9rdemes megeml\u00edteni, hogy eredetileg b\u00fazaexport\u0151r\u00f6k voltunk. Villamosenergia-hi\u00e1ny is van. Hogyan \u00e9ljenek az emberek \u00e1ram n\u00e9lk\u00fcl? Most nagyon kev\u00e9s \u00e1ramunk van ahhoz, hogy fenntartsuk magunkat, ez nem el\u00e9g.\u201d<\/em><\/p>\n\n\n\n<figure class=\"wp-block-embed is-type-video is-provider-youtube wp-block-embed-youtube wp-embed-aspect-16-9 wp-has-aspect-ratio\"><div class=\"wp-block-embed__wrapper\">\n<iframe loading=\"lazy\" title=\"Interj\u00fa Bashar al-Assad sz\u00edriai eln\u00f6kkel\" width=\"1320\" height=\"743\" src=\"https:\/\/www.youtube.com\/embed\/0j29XxEjYT8?feature=oembed\" frameborder=\"0\" allow=\"accelerometer; autoplay; clipboard-write; encrypted-media; gyroscope; picture-in-picture; web-share\" allowfullscreen><\/iframe>\n<\/div><\/figure>\n\n\n\n<p><strong>2023. okt\u00f3ber 8.<\/strong><\/p>\n\n\n\n<p><strong><em>(China Media Group)<\/em><\/strong><\/p>\n\n\n\n<p><strong>(x)<\/strong><\/p>\n","protected":false},"excerpt":{"rendered":"<p>A China Media Group \u201eVezet\u0151k besz\u00e9lgetnek\u201d c\u00edm\u0171 m\u0171sor\u00e1nak leg\u00fajabb epiz\u00f3dja egy Bashar al-Assad sz\u00edriai eln\u00f6kkel k\u00e9sz\u00fclt interj\u00fat sug\u00e1rzott. Az eln\u00f6k szerint az Egyes\u00fclt \u00c1llamok \u00f6sszej\u00e1tszott a terrorist\u00e1kkal, hogy kifossz\u00e1k Sz\u00edri\u00e1t. Zou Yun m\u0171sorvezet\u0151: \u201eEln\u00f6k \u00far, Sz\u00edri\u00e1ban nagyon s\u00falyos \u00e1ramhi\u00e1ny van, \u00e9s a probl\u00e9m\u00e1t okoz\u00f3 f\u0151 t\u00e9nyez\u0151 az \u00fczemanyaghi\u00e1ny. Val\u00f3j\u00e1ban Sz\u00edria nagyon gazdag k\u0151olajban, k\u00fcl\u00f6n\u00f6sen sok [&hellip;]<\/p>\n","protected":false},"author":2,"featured_media":19302,"comment_status":"closed","ping_status":"closed","sticky":false,"template":"","format":"standard","meta":{"footnotes":""},"categories":[45],"tags":[3162,3164,131,269,3166,3167,3165,3163,3168],"class_list":["post-19295","post","type-post","status-publish","format-standard","has-post-thumbnail","hentry","category-hirek","tag-aramhiany","tag-bashar-al-assad","tag-egyesult-allamok","tag-interju","tag-lopas","tag-olajmezo","tag-sziria","tag-sziriai-elnok","tag-terrorista"],"yoast_head":"<!-- This site is optimized with the Yoast SEO plugin v23.7 - https:\/\/yoast.com\/wordpress\/plugins\/seo\/ -->\n<title>Sz\u00edriai eln\u00f6k: Az Egyes\u00fclt \u00c1llamok \u00f6sszej\u00e1tszott a terrorist\u00e1kkal, hogy kifossz\u00e1k Sz\u00edri\u00e1t - kinaikaleidoszkop.hu<\/title>\n<meta name=\"robots\" content=\"index, follow, max-snippet:-1, max-image-preview:large, max-video-preview:-1\" \/>\n<link rel=\"canonical\" href=\"https:\/\/kinaikaleidoszkop.hu\/index.php\/2023\/10\/08\/sziriai-elnok-az-egyesult-allamok-osszejatszott-a-terroristakkal-hogy-kifosszak-sziriat\/\" \/>\n<meta property=\"og:locale\" content=\"hu_HU\" \/>\n<meta property=\"og:type\" content=\"article\" \/>\n<meta property=\"og:title\" content=\"Sz\u00edriai eln\u00f6k: Az Egyes\u00fclt \u00c1llamok \u00f6sszej\u00e1tszott a terrorist\u00e1kkal, hogy kifossz\u00e1k Sz\u00edri\u00e1t - kinaikaleidoszkop.hu\" \/>\n<meta property=\"og:description\" content=\"A China Media Group \u201eVezet\u0151k besz\u00e9lgetnek\u201d c\u00edm\u0171 m\u0171sor\u00e1nak leg\u00fajabb epiz\u00f3dja egy Bashar al-Assad sz\u00edriai eln\u00f6kkel k\u00e9sz\u00fclt interj\u00fat sug\u00e1rzott. Az eln\u00f6k szerint az Egyes\u00fclt \u00c1llamok \u00f6sszej\u00e1tszott a terrorist\u00e1kkal, hogy kifossz\u00e1k Sz\u00edri\u00e1t. Zou Yun m\u0171sorvezet\u0151: \u201eEln\u00f6k \u00far, Sz\u00edri\u00e1ban nagyon s\u00falyos \u00e1ramhi\u00e1ny van, \u00e9s a probl\u00e9m\u00e1t okoz\u00f3 f\u0151 t\u00e9nyez\u0151 az \u00fczemanyaghi\u00e1ny. Val\u00f3j\u00e1ban Sz\u00edria nagyon gazdag k\u0151olajban, k\u00fcl\u00f6n\u00f6sen sok [&hellip;]\" \/>\n<meta property=\"og:url\" content=\"https:\/\/kinaikaleidoszkop.hu\/index.php\/2023\/10\/08\/sziriai-elnok-az-egyesult-allamok-osszejatszott-a-terroristakkal-hogy-kifosszak-sziriat\/\" \/>\n<meta property=\"og:site_name\" content=\"kinaikaleidoszkop.hu\" \/>\n<meta property=\"article:published_time\" content=\"2023-10-08T12:00:07+00:00\" \/>\n<meta property=\"article:modified_time\" content=\"2023-10-08T12:00:08+00:00\" \/>\n<meta name=\"author\" content=\"admin-szabolcs\" \/>\n<meta name=\"twitter:card\" content=\"summary_large_image\" \/>\n<meta name=\"twitter:label1\" content=\"Szerz\u0151:\" \/>\n\t<meta name=\"twitter:data1\" content=\"admin-szabolcs\" \/>\n\t<meta name=\"twitter:label2\" content=\"Becs\u00fclt olvas\u00e1si id\u0151\" \/>\n\t<meta name=\"twitter:data2\" content=\"1 perc\" \/>\n<script type=\"application\/ld+json\" class=\"yoast-schema-graph\">{\"@context\":\"https:\/\/schema.org\",\"@graph\":[{\"@type\":\"WebPage\",\"@id\":\"https:\/\/kinaikaleidoszkop.hu\/index.php\/2023\/10\/08\/sziriai-elnok-az-egyesult-allamok-osszejatszott-a-terroristakkal-hogy-kifosszak-sziriat\/\",\"url\":\"https:\/\/kinaikaleidoszkop.hu\/index.php\/2023\/10\/08\/sziriai-elnok-az-egyesult-allamok-osszejatszott-a-terroristakkal-hogy-kifosszak-sziriat\/\",\"name\":\"Sz\u00edriai eln\u00f6k: Az Egyes\u00fclt \u00c1llamok \u00f6sszej\u00e1tszott a terrorist\u00e1kkal, hogy kifossz\u00e1k Sz\u00edri\u00e1t - kinaikaleidoszkop.hu\",\"isPartOf\":{\"@id\":\"https:\/\/kinaikaleidoszkop.hu\/#website\"},\"primaryImageOfPage\":{\"@id\":\"https:\/\/kinaikaleidoszkop.hu\/index.php\/2023\/10\/08\/sziriai-elnok-az-egyesult-allamok-osszejatszott-a-terroristakkal-hogy-kifosszak-sziriat\/#primaryimage\"},\"image\":{\"@id\":\"https:\/\/kinaikaleidoszkop.hu\/index.php\/2023\/10\/08\/sziriai-elnok-az-egyesult-allamok-osszejatszott-a-terroristakkal-hogy-kifosszak-sziriat\/#primaryimage\"},\"thumbnailUrl\":\"https:\/\/kinaikaleidoszkop.hu\/wp-content\/uploads\/2023\/10\/sziria_elnok.png\",\"datePublished\":\"2023-10-08T12:00:07+00:00\",\"dateModified\":\"2023-10-08T12:00:08+00:00\",\"author\":{\"@id\":\"https:\/\/kinaikaleidoszkop.hu\/#\/schema\/person\/b9e2febe742edd540c1197716ec02bf7\"},\"breadcrumb\":{\"@id\":\"https:\/\/kinaikaleidoszkop.hu\/index.php\/2023\/10\/08\/sziriai-elnok-az-egyesult-allamok-osszejatszott-a-terroristakkal-hogy-kifosszak-sziriat\/#breadcrumb\"},\"inLanguage\":\"hu\",\"potentialAction\":[{\"@type\":\"ReadAction\",\"target\":[\"https:\/\/kinaikaleidoszkop.hu\/index.php\/2023\/10\/08\/sziriai-elnok-az-egyesult-allamok-osszejatszott-a-terroristakkal-hogy-kifosszak-sziriat\/\"]}]},{\"@type\":\"ImageObject\",\"inLanguage\":\"hu\",\"@id\":\"https:\/\/kinaikaleidoszkop.hu\/index.php\/2023\/10\/08\/sziriai-elnok-az-egyesult-allamok-osszejatszott-a-terroristakkal-hogy-kifosszak-sziriat\/#primaryimage\",\"url\":\"https:\/\/kinaikaleidoszkop.hu\/wp-content\/uploads\/2023\/10\/sziria_elnok.png\",\"contentUrl\":\"https:\/\/kinaikaleidoszkop.hu\/wp-content\/uploads\/2023\/10\/sziria_elnok.png\",\"width\":1255,\"height\":698},{\"@type\":\"BreadcrumbList\",\"@id\":\"https:\/\/kinaikaleidoszkop.hu\/index.php\/2023\/10\/08\/sziriai-elnok-az-egyesult-allamok-osszejatszott-a-terroristakkal-hogy-kifosszak-sziriat\/#breadcrumb\",\"itemListElement\":[{\"@type\":\"ListItem\",\"position\":1,\"name\":\"Kezd\u0151lap\",\"item\":\"https:\/\/kinaikaleidoszkop.hu\/\"},{\"@type\":\"ListItem\",\"position\":2,\"name\":\"Sz\u00edriai eln\u00f6k: Az Egyes\u00fclt \u00c1llamok \u00f6sszej\u00e1tszott a terrorist\u00e1kkal, hogy kifossz\u00e1k Sz\u00edri\u00e1t\"}]},{\"@type\":\"WebSite\",\"@id\":\"https:\/\/kinaikaleidoszkop.hu\/#website\",\"url\":\"https:\/\/kinaikaleidoszkop.hu\/\",\"name\":\"kinaikaleidoszkop.hu\",\"description\":\"\",\"potentialAction\":[{\"@type\":\"SearchAction\",\"target\":{\"@type\":\"EntryPoint\",\"urlTemplate\":\"https:\/\/kinaikaleidoszkop.hu\/?s={search_term_string}\"},\"query-input\":{\"@type\":\"PropertyValueSpecification\",\"valueRequired\":true,\"valueName\":\"search_term_string\"}}],\"inLanguage\":\"hu\"},{\"@type\":\"Person\",\"@id\":\"https:\/\/kinaikaleidoszkop.hu\/#\/schema\/person\/b9e2febe742edd540c1197716ec02bf7\",\"name\":\"admin-szabolcs\",\"image\":{\"@type\":\"ImageObject\",\"inLanguage\":\"hu\",\"@id\":\"https:\/\/kinaikaleidoszkop.hu\/#\/schema\/person\/image\/\",\"url\":\"https:\/\/secure.gravatar.com\/avatar\/154f262492794df2a6cb5d5349227b18ef8f85ab462fbb32625fc42406483d21?s=96&d=mm&r=g\",\"contentUrl\":\"https:\/\/secure.gravatar.com\/avatar\/154f262492794df2a6cb5d5349227b18ef8f85ab462fbb32625fc42406483d21?s=96&d=mm&r=g\",\"caption\":\"admin-szabolcs\"},\"url\":\"https:\/\/kinaikaleidoszkop.hu\/index.php\/author\/admin-szabolcs\/\"}]}<\/script>\n<!-- \/ Yoast SEO plugin. -->","yoast_head_json":{"title":"Sz\u00edriai eln\u00f6k: Az Egyes\u00fclt \u00c1llamok \u00f6sszej\u00e1tszott a terrorist\u00e1kkal, hogy kifossz\u00e1k Sz\u00edri\u00e1t - kinaikaleidoszkop.hu","robots":{"index":"index","follow":"follow","max-snippet":"max-snippet:-1","max-image-preview":"max-image-preview:large","max-video-preview":"max-video-preview:-1"},"canonical":"https:\/\/kinaikaleidoszkop.hu\/index.php\/2023\/10\/08\/sziriai-elnok-az-egyesult-allamok-osszejatszott-a-terroristakkal-hogy-kifosszak-sziriat\/","og_locale":"hu_HU","og_type":"article","og_title":"Sz\u00edriai eln\u00f6k: Az Egyes\u00fclt \u00c1llamok \u00f6sszej\u00e1tszott a terrorist\u00e1kkal, hogy kifossz\u00e1k Sz\u00edri\u00e1t - kinaikaleidoszkop.hu","og_description":"A China Media Group \u201eVezet\u0151k besz\u00e9lgetnek\u201d c\u00edm\u0171 m\u0171sor\u00e1nak leg\u00fajabb epiz\u00f3dja egy Bashar al-Assad sz\u00edriai eln\u00f6kkel k\u00e9sz\u00fclt interj\u00fat sug\u00e1rzott. Az eln\u00f6k szerint az Egyes\u00fclt \u00c1llamok \u00f6sszej\u00e1tszott a terrorist\u00e1kkal, hogy kifossz\u00e1k Sz\u00edri\u00e1t. Zou Yun m\u0171sorvezet\u0151: \u201eEln\u00f6k \u00far, Sz\u00edri\u00e1ban nagyon s\u00falyos \u00e1ramhi\u00e1ny van, \u00e9s a probl\u00e9m\u00e1t okoz\u00f3 f\u0151 t\u00e9nyez\u0151 az \u00fczemanyaghi\u00e1ny. Val\u00f3j\u00e1ban Sz\u00edria nagyon gazdag k\u0151olajban, k\u00fcl\u00f6n\u00f6sen sok [&hellip;]","og_url":"https:\/\/kinaikaleidoszkop.hu\/index.php\/2023\/10\/08\/sziriai-elnok-az-egyesult-allamok-osszejatszott-a-terroristakkal-hogy-kifosszak-sziriat\/","og_site_name":"kinaikaleidoszkop.hu","article_published_time":"2023-10-08T12:00:07+00:00","article_modified_time":"2023-10-08T12:00:08+00:00","author":"admin-szabolcs","twitter_card":"summary_large_image","twitter_misc":{"Szerz\u0151:":"admin-szabolcs","Becs\u00fclt olvas\u00e1si id\u0151":"1 perc"},"schema":{"@context":"https:\/\/schema.org","@graph":[{"@type":"WebPage","@id":"https:\/\/kinaikaleidoszkop.hu\/index.php\/2023\/10\/08\/sziriai-elnok-az-egyesult-allamok-osszejatszott-a-terroristakkal-hogy-kifosszak-sziriat\/","url":"https:\/\/kinaikaleidoszkop.hu\/index.php\/2023\/10\/08\/sziriai-elnok-az-egyesult-allamok-osszejatszott-a-terroristakkal-hogy-kifosszak-sziriat\/","name":"Sz\u00edriai eln\u00f6k: Az Egyes\u00fclt \u00c1llamok \u00f6sszej\u00e1tszott a terrorist\u00e1kkal, hogy kifossz\u00e1k Sz\u00edri\u00e1t - kinaikaleidoszkop.hu","isPartOf":{"@id":"https:\/\/kinaikaleidoszkop.hu\/#website"},"primaryImageOfPage":{"@id":"https:\/\/kinaikaleidoszkop.hu\/index.php\/2023\/10\/08\/sziriai-elnok-az-egyesult-allamok-osszejatszott-a-terroristakkal-hogy-kifosszak-sziriat\/#primaryimage"},"image":{"@id":"https:\/\/kinaikaleidoszkop.hu\/index.php\/2023\/10\/08\/sziriai-elnok-az-egyesult-allamok-osszejatszott-a-terroristakkal-hogy-kifosszak-sziriat\/#primaryimage"},"thumbnailUrl":"https:\/\/kinaikaleidoszkop.hu\/wp-content\/uploads\/2023\/10\/sziria_elnok.png","datePublished":"2023-10-08T12:00:07+00:00","dateModified":"2023-10-08T12:00:08+00:00","author":{"@id":"https:\/\/kinaikaleidoszkop.hu\/#\/schema\/person\/b9e2febe742edd540c1197716ec02bf7"},"breadcrumb":{"@id":"https:\/\/kinaikaleidoszkop.hu\/index.php\/2023\/10\/08\/sziriai-elnok-az-egyesult-allamok-osszejatszott-a-terroristakkal-hogy-kifosszak-sziriat\/#breadcrumb"},"inLanguage":"hu","potentialAction":[{"@type":"ReadAction","target":["https:\/\/kinaikaleidoszkop.hu\/index.php\/2023\/10\/08\/sziriai-elnok-az-egyesult-allamok-osszejatszott-a-terroristakkal-hogy-kifosszak-sziriat\/"]}]},{"@type":"ImageObject","inLanguage":"hu","@id":"https:\/\/kinaikaleidoszkop.hu\/index.php\/2023\/10\/08\/sziriai-elnok-az-egyesult-allamok-osszejatszott-a-terroristakkal-hogy-kifosszak-sziriat\/#primaryimage","url":"https:\/\/kinaikaleidoszkop.hu\/wp-content\/uploads\/2023\/10\/sziria_elnok.png","contentUrl":"https:\/\/kinaikaleidoszkop.hu\/wp-content\/uploads\/2023\/10\/sziria_elnok.png","width":1255,"height":698},{"@type":"BreadcrumbList","@id":"https:\/\/kinaikaleidoszkop.hu\/index.php\/2023\/10\/08\/sziriai-elnok-az-egyesult-allamok-osszejatszott-a-terroristakkal-hogy-kifosszak-sziriat\/#breadcrumb","itemListElement":[{"@type":"ListItem","position":1,"name":"Kezd\u0151lap","item":"https:\/\/kinaikaleidoszkop.hu\/"},{"@type":"ListItem","position":2,"name":"Sz\u00edriai eln\u00f6k: Az Egyes\u00fclt \u00c1llamok \u00f6sszej\u00e1tszott a terrorist\u00e1kkal, hogy kifossz\u00e1k Sz\u00edri\u00e1t"}]},{"@type":"WebSite","@id":"https:\/\/kinaikaleidoszkop.hu\/#website","url":"https:\/\/kinaikaleidoszkop.hu\/","name":"kinaikaleidoszkop.hu","description":"","potentialAction":[{"@type":"SearchAction","target":{"@type":"EntryPoint","urlTemplate":"https:\/\/kinaikaleidoszkop.hu\/?s={search_term_string}"},"query-input":{"@type":"PropertyValueSpecification","valueRequired":true,"valueName":"search_term_string"}}],"inLanguage":"hu"},{"@type":"Person","@id":"https:\/\/kinaikaleidoszkop.hu\/#\/schema\/person\/b9e2febe742edd540c1197716ec02bf7","name":"admin-szabolcs","image":{"@type":"ImageObject","inLanguage":"hu","@id":"https:\/\/kinaikaleidoszkop.hu\/#\/schema\/person\/image\/","url":"https:\/\/secure.gravatar.com\/avatar\/154f262492794df2a6cb5d5349227b18ef8f85ab462fbb32625fc42406483d21?s=96&d=mm&r=g","contentUrl":"https:\/\/secure.gravatar.com\/avatar\/154f262492794df2a6cb5d5349227b18ef8f85ab462fbb32625fc42406483d21?s=96&d=mm&r=g","caption":"admin-szabolcs"},"url":"https:\/\/kinaikaleidoszkop.hu\/index.php\/author\/admin-szabolcs\/"}]}},"views":207,"distributor_meta":false,"distributor_terms":false,"distributor_media":false,"distributor_original_site_name":"kinaikaleidoszkop.hu","distributor_original_site_url":"https:\/\/kinaikaleidoszkop.hu","push-errors":false,"_links":{"self":[{"href":"https:\/\/kinaikaleidoszkop.hu\/index.php\/wp-json\/wp\/v2\/posts\/19295","targetHints":{"allow":["GET"]}}],"collection":[{"href":"https:\/\/kinaikaleidoszkop.hu\/index.php\/wp-json\/wp\/v2\/posts"}],"about":[{"href":"https:\/\/kinaikaleidoszkop.hu\/index.php\/wp-json\/wp\/v2\/types\/post"}],"author":[{"embeddable":true,"href":"https:\/\/kinaikaleidoszkop.hu\/index.php\/wp-json\/wp\/v2\/users\/2"}],"replies":[{"embeddable":true,"href":"https:\/\/kinaikaleidoszkop.hu\/index.php\/wp-json\/wp\/v2\/comments?post=19295"}],"version-history":[{"count":1,"href":"https:\/\/kinaikaleidoszkop.hu\/index.php\/wp-json\/wp\/v2\/posts\/19295\/revisions"}],"predecessor-version":[{"id":19308,"href":"https:\/\/kinaikaleidoszkop.hu\/index.php\/wp-json\/wp\/v2\/posts\/19295\/revisions\/19308"}],"wp:featuredmedia":[{"embeddable":true,"href":"https:\/\/kinaikaleidoszkop.hu\/index.php\/wp-json\/wp\/v2\/media\/19302"}],"wp:attachment":[{"href":"https:\/\/kinaikaleidoszkop.hu\/index.php\/wp-json\/wp\/v2\/media?parent=19295"}],"wp:term":[{"taxonomy":"category","embeddable":true,"href":"https:\/\/kinaikaleidoszkop.hu\/index.php\/wp-json\/wp\/v2\/categories?post=19295"},{"taxonomy":"post_tag","embeddable":true,"href":"https:\/\/kinaikaleidoszkop.hu\/index.php\/wp-json\/wp\/v2\/tags?post=19295"}],"curies":[{"name":"wp","href":"https:\/\/api.w.org\/{rel}","templated":true}]}}