{"id":19326,"date":"2023-10-10T11:34:59","date_gmt":"2023-10-10T09:34:59","guid":{"rendered":"https:\/\/kinaikaleidoszkop.hu\/?p=19326"},"modified":"2023-10-10T11:35:44","modified_gmt":"2023-10-10T09:35:44","slug":"a-cmg-uj-egyuttmukodest-indit-az-ovezet-es-ut-partnerorszagainak-mediaival","status":"publish","type":"post","link":"https:\/\/kinaikaleidoszkop.hu\/index.php\/2023\/10\/10\/a-cmg-uj-egyuttmukodest-indit-az-ovezet-es-ut-partnerorszagainak-mediaival\/","title":{"rendered":"A CMG \u00faj egy\u00fcttm\u0171k\u00f6d\u00e9st ind\u00edt az \u00d6vezet \u00e9s \u00dat partnerorsz\u00e1gainak m\u00e9di\u00e1ival"},"content":{"rendered":"\n<p><strong>Az \u00d6vezet \u00e9s \u00dat harmadik nemzetk\u00f6zi egy\u00fcttm\u0171k\u00f6d\u00e9si cs\u00facsf\u00f3rum megrendez\u00e9se el\u0151tt a China Media Group okt\u00f3ber 9-\u00e9n \u00faj egy\u00fcttm\u0171k\u00f6d\u00e9st ind\u00edtott az \u00d6vezet \u00e9s \u00dat menti partnerorsz\u00e1gok m\u00e9di\u00e1ival.<\/strong><\/p>\n\n\n\n<p>Shen Haixiong, a CMG vez\u00e9rigazgat\u00f3ja a Pekingben ez alkalomb\u00f3l tartott \u00fcnneps\u00e9gen mondott besz\u00e9d\u00e9ben k\u00f6z\u00f6lte, hogy id\u00e9n van Hszi Csin-ping \u00d6vezet \u00e9s \u00dat kezdem\u00e9nyez\u00e9se \u00e9s az emberi sorsk\u00f6z\u00f6ss\u00e9g ki\u00e9p\u00edt\u00e9se el\u0151terjeszt\u00e9s\u00e9nek 10. \u00e9vfordul\u00f3ja. A j\u00f3 min\u0151s\u00e9g\u0171 \u00d6vezet \u00e9s \u00dat k\u00f6z\u00f6s v\u00e9grehajt\u00e1sa az emberis\u00e9g sorsk\u00f6z\u00f6ss\u00e9ge ki\u00e9p\u00edt\u00e9s\u00e9nek t\u00e9nyleges gyakorlata, az \u00d6vezet \u00e9s \u00dat mechanizmus fontos nemzetk\u00f6zi egy\u00fcttm\u0171k\u00f6d\u00e9si platform, amelyben az eg\u00e9sz vil\u00e1g r\u00e9szes\u00fclhet. K\u00ednai nemzeti r\u00e1di\u00f3 \u00e9s telev\u00edzi\u00f3k\u00e9nt a CMG akt\u00edvan fogja teljes\u00edteni a k\u00f6telezetts\u00e9g\u00e9t, hogy az \u00d6vezet \u00e9s \u00dat kezdem\u00e9nyez\u00e9s r\u00e9sztvev\u0151je, szemtan\u00faja \u00e9s t\u00f6rt\u00e9netmes\u00e9l\u0151je legyen. A CMG ez alkalommal 151 orsz\u00e1g 682 m\u00e9di\u00e1j\u00e1val \u00edrt al\u00e1 sajt\u00f3szolg\u00e1ltat\u00e1si meg\u00e1llapod\u00e1st, \u00e9s l\u00e9trehozta a \u201eSelyem\u00fat telev\u00edzi\u00f3k\u00f6z\u00f6ss\u00e9g\u00e9t\u201d, ami el\u0151seg\u00edti az \u00d6vezet \u00e9s \u00dat m\u00e9dia-egy\u00fcttm\u0171k\u00f6d\u00e9sek tov\u00e1bbi elm\u00e9ly\u00fcl\u00e9s\u00e9t.<\/p>\n\n\n\n<figure class=\"wp-block-image size-large\"><img loading=\"lazy\" decoding=\"async\" width=\"1024\" height=\"613\" src=\"https:\/\/kinaikaleidoszkop.hu\/wp-content\/uploads\/2023\/10\/1010Lea1-1024x613.jpg\" alt=\"\" class=\"wp-image-19328\" srcset=\"https:\/\/kinaikaleidoszkop.hu\/wp-content\/uploads\/2023\/10\/1010Lea1-1024x613.jpg 1024w, https:\/\/kinaikaleidoszkop.hu\/wp-content\/uploads\/2023\/10\/1010Lea1-300x179.jpg 300w, https:\/\/kinaikaleidoszkop.hu\/wp-content\/uploads\/2023\/10\/1010Lea1-768x459.jpg 768w, https:\/\/kinaikaleidoszkop.hu\/wp-content\/uploads\/2023\/10\/1010Lea1-1536x919.jpg 1536w, https:\/\/kinaikaleidoszkop.hu\/wp-content\/uploads\/2023\/10\/1010Lea1-2048x1225.jpg 2048w, https:\/\/kinaikaleidoszkop.hu\/wp-content\/uploads\/2023\/10\/1010Lea1-990x592.jpg 990w, https:\/\/kinaikaleidoszkop.hu\/wp-content\/uploads\/2023\/10\/1010Lea1-1320x790.jpg 1320w\" sizes=\"auto, (max-width: 1024px) 100vw, 1024px\" \/><\/figure>\n\n\n\n<p>Az egy\u00fcttm\u0171k\u00f6d\u00e9st elind\u00edt\u00f3 \u00fcnneps\u00e9gen k\u00f6z\u00f6s kezdem\u00e9nyez\u00e9st ind\u00edtottak a civiliz\u00e1ci\u00f3k k\u00f6z\u00f6tti k\u00f6lcs\u00f6n\u00f6s tanul\u00e1s el\u0151mozd\u00edt\u00e1s\u00e1ra, amely felsz\u00f3l\u00edtotta a m\u00e9di\u00e1kat, hogy legyenek az emberis\u00e9g k\u00f6z\u00f6s \u00e9rdekeinek sz\u00f3viv\u0151i, a kultur\u00e1lis sokf\u00e9les\u00e9g v\u00e9d\u0151i, valamint a kultur\u00e1lis cser\u00e9k \u00e9s egy\u00fcttm\u0171k\u00f6d\u00e9sek vezet\u0151i.<\/p>\n\n\n\n<p><strong><em>2023. 10. 10.<\/em><\/strong><\/p>\n\n\n\n<p><strong>(Ma Xiaolu \u2013 China Media Group)<\/strong><\/p>\n\n\n\n<p><strong><em>(x)<\/em><\/strong><\/p>\n","protected":false},"excerpt":{"rendered":"<p>Az \u00d6vezet \u00e9s \u00dat harmadik nemzetk\u00f6zi egy\u00fcttm\u0171k\u00f6d\u00e9si cs\u00facsf\u00f3rum megrendez\u00e9se el\u0151tt a China Media Group okt\u00f3ber 9-\u00e9n \u00faj egy\u00fcttm\u0171k\u00f6d\u00e9st ind\u00edtott az \u00d6vezet \u00e9s \u00dat menti partnerorsz\u00e1gok m\u00e9di\u00e1ival. Shen Haixiong, a CMG vez\u00e9rigazgat\u00f3ja a Pekingben ez alkalomb\u00f3l tartott \u00fcnneps\u00e9gen mondott besz\u00e9d\u00e9ben k\u00f6z\u00f6lte, hogy id\u00e9n van Hszi Csin-ping \u00d6vezet \u00e9s \u00dat kezdem\u00e9nyez\u00e9se \u00e9s az emberi sorsk\u00f6z\u00f6ss\u00e9g ki\u00e9p\u00edt\u00e9se el\u0151terjeszt\u00e9s\u00e9nek [&hellip;]<\/p>\n","protected":false},"author":6,"featured_media":19328,"comment_status":"closed","ping_status":"closed","sticky":false,"template":"","format":"standard","meta":{"footnotes":""},"categories":[45],"tags":[512,363,273,2735,3086],"class_list":["post-19326","post","type-post","status-publish","format-standard","has-post-thumbnail","hentry","category-hirek","tag-china-media-group","tag-cmg","tag-egyuttmukodes","tag-media","tag-ovezet-es-ut"],"yoast_head":"<!-- This site is optimized with the Yoast SEO plugin v23.7 - https:\/\/yoast.com\/wordpress\/plugins\/seo\/ -->\n<title>A CMG \u00faj egy\u00fcttm\u0171k\u00f6d\u00e9st ind\u00edt az \u00d6vezet \u00e9s \u00dat partnerorsz\u00e1gainak m\u00e9di\u00e1ival - kinaikaleidoszkop.hu<\/title>\n<meta name=\"robots\" content=\"index, follow, max-snippet:-1, max-image-preview:large, max-video-preview:-1\" \/>\n<link rel=\"canonical\" href=\"https:\/\/kinaikaleidoszkop.hu\/index.php\/2023\/10\/10\/a-cmg-uj-egyuttmukodest-indit-az-ovezet-es-ut-partnerorszagainak-mediaival\/\" \/>\n<meta property=\"og:locale\" content=\"hu_HU\" \/>\n<meta property=\"og:type\" content=\"article\" \/>\n<meta property=\"og:title\" content=\"A CMG \u00faj egy\u00fcttm\u0171k\u00f6d\u00e9st ind\u00edt az \u00d6vezet \u00e9s \u00dat partnerorsz\u00e1gainak m\u00e9di\u00e1ival - kinaikaleidoszkop.hu\" \/>\n<meta property=\"og:description\" content=\"Az \u00d6vezet \u00e9s \u00dat harmadik nemzetk\u00f6zi egy\u00fcttm\u0171k\u00f6d\u00e9si cs\u00facsf\u00f3rum megrendez\u00e9se el\u0151tt a China Media Group okt\u00f3ber 9-\u00e9n \u00faj egy\u00fcttm\u0171k\u00f6d\u00e9st ind\u00edtott az \u00d6vezet \u00e9s \u00dat menti partnerorsz\u00e1gok m\u00e9di\u00e1ival. Shen Haixiong, a CMG vez\u00e9rigazgat\u00f3ja a Pekingben ez alkalomb\u00f3l tartott \u00fcnneps\u00e9gen mondott besz\u00e9d\u00e9ben k\u00f6z\u00f6lte, hogy id\u00e9n van Hszi Csin-ping \u00d6vezet \u00e9s \u00dat kezdem\u00e9nyez\u00e9se \u00e9s az emberi sorsk\u00f6z\u00f6ss\u00e9g ki\u00e9p\u00edt\u00e9se el\u0151terjeszt\u00e9s\u00e9nek [&hellip;]\" \/>\n<meta property=\"og:url\" content=\"https:\/\/kinaikaleidoszkop.hu\/index.php\/2023\/10\/10\/a-cmg-uj-egyuttmukodest-indit-az-ovezet-es-ut-partnerorszagainak-mediaival\/\" \/>\n<meta property=\"og:site_name\" content=\"kinaikaleidoszkop.hu\" \/>\n<meta property=\"article:published_time\" content=\"2023-10-10T09:34:59+00:00\" \/>\n<meta property=\"article:modified_time\" content=\"2023-10-10T09:35:44+00:00\" \/>\n<meta property=\"og:image\" content=\"https:\/\/kinaikaleidoszkop.hu\/wp-content\/uploads\/2023\/10\/1010Lea1-scaled.jpg\" \/>\n\t<meta property=\"og:image:width\" content=\"2560\" \/>\n\t<meta property=\"og:image:height\" content=\"1532\" \/>\n\t<meta property=\"og:image:type\" content=\"image\/jpeg\" \/>\n<meta name=\"author\" content=\"admin-sebi\" \/>\n<meta name=\"twitter:card\" content=\"summary_large_image\" \/>\n<meta name=\"twitter:label1\" content=\"Szerz\u0151:\" \/>\n\t<meta name=\"twitter:data1\" content=\"admin-sebi\" \/>\n\t<meta name=\"twitter:label2\" content=\"Becs\u00fclt olvas\u00e1si id\u0151\" \/>\n\t<meta name=\"twitter:data2\" content=\"2 perc\" \/>\n<script type=\"application\/ld+json\" class=\"yoast-schema-graph\">{\"@context\":\"https:\/\/schema.org\",\"@graph\":[{\"@type\":\"WebPage\",\"@id\":\"https:\/\/kinaikaleidoszkop.hu\/index.php\/2023\/10\/10\/a-cmg-uj-egyuttmukodest-indit-az-ovezet-es-ut-partnerorszagainak-mediaival\/\",\"url\":\"https:\/\/kinaikaleidoszkop.hu\/index.php\/2023\/10\/10\/a-cmg-uj-egyuttmukodest-indit-az-ovezet-es-ut-partnerorszagainak-mediaival\/\",\"name\":\"A CMG \u00faj egy\u00fcttm\u0171k\u00f6d\u00e9st ind\u00edt az \u00d6vezet \u00e9s \u00dat partnerorsz\u00e1gainak m\u00e9di\u00e1ival - kinaikaleidoszkop.hu\",\"isPartOf\":{\"@id\":\"https:\/\/kinaikaleidoszkop.hu\/#website\"},\"primaryImageOfPage\":{\"@id\":\"https:\/\/kinaikaleidoszkop.hu\/index.php\/2023\/10\/10\/a-cmg-uj-egyuttmukodest-indit-az-ovezet-es-ut-partnerorszagainak-mediaival\/#primaryimage\"},\"image\":{\"@id\":\"https:\/\/kinaikaleidoszkop.hu\/index.php\/2023\/10\/10\/a-cmg-uj-egyuttmukodest-indit-az-ovezet-es-ut-partnerorszagainak-mediaival\/#primaryimage\"},\"thumbnailUrl\":\"https:\/\/kinaikaleidoszkop.hu\/wp-content\/uploads\/2023\/10\/1010Lea1-scaled.jpg\",\"datePublished\":\"2023-10-10T09:34:59+00:00\",\"dateModified\":\"2023-10-10T09:35:44+00:00\",\"author\":{\"@id\":\"https:\/\/kinaikaleidoszkop.hu\/#\/schema\/person\/fd215d3a8bab54daeb796ae166f99ea5\"},\"breadcrumb\":{\"@id\":\"https:\/\/kinaikaleidoszkop.hu\/index.php\/2023\/10\/10\/a-cmg-uj-egyuttmukodest-indit-az-ovezet-es-ut-partnerorszagainak-mediaival\/#breadcrumb\"},\"inLanguage\":\"hu\",\"potentialAction\":[{\"@type\":\"ReadAction\",\"target\":[\"https:\/\/kinaikaleidoszkop.hu\/index.php\/2023\/10\/10\/a-cmg-uj-egyuttmukodest-indit-az-ovezet-es-ut-partnerorszagainak-mediaival\/\"]}]},{\"@type\":\"ImageObject\",\"inLanguage\":\"hu\",\"@id\":\"https:\/\/kinaikaleidoszkop.hu\/index.php\/2023\/10\/10\/a-cmg-uj-egyuttmukodest-indit-az-ovezet-es-ut-partnerorszagainak-mediaival\/#primaryimage\",\"url\":\"https:\/\/kinaikaleidoszkop.hu\/wp-content\/uploads\/2023\/10\/1010Lea1-scaled.jpg\",\"contentUrl\":\"https:\/\/kinaikaleidoszkop.hu\/wp-content\/uploads\/2023\/10\/1010Lea1-scaled.jpg\",\"width\":2560,\"height\":1532},{\"@type\":\"BreadcrumbList\",\"@id\":\"https:\/\/kinaikaleidoszkop.hu\/index.php\/2023\/10\/10\/a-cmg-uj-egyuttmukodest-indit-az-ovezet-es-ut-partnerorszagainak-mediaival\/#breadcrumb\",\"itemListElement\":[{\"@type\":\"ListItem\",\"position\":1,\"name\":\"Kezd\u0151lap\",\"item\":\"https:\/\/kinaikaleidoszkop.hu\/\"},{\"@type\":\"ListItem\",\"position\":2,\"name\":\"A CMG \u00faj egy\u00fcttm\u0171k\u00f6d\u00e9st ind\u00edt az \u00d6vezet \u00e9s \u00dat partnerorsz\u00e1gainak m\u00e9di\u00e1ival\"}]},{\"@type\":\"WebSite\",\"@id\":\"https:\/\/kinaikaleidoszkop.hu\/#website\",\"url\":\"https:\/\/kinaikaleidoszkop.hu\/\",\"name\":\"kinaikaleidoszkop.hu\",\"description\":\"\",\"potentialAction\":[{\"@type\":\"SearchAction\",\"target\":{\"@type\":\"EntryPoint\",\"urlTemplate\":\"https:\/\/kinaikaleidoszkop.hu\/?s={search_term_string}\"},\"query-input\":{\"@type\":\"PropertyValueSpecification\",\"valueRequired\":true,\"valueName\":\"search_term_string\"}}],\"inLanguage\":\"hu\"},{\"@type\":\"Person\",\"@id\":\"https:\/\/kinaikaleidoszkop.hu\/#\/schema\/person\/fd215d3a8bab54daeb796ae166f99ea5\",\"name\":\"admin-sebi\",\"image\":{\"@type\":\"ImageObject\",\"inLanguage\":\"hu\",\"@id\":\"https:\/\/kinaikaleidoszkop.hu\/#\/schema\/person\/image\/\",\"url\":\"https:\/\/secure.gravatar.com\/avatar\/b1498042bc4969020b4951f204f963e97c3d7d199f3790c1071adf67c61d0aa5?s=96&d=mm&r=g\",\"contentUrl\":\"https:\/\/secure.gravatar.com\/avatar\/b1498042bc4969020b4951f204f963e97c3d7d199f3790c1071adf67c61d0aa5?s=96&d=mm&r=g\",\"caption\":\"admin-sebi\"},\"url\":\"https:\/\/kinaikaleidoszkop.hu\/index.php\/author\/admin-sebi\/\"}]}<\/script>\n<!-- \/ Yoast SEO plugin. -->","yoast_head_json":{"title":"A CMG \u00faj egy\u00fcttm\u0171k\u00f6d\u00e9st ind\u00edt az \u00d6vezet \u00e9s \u00dat partnerorsz\u00e1gainak m\u00e9di\u00e1ival - kinaikaleidoszkop.hu","robots":{"index":"index","follow":"follow","max-snippet":"max-snippet:-1","max-image-preview":"max-image-preview:large","max-video-preview":"max-video-preview:-1"},"canonical":"https:\/\/kinaikaleidoszkop.hu\/index.php\/2023\/10\/10\/a-cmg-uj-egyuttmukodest-indit-az-ovezet-es-ut-partnerorszagainak-mediaival\/","og_locale":"hu_HU","og_type":"article","og_title":"A CMG \u00faj egy\u00fcttm\u0171k\u00f6d\u00e9st ind\u00edt az \u00d6vezet \u00e9s \u00dat partnerorsz\u00e1gainak m\u00e9di\u00e1ival - kinaikaleidoszkop.hu","og_description":"Az \u00d6vezet \u00e9s \u00dat harmadik nemzetk\u00f6zi egy\u00fcttm\u0171k\u00f6d\u00e9si cs\u00facsf\u00f3rum megrendez\u00e9se el\u0151tt a China Media Group okt\u00f3ber 9-\u00e9n \u00faj egy\u00fcttm\u0171k\u00f6d\u00e9st ind\u00edtott az \u00d6vezet \u00e9s \u00dat menti partnerorsz\u00e1gok m\u00e9di\u00e1ival. Shen Haixiong, a CMG vez\u00e9rigazgat\u00f3ja a Pekingben ez alkalomb\u00f3l tartott \u00fcnneps\u00e9gen mondott besz\u00e9d\u00e9ben k\u00f6z\u00f6lte, hogy id\u00e9n van Hszi Csin-ping \u00d6vezet \u00e9s \u00dat kezdem\u00e9nyez\u00e9se \u00e9s az emberi sorsk\u00f6z\u00f6ss\u00e9g ki\u00e9p\u00edt\u00e9se el\u0151terjeszt\u00e9s\u00e9nek [&hellip;]","og_url":"https:\/\/kinaikaleidoszkop.hu\/index.php\/2023\/10\/10\/a-cmg-uj-egyuttmukodest-indit-az-ovezet-es-ut-partnerorszagainak-mediaival\/","og_site_name":"kinaikaleidoszkop.hu","article_published_time":"2023-10-10T09:34:59+00:00","article_modified_time":"2023-10-10T09:35:44+00:00","og_image":[{"width":2560,"height":1532,"url":"https:\/\/kinaikaleidoszkop.hu\/wp-content\/uploads\/2023\/10\/1010Lea1-scaled.jpg","type":"image\/jpeg"}],"author":"admin-sebi","twitter_card":"summary_large_image","twitter_misc":{"Szerz\u0151:":"admin-sebi","Becs\u00fclt olvas\u00e1si id\u0151":"2 perc"},"schema":{"@context":"https:\/\/schema.org","@graph":[{"@type":"WebPage","@id":"https:\/\/kinaikaleidoszkop.hu\/index.php\/2023\/10\/10\/a-cmg-uj-egyuttmukodest-indit-az-ovezet-es-ut-partnerorszagainak-mediaival\/","url":"https:\/\/kinaikaleidoszkop.hu\/index.php\/2023\/10\/10\/a-cmg-uj-egyuttmukodest-indit-az-ovezet-es-ut-partnerorszagainak-mediaival\/","name":"A CMG \u00faj egy\u00fcttm\u0171k\u00f6d\u00e9st ind\u00edt az \u00d6vezet \u00e9s \u00dat partnerorsz\u00e1gainak m\u00e9di\u00e1ival - kinaikaleidoszkop.hu","isPartOf":{"@id":"https:\/\/kinaikaleidoszkop.hu\/#website"},"primaryImageOfPage":{"@id":"https:\/\/kinaikaleidoszkop.hu\/index.php\/2023\/10\/10\/a-cmg-uj-egyuttmukodest-indit-az-ovezet-es-ut-partnerorszagainak-mediaival\/#primaryimage"},"image":{"@id":"https:\/\/kinaikaleidoszkop.hu\/index.php\/2023\/10\/10\/a-cmg-uj-egyuttmukodest-indit-az-ovezet-es-ut-partnerorszagainak-mediaival\/#primaryimage"},"thumbnailUrl":"https:\/\/kinaikaleidoszkop.hu\/wp-content\/uploads\/2023\/10\/1010Lea1-scaled.jpg","datePublished":"2023-10-10T09:34:59+00:00","dateModified":"2023-10-10T09:35:44+00:00","author":{"@id":"https:\/\/kinaikaleidoszkop.hu\/#\/schema\/person\/fd215d3a8bab54daeb796ae166f99ea5"},"breadcrumb":{"@id":"https:\/\/kinaikaleidoszkop.hu\/index.php\/2023\/10\/10\/a-cmg-uj-egyuttmukodest-indit-az-ovezet-es-ut-partnerorszagainak-mediaival\/#breadcrumb"},"inLanguage":"hu","potentialAction":[{"@type":"ReadAction","target":["https:\/\/kinaikaleidoszkop.hu\/index.php\/2023\/10\/10\/a-cmg-uj-egyuttmukodest-indit-az-ovezet-es-ut-partnerorszagainak-mediaival\/"]}]},{"@type":"ImageObject","inLanguage":"hu","@id":"https:\/\/kinaikaleidoszkop.hu\/index.php\/2023\/10\/10\/a-cmg-uj-egyuttmukodest-indit-az-ovezet-es-ut-partnerorszagainak-mediaival\/#primaryimage","url":"https:\/\/kinaikaleidoszkop.hu\/wp-content\/uploads\/2023\/10\/1010Lea1-scaled.jpg","contentUrl":"https:\/\/kinaikaleidoszkop.hu\/wp-content\/uploads\/2023\/10\/1010Lea1-scaled.jpg","width":2560,"height":1532},{"@type":"BreadcrumbList","@id":"https:\/\/kinaikaleidoszkop.hu\/index.php\/2023\/10\/10\/a-cmg-uj-egyuttmukodest-indit-az-ovezet-es-ut-partnerorszagainak-mediaival\/#breadcrumb","itemListElement":[{"@type":"ListItem","position":1,"name":"Kezd\u0151lap","item":"https:\/\/kinaikaleidoszkop.hu\/"},{"@type":"ListItem","position":2,"name":"A CMG \u00faj egy\u00fcttm\u0171k\u00f6d\u00e9st ind\u00edt az \u00d6vezet \u00e9s \u00dat partnerorsz\u00e1gainak m\u00e9di\u00e1ival"}]},{"@type":"WebSite","@id":"https:\/\/kinaikaleidoszkop.hu\/#website","url":"https:\/\/kinaikaleidoszkop.hu\/","name":"kinaikaleidoszkop.hu","description":"","potentialAction":[{"@type":"SearchAction","target":{"@type":"EntryPoint","urlTemplate":"https:\/\/kinaikaleidoszkop.hu\/?s={search_term_string}"},"query-input":{"@type":"PropertyValueSpecification","valueRequired":true,"valueName":"search_term_string"}}],"inLanguage":"hu"},{"@type":"Person","@id":"https:\/\/kinaikaleidoszkop.hu\/#\/schema\/person\/fd215d3a8bab54daeb796ae166f99ea5","name":"admin-sebi","image":{"@type":"ImageObject","inLanguage":"hu","@id":"https:\/\/kinaikaleidoszkop.hu\/#\/schema\/person\/image\/","url":"https:\/\/secure.gravatar.com\/avatar\/b1498042bc4969020b4951f204f963e97c3d7d199f3790c1071adf67c61d0aa5?s=96&d=mm&r=g","contentUrl":"https:\/\/secure.gravatar.com\/avatar\/b1498042bc4969020b4951f204f963e97c3d7d199f3790c1071adf67c61d0aa5?s=96&d=mm&r=g","caption":"admin-sebi"},"url":"https:\/\/kinaikaleidoszkop.hu\/index.php\/author\/admin-sebi\/"}]}},"views":187,"distributor_meta":false,"distributor_terms":false,"distributor_media":false,"distributor_original_site_name":"kinaikaleidoszkop.hu","distributor_original_site_url":"https:\/\/kinaikaleidoszkop.hu","push-errors":false,"_links":{"self":[{"href":"https:\/\/kinaikaleidoszkop.hu\/index.php\/wp-json\/wp\/v2\/posts\/19326","targetHints":{"allow":["GET"]}}],"collection":[{"href":"https:\/\/kinaikaleidoszkop.hu\/index.php\/wp-json\/wp\/v2\/posts"}],"about":[{"href":"https:\/\/kinaikaleidoszkop.hu\/index.php\/wp-json\/wp\/v2\/types\/post"}],"author":[{"embeddable":true,"href":"https:\/\/kinaikaleidoszkop.hu\/index.php\/wp-json\/wp\/v2\/users\/6"}],"replies":[{"embeddable":true,"href":"https:\/\/kinaikaleidoszkop.hu\/index.php\/wp-json\/wp\/v2\/comments?post=19326"}],"version-history":[{"count":1,"href":"https:\/\/kinaikaleidoszkop.hu\/index.php\/wp-json\/wp\/v2\/posts\/19326\/revisions"}],"predecessor-version":[{"id":19329,"href":"https:\/\/kinaikaleidoszkop.hu\/index.php\/wp-json\/wp\/v2\/posts\/19326\/revisions\/19329"}],"wp:featuredmedia":[{"embeddable":true,"href":"https:\/\/kinaikaleidoszkop.hu\/index.php\/wp-json\/wp\/v2\/media\/19328"}],"wp:attachment":[{"href":"https:\/\/kinaikaleidoszkop.hu\/index.php\/wp-json\/wp\/v2\/media?parent=19326"}],"wp:term":[{"taxonomy":"category","embeddable":true,"href":"https:\/\/kinaikaleidoszkop.hu\/index.php\/wp-json\/wp\/v2\/categories?post=19326"},{"taxonomy":"post_tag","embeddable":true,"href":"https:\/\/kinaikaleidoszkop.hu\/index.php\/wp-json\/wp\/v2\/tags?post=19326"}],"curies":[{"name":"wp","href":"https:\/\/api.w.org\/{rel}","templated":true}]}}