{"id":19338,"date":"2023-10-10T12:54:31","date_gmt":"2023-10-10T10:54:31","guid":{"rendered":"https:\/\/kinaikaleidoszkop.hu\/?p=19338"},"modified":"2023-10-10T12:54:33","modified_gmt":"2023-10-10T10:54:33","slug":"az-ovezet-es-ut-kozos-epitese-lehetoseget-jelent-minden-europai-nep-szamara","status":"publish","type":"post","link":"https:\/\/kinaikaleidoszkop.hu\/index.php\/2023\/10\/10\/az-ovezet-es-ut-kozos-epitese-lehetoseget-jelent-minden-europai-nep-szamara\/","title":{"rendered":"Az \u00d6vezet \u00e9s \u00dat k\u00f6z\u00f6s \u00e9p\u00edt\u00e9se lehet\u0151s\u00e9get jelent minden eur\u00f3pai n\u00e9p sz\u00e1m\u00e1ra"},"content":{"rendered":"\n<p><strong>A minap Th\u00fcrmer Gyula, a Magyar Munk\u00e1sp\u00e1rt eln\u00f6ke a CMG-nak adott interj\u00faj\u00e1ban kifejtette, hogy K\u00edna megmutatta azt a lehet\u0151s\u00e9get, hogy hogyan lehet a k\u00fcl\u00f6nb\u00f6z\u0151 orsz\u00e1gok er\u0151forr\u00e1sait \u00f6sszehangolni.<\/strong><\/p>\n\n\n\n<figure class=\"wp-block-embed is-type-video is-provider-youtube wp-block-embed-youtube wp-embed-aspect-16-9 wp-has-aspect-ratio\"><div class=\"wp-block-embed__wrapper\">\n<iframe loading=\"lazy\" title=\"Az \u00d6vezet \u00e9s \u00dat k\u00f6z\u00f6s \u00e9p\u00edt\u00e9se lehet\u0151s\u00e9get jelent minden eur\u00f3pai n\u00e9p sz\u00e1m\u00e1ra\" width=\"1320\" height=\"743\" src=\"https:\/\/www.youtube.com\/embed\/H7eBodtEeok?feature=oembed\" frameborder=\"0\" allow=\"accelerometer; autoplay; clipboard-write; encrypted-media; gyroscope; picture-in-picture; web-share\" allowfullscreen><\/iframe>\n<\/div><\/figure>\n\n\n\n<p>\u201eAz \u00d6vezet \u00e9s \u00fat politika \u00f6sszek\u00f6ti a t\u00e9rs\u00e9g orsz\u00e1gait \u00c1zsi\u00e1t\u00f3l eg\u00e9szen Eur\u00f3p\u00e1ig. Ma a K\u00ednai N\u00e9pk\u00f6zt\u00e1rsas\u00e1g az Eur\u00f3pai Uni\u00f3 legnagyobb gazdas\u00e1gi partnerei k\u00f6z\u00e9 tartozik. Eur\u00f3p\u00e1ban \u00e9s Magyarorsz\u00e1gon sz\u00e1mtalan k\u00ednai beruh\u00e1z\u00e1s van\u201d \u2013 fogalmazott Th\u00fcrmer.<\/p>\n\n\n\n<p>A Belgr\u00e1d\u2013Budapest-vas\u00fatvonal \u00e9p\u00edt\u00e9s\u00e9t, illetve a CATL debreceni nagy elektromos akkumul\u00e1torgy\u00e1r\u00e1t p\u00e9ldak\u00e9nt eml\u00edtve Th\u00fcrmer Gyula elmondta, hogy K\u00edna olyan ter\u00fcleteken seg\u00edti az eur\u00f3pai fejl\u0151d\u00e9st, amelyeken m\u00e1s forr\u00e1sok nem \u00e1llnak rendelkez\u00e9sre, \u00e9s az Eur\u00f3pai Uni\u00f3 \u00e9s K\u00edna k\u00f6z\u00f6tti kapcsolatok meg\u0151rz\u00e9se minden eur\u00f3pai n\u00e9p \u00e9rdeke.<\/p>\n\n\n\n<p><strong><em>2023. 10. 10.<\/em><\/strong><\/p>\n\n\n\n<p><strong>(Qin Liang- China Media Group)<\/strong><\/p>\n\n\n\n<p><strong><em>(x)<\/em><\/strong><\/p>\n","protected":false},"excerpt":{"rendered":"<p>A minap Th\u00fcrmer Gyula, a Magyar Munk\u00e1sp\u00e1rt eln\u00f6ke a CMG-nak adott interj\u00faj\u00e1ban kifejtette, hogy K\u00edna megmutatta azt a lehet\u0151s\u00e9get, hogy hogyan lehet a k\u00fcl\u00f6nb\u00f6z\u0151 orsz\u00e1gok er\u0151forr\u00e1sait \u00f6sszehangolni. \u201eAz \u00d6vezet \u00e9s \u00fat politika \u00f6sszek\u00f6ti a t\u00e9rs\u00e9g orsz\u00e1gait \u00c1zsi\u00e1t\u00f3l eg\u00e9szen Eur\u00f3p\u00e1ig. Ma a K\u00ednai N\u00e9pk\u00f6zt\u00e1rsas\u00e1g az Eur\u00f3pai Uni\u00f3 legnagyobb gazdas\u00e1gi partnerei k\u00f6z\u00e9 tartozik. Eur\u00f3p\u00e1ban \u00e9s Magyarorsz\u00e1gon sz\u00e1mtalan [&hellip;]<\/p>\n","protected":false},"author":6,"featured_media":0,"comment_status":"closed","ping_status":"closed","sticky":false,"template":"","format":"standard","meta":{"footnotes":""},"categories":[45],"tags":[363,269,3132,3131,415,1641],"class_list":["post-19338","post","type-post","status-publish","format-standard","hentry","category-hirek","tag-cmg","tag-interju","tag-ovezet-es-ut-2","tag-ovezet-es-ut-egyuttmukodes","tag-ovezet-es-ut-kezdemenyezes","tag-thurmer-gyula"],"yoast_head":"<!-- This site is optimized with the Yoast SEO plugin v23.7 - https:\/\/yoast.com\/wordpress\/plugins\/seo\/ -->\n<title>Az \u00d6vezet \u00e9s \u00dat k\u00f6z\u00f6s \u00e9p\u00edt\u00e9se lehet\u0151s\u00e9get jelent minden eur\u00f3pai n\u00e9p sz\u00e1m\u00e1ra - kinaikaleidoszkop.hu<\/title>\n<meta name=\"robots\" content=\"index, follow, max-snippet:-1, max-image-preview:large, max-video-preview:-1\" \/>\n<link rel=\"canonical\" href=\"https:\/\/kinaikaleidoszkop.hu\/index.php\/2023\/10\/10\/az-ovezet-es-ut-kozos-epitese-lehetoseget-jelent-minden-europai-nep-szamara\/\" \/>\n<meta property=\"og:locale\" content=\"hu_HU\" \/>\n<meta property=\"og:type\" content=\"article\" \/>\n<meta property=\"og:title\" content=\"Az \u00d6vezet \u00e9s \u00dat k\u00f6z\u00f6s \u00e9p\u00edt\u00e9se lehet\u0151s\u00e9get jelent minden eur\u00f3pai n\u00e9p sz\u00e1m\u00e1ra - kinaikaleidoszkop.hu\" \/>\n<meta property=\"og:description\" content=\"A minap Th\u00fcrmer Gyula, a Magyar Munk\u00e1sp\u00e1rt eln\u00f6ke a CMG-nak adott interj\u00faj\u00e1ban kifejtette, hogy K\u00edna megmutatta azt a lehet\u0151s\u00e9get, hogy hogyan lehet a k\u00fcl\u00f6nb\u00f6z\u0151 orsz\u00e1gok er\u0151forr\u00e1sait \u00f6sszehangolni. \u201eAz \u00d6vezet \u00e9s \u00fat politika \u00f6sszek\u00f6ti a t\u00e9rs\u00e9g orsz\u00e1gait \u00c1zsi\u00e1t\u00f3l eg\u00e9szen Eur\u00f3p\u00e1ig. Ma a K\u00ednai N\u00e9pk\u00f6zt\u00e1rsas\u00e1g az Eur\u00f3pai Uni\u00f3 legnagyobb gazdas\u00e1gi partnerei k\u00f6z\u00e9 tartozik. Eur\u00f3p\u00e1ban \u00e9s Magyarorsz\u00e1gon sz\u00e1mtalan [&hellip;]\" \/>\n<meta property=\"og:url\" content=\"https:\/\/kinaikaleidoszkop.hu\/index.php\/2023\/10\/10\/az-ovezet-es-ut-kozos-epitese-lehetoseget-jelent-minden-europai-nep-szamara\/\" \/>\n<meta property=\"og:site_name\" content=\"kinaikaleidoszkop.hu\" \/>\n<meta property=\"article:published_time\" content=\"2023-10-10T10:54:31+00:00\" \/>\n<meta property=\"article:modified_time\" content=\"2023-10-10T10:54:33+00:00\" \/>\n<meta name=\"author\" content=\"admin-sebi\" \/>\n<meta name=\"twitter:card\" content=\"summary_large_image\" \/>\n<meta name=\"twitter:label1\" content=\"Szerz\u0151:\" \/>\n\t<meta name=\"twitter:data1\" content=\"admin-sebi\" \/>\n\t<meta name=\"twitter:label2\" content=\"Becs\u00fclt olvas\u00e1si id\u0151\" \/>\n\t<meta name=\"twitter:data2\" content=\"1 perc\" \/>\n<script type=\"application\/ld+json\" class=\"yoast-schema-graph\">{\"@context\":\"https:\/\/schema.org\",\"@graph\":[{\"@type\":\"WebPage\",\"@id\":\"https:\/\/kinaikaleidoszkop.hu\/index.php\/2023\/10\/10\/az-ovezet-es-ut-kozos-epitese-lehetoseget-jelent-minden-europai-nep-szamara\/\",\"url\":\"https:\/\/kinaikaleidoszkop.hu\/index.php\/2023\/10\/10\/az-ovezet-es-ut-kozos-epitese-lehetoseget-jelent-minden-europai-nep-szamara\/\",\"name\":\"Az \u00d6vezet \u00e9s \u00dat k\u00f6z\u00f6s \u00e9p\u00edt\u00e9se lehet\u0151s\u00e9get jelent minden eur\u00f3pai n\u00e9p sz\u00e1m\u00e1ra - kinaikaleidoszkop.hu\",\"isPartOf\":{\"@id\":\"https:\/\/kinaikaleidoszkop.hu\/#website\"},\"datePublished\":\"2023-10-10T10:54:31+00:00\",\"dateModified\":\"2023-10-10T10:54:33+00:00\",\"author\":{\"@id\":\"https:\/\/kinaikaleidoszkop.hu\/#\/schema\/person\/fd215d3a8bab54daeb796ae166f99ea5\"},\"breadcrumb\":{\"@id\":\"https:\/\/kinaikaleidoszkop.hu\/index.php\/2023\/10\/10\/az-ovezet-es-ut-kozos-epitese-lehetoseget-jelent-minden-europai-nep-szamara\/#breadcrumb\"},\"inLanguage\":\"hu\",\"potentialAction\":[{\"@type\":\"ReadAction\",\"target\":[\"https:\/\/kinaikaleidoszkop.hu\/index.php\/2023\/10\/10\/az-ovezet-es-ut-kozos-epitese-lehetoseget-jelent-minden-europai-nep-szamara\/\"]}]},{\"@type\":\"BreadcrumbList\",\"@id\":\"https:\/\/kinaikaleidoszkop.hu\/index.php\/2023\/10\/10\/az-ovezet-es-ut-kozos-epitese-lehetoseget-jelent-minden-europai-nep-szamara\/#breadcrumb\",\"itemListElement\":[{\"@type\":\"ListItem\",\"position\":1,\"name\":\"Kezd\u0151lap\",\"item\":\"https:\/\/kinaikaleidoszkop.hu\/\"},{\"@type\":\"ListItem\",\"position\":2,\"name\":\"Az \u00d6vezet \u00e9s \u00dat k\u00f6z\u00f6s \u00e9p\u00edt\u00e9se lehet\u0151s\u00e9get jelent minden eur\u00f3pai n\u00e9p sz\u00e1m\u00e1ra\"}]},{\"@type\":\"WebSite\",\"@id\":\"https:\/\/kinaikaleidoszkop.hu\/#website\",\"url\":\"https:\/\/kinaikaleidoszkop.hu\/\",\"name\":\"kinaikaleidoszkop.hu\",\"description\":\"\",\"potentialAction\":[{\"@type\":\"SearchAction\",\"target\":{\"@type\":\"EntryPoint\",\"urlTemplate\":\"https:\/\/kinaikaleidoszkop.hu\/?s={search_term_string}\"},\"query-input\":{\"@type\":\"PropertyValueSpecification\",\"valueRequired\":true,\"valueName\":\"search_term_string\"}}],\"inLanguage\":\"hu\"},{\"@type\":\"Person\",\"@id\":\"https:\/\/kinaikaleidoszkop.hu\/#\/schema\/person\/fd215d3a8bab54daeb796ae166f99ea5\",\"name\":\"admin-sebi\",\"image\":{\"@type\":\"ImageObject\",\"inLanguage\":\"hu\",\"@id\":\"https:\/\/kinaikaleidoszkop.hu\/#\/schema\/person\/image\/\",\"url\":\"https:\/\/secure.gravatar.com\/avatar\/b1498042bc4969020b4951f204f963e97c3d7d199f3790c1071adf67c61d0aa5?s=96&d=mm&r=g\",\"contentUrl\":\"https:\/\/secure.gravatar.com\/avatar\/b1498042bc4969020b4951f204f963e97c3d7d199f3790c1071adf67c61d0aa5?s=96&d=mm&r=g\",\"caption\":\"admin-sebi\"},\"url\":\"https:\/\/kinaikaleidoszkop.hu\/index.php\/author\/admin-sebi\/\"}]}<\/script>\n<!-- \/ Yoast SEO plugin. -->","yoast_head_json":{"title":"Az \u00d6vezet \u00e9s \u00dat k\u00f6z\u00f6s \u00e9p\u00edt\u00e9se lehet\u0151s\u00e9get jelent minden eur\u00f3pai n\u00e9p sz\u00e1m\u00e1ra - kinaikaleidoszkop.hu","robots":{"index":"index","follow":"follow","max-snippet":"max-snippet:-1","max-image-preview":"max-image-preview:large","max-video-preview":"max-video-preview:-1"},"canonical":"https:\/\/kinaikaleidoszkop.hu\/index.php\/2023\/10\/10\/az-ovezet-es-ut-kozos-epitese-lehetoseget-jelent-minden-europai-nep-szamara\/","og_locale":"hu_HU","og_type":"article","og_title":"Az \u00d6vezet \u00e9s \u00dat k\u00f6z\u00f6s \u00e9p\u00edt\u00e9se lehet\u0151s\u00e9get jelent minden eur\u00f3pai n\u00e9p sz\u00e1m\u00e1ra - kinaikaleidoszkop.hu","og_description":"A minap Th\u00fcrmer Gyula, a Magyar Munk\u00e1sp\u00e1rt eln\u00f6ke a CMG-nak adott interj\u00faj\u00e1ban kifejtette, hogy K\u00edna megmutatta azt a lehet\u0151s\u00e9get, hogy hogyan lehet a k\u00fcl\u00f6nb\u00f6z\u0151 orsz\u00e1gok er\u0151forr\u00e1sait \u00f6sszehangolni. \u201eAz \u00d6vezet \u00e9s \u00fat politika \u00f6sszek\u00f6ti a t\u00e9rs\u00e9g orsz\u00e1gait \u00c1zsi\u00e1t\u00f3l eg\u00e9szen Eur\u00f3p\u00e1ig. Ma a K\u00ednai N\u00e9pk\u00f6zt\u00e1rsas\u00e1g az Eur\u00f3pai Uni\u00f3 legnagyobb gazdas\u00e1gi partnerei k\u00f6z\u00e9 tartozik. Eur\u00f3p\u00e1ban \u00e9s Magyarorsz\u00e1gon sz\u00e1mtalan [&hellip;]","og_url":"https:\/\/kinaikaleidoszkop.hu\/index.php\/2023\/10\/10\/az-ovezet-es-ut-kozos-epitese-lehetoseget-jelent-minden-europai-nep-szamara\/","og_site_name":"kinaikaleidoszkop.hu","article_published_time":"2023-10-10T10:54:31+00:00","article_modified_time":"2023-10-10T10:54:33+00:00","author":"admin-sebi","twitter_card":"summary_large_image","twitter_misc":{"Szerz\u0151:":"admin-sebi","Becs\u00fclt olvas\u00e1si id\u0151":"1 perc"},"schema":{"@context":"https:\/\/schema.org","@graph":[{"@type":"WebPage","@id":"https:\/\/kinaikaleidoszkop.hu\/index.php\/2023\/10\/10\/az-ovezet-es-ut-kozos-epitese-lehetoseget-jelent-minden-europai-nep-szamara\/","url":"https:\/\/kinaikaleidoszkop.hu\/index.php\/2023\/10\/10\/az-ovezet-es-ut-kozos-epitese-lehetoseget-jelent-minden-europai-nep-szamara\/","name":"Az \u00d6vezet \u00e9s \u00dat k\u00f6z\u00f6s \u00e9p\u00edt\u00e9se lehet\u0151s\u00e9get jelent minden eur\u00f3pai n\u00e9p sz\u00e1m\u00e1ra - kinaikaleidoszkop.hu","isPartOf":{"@id":"https:\/\/kinaikaleidoszkop.hu\/#website"},"datePublished":"2023-10-10T10:54:31+00:00","dateModified":"2023-10-10T10:54:33+00:00","author":{"@id":"https:\/\/kinaikaleidoszkop.hu\/#\/schema\/person\/fd215d3a8bab54daeb796ae166f99ea5"},"breadcrumb":{"@id":"https:\/\/kinaikaleidoszkop.hu\/index.php\/2023\/10\/10\/az-ovezet-es-ut-kozos-epitese-lehetoseget-jelent-minden-europai-nep-szamara\/#breadcrumb"},"inLanguage":"hu","potentialAction":[{"@type":"ReadAction","target":["https:\/\/kinaikaleidoszkop.hu\/index.php\/2023\/10\/10\/az-ovezet-es-ut-kozos-epitese-lehetoseget-jelent-minden-europai-nep-szamara\/"]}]},{"@type":"BreadcrumbList","@id":"https:\/\/kinaikaleidoszkop.hu\/index.php\/2023\/10\/10\/az-ovezet-es-ut-kozos-epitese-lehetoseget-jelent-minden-europai-nep-szamara\/#breadcrumb","itemListElement":[{"@type":"ListItem","position":1,"name":"Kezd\u0151lap","item":"https:\/\/kinaikaleidoszkop.hu\/"},{"@type":"ListItem","position":2,"name":"Az \u00d6vezet \u00e9s \u00dat k\u00f6z\u00f6s \u00e9p\u00edt\u00e9se lehet\u0151s\u00e9get jelent minden eur\u00f3pai n\u00e9p sz\u00e1m\u00e1ra"}]},{"@type":"WebSite","@id":"https:\/\/kinaikaleidoszkop.hu\/#website","url":"https:\/\/kinaikaleidoszkop.hu\/","name":"kinaikaleidoszkop.hu","description":"","potentialAction":[{"@type":"SearchAction","target":{"@type":"EntryPoint","urlTemplate":"https:\/\/kinaikaleidoszkop.hu\/?s={search_term_string}"},"query-input":{"@type":"PropertyValueSpecification","valueRequired":true,"valueName":"search_term_string"}}],"inLanguage":"hu"},{"@type":"Person","@id":"https:\/\/kinaikaleidoszkop.hu\/#\/schema\/person\/fd215d3a8bab54daeb796ae166f99ea5","name":"admin-sebi","image":{"@type":"ImageObject","inLanguage":"hu","@id":"https:\/\/kinaikaleidoszkop.hu\/#\/schema\/person\/image\/","url":"https:\/\/secure.gravatar.com\/avatar\/b1498042bc4969020b4951f204f963e97c3d7d199f3790c1071adf67c61d0aa5?s=96&d=mm&r=g","contentUrl":"https:\/\/secure.gravatar.com\/avatar\/b1498042bc4969020b4951f204f963e97c3d7d199f3790c1071adf67c61d0aa5?s=96&d=mm&r=g","caption":"admin-sebi"},"url":"https:\/\/kinaikaleidoszkop.hu\/index.php\/author\/admin-sebi\/"}]}},"views":184,"distributor_meta":false,"distributor_terms":false,"distributor_media":false,"distributor_original_site_name":"kinaikaleidoszkop.hu","distributor_original_site_url":"https:\/\/kinaikaleidoszkop.hu","push-errors":false,"_links":{"self":[{"href":"https:\/\/kinaikaleidoszkop.hu\/index.php\/wp-json\/wp\/v2\/posts\/19338","targetHints":{"allow":["GET"]}}],"collection":[{"href":"https:\/\/kinaikaleidoszkop.hu\/index.php\/wp-json\/wp\/v2\/posts"}],"about":[{"href":"https:\/\/kinaikaleidoszkop.hu\/index.php\/wp-json\/wp\/v2\/types\/post"}],"author":[{"embeddable":true,"href":"https:\/\/kinaikaleidoszkop.hu\/index.php\/wp-json\/wp\/v2\/users\/6"}],"replies":[{"embeddable":true,"href":"https:\/\/kinaikaleidoszkop.hu\/index.php\/wp-json\/wp\/v2\/comments?post=19338"}],"version-history":[{"count":1,"href":"https:\/\/kinaikaleidoszkop.hu\/index.php\/wp-json\/wp\/v2\/posts\/19338\/revisions"}],"predecessor-version":[{"id":19340,"href":"https:\/\/kinaikaleidoszkop.hu\/index.php\/wp-json\/wp\/v2\/posts\/19338\/revisions\/19340"}],"wp:attachment":[{"href":"https:\/\/kinaikaleidoszkop.hu\/index.php\/wp-json\/wp\/v2\/media?parent=19338"}],"wp:term":[{"taxonomy":"category","embeddable":true,"href":"https:\/\/kinaikaleidoszkop.hu\/index.php\/wp-json\/wp\/v2\/categories?post=19338"},{"taxonomy":"post_tag","embeddable":true,"href":"https:\/\/kinaikaleidoszkop.hu\/index.php\/wp-json\/wp\/v2\/tags?post=19338"}],"curies":[{"name":"wp","href":"https:\/\/api.w.org\/{rel}","templated":true}]}}