{"id":19356,"date":"2023-10-11T10:13:33","date_gmt":"2023-10-11T08:13:33","guid":{"rendered":"https:\/\/kinaikaleidoszkop.hu\/?p=19356"},"modified":"2023-10-11T10:13:34","modified_gmt":"2023-10-11T08:13:34","slug":"az-ovezet-es-ut-kezdemenyezes-uj-fejlodesi-lehetosegeket-nyujtott-szamomra","status":"publish","type":"post","link":"https:\/\/kinaikaleidoszkop.hu\/index.php\/2023\/10\/11\/az-ovezet-es-ut-kezdemenyezes-uj-fejlodesi-lehetosegeket-nyujtott-szamomra\/","title":{"rendered":"Az \u00d6vezet \u00e9s \u00dat kezdem\u00e9nyez\u00e9s \u00faj fejl\u0151d\u00e9si lehet\u0151s\u00e9geket ny\u00fajtott sz\u00e1momra"},"content":{"rendered":"\n<p><strong>Muhammad Wasim Asim pakiszt\u00e1ni fiatal: Miel\u0151tt K\u00edn\u00e1ba j\u00f6ttem, soha nem gondoltam volna, hogy lesz lehet\u0151s\u00e9gem levelet \u00edrni Hszi eln\u00f6knek, \u00e9s \u0151 v\u00e1laszolni fog nek\u00fcnk.<\/strong><\/p>\n\n\n\n<figure class=\"wp-block-embed is-type-video is-provider-youtube wp-block-embed-youtube wp-embed-aspect-16-9 wp-has-aspect-ratio\"><div class=\"wp-block-embed__wrapper\">\n<iframe loading=\"lazy\" title=\"Az \u00d6vezet \u00e9s \u00dat kezdem\u00e9nyez\u00e9s \u00faj fejl\u0151d\u00e9si lehet\u0151s\u00e9geket ny\u00fajtott sz\u00e1momra\" width=\"1320\" height=\"743\" src=\"https:\/\/www.youtube.com\/embed\/35cdjmQVjyc?feature=oembed\" frameborder=\"0\" allow=\"accelerometer; autoplay; clipboard-write; encrypted-media; gyroscope; picture-in-picture; web-share\" allowfullscreen><\/iframe>\n<\/div><\/figure>\n\n\n\n<p>Azt hiszem, ez nagyon felejthetetlen pillanat volt, \u00e9s rendk\u00edv\u00fcl szerencs\u00e9snek is \u00e9rzem magam. A k\u00ednai nevem Li Xin, Pakiszt\u00e1nb\u00f3l sz\u00e1rmazom, k\u00f6r\u00fclbel\u00fcl \u00f6t \u00e9ve vagyok K\u00edn\u00e1ban. Hszi Csin-ping eln\u00f6k v\u00e1lasza a \u201eNemzetk\u00f6zi Ifj\u00fas\u00e1gi Vezet\u0151k P\u00e1rbesz\u00e9de\u201d projekt k\u00fclf\u00f6ldi ifj\u00fas\u00e1gi k\u00e9pvisel\u0151inek&#8230;<\/p>\n\n\n\n<p><strong><em>2023. 10. 11.<\/em><\/strong><\/p>\n\n\n\n<p><strong>(China Media Group)<\/strong><\/p>\n\n\n\n<p><strong><em>(x)<\/em><\/strong><\/p>\n","protected":false},"excerpt":{"rendered":"<p>Muhammad Wasim Asim pakiszt\u00e1ni fiatal: Miel\u0151tt K\u00edn\u00e1ba j\u00f6ttem, soha nem gondoltam volna, hogy lesz lehet\u0151s\u00e9gem levelet \u00edrni Hszi eln\u00f6knek, \u00e9s \u0151 v\u00e1laszolni fog nek\u00fcnk. Azt hiszem, ez nagyon felejthetetlen pillanat volt, \u00e9s rendk\u00edv\u00fcl szerencs\u00e9snek is \u00e9rzem magam. A k\u00ednai nevem Li Xin, Pakiszt\u00e1nb\u00f3l sz\u00e1rmazom, k\u00f6r\u00fclbel\u00fcl \u00f6t \u00e9ve vagyok K\u00edn\u00e1ban. Hszi Csin-ping eln\u00f6k v\u00e1lasza a \u201eNemzetk\u00f6zi [&hellip;]<\/p>\n","protected":false},"author":6,"featured_media":0,"comment_status":"closed","ping_status":"closed","sticky":false,"template":"","format":"standard","meta":{"footnotes":""},"categories":[45],"tags":[273,3086,3131,2206],"class_list":["post-19356","post","type-post","status-publish","format-standard","hentry","category-hirek","tag-egyuttmukodes","tag-ovezet-es-ut","tag-ovezet-es-ut-egyuttmukodes","tag-pakisztan"],"yoast_head":"<!-- This site is optimized with the Yoast SEO plugin v23.7 - https:\/\/yoast.com\/wordpress\/plugins\/seo\/ -->\n<title>Az \u00d6vezet \u00e9s \u00dat kezdem\u00e9nyez\u00e9s \u00faj fejl\u0151d\u00e9si lehet\u0151s\u00e9geket ny\u00fajtott sz\u00e1momra - kinaikaleidoszkop.hu<\/title>\n<meta name=\"robots\" content=\"index, follow, max-snippet:-1, max-image-preview:large, max-video-preview:-1\" \/>\n<link rel=\"canonical\" href=\"https:\/\/kinaikaleidoszkop.hu\/index.php\/2023\/10\/11\/az-ovezet-es-ut-kezdemenyezes-uj-fejlodesi-lehetosegeket-nyujtott-szamomra\/\" \/>\n<meta property=\"og:locale\" content=\"hu_HU\" \/>\n<meta property=\"og:type\" content=\"article\" \/>\n<meta property=\"og:title\" content=\"Az \u00d6vezet \u00e9s \u00dat kezdem\u00e9nyez\u00e9s \u00faj fejl\u0151d\u00e9si lehet\u0151s\u00e9geket ny\u00fajtott sz\u00e1momra - kinaikaleidoszkop.hu\" \/>\n<meta property=\"og:description\" content=\"Muhammad Wasim Asim pakiszt\u00e1ni fiatal: Miel\u0151tt K\u00edn\u00e1ba j\u00f6ttem, soha nem gondoltam volna, hogy lesz lehet\u0151s\u00e9gem levelet \u00edrni Hszi eln\u00f6knek, \u00e9s \u0151 v\u00e1laszolni fog nek\u00fcnk. Azt hiszem, ez nagyon felejthetetlen pillanat volt, \u00e9s rendk\u00edv\u00fcl szerencs\u00e9snek is \u00e9rzem magam. A k\u00ednai nevem Li Xin, Pakiszt\u00e1nb\u00f3l sz\u00e1rmazom, k\u00f6r\u00fclbel\u00fcl \u00f6t \u00e9ve vagyok K\u00edn\u00e1ban. Hszi Csin-ping eln\u00f6k v\u00e1lasza a \u201eNemzetk\u00f6zi [&hellip;]\" \/>\n<meta property=\"og:url\" content=\"https:\/\/kinaikaleidoszkop.hu\/index.php\/2023\/10\/11\/az-ovezet-es-ut-kezdemenyezes-uj-fejlodesi-lehetosegeket-nyujtott-szamomra\/\" \/>\n<meta property=\"og:site_name\" content=\"kinaikaleidoszkop.hu\" \/>\n<meta property=\"article:published_time\" content=\"2023-10-11T08:13:33+00:00\" \/>\n<meta property=\"article:modified_time\" content=\"2023-10-11T08:13:34+00:00\" \/>\n<meta name=\"author\" content=\"admin-sebi\" \/>\n<meta name=\"twitter:card\" content=\"summary_large_image\" \/>\n<meta name=\"twitter:label1\" content=\"Szerz\u0151:\" \/>\n\t<meta name=\"twitter:data1\" content=\"admin-sebi\" \/>\n\t<meta name=\"twitter:label2\" content=\"Becs\u00fclt olvas\u00e1si id\u0151\" \/>\n\t<meta name=\"twitter:data2\" content=\"1 perc\" \/>\n<script type=\"application\/ld+json\" class=\"yoast-schema-graph\">{\"@context\":\"https:\/\/schema.org\",\"@graph\":[{\"@type\":\"WebPage\",\"@id\":\"https:\/\/kinaikaleidoszkop.hu\/index.php\/2023\/10\/11\/az-ovezet-es-ut-kezdemenyezes-uj-fejlodesi-lehetosegeket-nyujtott-szamomra\/\",\"url\":\"https:\/\/kinaikaleidoszkop.hu\/index.php\/2023\/10\/11\/az-ovezet-es-ut-kezdemenyezes-uj-fejlodesi-lehetosegeket-nyujtott-szamomra\/\",\"name\":\"Az \u00d6vezet \u00e9s \u00dat kezdem\u00e9nyez\u00e9s \u00faj fejl\u0151d\u00e9si lehet\u0151s\u00e9geket ny\u00fajtott sz\u00e1momra - kinaikaleidoszkop.hu\",\"isPartOf\":{\"@id\":\"https:\/\/kinaikaleidoszkop.hu\/#website\"},\"datePublished\":\"2023-10-11T08:13:33+00:00\",\"dateModified\":\"2023-10-11T08:13:34+00:00\",\"author\":{\"@id\":\"https:\/\/kinaikaleidoszkop.hu\/#\/schema\/person\/fd215d3a8bab54daeb796ae166f99ea5\"},\"breadcrumb\":{\"@id\":\"https:\/\/kinaikaleidoszkop.hu\/index.php\/2023\/10\/11\/az-ovezet-es-ut-kezdemenyezes-uj-fejlodesi-lehetosegeket-nyujtott-szamomra\/#breadcrumb\"},\"inLanguage\":\"hu\",\"potentialAction\":[{\"@type\":\"ReadAction\",\"target\":[\"https:\/\/kinaikaleidoszkop.hu\/index.php\/2023\/10\/11\/az-ovezet-es-ut-kezdemenyezes-uj-fejlodesi-lehetosegeket-nyujtott-szamomra\/\"]}]},{\"@type\":\"BreadcrumbList\",\"@id\":\"https:\/\/kinaikaleidoszkop.hu\/index.php\/2023\/10\/11\/az-ovezet-es-ut-kezdemenyezes-uj-fejlodesi-lehetosegeket-nyujtott-szamomra\/#breadcrumb\",\"itemListElement\":[{\"@type\":\"ListItem\",\"position\":1,\"name\":\"Kezd\u0151lap\",\"item\":\"https:\/\/kinaikaleidoszkop.hu\/\"},{\"@type\":\"ListItem\",\"position\":2,\"name\":\"Az \u00d6vezet \u00e9s \u00dat kezdem\u00e9nyez\u00e9s \u00faj fejl\u0151d\u00e9si lehet\u0151s\u00e9geket ny\u00fajtott sz\u00e1momra\"}]},{\"@type\":\"WebSite\",\"@id\":\"https:\/\/kinaikaleidoszkop.hu\/#website\",\"url\":\"https:\/\/kinaikaleidoszkop.hu\/\",\"name\":\"kinaikaleidoszkop.hu\",\"description\":\"\",\"potentialAction\":[{\"@type\":\"SearchAction\",\"target\":{\"@type\":\"EntryPoint\",\"urlTemplate\":\"https:\/\/kinaikaleidoszkop.hu\/?s={search_term_string}\"},\"query-input\":{\"@type\":\"PropertyValueSpecification\",\"valueRequired\":true,\"valueName\":\"search_term_string\"}}],\"inLanguage\":\"hu\"},{\"@type\":\"Person\",\"@id\":\"https:\/\/kinaikaleidoszkop.hu\/#\/schema\/person\/fd215d3a8bab54daeb796ae166f99ea5\",\"name\":\"admin-sebi\",\"image\":{\"@type\":\"ImageObject\",\"inLanguage\":\"hu\",\"@id\":\"https:\/\/kinaikaleidoszkop.hu\/#\/schema\/person\/image\/\",\"url\":\"https:\/\/secure.gravatar.com\/avatar\/b1498042bc4969020b4951f204f963e97c3d7d199f3790c1071adf67c61d0aa5?s=96&d=mm&r=g\",\"contentUrl\":\"https:\/\/secure.gravatar.com\/avatar\/b1498042bc4969020b4951f204f963e97c3d7d199f3790c1071adf67c61d0aa5?s=96&d=mm&r=g\",\"caption\":\"admin-sebi\"},\"url\":\"https:\/\/kinaikaleidoszkop.hu\/index.php\/author\/admin-sebi\/\"}]}<\/script>\n<!-- \/ Yoast SEO plugin. -->","yoast_head_json":{"title":"Az \u00d6vezet \u00e9s \u00dat kezdem\u00e9nyez\u00e9s \u00faj fejl\u0151d\u00e9si lehet\u0151s\u00e9geket ny\u00fajtott sz\u00e1momra - kinaikaleidoszkop.hu","robots":{"index":"index","follow":"follow","max-snippet":"max-snippet:-1","max-image-preview":"max-image-preview:large","max-video-preview":"max-video-preview:-1"},"canonical":"https:\/\/kinaikaleidoszkop.hu\/index.php\/2023\/10\/11\/az-ovezet-es-ut-kezdemenyezes-uj-fejlodesi-lehetosegeket-nyujtott-szamomra\/","og_locale":"hu_HU","og_type":"article","og_title":"Az \u00d6vezet \u00e9s \u00dat kezdem\u00e9nyez\u00e9s \u00faj fejl\u0151d\u00e9si lehet\u0151s\u00e9geket ny\u00fajtott sz\u00e1momra - kinaikaleidoszkop.hu","og_description":"Muhammad Wasim Asim pakiszt\u00e1ni fiatal: Miel\u0151tt K\u00edn\u00e1ba j\u00f6ttem, soha nem gondoltam volna, hogy lesz lehet\u0151s\u00e9gem levelet \u00edrni Hszi eln\u00f6knek, \u00e9s \u0151 v\u00e1laszolni fog nek\u00fcnk. Azt hiszem, ez nagyon felejthetetlen pillanat volt, \u00e9s rendk\u00edv\u00fcl szerencs\u00e9snek is \u00e9rzem magam. A k\u00ednai nevem Li Xin, Pakiszt\u00e1nb\u00f3l sz\u00e1rmazom, k\u00f6r\u00fclbel\u00fcl \u00f6t \u00e9ve vagyok K\u00edn\u00e1ban. Hszi Csin-ping eln\u00f6k v\u00e1lasza a \u201eNemzetk\u00f6zi [&hellip;]","og_url":"https:\/\/kinaikaleidoszkop.hu\/index.php\/2023\/10\/11\/az-ovezet-es-ut-kezdemenyezes-uj-fejlodesi-lehetosegeket-nyujtott-szamomra\/","og_site_name":"kinaikaleidoszkop.hu","article_published_time":"2023-10-11T08:13:33+00:00","article_modified_time":"2023-10-11T08:13:34+00:00","author":"admin-sebi","twitter_card":"summary_large_image","twitter_misc":{"Szerz\u0151:":"admin-sebi","Becs\u00fclt olvas\u00e1si id\u0151":"1 perc"},"schema":{"@context":"https:\/\/schema.org","@graph":[{"@type":"WebPage","@id":"https:\/\/kinaikaleidoszkop.hu\/index.php\/2023\/10\/11\/az-ovezet-es-ut-kezdemenyezes-uj-fejlodesi-lehetosegeket-nyujtott-szamomra\/","url":"https:\/\/kinaikaleidoszkop.hu\/index.php\/2023\/10\/11\/az-ovezet-es-ut-kezdemenyezes-uj-fejlodesi-lehetosegeket-nyujtott-szamomra\/","name":"Az \u00d6vezet \u00e9s \u00dat kezdem\u00e9nyez\u00e9s \u00faj fejl\u0151d\u00e9si lehet\u0151s\u00e9geket ny\u00fajtott sz\u00e1momra - kinaikaleidoszkop.hu","isPartOf":{"@id":"https:\/\/kinaikaleidoszkop.hu\/#website"},"datePublished":"2023-10-11T08:13:33+00:00","dateModified":"2023-10-11T08:13:34+00:00","author":{"@id":"https:\/\/kinaikaleidoszkop.hu\/#\/schema\/person\/fd215d3a8bab54daeb796ae166f99ea5"},"breadcrumb":{"@id":"https:\/\/kinaikaleidoszkop.hu\/index.php\/2023\/10\/11\/az-ovezet-es-ut-kezdemenyezes-uj-fejlodesi-lehetosegeket-nyujtott-szamomra\/#breadcrumb"},"inLanguage":"hu","potentialAction":[{"@type":"ReadAction","target":["https:\/\/kinaikaleidoszkop.hu\/index.php\/2023\/10\/11\/az-ovezet-es-ut-kezdemenyezes-uj-fejlodesi-lehetosegeket-nyujtott-szamomra\/"]}]},{"@type":"BreadcrumbList","@id":"https:\/\/kinaikaleidoszkop.hu\/index.php\/2023\/10\/11\/az-ovezet-es-ut-kezdemenyezes-uj-fejlodesi-lehetosegeket-nyujtott-szamomra\/#breadcrumb","itemListElement":[{"@type":"ListItem","position":1,"name":"Kezd\u0151lap","item":"https:\/\/kinaikaleidoszkop.hu\/"},{"@type":"ListItem","position":2,"name":"Az \u00d6vezet \u00e9s \u00dat kezdem\u00e9nyez\u00e9s \u00faj fejl\u0151d\u00e9si lehet\u0151s\u00e9geket ny\u00fajtott sz\u00e1momra"}]},{"@type":"WebSite","@id":"https:\/\/kinaikaleidoszkop.hu\/#website","url":"https:\/\/kinaikaleidoszkop.hu\/","name":"kinaikaleidoszkop.hu","description":"","potentialAction":[{"@type":"SearchAction","target":{"@type":"EntryPoint","urlTemplate":"https:\/\/kinaikaleidoszkop.hu\/?s={search_term_string}"},"query-input":{"@type":"PropertyValueSpecification","valueRequired":true,"valueName":"search_term_string"}}],"inLanguage":"hu"},{"@type":"Person","@id":"https:\/\/kinaikaleidoszkop.hu\/#\/schema\/person\/fd215d3a8bab54daeb796ae166f99ea5","name":"admin-sebi","image":{"@type":"ImageObject","inLanguage":"hu","@id":"https:\/\/kinaikaleidoszkop.hu\/#\/schema\/person\/image\/","url":"https:\/\/secure.gravatar.com\/avatar\/b1498042bc4969020b4951f204f963e97c3d7d199f3790c1071adf67c61d0aa5?s=96&d=mm&r=g","contentUrl":"https:\/\/secure.gravatar.com\/avatar\/b1498042bc4969020b4951f204f963e97c3d7d199f3790c1071adf67c61d0aa5?s=96&d=mm&r=g","caption":"admin-sebi"},"url":"https:\/\/kinaikaleidoszkop.hu\/index.php\/author\/admin-sebi\/"}]}},"views":219,"distributor_meta":false,"distributor_terms":false,"distributor_media":false,"distributor_original_site_name":"kinaikaleidoszkop.hu","distributor_original_site_url":"https:\/\/kinaikaleidoszkop.hu","push-errors":false,"_links":{"self":[{"href":"https:\/\/kinaikaleidoszkop.hu\/index.php\/wp-json\/wp\/v2\/posts\/19356","targetHints":{"allow":["GET"]}}],"collection":[{"href":"https:\/\/kinaikaleidoszkop.hu\/index.php\/wp-json\/wp\/v2\/posts"}],"about":[{"href":"https:\/\/kinaikaleidoszkop.hu\/index.php\/wp-json\/wp\/v2\/types\/post"}],"author":[{"embeddable":true,"href":"https:\/\/kinaikaleidoszkop.hu\/index.php\/wp-json\/wp\/v2\/users\/6"}],"replies":[{"embeddable":true,"href":"https:\/\/kinaikaleidoszkop.hu\/index.php\/wp-json\/wp\/v2\/comments?post=19356"}],"version-history":[{"count":1,"href":"https:\/\/kinaikaleidoszkop.hu\/index.php\/wp-json\/wp\/v2\/posts\/19356\/revisions"}],"predecessor-version":[{"id":19358,"href":"https:\/\/kinaikaleidoszkop.hu\/index.php\/wp-json\/wp\/v2\/posts\/19356\/revisions\/19358"}],"wp:attachment":[{"href":"https:\/\/kinaikaleidoszkop.hu\/index.php\/wp-json\/wp\/v2\/media?parent=19356"}],"wp:term":[{"taxonomy":"category","embeddable":true,"href":"https:\/\/kinaikaleidoszkop.hu\/index.php\/wp-json\/wp\/v2\/categories?post=19356"},{"taxonomy":"post_tag","embeddable":true,"href":"https:\/\/kinaikaleidoszkop.hu\/index.php\/wp-json\/wp\/v2\/tags?post=19356"}],"curies":[{"name":"wp","href":"https:\/\/api.w.org\/{rel}","templated":true}]}}