{"id":19416,"date":"2023-10-15T14:39:21","date_gmt":"2023-10-15T12:39:21","guid":{"rendered":"https:\/\/kinaikaleidoszkop.hu\/?p=19416"},"modified":"2023-10-16T10:51:27","modified_gmt":"2023-10-16T08:51:27","slug":"londonban-megnyilt-a-cmg-utazas-civilizaciokon-keresztul-cimu-nemzetkozi-vandorkiallitasa","status":"publish","type":"post","link":"https:\/\/kinaikaleidoszkop.hu\/index.php\/2023\/10\/15\/londonban-megnyilt-a-cmg-utazas-civilizaciokon-keresztul-cimu-nemzetkozi-vandorkiallitasa\/","title":{"rendered":"Londonban megny\u00edlt a CMG \u201eUtaz\u00e1s civiliz\u00e1ci\u00f3kon kereszt\u00fcl\u201d c\u00edm\u0171 nemzetk\u00f6zi v\u00e1ndorki\u00e1ll\u00edt\u00e1sa"},"content":{"rendered":"\n<p>Okt\u00f3ber 12-\u00e9n volt a China Media Group \u00e1ltal szervezett \u201eUtaz\u00e1s civiliz\u00e1ci\u00f3kon kereszt\u00fcl\u201d c\u00edm\u0171 nemzetk\u00f6zi v\u00e1ndorki\u00e1ll\u00edt\u00e1s brit \u00e1llom\u00e1s\u00e1nak megnyit\u00f3ja a londoni Kir\u00e1lyi P\u00e9nzverde r\u00e9gi hely\u00e9n.\u00a0<\/p>\n\n\n\n<figure class=\"wp-block-image size-large\"><img loading=\"lazy\" decoding=\"async\" width=\"1024\" height=\"576\" src=\"https:\/\/kinaikaleidoszkop.hu\/wp-content\/uploads\/2023\/10\/2222204d18e71bf85468c87d14a84dd181240-1024x576.jpg\" alt=\"\" class=\"wp-image-19419\" srcset=\"https:\/\/kinaikaleidoszkop.hu\/wp-content\/uploads\/2023\/10\/2222204d18e71bf85468c87d14a84dd181240-1024x576.jpg 1024w, https:\/\/kinaikaleidoszkop.hu\/wp-content\/uploads\/2023\/10\/2222204d18e71bf85468c87d14a84dd181240-300x168.jpg 300w, https:\/\/kinaikaleidoszkop.hu\/wp-content\/uploads\/2023\/10\/2222204d18e71bf85468c87d14a84dd181240-768x432.jpg 768w, https:\/\/kinaikaleidoszkop.hu\/wp-content\/uploads\/2023\/10\/2222204d18e71bf85468c87d14a84dd181240-1536x864.jpg 1536w, https:\/\/kinaikaleidoszkop.hu\/wp-content\/uploads\/2023\/10\/2222204d18e71bf85468c87d14a84dd181240-990x557.jpg 990w, https:\/\/kinaikaleidoszkop.hu\/wp-content\/uploads\/2023\/10\/2222204d18e71bf85468c87d14a84dd181240-1320x743.jpg 1320w, https:\/\/kinaikaleidoszkop.hu\/wp-content\/uploads\/2023\/10\/2222204d18e71bf85468c87d14a84dd181240-470x264.jpg 470w, https:\/\/kinaikaleidoszkop.hu\/wp-content\/uploads\/2023\/10\/2222204d18e71bf85468c87d14a84dd181240-640x360.jpg 640w, https:\/\/kinaikaleidoszkop.hu\/wp-content\/uploads\/2023\/10\/2222204d18e71bf85468c87d14a84dd181240-215x120.jpg 215w, https:\/\/kinaikaleidoszkop.hu\/wp-content\/uploads\/2023\/10\/2222204d18e71bf85468c87d14a84dd181240-414x232.jpg 414w, https:\/\/kinaikaleidoszkop.hu\/wp-content\/uploads\/2023\/10\/2222204d18e71bf85468c87d14a84dd181240.jpg 1920w\" sizes=\"auto, (max-width: 1024px) 100vw, 1024px\" \/><\/figure>\n\n\n\n<p>Shen Haixiong, a CMG eln\u00f6ke a ki\u00e1ll\u00edt\u00e1s megnyit\u00f3j\u00e1ra k\u00fcld\u00f6tt vide\u00f3besz\u00e9d\u00e9ben eml\u00e9keztetett, hogy a CMG a v\u00e1ndorki\u00e1ll\u00edt\u00e1s keret\u00e9ben mutatja be a k\u00ednai civiliz\u00e1ci\u00f3 t\u00f6bb mint \u00f6tezer \u00e9ves t\u00f6rt\u00e9net\u00e9t. A CMG innovat\u00edv m\u00f3don n\u00e9pszer\u0171s\u00edti a k\u00ednai kult\u00far\u00e1t, er\u0151s\u00edti a K\u00edna \u00e9s Eur\u00f3pa k\u00f6z\u00f6tti kultur\u00e1lis kapcsolatot, el\u0151mozd\u00edtja a K\u00edna \u00e9s Eur\u00f3pa k\u00f6z\u00f6tti k\u00f6lcs\u00f6n\u00f6s tanul\u00e1st, hozz\u00e1j\u00e1rulva az emberis\u00e9g sorsk\u00f6z\u00f6ss\u00e9g\u00e9nek fel\u00e9p\u00edt\u00e9s\u00e9hez.<\/p>\n\n\n\n<figure class=\"wp-block-image size-full\"><img loading=\"lazy\" decoding=\"async\" width=\"1920\" height=\"1080\" src=\"https:\/\/kinaikaleidoszkop.hu\/wp-content\/uploads\/2023\/10\/11113be36e9804d44a2188ca494bc712c137.jpg\" alt=\"\" class=\"wp-image-19418\" srcset=\"https:\/\/kinaikaleidoszkop.hu\/wp-content\/uploads\/2023\/10\/11113be36e9804d44a2188ca494bc712c137.jpg 1920w, https:\/\/kinaikaleidoszkop.hu\/wp-content\/uploads\/2023\/10\/11113be36e9804d44a2188ca494bc712c137-300x168.jpg 300w, https:\/\/kinaikaleidoszkop.hu\/wp-content\/uploads\/2023\/10\/11113be36e9804d44a2188ca494bc712c137-1024x576.jpg 1024w, https:\/\/kinaikaleidoszkop.hu\/wp-content\/uploads\/2023\/10\/11113be36e9804d44a2188ca494bc712c137-768x432.jpg 768w, https:\/\/kinaikaleidoszkop.hu\/wp-content\/uploads\/2023\/10\/11113be36e9804d44a2188ca494bc712c137-1536x864.jpg 1536w, https:\/\/kinaikaleidoszkop.hu\/wp-content\/uploads\/2023\/10\/11113be36e9804d44a2188ca494bc712c137-990x557.jpg 990w, https:\/\/kinaikaleidoszkop.hu\/wp-content\/uploads\/2023\/10\/11113be36e9804d44a2188ca494bc712c137-1320x743.jpg 1320w, https:\/\/kinaikaleidoszkop.hu\/wp-content\/uploads\/2023\/10\/11113be36e9804d44a2188ca494bc712c137-470x264.jpg 470w, https:\/\/kinaikaleidoszkop.hu\/wp-content\/uploads\/2023\/10\/11113be36e9804d44a2188ca494bc712c137-640x360.jpg 640w, https:\/\/kinaikaleidoszkop.hu\/wp-content\/uploads\/2023\/10\/11113be36e9804d44a2188ca494bc712c137-215x120.jpg 215w, https:\/\/kinaikaleidoszkop.hu\/wp-content\/uploads\/2023\/10\/11113be36e9804d44a2188ca494bc712c137-414x232.jpg 414w\" sizes=\"auto, (max-width: 1920px) 100vw, 1920px\" \/><\/figure>\n\n\n\n<p>A megnyit\u00f3n jelen voltak K\u00edna brit nagyk\u00f6vets\u00e9g\u00e9nek k\u00e9pvisel\u0151i, ismert helyi tud\u00f3sok \u00e9s az ifj\u00fas\u00e1g k\u00e9pvisel\u0151i, \u00f6sszesen t\u00f6bb mint 80 vend\u00e9g.<\/p>\n\n\n\n<p>A megnyit\u00f3 ut\u00e1n tartott azonos nev\u0171 kultur\u00e1lis szalonban t\u00f6bb brit kutat\u00f3 osztotta meg v\u00e9lem\u00e9ny\u00e9t a k\u00ednai civiliz\u00e1ci\u00f3nak a vil\u00e1g kultur\u00e1lis fejl\u0151d\u00e9s\u00e9hez val\u00f3 hozz\u00e1j\u00e1rul\u00e1s\u00e1r\u00f3l. Alan Macfarlane, ismert t\u00f6rt\u00e9n\u00e9sz, a cambridge-i King\u2019s College professzora eml\u00e9keztetett, hogy a k\u00ednai civiliz\u00e1ci\u00f3 4000-7000 \u00e9vre tekinthet vissza, \u00e9s utalt arra is, hogy K\u00edna gazdas\u00e1ga az ut\u00f3bbi \u00e9vtizedekben \u00f3ri\u00e1s fejl\u0151d\u00e9st \u00e9rt el. Arra h\u00edvta fel a brit t\u00e1rsadalmat, hogy ismerje meg jobban K\u00edn\u00e1t \u00e9s er\u0151s\u00edtse meg az egy\u00fcttm\u0171k\u00f6d\u00e9st K\u00edn\u00e1val.<\/p>\n\n\n\n<p><strong><em>(China Media Group)<\/em><\/strong><\/p>\n\n\n\n<p><strong>2023. okt\u00f3ber 15.<\/strong><\/p>\n\n\n\n<p><strong><em>(x)<\/em><\/strong><\/p>\n","protected":false},"excerpt":{"rendered":"<p>Okt\u00f3ber 12-\u00e9n volt a China Media Group \u00e1ltal szervezett \u201eUtaz\u00e1s civiliz\u00e1ci\u00f3kon kereszt\u00fcl\u201d c\u00edm\u0171 nemzetk\u00f6zi v\u00e1ndorki\u00e1ll\u00edt\u00e1s brit \u00e1llom\u00e1s\u00e1nak megnyit\u00f3ja a londoni Kir\u00e1lyi P\u00e9nzverde r\u00e9gi hely\u00e9n.\u00a0 Shen Haixiong, a CMG eln\u00f6ke a ki\u00e1ll\u00edt\u00e1s megnyit\u00f3j\u00e1ra k\u00fcld\u00f6tt vide\u00f3besz\u00e9d\u00e9ben eml\u00e9keztetett, hogy a CMG a v\u00e1ndorki\u00e1ll\u00edt\u00e1s keret\u00e9ben mutatja be a k\u00ednai civiliz\u00e1ci\u00f3 t\u00f6bb mint \u00f6tezer \u00e9ves t\u00f6rt\u00e9net\u00e9t. A CMG innovat\u00edv m\u00f3don [&hellip;]<\/p>\n","protected":false},"author":7,"featured_media":19419,"comment_status":"closed","ping_status":"closed","sticky":false,"template":"","format":"standard","meta":{"footnotes":""},"categories":[45],"tags":[949,363,127,2036,1683],"class_list":["post-19416","post","type-post","status-publish","format-standard","has-post-thumbnail","hentry","category-hirek","tag-civilizacio","tag-cmg","tag-kiallitas","tag-kultura","tag-megnyito"],"yoast_head":"<!-- This site is optimized with the Yoast SEO plugin v23.7 - https:\/\/yoast.com\/wordpress\/plugins\/seo\/ -->\n<title>Londonban megny\u00edlt a CMG \u201eUtaz\u00e1s civiliz\u00e1ci\u00f3kon kereszt\u00fcl\u201d c\u00edm\u0171 nemzetk\u00f6zi v\u00e1ndorki\u00e1ll\u00edt\u00e1sa - kinaikaleidoszkop.hu<\/title>\n<meta name=\"robots\" content=\"index, follow, max-snippet:-1, max-image-preview:large, max-video-preview:-1\" \/>\n<link rel=\"canonical\" href=\"https:\/\/kinaikaleidoszkop.hu\/index.php\/2023\/10\/15\/londonban-megnyilt-a-cmg-utazas-civilizaciokon-keresztul-cimu-nemzetkozi-vandorkiallitasa\/\" \/>\n<meta property=\"og:locale\" content=\"hu_HU\" \/>\n<meta property=\"og:type\" content=\"article\" \/>\n<meta property=\"og:title\" content=\"Londonban megny\u00edlt a CMG \u201eUtaz\u00e1s civiliz\u00e1ci\u00f3kon kereszt\u00fcl\u201d c\u00edm\u0171 nemzetk\u00f6zi v\u00e1ndorki\u00e1ll\u00edt\u00e1sa - kinaikaleidoszkop.hu\" \/>\n<meta property=\"og:description\" content=\"Okt\u00f3ber 12-\u00e9n volt a China Media Group \u00e1ltal szervezett \u201eUtaz\u00e1s civiliz\u00e1ci\u00f3kon kereszt\u00fcl\u201d c\u00edm\u0171 nemzetk\u00f6zi v\u00e1ndorki\u00e1ll\u00edt\u00e1s brit \u00e1llom\u00e1s\u00e1nak megnyit\u00f3ja a londoni Kir\u00e1lyi P\u00e9nzverde r\u00e9gi hely\u00e9n.\u00a0 Shen Haixiong, a CMG eln\u00f6ke a ki\u00e1ll\u00edt\u00e1s megnyit\u00f3j\u00e1ra k\u00fcld\u00f6tt vide\u00f3besz\u00e9d\u00e9ben eml\u00e9keztetett, hogy a CMG a v\u00e1ndorki\u00e1ll\u00edt\u00e1s keret\u00e9ben mutatja be a k\u00ednai civiliz\u00e1ci\u00f3 t\u00f6bb mint \u00f6tezer \u00e9ves t\u00f6rt\u00e9net\u00e9t. A CMG innovat\u00edv m\u00f3don [&hellip;]\" \/>\n<meta property=\"og:url\" content=\"https:\/\/kinaikaleidoszkop.hu\/index.php\/2023\/10\/15\/londonban-megnyilt-a-cmg-utazas-civilizaciokon-keresztul-cimu-nemzetkozi-vandorkiallitasa\/\" \/>\n<meta property=\"og:site_name\" content=\"kinaikaleidoszkop.hu\" \/>\n<meta property=\"article:published_time\" content=\"2023-10-15T12:39:21+00:00\" \/>\n<meta property=\"article:modified_time\" content=\"2023-10-16T08:51:27+00:00\" \/>\n<meta property=\"og:image\" content=\"https:\/\/kinaikaleidoszkop.hu\/wp-content\/uploads\/2023\/10\/2222204d18e71bf85468c87d14a84dd181240.jpg\" \/>\n\t<meta property=\"og:image:width\" content=\"1920\" \/>\n\t<meta property=\"og:image:height\" content=\"1080\" \/>\n\t<meta property=\"og:image:type\" content=\"image\/jpeg\" \/>\n<meta name=\"author\" content=\"Szerk_Erik\" \/>\n<meta name=\"twitter:card\" content=\"summary_large_image\" \/>\n<meta name=\"twitter:label1\" content=\"Szerz\u0151:\" \/>\n\t<meta name=\"twitter:data1\" content=\"Szerk_Erik\" \/>\n\t<meta name=\"twitter:label2\" content=\"Becs\u00fclt olvas\u00e1si id\u0151\" \/>\n\t<meta name=\"twitter:data2\" content=\"2 perc\" \/>\n<script type=\"application\/ld+json\" class=\"yoast-schema-graph\">{\"@context\":\"https:\/\/schema.org\",\"@graph\":[{\"@type\":\"WebPage\",\"@id\":\"https:\/\/kinaikaleidoszkop.hu\/index.php\/2023\/10\/15\/londonban-megnyilt-a-cmg-utazas-civilizaciokon-keresztul-cimu-nemzetkozi-vandorkiallitasa\/\",\"url\":\"https:\/\/kinaikaleidoszkop.hu\/index.php\/2023\/10\/15\/londonban-megnyilt-a-cmg-utazas-civilizaciokon-keresztul-cimu-nemzetkozi-vandorkiallitasa\/\",\"name\":\"Londonban megny\u00edlt a CMG \u201eUtaz\u00e1s civiliz\u00e1ci\u00f3kon kereszt\u00fcl\u201d c\u00edm\u0171 nemzetk\u00f6zi v\u00e1ndorki\u00e1ll\u00edt\u00e1sa - kinaikaleidoszkop.hu\",\"isPartOf\":{\"@id\":\"https:\/\/kinaikaleidoszkop.hu\/#website\"},\"primaryImageOfPage\":{\"@id\":\"https:\/\/kinaikaleidoszkop.hu\/index.php\/2023\/10\/15\/londonban-megnyilt-a-cmg-utazas-civilizaciokon-keresztul-cimu-nemzetkozi-vandorkiallitasa\/#primaryimage\"},\"image\":{\"@id\":\"https:\/\/kinaikaleidoszkop.hu\/index.php\/2023\/10\/15\/londonban-megnyilt-a-cmg-utazas-civilizaciokon-keresztul-cimu-nemzetkozi-vandorkiallitasa\/#primaryimage\"},\"thumbnailUrl\":\"https:\/\/kinaikaleidoszkop.hu\/wp-content\/uploads\/2023\/10\/2222204d18e71bf85468c87d14a84dd181240.jpg\",\"datePublished\":\"2023-10-15T12:39:21+00:00\",\"dateModified\":\"2023-10-16T08:51:27+00:00\",\"author\":{\"@id\":\"https:\/\/kinaikaleidoszkop.hu\/#\/schema\/person\/4d69b71e7e70322713b9d9287b610556\"},\"breadcrumb\":{\"@id\":\"https:\/\/kinaikaleidoszkop.hu\/index.php\/2023\/10\/15\/londonban-megnyilt-a-cmg-utazas-civilizaciokon-keresztul-cimu-nemzetkozi-vandorkiallitasa\/#breadcrumb\"},\"inLanguage\":\"hu\",\"potentialAction\":[{\"@type\":\"ReadAction\",\"target\":[\"https:\/\/kinaikaleidoszkop.hu\/index.php\/2023\/10\/15\/londonban-megnyilt-a-cmg-utazas-civilizaciokon-keresztul-cimu-nemzetkozi-vandorkiallitasa\/\"]}]},{\"@type\":\"ImageObject\",\"inLanguage\":\"hu\",\"@id\":\"https:\/\/kinaikaleidoszkop.hu\/index.php\/2023\/10\/15\/londonban-megnyilt-a-cmg-utazas-civilizaciokon-keresztul-cimu-nemzetkozi-vandorkiallitasa\/#primaryimage\",\"url\":\"https:\/\/kinaikaleidoszkop.hu\/wp-content\/uploads\/2023\/10\/2222204d18e71bf85468c87d14a84dd181240.jpg\",\"contentUrl\":\"https:\/\/kinaikaleidoszkop.hu\/wp-content\/uploads\/2023\/10\/2222204d18e71bf85468c87d14a84dd181240.jpg\",\"width\":1920,\"height\":1080},{\"@type\":\"BreadcrumbList\",\"@id\":\"https:\/\/kinaikaleidoszkop.hu\/index.php\/2023\/10\/15\/londonban-megnyilt-a-cmg-utazas-civilizaciokon-keresztul-cimu-nemzetkozi-vandorkiallitasa\/#breadcrumb\",\"itemListElement\":[{\"@type\":\"ListItem\",\"position\":1,\"name\":\"Kezd\u0151lap\",\"item\":\"https:\/\/kinaikaleidoszkop.hu\/\"},{\"@type\":\"ListItem\",\"position\":2,\"name\":\"Londonban megny\u00edlt a CMG \u201eUtaz\u00e1s civiliz\u00e1ci\u00f3kon kereszt\u00fcl\u201d c\u00edm\u0171 nemzetk\u00f6zi v\u00e1ndorki\u00e1ll\u00edt\u00e1sa\"}]},{\"@type\":\"WebSite\",\"@id\":\"https:\/\/kinaikaleidoszkop.hu\/#website\",\"url\":\"https:\/\/kinaikaleidoszkop.hu\/\",\"name\":\"kinaikaleidoszkop.hu\",\"description\":\"\",\"potentialAction\":[{\"@type\":\"SearchAction\",\"target\":{\"@type\":\"EntryPoint\",\"urlTemplate\":\"https:\/\/kinaikaleidoszkop.hu\/?s={search_term_string}\"},\"query-input\":{\"@type\":\"PropertyValueSpecification\",\"valueRequired\":true,\"valueName\":\"search_term_string\"}}],\"inLanguage\":\"hu\"},{\"@type\":\"Person\",\"@id\":\"https:\/\/kinaikaleidoszkop.hu\/#\/schema\/person\/4d69b71e7e70322713b9d9287b610556\",\"name\":\"Szerk_Erik\",\"image\":{\"@type\":\"ImageObject\",\"inLanguage\":\"hu\",\"@id\":\"https:\/\/kinaikaleidoszkop.hu\/#\/schema\/person\/image\/\",\"url\":\"https:\/\/secure.gravatar.com\/avatar\/3c1e909a14c0c91d2eaef877aaacb584c667f8e7137de69653aa9561fd0e8062?s=96&d=mm&r=g\",\"contentUrl\":\"https:\/\/secure.gravatar.com\/avatar\/3c1e909a14c0c91d2eaef877aaacb584c667f8e7137de69653aa9561fd0e8062?s=96&d=mm&r=g\",\"caption\":\"Szerk_Erik\"},\"url\":\"https:\/\/kinaikaleidoszkop.hu\/index.php\/author\/szerk_erik\/\"}]}<\/script>\n<!-- \/ Yoast SEO plugin. -->","yoast_head_json":{"title":"Londonban megny\u00edlt a CMG \u201eUtaz\u00e1s civiliz\u00e1ci\u00f3kon kereszt\u00fcl\u201d c\u00edm\u0171 nemzetk\u00f6zi v\u00e1ndorki\u00e1ll\u00edt\u00e1sa - kinaikaleidoszkop.hu","robots":{"index":"index","follow":"follow","max-snippet":"max-snippet:-1","max-image-preview":"max-image-preview:large","max-video-preview":"max-video-preview:-1"},"canonical":"https:\/\/kinaikaleidoszkop.hu\/index.php\/2023\/10\/15\/londonban-megnyilt-a-cmg-utazas-civilizaciokon-keresztul-cimu-nemzetkozi-vandorkiallitasa\/","og_locale":"hu_HU","og_type":"article","og_title":"Londonban megny\u00edlt a CMG \u201eUtaz\u00e1s civiliz\u00e1ci\u00f3kon kereszt\u00fcl\u201d c\u00edm\u0171 nemzetk\u00f6zi v\u00e1ndorki\u00e1ll\u00edt\u00e1sa - kinaikaleidoszkop.hu","og_description":"Okt\u00f3ber 12-\u00e9n volt a China Media Group \u00e1ltal szervezett \u201eUtaz\u00e1s civiliz\u00e1ci\u00f3kon kereszt\u00fcl\u201d c\u00edm\u0171 nemzetk\u00f6zi v\u00e1ndorki\u00e1ll\u00edt\u00e1s brit \u00e1llom\u00e1s\u00e1nak megnyit\u00f3ja a londoni Kir\u00e1lyi P\u00e9nzverde r\u00e9gi hely\u00e9n.\u00a0 Shen Haixiong, a CMG eln\u00f6ke a ki\u00e1ll\u00edt\u00e1s megnyit\u00f3j\u00e1ra k\u00fcld\u00f6tt vide\u00f3besz\u00e9d\u00e9ben eml\u00e9keztetett, hogy a CMG a v\u00e1ndorki\u00e1ll\u00edt\u00e1s keret\u00e9ben mutatja be a k\u00ednai civiliz\u00e1ci\u00f3 t\u00f6bb mint \u00f6tezer \u00e9ves t\u00f6rt\u00e9net\u00e9t. A CMG innovat\u00edv m\u00f3don [&hellip;]","og_url":"https:\/\/kinaikaleidoszkop.hu\/index.php\/2023\/10\/15\/londonban-megnyilt-a-cmg-utazas-civilizaciokon-keresztul-cimu-nemzetkozi-vandorkiallitasa\/","og_site_name":"kinaikaleidoszkop.hu","article_published_time":"2023-10-15T12:39:21+00:00","article_modified_time":"2023-10-16T08:51:27+00:00","og_image":[{"width":1920,"height":1080,"url":"https:\/\/kinaikaleidoszkop.hu\/wp-content\/uploads\/2023\/10\/2222204d18e71bf85468c87d14a84dd181240.jpg","type":"image\/jpeg"}],"author":"Szerk_Erik","twitter_card":"summary_large_image","twitter_misc":{"Szerz\u0151:":"Szerk_Erik","Becs\u00fclt olvas\u00e1si id\u0151":"2 perc"},"schema":{"@context":"https:\/\/schema.org","@graph":[{"@type":"WebPage","@id":"https:\/\/kinaikaleidoszkop.hu\/index.php\/2023\/10\/15\/londonban-megnyilt-a-cmg-utazas-civilizaciokon-keresztul-cimu-nemzetkozi-vandorkiallitasa\/","url":"https:\/\/kinaikaleidoszkop.hu\/index.php\/2023\/10\/15\/londonban-megnyilt-a-cmg-utazas-civilizaciokon-keresztul-cimu-nemzetkozi-vandorkiallitasa\/","name":"Londonban megny\u00edlt a CMG \u201eUtaz\u00e1s civiliz\u00e1ci\u00f3kon kereszt\u00fcl\u201d c\u00edm\u0171 nemzetk\u00f6zi v\u00e1ndorki\u00e1ll\u00edt\u00e1sa - kinaikaleidoszkop.hu","isPartOf":{"@id":"https:\/\/kinaikaleidoszkop.hu\/#website"},"primaryImageOfPage":{"@id":"https:\/\/kinaikaleidoszkop.hu\/index.php\/2023\/10\/15\/londonban-megnyilt-a-cmg-utazas-civilizaciokon-keresztul-cimu-nemzetkozi-vandorkiallitasa\/#primaryimage"},"image":{"@id":"https:\/\/kinaikaleidoszkop.hu\/index.php\/2023\/10\/15\/londonban-megnyilt-a-cmg-utazas-civilizaciokon-keresztul-cimu-nemzetkozi-vandorkiallitasa\/#primaryimage"},"thumbnailUrl":"https:\/\/kinaikaleidoszkop.hu\/wp-content\/uploads\/2023\/10\/2222204d18e71bf85468c87d14a84dd181240.jpg","datePublished":"2023-10-15T12:39:21+00:00","dateModified":"2023-10-16T08:51:27+00:00","author":{"@id":"https:\/\/kinaikaleidoszkop.hu\/#\/schema\/person\/4d69b71e7e70322713b9d9287b610556"},"breadcrumb":{"@id":"https:\/\/kinaikaleidoszkop.hu\/index.php\/2023\/10\/15\/londonban-megnyilt-a-cmg-utazas-civilizaciokon-keresztul-cimu-nemzetkozi-vandorkiallitasa\/#breadcrumb"},"inLanguage":"hu","potentialAction":[{"@type":"ReadAction","target":["https:\/\/kinaikaleidoszkop.hu\/index.php\/2023\/10\/15\/londonban-megnyilt-a-cmg-utazas-civilizaciokon-keresztul-cimu-nemzetkozi-vandorkiallitasa\/"]}]},{"@type":"ImageObject","inLanguage":"hu","@id":"https:\/\/kinaikaleidoszkop.hu\/index.php\/2023\/10\/15\/londonban-megnyilt-a-cmg-utazas-civilizaciokon-keresztul-cimu-nemzetkozi-vandorkiallitasa\/#primaryimage","url":"https:\/\/kinaikaleidoszkop.hu\/wp-content\/uploads\/2023\/10\/2222204d18e71bf85468c87d14a84dd181240.jpg","contentUrl":"https:\/\/kinaikaleidoszkop.hu\/wp-content\/uploads\/2023\/10\/2222204d18e71bf85468c87d14a84dd181240.jpg","width":1920,"height":1080},{"@type":"BreadcrumbList","@id":"https:\/\/kinaikaleidoszkop.hu\/index.php\/2023\/10\/15\/londonban-megnyilt-a-cmg-utazas-civilizaciokon-keresztul-cimu-nemzetkozi-vandorkiallitasa\/#breadcrumb","itemListElement":[{"@type":"ListItem","position":1,"name":"Kezd\u0151lap","item":"https:\/\/kinaikaleidoszkop.hu\/"},{"@type":"ListItem","position":2,"name":"Londonban megny\u00edlt a CMG \u201eUtaz\u00e1s civiliz\u00e1ci\u00f3kon kereszt\u00fcl\u201d c\u00edm\u0171 nemzetk\u00f6zi v\u00e1ndorki\u00e1ll\u00edt\u00e1sa"}]},{"@type":"WebSite","@id":"https:\/\/kinaikaleidoszkop.hu\/#website","url":"https:\/\/kinaikaleidoszkop.hu\/","name":"kinaikaleidoszkop.hu","description":"","potentialAction":[{"@type":"SearchAction","target":{"@type":"EntryPoint","urlTemplate":"https:\/\/kinaikaleidoszkop.hu\/?s={search_term_string}"},"query-input":{"@type":"PropertyValueSpecification","valueRequired":true,"valueName":"search_term_string"}}],"inLanguage":"hu"},{"@type":"Person","@id":"https:\/\/kinaikaleidoszkop.hu\/#\/schema\/person\/4d69b71e7e70322713b9d9287b610556","name":"Szerk_Erik","image":{"@type":"ImageObject","inLanguage":"hu","@id":"https:\/\/kinaikaleidoszkop.hu\/#\/schema\/person\/image\/","url":"https:\/\/secure.gravatar.com\/avatar\/3c1e909a14c0c91d2eaef877aaacb584c667f8e7137de69653aa9561fd0e8062?s=96&d=mm&r=g","contentUrl":"https:\/\/secure.gravatar.com\/avatar\/3c1e909a14c0c91d2eaef877aaacb584c667f8e7137de69653aa9561fd0e8062?s=96&d=mm&r=g","caption":"Szerk_Erik"},"url":"https:\/\/kinaikaleidoszkop.hu\/index.php\/author\/szerk_erik\/"}]}},"views":221,"distributor_meta":false,"distributor_terms":false,"distributor_media":false,"distributor_original_site_name":"kinaikaleidoszkop.hu","distributor_original_site_url":"https:\/\/kinaikaleidoszkop.hu","push-errors":false,"_links":{"self":[{"href":"https:\/\/kinaikaleidoszkop.hu\/index.php\/wp-json\/wp\/v2\/posts\/19416","targetHints":{"allow":["GET"]}}],"collection":[{"href":"https:\/\/kinaikaleidoszkop.hu\/index.php\/wp-json\/wp\/v2\/posts"}],"about":[{"href":"https:\/\/kinaikaleidoszkop.hu\/index.php\/wp-json\/wp\/v2\/types\/post"}],"author":[{"embeddable":true,"href":"https:\/\/kinaikaleidoszkop.hu\/index.php\/wp-json\/wp\/v2\/users\/7"}],"replies":[{"embeddable":true,"href":"https:\/\/kinaikaleidoszkop.hu\/index.php\/wp-json\/wp\/v2\/comments?post=19416"}],"version-history":[{"count":3,"href":"https:\/\/kinaikaleidoszkop.hu\/index.php\/wp-json\/wp\/v2\/posts\/19416\/revisions"}],"predecessor-version":[{"id":19434,"href":"https:\/\/kinaikaleidoszkop.hu\/index.php\/wp-json\/wp\/v2\/posts\/19416\/revisions\/19434"}],"wp:featuredmedia":[{"embeddable":true,"href":"https:\/\/kinaikaleidoszkop.hu\/index.php\/wp-json\/wp\/v2\/media\/19419"}],"wp:attachment":[{"href":"https:\/\/kinaikaleidoszkop.hu\/index.php\/wp-json\/wp\/v2\/media?parent=19416"}],"wp:term":[{"taxonomy":"category","embeddable":true,"href":"https:\/\/kinaikaleidoszkop.hu\/index.php\/wp-json\/wp\/v2\/categories?post=19416"},{"taxonomy":"post_tag","embeddable":true,"href":"https:\/\/kinaikaleidoszkop.hu\/index.php\/wp-json\/wp\/v2\/tags?post=19416"}],"curies":[{"name":"wp","href":"https:\/\/api.w.org\/{rel}","templated":true}]}}