{"id":19534,"date":"2023-10-19T15:51:26","date_gmt":"2023-10-19T13:51:26","guid":{"rendered":"https:\/\/kinaikaleidoszkop.hu\/?p=19534"},"modified":"2023-10-19T15:51:55","modified_gmt":"2023-10-19T13:51:55","slug":"a-huawei-vezetojevel-targyalt-orban-viktor","status":"publish","type":"post","link":"https:\/\/kinaikaleidoszkop.hu\/index.php\/2023\/10\/19\/a-huawei-vezetojevel-targyalt-orban-viktor\/","title":{"rendered":"A Huawei vezet\u0151j\u00e9vel t\u00e1rgyalt Orb\u00e1n Viktor"},"content":{"rendered":"\n<p><strong>A digit\u00e1lis j\u00f6v\u0151r\u0151l t\u00e1rgyalt K\u00edn\u00e1ban Orb\u00e1n Viktor \u00e9s a Huawei alap\u00edt\u00f3 vez\u00e9rigazgat\u00f3ja; a v\u00e1llalat bejelentette \u00faj, Ipar 4.0 technol\u00f3gi\u00e1n m\u0171k\u00f6d\u0151 kapuv\u00e1ri gy\u00e1r\u00e1t &#8211; der\u00fcl ki Havasi Bertalan, a minisztereln\u00f6k sajt\u00f3f\u0151n\u00f6ke \u00e9s a Huawei k\u00f6z\u00f6s sajt\u00f3nyilatkozat\u00e1b\u00f3l.<\/strong><\/p>\n\n\n\n<p>A sencseni keltez\u00e9s\u0171 k\u00f6zlem\u00e9ny szerint cs\u00fct\u00f6rt\u00f6k\u00f6n a Huawei Technologies alap\u00edt\u00f3 vez\u00e9rigazgat\u00f3j\u00e1val, Ren Zhengfeijel t\u00e1rgyalt Orb\u00e1n Viktor minisztereln\u00f6k a v\u00e1llalat k\u00ednai k\u00f6zpontj\u00e1ban. A megbesz\u00e9l\u00e9sen r\u00e9szt vett Szijj\u00e1rt\u00f3 P\u00e9ter k\u00fclgazdas\u00e1gi \u00e9s k\u00fcl\u00fcgy-, Nagy M\u00e1rton gazdas\u00e1gfejleszt\u00e9s\u00e9rt felel\u0151s- \u00e9s Lantos Csaba energia\u00fcgyi miniszter is. A tal\u00e1lkoz\u00f3 illeszkedett az eddigi megbesz\u00e9l\u00e9sek sor\u00e1ba, amelyet a magyar korm\u00e1nyzat rendszeresen folytat a strat\u00e9giai partnerc\u00e9ggel &#8211; \u00edrj\u00e1k.<br>&nbsp;&nbsp;&nbsp;&nbsp;<\/p>\n\n\n\n<p><strong>A sencseni megbesz\u00e9l\u00e9s f\u0151 t\u00e9m\u00e1ja volt a digitaliz\u00e1ci\u00f3 hossz\u00fa t\u00e1v\u00fa hat\u00e1sa a t\u00e1rsadalomra, a gazdas\u00e1gra, a biztons\u00e1gra.<\/strong>&nbsp;A felek egyet\u00e9rtettek abban, hogy az az orsz\u00e1g, amelyik az adatalap\u00fa infokommunik\u00e1ci\u00f3s \u00e9s az adat\u00e1tviteli h\u00e1l\u00f3zatok fejleszt\u00e9s\u00e9ben lemarad, \u00e9vtizedekre glob\u00e1lis h\u00e1tr\u00e1nyba ker\u00fcl.<br>&nbsp;&nbsp;&nbsp;&nbsp;<\/p>\n\n\n\n<figure class=\"wp-block-image size-full\"><img loading=\"lazy\" decoding=\"async\" width=\"2560\" height=\"1708\" src=\"https:\/\/kinaikaleidoszkop.hu\/wp-content\/uploads\/2023\/10\/D_MTI20231019020-scaled.jpg\" alt=\"\" class=\"wp-image-19536\" srcset=\"https:\/\/kinaikaleidoszkop.hu\/wp-content\/uploads\/2023\/10\/D_MTI20231019020-scaled.jpg 2560w, https:\/\/kinaikaleidoszkop.hu\/wp-content\/uploads\/2023\/10\/D_MTI20231019020-300x200.jpg 300w, https:\/\/kinaikaleidoszkop.hu\/wp-content\/uploads\/2023\/10\/D_MTI20231019020-1024x683.jpg 1024w, https:\/\/kinaikaleidoszkop.hu\/wp-content\/uploads\/2023\/10\/D_MTI20231019020-768x512.jpg 768w, https:\/\/kinaikaleidoszkop.hu\/wp-content\/uploads\/2023\/10\/D_MTI20231019020-1536x1025.jpg 1536w, https:\/\/kinaikaleidoszkop.hu\/wp-content\/uploads\/2023\/10\/D_MTI20231019020-2048x1366.jpg 2048w, https:\/\/kinaikaleidoszkop.hu\/wp-content\/uploads\/2023\/10\/D_MTI20231019020-414x276.jpg 414w, https:\/\/kinaikaleidoszkop.hu\/wp-content\/uploads\/2023\/10\/D_MTI20231019020-470x313.jpg 470w, https:\/\/kinaikaleidoszkop.hu\/wp-content\/uploads\/2023\/10\/D_MTI20231019020-640x426.jpg 640w, https:\/\/kinaikaleidoszkop.hu\/wp-content\/uploads\/2023\/10\/D_MTI20231019020-130x86.jpg 130w, https:\/\/kinaikaleidoszkop.hu\/wp-content\/uploads\/2023\/10\/D_MTI20231019020-187x124.jpg 187w, https:\/\/kinaikaleidoszkop.hu\/wp-content\/uploads\/2023\/10\/D_MTI20231019020-990x660.jpg 990w, https:\/\/kinaikaleidoszkop.hu\/wp-content\/uploads\/2023\/10\/D_MTI20231019020-1320x880.jpg 1320w\" sizes=\"auto, (max-width: 2560px) 100vw, 2560px\" \/><figcaption class=\"wp-element-caption\">MTI\/Minisztereln\u00f6ki Sajt\u00f3iroda\/Fischer Zolt\u00e1n<\/figcaption><\/figure>\n\n\n\n<p>Orb\u00e1n Viktor a k\u00f6zlem\u00e9ny szerint kiemelte, a Huawei vil\u00e1gszerte magas innov\u00e1ci\u00f3s \u00e9s technol\u00f3giai sz\u00ednvonalat k\u00e9pvisel. Magyarorsz\u00e1g digitaliz\u00e1ci\u00f3j\u00e1ban is kiemelt szerepet j\u00e1tszik a c\u00e9g, az els\u0151 nagy k\u00ednai v\u00e1llalatok egyike volt, amely nagyberuh\u00e1z\u00e1st hajtott v\u00e9gre Magyarorsz\u00e1gon. A korm\u00e1nyf\u0151 elismer\u0151en sz\u00f3lt a c\u00e9gnek a magyar m\u00e9rn\u00f6kk\u00e9pz\u00e9sben v\u00e1llalt szerep\u00e9r\u0151l is. Hangs\u00falyozta, Magyarorsz\u00e1g tov\u00e1bbra is kiegyens\u00falyozott \u00e9s nyitott gazdas\u00e1gi, befektet\u00e9si k\u00f6rnyezetet ny\u00fajt a k\u00ednai v\u00e1llalatok sz\u00e1m\u00e1ra.&nbsp;<strong>A minisztereln\u00f6k l\u00e1togat\u00e1sa sor\u00e1n megismerkedett a Huawei leg\u00fajabb technol\u00f3gi\u00e1ival \u00e9s elsz\u00e1nts\u00e1g\u00e1val az innov\u00e1ci\u00f3 ter\u00fclet\u00e9n &#8211; fogalmaztak.<\/strong><br>&nbsp;&nbsp;&nbsp;&nbsp;<\/p>\n\n\n\n<p>A t\u00e1j\u00e9koztat\u00f3 szerint a v\u00e1llalat az eur\u00f3pai piacokra val\u00f3 hazai gy\u00e1rt\u00e1s\u00e1n \u00e9s logisztik\u00e1j\u00e1n, a kutat\u00e1s-fejleszt\u00e9si k\u00f6zpontj\u00e1n kereszt\u00fcl m\u00e1r eddig is k\u00e9tezer embernek biztos\u00edtott munk\u00e1t. A t\u00e1rsas\u00e1g most \u00fajabb ter\u00fcleteken is befektetett, Kapuv\u00e1ron invertergy\u00e1rat ind\u00edtott.<br>&nbsp;&nbsp;&nbsp;&nbsp;<\/p>\n\n\n\n<p><strong>Mivel a klasszikus gy\u00e1rt\u00e1s t\u00f6bb okb\u00f3l is \u00e1talakul glob\u00e1lisan, a priv\u00e1t 5G mobilh\u00e1l\u00f3zaton kommunik\u00e1l\u00f3, digitaliz\u00e1lt, mesters\u00e9ges intelligencia ir\u00e1ny\u00edtotta \u00f6nm\u0171k\u00f6d\u0151 gy\u00e1rt\u00e1si \u00e9s ipari rendszerek ker\u00fclnek el\u0151t\u00e9rbe.&nbsp;<\/strong>A Huawei Kapuv\u00e1ron jelenleg teszt\u00fczemben m\u0171k\u00f6d\u0151 gy\u00e1r\u00e1ban ez\u00e9rt Eur\u00f3p\u00e1ban egyed\u00fcl\u00e1ll\u00f3 technol\u00f3gi\u00e1kat vezetnek be, a modern gy\u00e1rt\u00e1si know-howra fektetik a hangs\u00falyt, \u00e9s a leginnovat\u00edvabb Ipar 4.0 digit\u00e1lis technol\u00f3gi\u00e1kat haszn\u00e1lj\u00e1k. A termel\u0151 ter\u00fclet m\u00e1sodik f\u00e1zis\u00e1t 2024 elej\u00e9n kezdik meg, amely sor\u00e1n a gy\u00e1rtott term\u00e9kek palett\u00e1j\u00e1t, az ipari csarnokokat is b\u0151v\u00edtik majd.<br>&nbsp;&nbsp;&nbsp;&nbsp;<\/p>\n\n\n\n<p>A minisztereln\u00f6ki l\u00e1togat\u00e1s v\u00e9g\u00e9n a Gazdas\u00e1gfejleszt\u00e9si Miniszt\u00e9rium r\u00e9sz\u00e9r\u0151l Nagy M\u00e1rton t\u00e1rcavezet\u0151 \u00e9s Gao Weijie, a v\u00e1llalat Magyarorsz\u00e1g\u00e9rt felel\u0151s vez\u00e9rigazgat\u00f3ja sz\u00e1nd\u00e9knyilatkozatot \u00edrt al\u00e1 a hazai ipar digit\u00e1lis \u00e9s a magyar elektrifik\u00e1ci\u00f3 fejleszt\u00e9s\u00e9r\u0151l &#8211; olvashat\u00f3 a sajt\u00f3k\u00f6zlem\u00e9nyben.<\/p>\n\n\n\n<p><strong>2023. okt\u00f3ber 19.<\/strong><\/p>\n\n\n\n<p><strong><em>(MTI)<\/em><\/strong><\/p>\n","protected":false},"excerpt":{"rendered":"<p>A digit\u00e1lis j\u00f6v\u0151r\u0151l t\u00e1rgyalt K\u00edn\u00e1ban Orb\u00e1n Viktor \u00e9s a Huawei alap\u00edt\u00f3 vez\u00e9rigazgat\u00f3ja; a v\u00e1llalat bejelentette \u00faj, Ipar 4.0 technol\u00f3gi\u00e1n m\u0171k\u00f6d\u0151 kapuv\u00e1ri gy\u00e1r\u00e1t &#8211; der\u00fcl ki Havasi Bertalan, a minisztereln\u00f6k sajt\u00f3f\u0151n\u00f6ke \u00e9s a Huawei k\u00f6z\u00f6s sajt\u00f3nyilatkozat\u00e1b\u00f3l. A sencseni keltez\u00e9s\u0171 k\u00f6zlem\u00e9ny szerint cs\u00fct\u00f6rt\u00f6k\u00f6n a Huawei Technologies alap\u00edt\u00f3 vez\u00e9rigazgat\u00f3j\u00e1val, Ren Zhengfeijel t\u00e1rgyalt Orb\u00e1n Viktor minisztereln\u00f6k a v\u00e1llalat k\u00ednai [&hellip;]<\/p>\n","protected":false},"author":7,"featured_media":19537,"comment_status":"closed","ping_status":"closed","sticky":false,"template":"","format":"standard","meta":{"footnotes":""},"categories":[45,7],"tags":[2240,544,475,3232],"class_list":["post-19534","post","type-post","status-publish","format-standard","has-post-thumbnail","hentry","category-hirek","category-mind","tag-huawei","tag-latogatas","tag-megbeszeles","tag-orban-viktor"],"yoast_head":"<!-- This site is optimized with the Yoast SEO plugin v23.7 - https:\/\/yoast.com\/wordpress\/plugins\/seo\/ -->\n<title>A Huawei vezet\u0151j\u00e9vel t\u00e1rgyalt Orb\u00e1n Viktor - kinaikaleidoszkop.hu<\/title>\n<meta name=\"robots\" content=\"index, follow, max-snippet:-1, max-image-preview:large, max-video-preview:-1\" \/>\n<link rel=\"canonical\" href=\"https:\/\/kinaikaleidoszkop.hu\/index.php\/2023\/10\/19\/a-huawei-vezetojevel-targyalt-orban-viktor\/\" \/>\n<meta property=\"og:locale\" content=\"hu_HU\" \/>\n<meta property=\"og:type\" content=\"article\" \/>\n<meta property=\"og:title\" content=\"A Huawei vezet\u0151j\u00e9vel t\u00e1rgyalt Orb\u00e1n Viktor - kinaikaleidoszkop.hu\" \/>\n<meta property=\"og:description\" content=\"A digit\u00e1lis j\u00f6v\u0151r\u0151l t\u00e1rgyalt K\u00edn\u00e1ban Orb\u00e1n Viktor \u00e9s a Huawei alap\u00edt\u00f3 vez\u00e9rigazgat\u00f3ja; a v\u00e1llalat bejelentette \u00faj, Ipar 4.0 technol\u00f3gi\u00e1n m\u0171k\u00f6d\u0151 kapuv\u00e1ri gy\u00e1r\u00e1t &#8211; der\u00fcl ki Havasi Bertalan, a minisztereln\u00f6k sajt\u00f3f\u0151n\u00f6ke \u00e9s a Huawei k\u00f6z\u00f6s sajt\u00f3nyilatkozat\u00e1b\u00f3l. A sencseni keltez\u00e9s\u0171 k\u00f6zlem\u00e9ny szerint cs\u00fct\u00f6rt\u00f6k\u00f6n a Huawei Technologies alap\u00edt\u00f3 vez\u00e9rigazgat\u00f3j\u00e1val, Ren Zhengfeijel t\u00e1rgyalt Orb\u00e1n Viktor minisztereln\u00f6k a v\u00e1llalat k\u00ednai [&hellip;]\" \/>\n<meta property=\"og:url\" content=\"https:\/\/kinaikaleidoszkop.hu\/index.php\/2023\/10\/19\/a-huawei-vezetojevel-targyalt-orban-viktor\/\" \/>\n<meta property=\"og:site_name\" content=\"kinaikaleidoszkop.hu\" \/>\n<meta property=\"article:published_time\" content=\"2023-10-19T13:51:26+00:00\" \/>\n<meta property=\"article:modified_time\" content=\"2023-10-19T13:51:55+00:00\" \/>\n<meta property=\"og:image\" content=\"https:\/\/kinaikaleidoszkop.hu\/wp-content\/uploads\/2023\/10\/D_MTI20231019021-scaled.jpg\" \/>\n\t<meta property=\"og:image:width\" content=\"2560\" \/>\n\t<meta property=\"og:image:height\" content=\"1708\" \/>\n\t<meta property=\"og:image:type\" content=\"image\/jpeg\" \/>\n<meta name=\"author\" content=\"Szerk_Erik\" \/>\n<meta name=\"twitter:card\" content=\"summary_large_image\" \/>\n<meta name=\"twitter:label1\" content=\"Szerz\u0151:\" \/>\n\t<meta name=\"twitter:data1\" content=\"Szerk_Erik\" \/>\n\t<meta name=\"twitter:label2\" content=\"Becs\u00fclt olvas\u00e1si id\u0151\" \/>\n\t<meta name=\"twitter:data2\" content=\"3 perc\" \/>\n<script type=\"application\/ld+json\" class=\"yoast-schema-graph\">{\"@context\":\"https:\/\/schema.org\",\"@graph\":[{\"@type\":\"WebPage\",\"@id\":\"https:\/\/kinaikaleidoszkop.hu\/index.php\/2023\/10\/19\/a-huawei-vezetojevel-targyalt-orban-viktor\/\",\"url\":\"https:\/\/kinaikaleidoszkop.hu\/index.php\/2023\/10\/19\/a-huawei-vezetojevel-targyalt-orban-viktor\/\",\"name\":\"A Huawei vezet\u0151j\u00e9vel t\u00e1rgyalt Orb\u00e1n Viktor - kinaikaleidoszkop.hu\",\"isPartOf\":{\"@id\":\"https:\/\/kinaikaleidoszkop.hu\/#website\"},\"primaryImageOfPage\":{\"@id\":\"https:\/\/kinaikaleidoszkop.hu\/index.php\/2023\/10\/19\/a-huawei-vezetojevel-targyalt-orban-viktor\/#primaryimage\"},\"image\":{\"@id\":\"https:\/\/kinaikaleidoszkop.hu\/index.php\/2023\/10\/19\/a-huawei-vezetojevel-targyalt-orban-viktor\/#primaryimage\"},\"thumbnailUrl\":\"https:\/\/kinaikaleidoszkop.hu\/wp-content\/uploads\/2023\/10\/D_MTI20231019021-scaled.jpg\",\"datePublished\":\"2023-10-19T13:51:26+00:00\",\"dateModified\":\"2023-10-19T13:51:55+00:00\",\"author\":{\"@id\":\"https:\/\/kinaikaleidoszkop.hu\/#\/schema\/person\/4d69b71e7e70322713b9d9287b610556\"},\"breadcrumb\":{\"@id\":\"https:\/\/kinaikaleidoszkop.hu\/index.php\/2023\/10\/19\/a-huawei-vezetojevel-targyalt-orban-viktor\/#breadcrumb\"},\"inLanguage\":\"hu\",\"potentialAction\":[{\"@type\":\"ReadAction\",\"target\":[\"https:\/\/kinaikaleidoszkop.hu\/index.php\/2023\/10\/19\/a-huawei-vezetojevel-targyalt-orban-viktor\/\"]}]},{\"@type\":\"ImageObject\",\"inLanguage\":\"hu\",\"@id\":\"https:\/\/kinaikaleidoszkop.hu\/index.php\/2023\/10\/19\/a-huawei-vezetojevel-targyalt-orban-viktor\/#primaryimage\",\"url\":\"https:\/\/kinaikaleidoszkop.hu\/wp-content\/uploads\/2023\/10\/D_MTI20231019021-scaled.jpg\",\"contentUrl\":\"https:\/\/kinaikaleidoszkop.hu\/wp-content\/uploads\/2023\/10\/D_MTI20231019021-scaled.jpg\",\"width\":2560,\"height\":1708},{\"@type\":\"BreadcrumbList\",\"@id\":\"https:\/\/kinaikaleidoszkop.hu\/index.php\/2023\/10\/19\/a-huawei-vezetojevel-targyalt-orban-viktor\/#breadcrumb\",\"itemListElement\":[{\"@type\":\"ListItem\",\"position\":1,\"name\":\"Kezd\u0151lap\",\"item\":\"https:\/\/kinaikaleidoszkop.hu\/\"},{\"@type\":\"ListItem\",\"position\":2,\"name\":\"A Huawei vezet\u0151j\u00e9vel t\u00e1rgyalt Orb\u00e1n Viktor\"}]},{\"@type\":\"WebSite\",\"@id\":\"https:\/\/kinaikaleidoszkop.hu\/#website\",\"url\":\"https:\/\/kinaikaleidoszkop.hu\/\",\"name\":\"kinaikaleidoszkop.hu\",\"description\":\"\",\"potentialAction\":[{\"@type\":\"SearchAction\",\"target\":{\"@type\":\"EntryPoint\",\"urlTemplate\":\"https:\/\/kinaikaleidoszkop.hu\/?s={search_term_string}\"},\"query-input\":{\"@type\":\"PropertyValueSpecification\",\"valueRequired\":true,\"valueName\":\"search_term_string\"}}],\"inLanguage\":\"hu\"},{\"@type\":\"Person\",\"@id\":\"https:\/\/kinaikaleidoszkop.hu\/#\/schema\/person\/4d69b71e7e70322713b9d9287b610556\",\"name\":\"Szerk_Erik\",\"image\":{\"@type\":\"ImageObject\",\"inLanguage\":\"hu\",\"@id\":\"https:\/\/kinaikaleidoszkop.hu\/#\/schema\/person\/image\/\",\"url\":\"https:\/\/secure.gravatar.com\/avatar\/3c1e909a14c0c91d2eaef877aaacb584c667f8e7137de69653aa9561fd0e8062?s=96&d=mm&r=g\",\"contentUrl\":\"https:\/\/secure.gravatar.com\/avatar\/3c1e909a14c0c91d2eaef877aaacb584c667f8e7137de69653aa9561fd0e8062?s=96&d=mm&r=g\",\"caption\":\"Szerk_Erik\"},\"url\":\"https:\/\/kinaikaleidoszkop.hu\/index.php\/author\/szerk_erik\/\"}]}<\/script>\n<!-- \/ Yoast SEO plugin. -->","yoast_head_json":{"title":"A Huawei vezet\u0151j\u00e9vel t\u00e1rgyalt Orb\u00e1n Viktor - kinaikaleidoszkop.hu","robots":{"index":"index","follow":"follow","max-snippet":"max-snippet:-1","max-image-preview":"max-image-preview:large","max-video-preview":"max-video-preview:-1"},"canonical":"https:\/\/kinaikaleidoszkop.hu\/index.php\/2023\/10\/19\/a-huawei-vezetojevel-targyalt-orban-viktor\/","og_locale":"hu_HU","og_type":"article","og_title":"A Huawei vezet\u0151j\u00e9vel t\u00e1rgyalt Orb\u00e1n Viktor - kinaikaleidoszkop.hu","og_description":"A digit\u00e1lis j\u00f6v\u0151r\u0151l t\u00e1rgyalt K\u00edn\u00e1ban Orb\u00e1n Viktor \u00e9s a Huawei alap\u00edt\u00f3 vez\u00e9rigazgat\u00f3ja; a v\u00e1llalat bejelentette \u00faj, Ipar 4.0 technol\u00f3gi\u00e1n m\u0171k\u00f6d\u0151 kapuv\u00e1ri gy\u00e1r\u00e1t &#8211; der\u00fcl ki Havasi Bertalan, a minisztereln\u00f6k sajt\u00f3f\u0151n\u00f6ke \u00e9s a Huawei k\u00f6z\u00f6s sajt\u00f3nyilatkozat\u00e1b\u00f3l. A sencseni keltez\u00e9s\u0171 k\u00f6zlem\u00e9ny szerint cs\u00fct\u00f6rt\u00f6k\u00f6n a Huawei Technologies alap\u00edt\u00f3 vez\u00e9rigazgat\u00f3j\u00e1val, Ren Zhengfeijel t\u00e1rgyalt Orb\u00e1n Viktor minisztereln\u00f6k a v\u00e1llalat k\u00ednai [&hellip;]","og_url":"https:\/\/kinaikaleidoszkop.hu\/index.php\/2023\/10\/19\/a-huawei-vezetojevel-targyalt-orban-viktor\/","og_site_name":"kinaikaleidoszkop.hu","article_published_time":"2023-10-19T13:51:26+00:00","article_modified_time":"2023-10-19T13:51:55+00:00","og_image":[{"width":2560,"height":1708,"url":"https:\/\/kinaikaleidoszkop.hu\/wp-content\/uploads\/2023\/10\/D_MTI20231019021-scaled.jpg","type":"image\/jpeg"}],"author":"Szerk_Erik","twitter_card":"summary_large_image","twitter_misc":{"Szerz\u0151:":"Szerk_Erik","Becs\u00fclt olvas\u00e1si id\u0151":"3 perc"},"schema":{"@context":"https:\/\/schema.org","@graph":[{"@type":"WebPage","@id":"https:\/\/kinaikaleidoszkop.hu\/index.php\/2023\/10\/19\/a-huawei-vezetojevel-targyalt-orban-viktor\/","url":"https:\/\/kinaikaleidoszkop.hu\/index.php\/2023\/10\/19\/a-huawei-vezetojevel-targyalt-orban-viktor\/","name":"A Huawei vezet\u0151j\u00e9vel t\u00e1rgyalt Orb\u00e1n Viktor - kinaikaleidoszkop.hu","isPartOf":{"@id":"https:\/\/kinaikaleidoszkop.hu\/#website"},"primaryImageOfPage":{"@id":"https:\/\/kinaikaleidoszkop.hu\/index.php\/2023\/10\/19\/a-huawei-vezetojevel-targyalt-orban-viktor\/#primaryimage"},"image":{"@id":"https:\/\/kinaikaleidoszkop.hu\/index.php\/2023\/10\/19\/a-huawei-vezetojevel-targyalt-orban-viktor\/#primaryimage"},"thumbnailUrl":"https:\/\/kinaikaleidoszkop.hu\/wp-content\/uploads\/2023\/10\/D_MTI20231019021-scaled.jpg","datePublished":"2023-10-19T13:51:26+00:00","dateModified":"2023-10-19T13:51:55+00:00","author":{"@id":"https:\/\/kinaikaleidoszkop.hu\/#\/schema\/person\/4d69b71e7e70322713b9d9287b610556"},"breadcrumb":{"@id":"https:\/\/kinaikaleidoszkop.hu\/index.php\/2023\/10\/19\/a-huawei-vezetojevel-targyalt-orban-viktor\/#breadcrumb"},"inLanguage":"hu","potentialAction":[{"@type":"ReadAction","target":["https:\/\/kinaikaleidoszkop.hu\/index.php\/2023\/10\/19\/a-huawei-vezetojevel-targyalt-orban-viktor\/"]}]},{"@type":"ImageObject","inLanguage":"hu","@id":"https:\/\/kinaikaleidoszkop.hu\/index.php\/2023\/10\/19\/a-huawei-vezetojevel-targyalt-orban-viktor\/#primaryimage","url":"https:\/\/kinaikaleidoszkop.hu\/wp-content\/uploads\/2023\/10\/D_MTI20231019021-scaled.jpg","contentUrl":"https:\/\/kinaikaleidoszkop.hu\/wp-content\/uploads\/2023\/10\/D_MTI20231019021-scaled.jpg","width":2560,"height":1708},{"@type":"BreadcrumbList","@id":"https:\/\/kinaikaleidoszkop.hu\/index.php\/2023\/10\/19\/a-huawei-vezetojevel-targyalt-orban-viktor\/#breadcrumb","itemListElement":[{"@type":"ListItem","position":1,"name":"Kezd\u0151lap","item":"https:\/\/kinaikaleidoszkop.hu\/"},{"@type":"ListItem","position":2,"name":"A Huawei vezet\u0151j\u00e9vel t\u00e1rgyalt Orb\u00e1n Viktor"}]},{"@type":"WebSite","@id":"https:\/\/kinaikaleidoszkop.hu\/#website","url":"https:\/\/kinaikaleidoszkop.hu\/","name":"kinaikaleidoszkop.hu","description":"","potentialAction":[{"@type":"SearchAction","target":{"@type":"EntryPoint","urlTemplate":"https:\/\/kinaikaleidoszkop.hu\/?s={search_term_string}"},"query-input":{"@type":"PropertyValueSpecification","valueRequired":true,"valueName":"search_term_string"}}],"inLanguage":"hu"},{"@type":"Person","@id":"https:\/\/kinaikaleidoszkop.hu\/#\/schema\/person\/4d69b71e7e70322713b9d9287b610556","name":"Szerk_Erik","image":{"@type":"ImageObject","inLanguage":"hu","@id":"https:\/\/kinaikaleidoszkop.hu\/#\/schema\/person\/image\/","url":"https:\/\/secure.gravatar.com\/avatar\/3c1e909a14c0c91d2eaef877aaacb584c667f8e7137de69653aa9561fd0e8062?s=96&d=mm&r=g","contentUrl":"https:\/\/secure.gravatar.com\/avatar\/3c1e909a14c0c91d2eaef877aaacb584c667f8e7137de69653aa9561fd0e8062?s=96&d=mm&r=g","caption":"Szerk_Erik"},"url":"https:\/\/kinaikaleidoszkop.hu\/index.php\/author\/szerk_erik\/"}]}},"views":300,"distributor_meta":false,"distributor_terms":false,"distributor_media":false,"distributor_original_site_name":"kinaikaleidoszkop.hu","distributor_original_site_url":"https:\/\/kinaikaleidoszkop.hu","push-errors":false,"_links":{"self":[{"href":"https:\/\/kinaikaleidoszkop.hu\/index.php\/wp-json\/wp\/v2\/posts\/19534","targetHints":{"allow":["GET"]}}],"collection":[{"href":"https:\/\/kinaikaleidoszkop.hu\/index.php\/wp-json\/wp\/v2\/posts"}],"about":[{"href":"https:\/\/kinaikaleidoszkop.hu\/index.php\/wp-json\/wp\/v2\/types\/post"}],"author":[{"embeddable":true,"href":"https:\/\/kinaikaleidoszkop.hu\/index.php\/wp-json\/wp\/v2\/users\/7"}],"replies":[{"embeddable":true,"href":"https:\/\/kinaikaleidoszkop.hu\/index.php\/wp-json\/wp\/v2\/comments?post=19534"}],"version-history":[{"count":1,"href":"https:\/\/kinaikaleidoszkop.hu\/index.php\/wp-json\/wp\/v2\/posts\/19534\/revisions"}],"predecessor-version":[{"id":19538,"href":"https:\/\/kinaikaleidoszkop.hu\/index.php\/wp-json\/wp\/v2\/posts\/19534\/revisions\/19538"}],"wp:featuredmedia":[{"embeddable":true,"href":"https:\/\/kinaikaleidoszkop.hu\/index.php\/wp-json\/wp\/v2\/media\/19537"}],"wp:attachment":[{"href":"https:\/\/kinaikaleidoszkop.hu\/index.php\/wp-json\/wp\/v2\/media?parent=19534"}],"wp:term":[{"taxonomy":"category","embeddable":true,"href":"https:\/\/kinaikaleidoszkop.hu\/index.php\/wp-json\/wp\/v2\/categories?post=19534"},{"taxonomy":"post_tag","embeddable":true,"href":"https:\/\/kinaikaleidoszkop.hu\/index.php\/wp-json\/wp\/v2\/tags?post=19534"}],"curies":[{"name":"wp","href":"https:\/\/api.w.org\/{rel}","templated":true}]}}